{"id":981,"date":"2012-07-22T23:00:00","date_gmt":"2012-07-22T22:00:00","guid":{"rendered":"http:\/\/www.laterredufutur.com\/wordpress\/?p=981"},"modified":"2012-07-22T23:00:00","modified_gmt":"2012-07-22T22:00:00","slug":"le-gulf-stream-et-lamerique-du-nord","status":"publish","type":"post","link":"https:\/\/www.laterredufutur.com\/accueil\/le-gulf-stream-et-lamerique-du-nord\/","title":{"rendered":"Le Gulf Stream et l&rsquo;Am\u00e9rique du Nord"},"content":{"rendered":"<div class=\"1665f18d14f35dd9e7566e1a8ac9a3e9\" data-index=\"1\" style=\"float: none; margin:10px 0 10px 0; text-align:center;\">\n<script async src=\"https:\/\/pagead2.googlesyndication.com\/pagead\/js\/adsbygoogle.js\"><\/script>\r\n<ins class=\"adsbygoogle\"\r\n     style=\"display:block; text-align:center;\"\r\n     data-ad-layout=\"in-article\"\r\n     data-ad-format=\"fluid\"\r\n     data-ad-client=\"ca-pub-2860849627502538\"\r\n     data-ad-slot=\"3019501113\"><\/ins>\r\n<script>\r\n     (adsbygoogle = window.adsbygoogle || []).push({});\r\n<\/script>\n<\/div>\n<p style=\"text-align: justify;\"><span style=\"font-size: small;\"><img data-recalc-dims=\"1\" loading=\"lazy\" decoding=\"async\" data-attachment-id=\"978\" data-permalink=\"https:\/\/www.laterredufutur.com\/accueil\/le-gulf-stream-et-lamerique-du-nord\/gs-2012-1\/\" data-orig-file=\"https:\/\/i0.wp.com\/www.laterredufutur.com\/accueil\/wp-content\/uploads\/2012\/07\/gs-2012-1.jpg?fit=120%2C111&amp;ssl=1\" data-orig-size=\"120,111\" data-comments-opened=\"1\" data-image-meta=\"{&quot;aperture&quot;:&quot;0&quot;,&quot;credit&quot;:&quot;&quot;,&quot;camera&quot;:&quot;&quot;,&quot;caption&quot;:&quot;&quot;,&quot;created_timestamp&quot;:&quot;0&quot;,&quot;copyright&quot;:&quot;&quot;,&quot;focal_length&quot;:&quot;0&quot;,&quot;iso&quot;:&quot;0&quot;,&quot;shutter_speed&quot;:&quot;0&quot;,&quot;title&quot;:&quot;&quot;,&quot;orientation&quot;:&quot;0&quot;}\" data-image-title=\"gs-2012-1\" data-image-description=\"\" data-image-caption=\"\" data-large-file=\"https:\/\/i0.wp.com\/www.laterredufutur.com\/accueil\/wp-content\/uploads\/2012\/07\/gs-2012-1.jpg?fit=120%2C111&amp;ssl=1\" class=\" alignleft size-full wp-image-978\" src=\"https:\/\/i0.wp.com\/www.laterredufutur.com\/wordpress\/wp-content\/uploads\/2012\/07\/gs-2012-1.jpg?resize=120%2C111\" border=\"0\" alt=\"Gulf Stream\" title=\"Gulf Stream\" align=\"left\" width=\"120\" height=\"111\" \/><span style=\"color: #000000;\">Et si la Canicule sur la c\u00f4te des Etats Unis avait un rapport avec le Gulf Stream, et si l&rsquo;\u00e9t\u00e9 pourri que nous connaissons sur l&rsquo;Europe de l&rsquo;ouest avait \u00e9galement un rapport avec le Gulf Stream ? <\/span><\/span><\/p>\n<p style=\"text-align: justify;\"><span style=\"font-size: small;\"><span style=\"color: #000000;\">La c\u00f4te Est de l&rsquo;Am\u00e9rique du Nord plus touch\u00e9e par l&rsquo;effet de serre.\u00a0Trois \u00e0 quatre fois, c&rsquo;est l&rsquo;ampleur de la mont\u00e9e du niveau de la mer sur la c\u00f4te est de l&rsquo;Am\u00e9rique du Nord par rapport \u00e0 la moyenne mondiale, selon une nouvelle \u00e9tude. Le Gulf Stream serait en cause. <\/span><\/span><\/p>\n<p style=\"text-align: justify;\">\u00a0<\/p>\n<p style=\"text-align: justify;\"><span style=\"font-size: small;\"><br \/><\/span><\/p>\n<p style=\"text-align: justify;\"><span style=\"font-size: small;\"><\/span>   <span style=\"font-size: small;\"> <\/span><\/p>\n<p style=\"text-align: justify;\"><span style=\"font-size: small;\"><span style=\"color: #000000;\">En termes absolus, la diff\u00e9rence entre le \u00abpoint chaud\u00bb &#8211; essentiellement la c\u00f4te entre Washington et les Maritimes &#8211; et le reste du monde n&rsquo;est pas \u00e9norme: le niveau de la mer y a grimp\u00e9 de 12 cm entre 1950 et 2009, par rapport \u00e0 la moyenne mondiale de 3,6 cm. Mais le probl\u00e8me s&rsquo;aggrave beaucoup plus vite, ce qui \u00e0 terme pourrait avoir des cons\u00e9quences importantes sur l&rsquo;une des r\u00e9gions les plus pris\u00e9es par les vacanciers qu\u00e9b\u00e9cois.<\/span><\/span><\/p>\n<p style=\"text-align: justify;\"><span style=\"font-size: small;\"><span style=\"color: #000000;\">\u00abLe ph\u00e9nom\u00e8ne est d\u00fb \u00e0 un ralentissement du Gulf Stream et des courants qui envoient les eaux chaudes des Cara\u00efbes vers l&rsquo;Europe du Nord\u00bb, expliquent en entrevue t\u00e9l\u00e9phonique deux des coauteurs de l&rsquo;\u00e9tude, Kara Doran et Peter Howd, de la Commission g\u00e9ologique des \u00c9tats-Unis. \u00abLe ralentissement semble survenir au niveau de la Nouvelle-Angleterre. L&rsquo;eau y arrive en provenance du sud et s&rsquo;y accumule.\u00bb L&rsquo;\u00e9tude est parue dans la revue Nature Climate Change. Cet affaiblissement de la \u00abcourroie de transport de chaleur\u00bb de l&rsquo;Atlantique Nord \u00e9tait \u00e0 la base du sc\u00e9nario du film catastrophe The Day After Tomorrow.<\/span><\/span><\/p><div class=\"1665f18d14f35dd9e7566e1a8ac9a3e9\" data-index=\"2\" style=\"float: none; margin:10px 0 10px 0; text-align:center;\">\n<script async src=\"https:\/\/pagead2.googlesyndication.com\/pagead\/js\/adsbygoogle.js\"><\/script>\r\n<ins class=\"adsbygoogle\"\r\n     style=\"display:block; text-align:center;\"\r\n     data-ad-layout=\"in-article\"\r\n     data-ad-format=\"fluid\"\r\n     data-ad-client=\"ca-pub-2860849627502538\"\r\n     data-ad-slot=\"3019501113\"><\/ins>\r\n<script>\r\n     (adsbygoogle = window.adsbygoogle || []).push({});\r\n<\/script>\n<\/div>\n\n<p style=\"text-align: justify;\"><span style=\"font-size: small;\"><span style=\"color: #000000;\">Les 2 images qui suivent montre le Gulf Stream entre aout 2009 et juillet 2012 :<\/span><\/span><\/p>\n<p style=\"text-align: justify;\"><span style=\"font-size: small;\"><span style=\"color: #000000;\"><img data-recalc-dims=\"1\" loading=\"lazy\" decoding=\"async\" data-attachment-id=\"979\" data-permalink=\"https:\/\/www.laterredufutur.com\/accueil\/le-gulf-stream-et-lamerique-du-nord\/gs-2009\/\" data-orig-file=\"https:\/\/i0.wp.com\/www.laterredufutur.com\/accueil\/wp-content\/uploads\/2012\/07\/gs-2009.jpg?fit=450%2C416&amp;ssl=1\" data-orig-size=\"450,416\" data-comments-opened=\"1\" data-image-meta=\"{&quot;aperture&quot;:&quot;0&quot;,&quot;credit&quot;:&quot;&quot;,&quot;camera&quot;:&quot;&quot;,&quot;caption&quot;:&quot;&quot;,&quot;created_timestamp&quot;:&quot;0&quot;,&quot;copyright&quot;:&quot;&quot;,&quot;focal_length&quot;:&quot;0&quot;,&quot;iso&quot;:&quot;0&quot;,&quot;shutter_speed&quot;:&quot;0&quot;,&quot;title&quot;:&quot;&quot;,&quot;orientation&quot;:&quot;0&quot;}\" data-image-title=\"gs-2009\" data-image-description=\"\" data-image-caption=\"\" data-large-file=\"https:\/\/i0.wp.com\/www.laterredufutur.com\/accueil\/wp-content\/uploads\/2012\/07\/gs-2009.jpg?fit=450%2C416&amp;ssl=1\" class=\" size-full wp-image-979\" src=\"https:\/\/i0.wp.com\/www.laterredufutur.com\/wordpress\/wp-content\/uploads\/2012\/07\/gs-2009.jpg?resize=450%2C416\" border=\"0\" alt=\"Gulf Stream\" title=\"Gulf Stream\" width=\"450\" height=\"416\" srcset=\"https:\/\/i0.wp.com\/www.laterredufutur.com\/accueil\/wp-content\/uploads\/2012\/07\/gs-2009.jpg?w=450&amp;ssl=1 450w, https:\/\/i0.wp.com\/www.laterredufutur.com\/accueil\/wp-content\/uploads\/2012\/07\/gs-2009.jpg?resize=300%2C277&amp;ssl=1 300w\" sizes=\"auto, (max-width: 450px) 100vw, 450px\" \/><br \/><\/span><\/span><\/p>\n<p style=\"text-align: justify;\"><span style=\"font-size: small;\"><span style=\"color: #000000;\"><img data-recalc-dims=\"1\" loading=\"lazy\" decoding=\"async\" data-attachment-id=\"980\" data-permalink=\"https:\/\/www.laterredufutur.com\/accueil\/atlantique-nord-et-etes-pluvieux-en-europe\/gs-2012\/\" data-orig-file=\"https:\/\/i0.wp.com\/www.laterredufutur.com\/accueil\/wp-content\/uploads\/2012\/07\/gs-2012.jpg?fit=450%2C418&amp;ssl=1\" data-orig-size=\"450,418\" data-comments-opened=\"1\" data-image-meta=\"{&quot;aperture&quot;:&quot;0&quot;,&quot;credit&quot;:&quot;&quot;,&quot;camera&quot;:&quot;&quot;,&quot;caption&quot;:&quot;&quot;,&quot;created_timestamp&quot;:&quot;0&quot;,&quot;copyright&quot;:&quot;&quot;,&quot;focal_length&quot;:&quot;0&quot;,&quot;iso&quot;:&quot;0&quot;,&quot;shutter_speed&quot;:&quot;0&quot;,&quot;title&quot;:&quot;&quot;,&quot;orientation&quot;:&quot;0&quot;}\" data-image-title=\"gs-2012\" data-image-description=\"\" data-image-caption=\"\" data-large-file=\"https:\/\/i0.wp.com\/www.laterredufutur.com\/accueil\/wp-content\/uploads\/2012\/07\/gs-2012.jpg?fit=450%2C418&amp;ssl=1\" class=\" size-full wp-image-980\" src=\"https:\/\/i0.wp.com\/www.laterredufutur.com\/wordpress\/wp-content\/uploads\/2012\/07\/gs-2012.jpg?resize=450%2C418\" border=\"0\" alt=\"Gulf Stream\" title=\"Gulf Stream\" width=\"450\" height=\"418\" \/><br \/><\/span><\/span><\/p>\n<p style=\"text-align: justify;\"><span style=\"font-size: small;\"><span style=\"color: #000000;\">Le Canada est-il aussi touch\u00e9 que la Nouvelle-Angleterre ? \u00abPas au d\u00e9but de la p\u00e9riode que nous avons \u00e9tudi\u00e9e, des ann\u00e9es 60 \u00e0 80, dit Mme Doran. Mais \u00e0 partir de 1990, le niveau d&rsquo;acc\u00e9l\u00e9ration rejoint celui de la Nouvelle-Angleterre.\u00bb<\/span><\/span><\/p>\n<p style=\"text-align: justify;\"><span style=\"font-size: small;\"><span style=\"color: #000000;\">Les g\u00e9ophysiciens ont fait leur analyse apr\u00e8s la parution d&rsquo;une \u00e9tude similaire, qui avait examin\u00e9 une p\u00e9riode plus longue, allant jusqu&rsquo;au d\u00e9but du XXe si\u00e8cle. \u00abElle concluait que la hausse du niveau de la mer \u00e9tait moins importante sur la c\u00f4te Est, disent les deux chercheurs, qui sont \u00e9tablis en Floride. Nous trouvions cela difficile \u00e0 croire, \u00e0 cause des nombreux rapports anecdotiques d&rsquo;inondations. Nous ignorons pourquoi l&rsquo;effet est devenu apparent seulement r\u00e9cemment. Nous allons maintenant nous pencher sur la fronti\u00e8re m\u00e9ridionale de ce point chaud, pour voir si elle change de position avec le temps.\u00bb<\/span><\/span><\/p>\n<p style=\"text-align: justify;\"><span style=\"font-size: small;\"><span style=\"color: #000000;\"><a href=\"..\/\">Adaptation de la Terre du Futur<\/a><\/span><\/span><\/p>\n<p style=\"text-align: justify;\"><span style=\"font-size: small;\"><span style=\"color: #000000;\">Rappel de <a href=\"..\/html\/modules.php?name=News&amp;file=article&amp;sid=308\">l&rsquo;impact d&rsquo;un Arr\u00eat du Gulf Stream<\/a><\/span><\/span><\/p>\n<p style=\"text-align: justify;\"><span style=\"font-size: small;\"><span style=\"color: #000000;\"><a href=\"..\/html\/modules.php?name=News&amp;file=article&amp;sid=429\">Arr\u00eat de la circulation du Gulf Stream : Quand ?<\/a> <\/span><\/span><\/p>\n<p><span style=\"color: #000000;\">source :\u00a0<a href=\"http:\/\/www.lapresse.ca\/\">http:\/\/www.lapresse.ca\/<\/a><\/span><\/p>\n<p class=\"bawpvc-ajax-counter\" data-id=\"981\">(275)<\/p>\n<!--CusAds0-->\n<div style=\"font-size: 0px; height: 0px; line-height: 0px; margin: 0; padding: 0; clear: both;\"><\/div>","protected":false},"excerpt":{"rendered":"<p style=\"text-align: justify;\"><span style=\"font-size: small;\"><img loading=\"lazy\" decoding=\"async\" class=\" alignleft size-full wp-image-978\" src=\"http:\/\/www.laterredufutur.com\/wordpress\/wp-content\/uploads\/2012\/07\/gs-2012-1.jpg\" border=\"0\" alt=\"Gulf Stream\" title=\"Gulf Stream\" align=\"left\" width=\"120\" height=\"111\" \/><span style=\"color: #000000;\">Et si la Canicule sur la c\u00f4te des Etats Unis avait un rapport avec le Gulf Stream, et si l&rsquo;\u00e9t\u00e9 pourri que nous connaissons sur l&rsquo;Europe de l&rsquo;ouest avait \u00e9galement un rapport avec le Gulf Stream ? <\/span><\/span><\/p>\n<p style=\"text-align: justify;\"><span style=\"font-size: small;\"><span style=\"color: #000000;\">La c\u00f4te Est de l&rsquo;Am\u00e9rique du Nord plus touch\u00e9e par l&rsquo;effet de serre.\u00a0Trois \u00e0 quatre fois, c&rsquo;est l&rsquo;ampleur de la mont\u00e9e du niveau de la mer sur la c\u00f4te est de l&rsquo;Am\u00e9rique du Nord par rapport \u00e0 la moyenne mondiale, selon une nouvelle \u00e9tude. Le Gulf Stream serait en cause. <\/span><\/span><\/p>\n<p style=\"text-align: justify;\">\u00a0<\/p>\n<p style=\"text-align: justify;\"><span style=\"font-size: small;\"><br \/><\/span><\/p>\n<p style=\"text-align: justify;\"><span style=\"font-size: small;\"><\/span> <\/p>\n","protected":false},"author":1,"featured_media":978,"comment_status":"open","ping_status":"open","sticky":false,"template":"","format":"standard","meta":{"_exactmetrics_skip_tracking":false,"_exactmetrics_sitenote_active":false,"_exactmetrics_sitenote_note":"","_exactmetrics_sitenote_category":0,"ngg_post_thumbnail":0,"jetpack_post_was_ever_published":false,"_jetpack_newsletter_access":"","_jetpack_dont_email_post_to_subs":false,"_jetpack_newsletter_tier_id":0,"_jetpack_memberships_contains_paywalled_content":false,"_jetpack_memberships_contains_paid_content":false,"footnotes":"","jetpack_publicize_message":"","jetpack_publicize_feature_enabled":true,"jetpack_social_post_already_shared":false,"jetpack_social_options":{"image_generator_settings":{"template":"highway","default_image_id":0,"font":"","enabled":false},"version":2}},"categories":[23],"tags":[723,189,242,1289,1291,1290,188,396,170],"class_list":["post-981","post","type-post","status-publish","format-standard","has-post-thumbnail","hentry","category-circulation-oceanique","tag-affaiblissement","tag-amerique-du-nord","tag-atlantique","tag-canada","tag-caraibes","tag-courant-nord-atlantique","tag-europe","tag-gulf-stream","tag-refroidissement-climatique","wpcat-23-id"],"jetpack_publicize_connections":[],"jetpack_featured_media_url":"https:\/\/i0.wp.com\/www.laterredufutur.com\/accueil\/wp-content\/uploads\/2012\/07\/gs-2012-1.jpg?fit=120%2C111&ssl=1","jetpack_shortlink":"https:\/\/wp.me\/p631RN-fP","jetpack-related-posts":[{"id":1600,"url":"https:\/\/www.laterredufutur.com\/accueil\/le-gulf-stream-marque-un-debit-faible-symptome-dun-futur-hiver-froid\/","url_meta":{"origin":981,"position":0},"title":"Le Gulf Stream marque un d\u00e9bit faible : sympt\u00f4me d&rsquo;un futur hiver froid ?","author":"Admin","date":"27 octobre 2013","format":false,"excerpt":"Gulf Stream, on en reparle\u00a0! Le \u00a0Gulf Stream affaiblit et au niveau le plus bas en cinq ans, cela n'augurerait rien de bon pour l'hiver 2013-2014 en \u00a0l'Europe! Par P Gosselin sur le \u00a023. Octobre 2013 Le M\u00e9t\u00e9orologue allemand Dominik Jung a donn\u00e9 un commentaire sur son site wetternet.de o\u00f9\u2026","rel":"","context":"Dans &quot;Courants Marins&quot;","block_context":{"text":"Courants Marins","link":"https:\/\/www.laterredufutur.com\/accueil\/sujets\/circulation-oceanique\/"},"img":{"alt_text":"gulf stream","src":"https:\/\/i0.wp.com\/www.laterredufutur.com\/accueil\/wp-content\/uploads\/2011\/10\/gulf_stream_modis.gif?fit=450%2C300&ssl=1&resize=350%2C200","width":350,"height":200},"classes":[]},{"id":4899,"url":"https:\/\/www.laterredufutur.com\/accueil\/pour-le-climat-nous-sommes-tributaires-du-gulf-stream\/","url_meta":{"origin":981,"position":1},"title":"Pour le climat, nous sommes tributaires du Gulf Stream","author":"Admin","date":"29 mai 2009","format":false,"excerpt":"Les grands courants marins parcourent les mers du globe comme des tapis roulants, ils \u00e9voluent en surface dans les mers chaudes, plongent lorsqu\u2019ils se heurtent aux mers froides et jouent un r\u00f4le majeur dans la r\u00e9gulation des temp\u00e9ratures hivernales, en faisant b\u00e9n\u00e9ficier certaines zones d\u2019un climat maritime, plus doux que\u2026","rel":"","context":"Dans &quot;Courants Marins&quot;","block_context":{"text":"Courants Marins","link":"https:\/\/www.laterredufutur.com\/accueil\/sujets\/circulation-oceanique\/"},"img":{"alt_text":"","src":"https:\/\/i0.wp.com\/www.laterredufutur.com\/accueil\/wp-content\/uploads\/2015\/04\/gulf_stream.gif?fit=416%2C350&ssl=1&resize=350%2C200","width":350,"height":200},"classes":[]},{"id":21986,"url":"https:\/\/www.laterredufutur.com\/accueil\/anomalie-inhabituelle-dans-latlantique-nord\/","url_meta":{"origin":981,"position":2},"title":"Anomalie inhabituelle dans l&rsquo;Atlantique Nord","author":"Admin","date":"15 f\u00e9vrier 2021","format":false,"excerpt":"Une anomalie oc\u00e9anique inhabituelle est d\u00e9tect\u00e9e dans le Gulf Stream, non observ\u00e9e depuis au moins 150 ans, ce qui rev\u00eat une importance alors que nous affrontons les prochaines saisons m\u00e9t\u00e9orologiques. Les zones des oc\u00e9ans du globe se r\u00e9chauffent et se refroidissent constamment. Mais r\u00e9cemment, une anomalie inhabituellement forte s'est d\u00e9velopp\u00e9e\u2026","rel":"","context":"Dans &quot;Courants Marins&quot;","block_context":{"text":"Courants Marins","link":"https:\/\/www.laterredufutur.com\/accueil\/sujets\/circulation-oceanique\/"},"img":{"alt_text":"","src":"https:\/\/i0.wp.com\/www.laterredufutur.com\/accueil\/wp-content\/uploads\/2021\/02\/gulfstream.jpg?fit=1200%2C747&ssl=1&resize=350%2C200","width":350,"height":200,"srcset":"https:\/\/i0.wp.com\/www.laterredufutur.com\/accueil\/wp-content\/uploads\/2021\/02\/gulfstream.jpg?fit=1200%2C747&ssl=1&resize=350%2C200 1x, https:\/\/i0.wp.com\/www.laterredufutur.com\/accueil\/wp-content\/uploads\/2021\/02\/gulfstream.jpg?fit=1200%2C747&ssl=1&resize=525%2C300 1.5x, https:\/\/i0.wp.com\/www.laterredufutur.com\/accueil\/wp-content\/uploads\/2021\/02\/gulfstream.jpg?fit=1200%2C747&ssl=1&resize=700%2C400 2x, https:\/\/i0.wp.com\/www.laterredufutur.com\/accueil\/wp-content\/uploads\/2021\/02\/gulfstream.jpg?fit=1200%2C747&ssl=1&resize=1050%2C600 3x"},"classes":[]},{"id":15342,"url":"https:\/\/www.laterredufutur.com\/accueil\/le-gulf-stream-pourrait-refroidir-leurope-dici-moins-de-10-ans\/","url_meta":{"origin":981,"position":3},"title":"Le Gulf Stream pourrait refroidir l&rsquo;Europe d&rsquo;ici moins de 10 ans","author":"Admin","date":"5 juin 2017","format":false,"excerpt":"Le d\u00e9r\u00e8glement climatique n\u2019occasionne pas que des pics de chaleur ! L\u2019affaiblissement du Gulf Stream provoquerait une baisse de la temp\u00e9rature en Europe de l\u2019Ouest. Vous pensiez profiter tranquillement du r\u00e9chauffement climatique et attendre que poussent les cocotiers sur les rives de la Mer du Nord ? D\u00e9trompez-vous ! Les\u2026","rel":"","context":"Dans &quot;Courants Marins&quot;","block_context":{"text":"Courants Marins","link":"https:\/\/www.laterredufutur.com\/accueil\/sujets\/circulation-oceanique\/"},"img":{"alt_text":"","src":"https:\/\/i0.wp.com\/www.laterredufutur.com\/accueil\/wp-content\/uploads\/2015\/04\/gulf-stream-avril-2015.jpg?fit=900%2C472&ssl=1&resize=350%2C200","width":350,"height":200,"srcset":"https:\/\/i0.wp.com\/www.laterredufutur.com\/accueil\/wp-content\/uploads\/2015\/04\/gulf-stream-avril-2015.jpg?fit=900%2C472&ssl=1&resize=350%2C200 1x, https:\/\/i0.wp.com\/www.laterredufutur.com\/accueil\/wp-content\/uploads\/2015\/04\/gulf-stream-avril-2015.jpg?fit=900%2C472&ssl=1&resize=525%2C300 1.5x, https:\/\/i0.wp.com\/www.laterredufutur.com\/accueil\/wp-content\/uploads\/2015\/04\/gulf-stream-avril-2015.jpg?fit=900%2C472&ssl=1&resize=700%2C400 2x"},"classes":[]},{"id":23894,"url":"https:\/\/www.laterredufutur.com\/accueil\/dossier-de-nouvelles-donnees-montrent-que-le-gulf-stream-continue-de-ralentir-leau-douce-a-cree-un-desequilibre-et-le-rapproche-dun-point-deffondrement\/","url_meta":{"origin":981,"position":4},"title":"Dossier : De nouvelles donn\u00e9es montrent que le Gulf Stream continue de ralentir, l&rsquo;eau douce a cr\u00e9\u00e9 un d\u00e9s\u00e9quilibre et le rapproche d&rsquo;un point d&rsquo;effondrement","author":"Admin","date":"6 avril 2022","format":false,"excerpt":"Le Gulf Stream s'est consid\u00e9rablement affaibli au cours des derni\u00e8res d\u00e9cennies, comme le r\u00e9v\u00e8lent les derni\u00e8res donn\u00e9es et de nouvelles \u00e9tudes. Le temps aux \u00c9tats-Unis et en Europe d\u00e9pend fortement de ce courant oc\u00e9anique, il est donc important de comprendre les changements en cours et ce qu'ils signifient pour notre\u2026","rel":"","context":"Dans &quot;Courants Marins&quot;","block_context":{"text":"Courants Marins","link":"https:\/\/www.laterredufutur.com\/accueil\/sujets\/circulation-oceanique\/"},"img":{"alt_text":"","src":"https:\/\/i0.wp.com\/www.laterredufutur.com\/accueil\/wp-content\/uploads\/2022\/04\/hemisphere-nord-ocean-salinite-concentration-amoc-gulf-stream.png?fit=1200%2C862&ssl=1&resize=350%2C200","width":350,"height":200,"srcset":"https:\/\/i0.wp.com\/www.laterredufutur.com\/accueil\/wp-content\/uploads\/2022\/04\/hemisphere-nord-ocean-salinite-concentration-amoc-gulf-stream.png?fit=1200%2C862&ssl=1&resize=350%2C200 1x, https:\/\/i0.wp.com\/www.laterredufutur.com\/accueil\/wp-content\/uploads\/2022\/04\/hemisphere-nord-ocean-salinite-concentration-amoc-gulf-stream.png?fit=1200%2C862&ssl=1&resize=525%2C300 1.5x, https:\/\/i0.wp.com\/www.laterredufutur.com\/accueil\/wp-content\/uploads\/2022\/04\/hemisphere-nord-ocean-salinite-concentration-amoc-gulf-stream.png?fit=1200%2C862&ssl=1&resize=700%2C400 2x, https:\/\/i0.wp.com\/www.laterredufutur.com\/accueil\/wp-content\/uploads\/2022\/04\/hemisphere-nord-ocean-salinite-concentration-amoc-gulf-stream.png?fit=1200%2C862&ssl=1&resize=1050%2C600 3x"},"classes":[]},{"id":27772,"url":"https:\/\/www.laterredufutur.com\/accueil\/comment-un-changement-du-gulf-stream-pourrait-signaler-leffondrement-dun-systeme-de-courant-oceanique-majeur\/","url_meta":{"origin":981,"position":5},"title":"Comment un changement du Gulf Stream pourrait signaler l&rsquo;effondrement d&rsquo;un syst\u00e8me de courant oc\u00e9anique majeur","author":"Admin","date":"13 mars 2026","format":false,"excerpt":"Les variations du Gulf Stream, un puissant courant oc\u00e9anique de l'Atlantique, pourraient constituer un signal d'alarme pr\u00e9coce annon\u00e7ant l'effondrement imminent de la circulation m\u00e9ridienne de retournement atlantique (AMOC). L'AMOC est un vaste syst\u00e8me de courants oc\u00e9aniques qui agit comme un tapis roulant, transportant la chaleur des tropiques vers l'Atlantique Nord.\u2026","rel":"","context":"Dans &quot;Courants Marins&quot;","block_context":{"text":"Courants Marins","link":"https:\/\/www.laterredufutur.com\/accueil\/sujets\/circulation-oceanique\/"},"img":{"alt_text":"","src":"https:\/\/i0.wp.com\/www.laterredufutur.com\/accueil\/wp-content\/uploads\/2021\/02\/gulfstream.jpg?fit=1200%2C747&ssl=1&resize=350%2C200","width":350,"height":200,"srcset":"https:\/\/i0.wp.com\/www.laterredufutur.com\/accueil\/wp-content\/uploads\/2021\/02\/gulfstream.jpg?fit=1200%2C747&ssl=1&resize=350%2C200 1x, https:\/\/i0.wp.com\/www.laterredufutur.com\/accueil\/wp-content\/uploads\/2021\/02\/gulfstream.jpg?fit=1200%2C747&ssl=1&resize=525%2C300 1.5x, https:\/\/i0.wp.com\/www.laterredufutur.com\/accueil\/wp-content\/uploads\/2021\/02\/gulfstream.jpg?fit=1200%2C747&ssl=1&resize=700%2C400 2x, https:\/\/i0.wp.com\/www.laterredufutur.com\/accueil\/wp-content\/uploads\/2021\/02\/gulfstream.jpg?fit=1200%2C747&ssl=1&resize=1050%2C600 3x"},"classes":[]}],"jetpack_sharing_enabled":true,"_links":{"self":[{"href":"https:\/\/www.laterredufutur.com\/accueil\/wp-json\/wp\/v2\/posts\/981","targetHints":{"allow":["GET"]}}],"collection":[{"href":"https:\/\/www.laterredufutur.com\/accueil\/wp-json\/wp\/v2\/posts"}],"about":[{"href":"https:\/\/www.laterredufutur.com\/accueil\/wp-json\/wp\/v2\/types\/post"}],"author":[{"embeddable":true,"href":"https:\/\/www.laterredufutur.com\/accueil\/wp-json\/wp\/v2\/users\/1"}],"replies":[{"embeddable":true,"href":"https:\/\/www.laterredufutur.com\/accueil\/wp-json\/wp\/v2\/comments?post=981"}],"version-history":[{"count":0,"href":"https:\/\/www.laterredufutur.com\/accueil\/wp-json\/wp\/v2\/posts\/981\/revisions"}],"wp:featuredmedia":[{"embeddable":true,"href":"https:\/\/www.laterredufutur.com\/accueil\/wp-json\/wp\/v2\/media\/978"}],"wp:attachment":[{"href":"https:\/\/www.laterredufutur.com\/accueil\/wp-json\/wp\/v2\/media?parent=981"}],"wp:term":[{"taxonomy":"category","embeddable":true,"href":"https:\/\/www.laterredufutur.com\/accueil\/wp-json\/wp\/v2\/categories?post=981"},{"taxonomy":"post_tag","embeddable":true,"href":"https:\/\/www.laterredufutur.com\/accueil\/wp-json\/wp\/v2\/tags?post=981"}],"curies":[{"name":"wp","href":"https:\/\/api.w.org\/{rel}","templated":true}]}}