{"id":9733,"date":"2015-12-03T16:45:51","date_gmt":"2015-12-03T15:45:51","guid":{"rendered":"http:\/\/www.laterredufutur.com\/accueil\/?p=9733"},"modified":"2015-12-03T18:37:46","modified_gmt":"2015-12-03T17:37:46","slug":"plus-de-100-tonnes-de-glace-du-groenland-debarquent-pour-la-cop21","status":"publish","type":"post","link":"https:\/\/www.laterredufutur.com\/accueil\/plus-de-100-tonnes-de-glace-du-groenland-debarquent-pour-la-cop21\/","title":{"rendered":"Plus de 100 tonnes de glace du Groenland d\u00e9barquent pour la COP21"},"content":{"rendered":"<div class=\"1665f18d14f35dd9e7566e1a8ac9a3e9\" data-index=\"1\" style=\"float: none; margin:10px 0 10px 0; text-align:center;\">\n<script async src=\"https:\/\/pagead2.googlesyndication.com\/pagead\/js\/adsbygoogle.js\"><\/script>\r\n<ins class=\"adsbygoogle\"\r\n     style=\"display:block; text-align:center;\"\r\n     data-ad-layout=\"in-article\"\r\n     data-ad-format=\"fluid\"\r\n     data-ad-client=\"ca-pub-2860849627502538\"\r\n     data-ad-slot=\"3019501113\"><\/ins>\r\n<script>\r\n     (adsbygoogle = window.adsbygoogle || []).push({});\r\n<\/script>\n<\/div>\n<p style=\"text-align: justify;\">Le ridicule ne tue pas ! Doit-on se r\u00e9jouir de ce coup de com\u2019 orchestr\u00e9 pour la COP21 ? Toujours est-il que plus de 100 tonnes de glace r\u00e9colt\u00e9es au Groenland sont arriv\u00e9s pour Paris, destin\u00e9es \u00e0 \u00eatre install\u00e9es sur la place de la R\u00e9publique pour sensibiliser aux enjeux de la conf\u00e9rence climat de l\u2019ONU, la COP21 qui se tient \u00e0 Paris du 30 novembre au 11 d\u00e9cembre 2015.<\/p>\n<p style=\"text-align: justify;\">Ces 12 immenses blocs d\u2019une dizaine de tonnes chacun ont \u00e9t\u00e9 d\u00e9coup\u00e9s depuis des icebergs flottant au large de Nuuk, la capitale groenlandaise. Emmen\u00e9s par bateau jusqu\u2019\u00e0 Aalborg (Danemark), ils\u00a0ont \u00e9t\u00e9\u00a0envoy\u00e9s depuis la fin novembre 2015\u00a0par la route \u00e0 Paris. Ils ont \u00a0ensuite\u00a0\u00e9t\u00e9 plac\u00e9s en forme d\u2019horloge sur la place de la R\u00e9publique, o\u00f9 ils fonderont au cours de la conf\u00e9rence.<\/p>\n<p style=\"text-align: justify;\">Le GROENLAND aurait perdu 1500 Gigatonnes de glace entre 2000 ET 2008<\/p>\n<p style=\"text-align: justify;\">Il est vrai que nous ne sommes plus \u00e0 100 tonnes pr\u00e8s. Il reste qu&rsquo;il est\u00a0tout \u00e0 fait \u00e9tonnant d&rsquo;avoir ce genre de d\u00e9monstration. Un peu plus, ou un peu moins&#8230;<\/p><div class=\"1665f18d14f35dd9e7566e1a8ac9a3e9\" data-index=\"2\" style=\"float: none; margin:10px 0 10px 0; text-align:center;\">\n<script async src=\"https:\/\/pagead2.googlesyndication.com\/pagead\/js\/adsbygoogle.js\"><\/script>\r\n<ins class=\"adsbygoogle\"\r\n     style=\"display:block; text-align:center;\"\r\n     data-ad-layout=\"in-article\"\r\n     data-ad-format=\"fluid\"\r\n     data-ad-client=\"ca-pub-2860849627502538\"\r\n     data-ad-slot=\"3019501113\"><\/ins>\r\n<script>\r\n     (adsbygoogle = window.adsbygoogle || []).push({});\r\n<\/script>\n<\/div>\n\n<p style=\"text-align: justify;\"><a href=\"https:\/\/i0.wp.com\/www.laterredufutur.com\/accueil\/wp-content\/uploads\/2015\/12\/glace-groenland-paris1.jpg\"><img data-recalc-dims=\"1\" loading=\"lazy\" decoding=\"async\" data-attachment-id=\"9735\" data-permalink=\"https:\/\/www.laterredufutur.com\/accueil\/plus-de-100-tonnes-de-glace-du-groenland-debarquent-pour-la-cop21\/glace-groenland-paris-2\/\" data-orig-file=\"https:\/\/i0.wp.com\/www.laterredufutur.com\/accueil\/wp-content\/uploads\/2015\/12\/glace-groenland-paris1.jpg?fit=571%2C393&amp;ssl=1\" data-orig-size=\"571,393\" data-comments-opened=\"1\" data-image-meta=\"{&quot;aperture&quot;:&quot;0&quot;,&quot;credit&quot;:&quot;&quot;,&quot;camera&quot;:&quot;&quot;,&quot;caption&quot;:&quot;&quot;,&quot;created_timestamp&quot;:&quot;0&quot;,&quot;copyright&quot;:&quot;&quot;,&quot;focal_length&quot;:&quot;0&quot;,&quot;iso&quot;:&quot;0&quot;,&quot;shutter_speed&quot;:&quot;0&quot;,&quot;title&quot;:&quot;&quot;,&quot;orientation&quot;:&quot;0&quot;}\" data-image-title=\"glace-groenland-paris\" data-image-description=\"\" data-image-caption=\"\" data-large-file=\"https:\/\/i0.wp.com\/www.laterredufutur.com\/accueil\/wp-content\/uploads\/2015\/12\/glace-groenland-paris1.jpg?fit=571%2C393&amp;ssl=1\" class=\"alignnone size-full wp-image-9735\" src=\"https:\/\/i0.wp.com\/www.laterredufutur.com\/accueil\/wp-content\/uploads\/2015\/12\/glace-groenland-paris1.jpg?resize=571%2C393\" alt=\"glace-groenland-paris\" width=\"571\" height=\"393\" srcset=\"https:\/\/i0.wp.com\/www.laterredufutur.com\/accueil\/wp-content\/uploads\/2015\/12\/glace-groenland-paris1.jpg?w=571&amp;ssl=1 571w, https:\/\/i0.wp.com\/www.laterredufutur.com\/accueil\/wp-content\/uploads\/2015\/12\/glace-groenland-paris1.jpg?resize=300%2C206&amp;ssl=1 300w\" sizes=\"auto, (max-width: 571px) 100vw, 571px\" \/><\/a><\/p>\n<p><span class=\"embed-youtube\" style=\"text-align:center; display: block;\"><iframe loading=\"lazy\" class=\"youtube-player\" width=\"640\" height=\"360\" src=\"https:\/\/www.youtube.com\/embed\/MnjLbnRx0iI?version=3&#038;rel=1&#038;showsearch=0&#038;showinfo=1&#038;iv_load_policy=1&#038;fs=1&#038;hl=fr-FR&#038;autohide=2&#038;wmode=transparent\" allowfullscreen=\"true\" style=\"border:0;\" sandbox=\"allow-scripts allow-same-origin allow-popups allow-presentation allow-popups-to-escape-sandbox\"><\/iframe><\/span><\/p>\n<p>sources : <a href=\"http:\/\/www.mieux-vivre-autrement.com\/\" target=\"_blank\">http:\/\/www.mieux-vivre-autrement.com\/<\/a> \/ <a href=\"http:\/\/sciences.blogs.liberation.fr\/\" target=\"_blank\">http:\/\/sciences.blogs.liberation.fr\/<\/a><\/p>\n<p class=\"bawpvc-ajax-counter\" data-id=\"9733\">(374)<\/p>\n<!--CusAds0-->\n<div style=\"font-size: 0px; height: 0px; line-height: 0px; margin: 0; padding: 0; clear: both;\"><\/div>","protected":false},"excerpt":{"rendered":"<p>Le ridicule ne tue pas ! Doit-on se r\u00e9jouir de ce coup de com\u2019 orchestr\u00e9 pour la COP21 ? Toujours&#8230;<\/p>\n","protected":false},"author":1,"featured_media":9734,"comment_status":"open","ping_status":"open","sticky":false,"template":"","format":"standard","meta":{"_exactmetrics_skip_tracking":false,"_exactmetrics_sitenote_active":false,"_exactmetrics_sitenote_note":"","_exactmetrics_sitenote_category":0,"ngg_post_thumbnail":0,"jetpack_post_was_ever_published":false,"_jetpack_newsletter_access":"","_jetpack_dont_email_post_to_subs":false,"_jetpack_newsletter_tier_id":0,"_jetpack_memberships_contains_paywalled_content":false,"_jetpack_memberships_contains_paid_content":false,"footnotes":"","jetpack_publicize_message":"Plus de 100 tonnes de #glace du #Groenland d\u00e9barquent pour la #COP21 @laterredufutur","jetpack_publicize_feature_enabled":true,"jetpack_social_post_already_shared":true,"jetpack_social_options":{"image_generator_settings":{"template":"highway","default_image_id":0,"font":"","enabled":false},"version":2}},"categories":[20,31],"tags":[156,5004,393,267,159,2529,4484,1780,684],"class_list":["post-9733","post","type-post","status-publish","format-standard","has-post-thumbnail","hentry","category-climat","category-divers","tag-banquise","tag-cop21","tag-fonte","tag-glace","tag-groenland","tag-icebergs","tag-nuuk","tag-paris","tag-video","wpcat-20-id","wpcat-31-id"],"jetpack_publicize_connections":[],"jetpack_featured_media_url":"https:\/\/i0.wp.com\/www.laterredufutur.com\/accueil\/wp-content\/uploads\/2015\/12\/glace-groenland-paris.jpg?fit=644%2C429&ssl=1","jetpack_shortlink":"https:\/\/wp.me\/p631RN-2wZ","jetpack-related-posts":[{"id":10807,"url":"https:\/\/www.laterredufutur.com\/accueil\/on-avait-oublie-dinviter-la-nature-a-la-cop21-de-paris\/","url_meta":{"origin":9733,"position":0},"title":"On avait oubli\u00e9 d\u2019inviter la Nature \u00e0 la COP21 de Paris","author":"Admin","date":"29 janvier 2016","format":false,"excerpt":"Quelqu\u2019un a-t-il pens\u00e9 \u00e0 mesurer le nombre de tonnes de CO2, de sulfure, de gaz toxiques de toutes sortes qui ont \u00e9t\u00e9 vomies en quelques heures par le volcan Etna en Sicile, dans le m\u00eame temps, la cop21 se tenait \u00e0 Paris ? C\u2019est peu probable. Il aurait pourtant \u00e9t\u00e9\u2026","rel":"","context":"Dans &quot;Ecologie&quot;","block_context":{"text":"Ecologie","link":"https:\/\/www.laterredufutur.com\/accueil\/sujets\/ecologie\/"},"img":{"alt_text":"","src":"https:\/\/i0.wp.com\/www.laterredufutur.com\/accueil\/wp-content\/uploads\/2016\/01\/eruption-etna.png?fit=1200%2C556&ssl=1&resize=350%2C200","width":350,"height":200,"srcset":"https:\/\/i0.wp.com\/www.laterredufutur.com\/accueil\/wp-content\/uploads\/2016\/01\/eruption-etna.png?fit=1200%2C556&ssl=1&resize=350%2C200 1x, https:\/\/i0.wp.com\/www.laterredufutur.com\/accueil\/wp-content\/uploads\/2016\/01\/eruption-etna.png?fit=1200%2C556&ssl=1&resize=525%2C300 1.5x, https:\/\/i0.wp.com\/www.laterredufutur.com\/accueil\/wp-content\/uploads\/2016\/01\/eruption-etna.png?fit=1200%2C556&ssl=1&resize=700%2C400 2x, https:\/\/i0.wp.com\/www.laterredufutur.com\/accueil\/wp-content\/uploads\/2016\/01\/eruption-etna.png?fit=1200%2C556&ssl=1&resize=1050%2C600 3x"},"classes":[]},{"id":8546,"url":"https:\/\/www.laterredufutur.com\/accueil\/non-au-sauvetage-feint-de-la-planete\/","url_meta":{"origin":9733,"position":1},"title":"Non au sauvetage feint de la plan\u00e8te !","author":"Admin","date":"5 octobre 2015","format":false,"excerpt":"Philippe Verdier : \"Non au sauvetage feint de la plan\u00e8te !\" Le Monsieur M\u00e9t\u00e9o de France 2 adjure Fran\u00e7ois Hollande de ne pas cautionner les scientifiques ultra-politis\u00e9s du Giec ni les nouveaux ap\u00f4tres du climat. Philippe Verdier est le chef du service m\u00e9t\u00e9o de France T\u00e9l\u00e9visions. Il publie le 1er\u2026","rel":"","context":"Dans &quot;Climat&quot;","block_context":{"text":"Climat","link":"https:\/\/www.laterredufutur.com\/accueil\/sujets\/climat\/"},"img":{"alt_text":"","src":"https:\/\/i0.wp.com\/www.laterredufutur.com\/accueil\/wp-content\/uploads\/2015\/10\/philippe-verdier1.jpg?fit=660%2C287&ssl=1&resize=350%2C200","width":350,"height":200,"srcset":"https:\/\/i0.wp.com\/www.laterredufutur.com\/accueil\/wp-content\/uploads\/2015\/10\/philippe-verdier1.jpg?fit=660%2C287&ssl=1&resize=350%2C200 1x, https:\/\/i0.wp.com\/www.laterredufutur.com\/accueil\/wp-content\/uploads\/2015\/10\/philippe-verdier1.jpg?fit=660%2C287&ssl=1&resize=525%2C300 1.5x"},"classes":[]},{"id":9243,"url":"https:\/\/www.laterredufutur.com\/accueil\/rechauffement-climatique-rafale-dannonces-alarmistes-a-la-veille-de-la-cop21\/","url_meta":{"origin":9733,"position":2},"title":"R\u00e9chauffement climatique : rafale d&rsquo;annonces alarmistes \u00e0 la veille de la COP21","author":"Admin","date":"11 novembre 2015","format":false,"excerpt":"La conf\u00e9rence de Paris sur le climat sera un \u00e9chec si la Chine, l'Inde et la Russie repartent sans avoir sign\u00e9 un engagement fort. A trois semaines de l'ouverture, les agences internationales dramatisent les enjeux. R\u00e9chauffement de la plan\u00e8te, crises humanitaires, pollution de l'atmosph\u00e8re, mont\u00e9e des eaux... les organisations internationales\u2026","rel":"","context":"Dans &quot;Climat&quot;","block_context":{"text":"Climat","link":"https:\/\/www.laterredufutur.com\/accueil\/sujets\/climat\/"},"img":{"alt_text":"","src":"https:\/\/i0.wp.com\/www.laterredufutur.com\/accueil\/wp-content\/uploads\/2015\/11\/monde-globe.jpg?fit=965%2C466&ssl=1&resize=350%2C200","width":350,"height":200,"srcset":"https:\/\/i0.wp.com\/www.laterredufutur.com\/accueil\/wp-content\/uploads\/2015\/11\/monde-globe.jpg?fit=965%2C466&ssl=1&resize=350%2C200 1x, https:\/\/i0.wp.com\/www.laterredufutur.com\/accueil\/wp-content\/uploads\/2015\/11\/monde-globe.jpg?fit=965%2C466&ssl=1&resize=525%2C300 1.5x, https:\/\/i0.wp.com\/www.laterredufutur.com\/accueil\/wp-content\/uploads\/2015\/11\/monde-globe.jpg?fit=965%2C466&ssl=1&resize=700%2C400 2x"},"classes":[]},{"id":1179,"url":"https:\/\/www.laterredufutur.com\/accueil\/la-plus-impressionnante-rupture-diceberg-jamais-filmee-au-groenland\/","url_meta":{"origin":9733,"position":3},"title":"La plus impressionnante rupture d&rsquo;iceberg jamais film\u00e9e au Groenland","author":"Admin","date":"13 d\u00e9cembre 2012","format":false,"excerpt":"Lors du tournage d\u2019un film sur les cons\u00e9quences du changement climatique, le r\u00e9alisateur James Balog et son \u00e9quipe ont assist\u00e9 au d\u00e9tachement d\u2019un iceberg au Groenland. Il s\u2019agit de la plus grosse rupture immortalis\u00e9e jusqu\u2019\u00e0 pr\u00e9sent.","rel":"","context":"Dans &quot;Divers&quot;","block_context":{"text":"Divers","link":"https:\/\/www.laterredufutur.com\/accueil\/sujets\/divers\/"},"img":{"alt_text":"","src":"https:\/\/i0.wp.com\/www.laterredufutur.com\/wordpress\/wp-content\/uploads\/2012\/12\/glaciers-groenland.jpg?resize=350%2C200","width":350,"height":200},"classes":[]},{"id":9814,"url":"https:\/\/www.laterredufutur.com\/accueil\/pierre-rabhi-la-cop21-manipule-lopinion\/","url_meta":{"origin":9733,"position":4},"title":"Pierre Rabhi : \u00ab\u00a0La COP21 manipule l&rsquo;opinion\u00a0\u00bb","author":"Admin","date":"6 d\u00e9cembre 2015","format":false,"excerpt":"Auteur, philosophe, conf\u00e9rencier, agriculteur, Pierre Rabhi s\u00e8me depuis plusieurs ann\u00e9es sa conception du monde et de la nature. Face \u00e0 l'urgence climatique, il d\u00e9nonce l'inefficacit\u00e9 des grandes messes internationales, \u00e0 l'instar de la COP21, qui selon lui, \"manipule les esprits\". Il appelle \u00e0 la conscience et \u00e0 l'action citoyenne pour\u2026","rel":"","context":"Dans &quot;Ecologie&quot;","block_context":{"text":"Ecologie","link":"https:\/\/www.laterredufutur.com\/accueil\/sujets\/ecologie\/"},"img":{"alt_text":"","src":"https:\/\/i0.wp.com\/www.laterredufutur.com\/accueil\/wp-content\/uploads\/2015\/12\/Pierre-Rabhi.jpg?fit=470%2C350&ssl=1&resize=350%2C200","width":350,"height":200},"classes":[]},{"id":8477,"url":"https:\/\/www.laterredufutur.com\/accueil\/climat-investigation\/","url_meta":{"origin":9733,"position":5},"title":"Climat Investigation","author":"Admin","date":"2 octobre 2015","format":false,"excerpt":"Les dessous d'un scandale plan\u00e9taire - Le climat est aujourd'hui une guerre, une religion. Tout avis contraire sera \u00e9limin\u00e9. Quelle voix s \u00e9l\u00e8vera pour rompre le silence pour faire \u00e9clater la v\u00e9rit\u00e9, avant le sommet de Paris ? Il n'existe aujourd'hui plus de lien entre le climat et le discours\u2026","rel":"","context":"Dans &quot;Climat&quot;","block_context":{"text":"Climat","link":"https:\/\/www.laterredufutur.com\/accueil\/sujets\/climat\/"},"img":{"alt_text":"","src":"https:\/\/i0.wp.com\/www.laterredufutur.com\/accueil\/wp-content\/uploads\/2015\/10\/philippe-verdier.jpg?fit=1200%2C787&ssl=1&resize=350%2C200","width":350,"height":200,"srcset":"https:\/\/i0.wp.com\/www.laterredufutur.com\/accueil\/wp-content\/uploads\/2015\/10\/philippe-verdier.jpg?fit=1200%2C787&ssl=1&resize=350%2C200 1x, https:\/\/i0.wp.com\/www.laterredufutur.com\/accueil\/wp-content\/uploads\/2015\/10\/philippe-verdier.jpg?fit=1200%2C787&ssl=1&resize=525%2C300 1.5x, https:\/\/i0.wp.com\/www.laterredufutur.com\/accueil\/wp-content\/uploads\/2015\/10\/philippe-verdier.jpg?fit=1200%2C787&ssl=1&resize=700%2C400 2x, https:\/\/i0.wp.com\/www.laterredufutur.com\/accueil\/wp-content\/uploads\/2015\/10\/philippe-verdier.jpg?fit=1200%2C787&ssl=1&resize=1050%2C600 3x"},"classes":[]}],"jetpack_sharing_enabled":true,"_links":{"self":[{"href":"https:\/\/www.laterredufutur.com\/accueil\/wp-json\/wp\/v2\/posts\/9733","targetHints":{"allow":["GET"]}}],"collection":[{"href":"https:\/\/www.laterredufutur.com\/accueil\/wp-json\/wp\/v2\/posts"}],"about":[{"href":"https:\/\/www.laterredufutur.com\/accueil\/wp-json\/wp\/v2\/types\/post"}],"author":[{"embeddable":true,"href":"https:\/\/www.laterredufutur.com\/accueil\/wp-json\/wp\/v2\/users\/1"}],"replies":[{"embeddable":true,"href":"https:\/\/www.laterredufutur.com\/accueil\/wp-json\/wp\/v2\/comments?post=9733"}],"version-history":[{"count":2,"href":"https:\/\/www.laterredufutur.com\/accueil\/wp-json\/wp\/v2\/posts\/9733\/revisions"}],"predecessor-version":[{"id":9740,"href":"https:\/\/www.laterredufutur.com\/accueil\/wp-json\/wp\/v2\/posts\/9733\/revisions\/9740"}],"wp:featuredmedia":[{"embeddable":true,"href":"https:\/\/www.laterredufutur.com\/accueil\/wp-json\/wp\/v2\/media\/9734"}],"wp:attachment":[{"href":"https:\/\/www.laterredufutur.com\/accueil\/wp-json\/wp\/v2\/media?parent=9733"}],"wp:term":[{"taxonomy":"category","embeddable":true,"href":"https:\/\/www.laterredufutur.com\/accueil\/wp-json\/wp\/v2\/categories?post=9733"},{"taxonomy":"post_tag","embeddable":true,"href":"https:\/\/www.laterredufutur.com\/accueil\/wp-json\/wp\/v2\/tags?post=9733"}],"curies":[{"name":"wp","href":"https:\/\/api.w.org\/{rel}","templated":true}]}}