{"id":9509,"date":"2015-12-03T00:00:17","date_gmt":"2015-12-02T23:00:17","guid":{"rendered":"http:\/\/www.laterredufutur.com\/accueil\/?p=9509"},"modified":"2015-11-29T09:25:19","modified_gmt":"2015-11-29T08:25:19","slug":"un-tapis-de-plage-ou-le-sable-passe-a-travers","status":"publish","type":"post","link":"https:\/\/www.laterredufutur.com\/accueil\/un-tapis-de-plage-ou-le-sable-passe-a-travers\/","title":{"rendered":"Un tapis de plage o\u00f9 le sable passe \u00e0 travers"},"content":{"rendered":"<div class=\"1665f18d14f35dd9e7566e1a8ac9a3e9\" data-index=\"1\" style=\"float: none; margin:10px 0 10px 0; text-align:center;\">\n<script async src=\"https:\/\/pagead2.googlesyndication.com\/pagead\/js\/adsbygoogle.js\"><\/script>\r\n<ins class=\"adsbygoogle\"\r\n     style=\"display:block; text-align:center;\"\r\n     data-ad-layout=\"in-article\"\r\n     data-ad-format=\"fluid\"\r\n     data-ad-client=\"ca-pub-2860849627502538\"\r\n     data-ad-slot=\"3019501113\"><\/ins>\r\n<script>\r\n     (adsbygoogle = window.adsbygoogle || []).push({});\r\n<\/script>\n<\/div>\n<p>En attendant que l&rsquo;\u00e9t\u00e9 revienne, ou pour les chanceux qui partiraient en des lieux nettement plus chauds dans les semaines \u00e0 venir, voici une invention tout \u00e0 fait \u00e9tonnante.<\/p>\n<p>Le plus gros inconv\u00e9nient d\u2019une superbe journ\u00e9e \u00e0 la plage, on le connait tous \u2026 le sable, qui s\u2019infiltre partout et qui colle \u00e0 la peau. Mais \u2026<\/p>\n<p>Pour ne plus avoir de sable sur sa serviette, nous avons la possibilit\u00e9 de vous faire remplacer votre classique serviette de plage par un tapis de plage anti-sable.<\/p>\n<p>Compos\u00e9 de deux couches de polyur\u00e9thane tiss\u00e9 brevet\u00e9, le tapis filtre instantan\u00e9ment le sable d\u00e8s qu&rsquo;il tombe dessus. Les grains passent au travers du mat\u00e9riau, et ne peuvent pas revenir dans l\u2019autre sens. Ce tapis assure ainsi un espace perp\u00e9tuellement propre pour toutes les activit\u00e9s de plein air (plage, camping, pique-nique, etc \u2026).<\/p><div class=\"1665f18d14f35dd9e7566e1a8ac9a3e9\" data-index=\"2\" style=\"float: none; margin:10px 0 10px 0; text-align:center;\">\n<script async src=\"https:\/\/pagead2.googlesyndication.com\/pagead\/js\/adsbygoogle.js\"><\/script>\r\n<ins class=\"adsbygoogle\"\r\n     style=\"display:block; text-align:center;\"\r\n     data-ad-layout=\"in-article\"\r\n     data-ad-format=\"fluid\"\r\n     data-ad-client=\"ca-pub-2860849627502538\"\r\n     data-ad-slot=\"3019501113\"><\/ins>\r\n<script>\r\n     (adsbygoogle = window.adsbygoogle || []).push({});\r\n<\/script>\n<\/div>\n\n<p><span class=\"embed-youtube\" style=\"text-align:center; display: block;\"><iframe loading=\"lazy\" class=\"youtube-player\" width=\"640\" height=\"360\" src=\"https:\/\/www.youtube.com\/embed\/QdIbEp1jcPw?version=3&#038;rel=1&#038;showsearch=0&#038;showinfo=1&#038;iv_load_policy=1&#038;fs=1&#038;hl=fr-FR&#038;autohide=2&#038;wmode=transparent\" allowfullscreen=\"true\" style=\"border:0;\" sandbox=\"allow-scripts allow-same-origin allow-popups allow-presentation allow-popups-to-escape-sandbox\"><\/iframe><\/span><\/p>\n<p><span class=\"embed-youtube\" style=\"text-align:center; display: block;\"><iframe loading=\"lazy\" class=\"youtube-player\" width=\"640\" height=\"360\" src=\"https:\/\/www.youtube.com\/embed\/8j3l0wMj8ZE?version=3&#038;rel=1&#038;showsearch=0&#038;showinfo=1&#038;iv_load_policy=1&#038;fs=1&#038;hl=fr-FR&#038;autohide=2&#038;wmode=transparent\" allowfullscreen=\"true\" style=\"border:0;\" sandbox=\"allow-scripts allow-same-origin allow-popups allow-presentation allow-popups-to-escape-sandbox\"><\/iframe><\/span><\/p>\n<p>Un tapis de sol de plage o\u00f9 le sable passe \u00e0 travers<\/p>\n<p class=\"bawpvc-ajax-counter\" data-id=\"9509\">(911)<\/p>\n<!--CusAds0-->\n<div style=\"font-size: 0px; height: 0px; line-height: 0px; margin: 0; padding: 0; clear: both;\"><\/div>","protected":false},"excerpt":{"rendered":"<p>En attendant que l&rsquo;\u00e9t\u00e9 revienne, ou pour les chanceux qui partiraient en des lieux nettement plus chauds dans les semaines&#8230;<\/p>\n","protected":false},"author":1,"featured_media":9510,"comment_status":"open","ping_status":"open","sticky":false,"template":"","format":"standard","meta":{"_exactmetrics_skip_tracking":false,"_exactmetrics_sitenote_active":false,"_exactmetrics_sitenote_note":"","_exactmetrics_sitenote_category":0,"ngg_post_thumbnail":0,"jetpack_post_was_ever_published":false,"_jetpack_newsletter_access":"","_jetpack_dont_email_post_to_subs":false,"_jetpack_newsletter_tier_id":0,"_jetpack_memberships_contains_paywalled_content":false,"_jetpack_memberships_contains_paid_content":false,"footnotes":"","jetpack_publicize_message":"Un tapis de #plage o\u00f9 le #sable passe \u00e0 travers @laterredufutur","jetpack_publicize_feature_enabled":true,"jetpack_social_post_already_shared":true,"jetpack_social_options":{"image_generator_settings":{"template":"highway","default_image_id":0,"font":"","enabled":false},"version":2}},"categories":[26],"tags":[168,5123,3414,2760,5124,5122,684],"class_list":["post-9509","post","type-post","status-publish","format-standard","has-post-thumbnail","hentry","category-solutions","tag-ete","tag-impermeable","tag-plage","tag-sable","tag-tapis","tag-tapis-de-plage","tag-video","wpcat-26-id"],"jetpack_publicize_connections":[],"jetpack_featured_media_url":"https:\/\/i0.wp.com\/www.laterredufutur.com\/accueil\/wp-content\/uploads\/2015\/11\/tapis-de-sol-impermeable-au-sable.jpg?fit=695%2C385&ssl=1","jetpack_shortlink":"https:\/\/wp.me\/p631RN-2tn","jetpack-related-posts":[{"id":14954,"url":"https:\/\/www.laterredufutur.com\/accueil\/cette-benne-retransforme-le-verre-en-sable-pour-sauver-les-plages\/","url_meta":{"origin":9509,"position":0},"title":"Cette benne retransforme le verre en sable pour sauver les plages","author":"Admin","date":"5 avril 2017","format":false,"excerpt":"Et si, au lieu de jouer de la fl\u00fbte de Pan avec nos bouteilles de bi\u00e8re vides, nous les recyclions imm\u00e9diatement ? Un brasseur n\u00e9o-z\u00e9landais vient de fabriquer une benne qui transforme le verre en sable, permettant ainsi d\u2019\u00e9pargner aux plages l\u2019extraction de sable. \u00ab Boire de la bi\u00e8re pour\u2026","rel":"","context":"Dans &quot;Solutions&quot;","block_context":{"text":"Solutions","link":"https:\/\/www.laterredufutur.com\/accueil\/sujets\/solutions\/"},"img":{"alt_text":"","src":"https:\/\/i0.wp.com\/www.laterredufutur.com\/accueil\/wp-content\/uploads\/2017\/03\/bouteille.png?fit=800%2C480&ssl=1&resize=350%2C200","width":350,"height":200,"srcset":"https:\/\/i0.wp.com\/www.laterredufutur.com\/accueil\/wp-content\/uploads\/2017\/03\/bouteille.png?fit=800%2C480&ssl=1&resize=350%2C200 1x, https:\/\/i0.wp.com\/www.laterredufutur.com\/accueil\/wp-content\/uploads\/2017\/03\/bouteille.png?fit=800%2C480&ssl=1&resize=525%2C300 1.5x, https:\/\/i0.wp.com\/www.laterredufutur.com\/accueil\/wp-content\/uploads\/2017\/03\/bouteille.png?fit=800%2C480&ssl=1&resize=700%2C400 2x"},"classes":[]},{"id":9216,"url":"https:\/\/www.laterredufutur.com\/accueil\/y-a-t-il-autant-detoiles-dans-lunivers-que-de-grains-de-sable-sur-terre\/","url_meta":{"origin":9509,"position":1},"title":"Y-a-t-il autant d\u2019\u00e9toiles dans l\u2019Univers que de grains de sable sur Terre ?","author":"Admin","date":"10 novembre 2015","format":false,"excerpt":"L\u2019\u00e9t\u00e9 est une bonne saison pour aller \u00e0 la plage. Aussi pour s\u2019adonner \u00e0 l\u2019astronomie. Voire les deux ! Tout \u00e7a me rappelle une phrase que m\u2019avait dite mon p\u00e8re au cours de vacances estivales, alors que je devais avoir dans les 6 ans : \u00ab Il y a autant\u2026","rel":"","context":"Dans &quot;Espace&quot;","block_context":{"text":"Espace","link":"https:\/\/www.laterredufutur.com\/accueil\/sujets\/espace\/"},"img":{"alt_text":"","src":"https:\/\/i0.wp.com\/www.laterredufutur.com\/accueil\/wp-content\/uploads\/2015\/11\/desert-sable-vent.jpg?fit=1024%2C768&ssl=1&resize=350%2C200","width":350,"height":200,"srcset":"https:\/\/i0.wp.com\/www.laterredufutur.com\/accueil\/wp-content\/uploads\/2015\/11\/desert-sable-vent.jpg?fit=1024%2C768&ssl=1&resize=350%2C200 1x, https:\/\/i0.wp.com\/www.laterredufutur.com\/accueil\/wp-content\/uploads\/2015\/11\/desert-sable-vent.jpg?fit=1024%2C768&ssl=1&resize=525%2C300 1.5x, https:\/\/i0.wp.com\/www.laterredufutur.com\/accueil\/wp-content\/uploads\/2015\/11\/desert-sable-vent.jpg?fit=1024%2C768&ssl=1&resize=700%2C400 2x"},"classes":[]},{"id":6977,"url":"https:\/\/www.laterredufutur.com\/accueil\/californie-des-plages-fermees-apres-une-nouvelle-maree-noire\/","url_meta":{"origin":9509,"position":2},"title":"Californie : des plages ferm\u00e9es apr\u00e8s une nouvelle mar\u00e9e noire","author":"Admin","date":"29 mai 2015","format":false,"excerpt":"Une myst\u00e9rieuse pollution p\u00e9troli\u00e8re a forc\u00e9 la Californie \u00e0 fermer quelques plages autour de Los Angeles, une semaine apr\u00e8s la mar\u00e9e noire de Santa Barbara. Plusieurs plages situ\u00e9es autour de Los Angeles (Californie) \u00e9taient partiellement ferm\u00e9es \u00e0 la suite d'une myst\u00e9rieuse pollution p\u00e9troli\u00e8re, une semaine apr\u00e8s une mar\u00e9e noire pr\u00e8s\u2026","rel":"","context":"Dans &quot;Pollution&quot;","block_context":{"text":"Pollution","link":"https:\/\/www.laterredufutur.com\/accueil\/sujets\/pollution\/"},"img":{"alt_text":"","src":"https:\/\/i0.wp.com\/www.laterredufutur.com\/accueil\/wp-content\/uploads\/2015\/05\/petrole-19-mai-2015-santa-barbara-californie.jpg?fit=616%2C462&ssl=1&resize=350%2C200","width":350,"height":200,"srcset":"https:\/\/i0.wp.com\/www.laterredufutur.com\/accueil\/wp-content\/uploads\/2015\/05\/petrole-19-mai-2015-santa-barbara-californie.jpg?fit=616%2C462&ssl=1&resize=350%2C200 1x, https:\/\/i0.wp.com\/www.laterredufutur.com\/accueil\/wp-content\/uploads\/2015\/05\/petrole-19-mai-2015-santa-barbara-californie.jpg?fit=616%2C462&ssl=1&resize=525%2C300 1.5x"},"classes":[]},{"id":4319,"url":"https:\/\/www.laterredufutur.com\/accueil\/ocean-dome\/","url_meta":{"origin":9509,"position":3},"title":"Oc\u00e9an Dome","author":"Admin","date":"25 f\u00e9vrier 2008","format":false,"excerpt":"L\u2019Oc\u00e9an Dome \u00e0 Miyazaki au Japon, est connu pour \u00eatre le parc aquatique le plus grand du monde. Il a \u00e9t\u00e9 construit en 1993 et mesure 300 m\u00e8tres de long pour 100 m\u00e8tres de large, le complexe poss\u00e8de un toit r\u00e9tractable pour se transformer en piscine de plein air en\u2026","rel":"","context":"Dans &quot;Divers&quot;","block_context":{"text":"Divers","link":"https:\/\/www.laterredufutur.com\/accueil\/sujets\/divers\/"},"img":{"alt_text":"","src":"https:\/\/i0.wp.com\/www.laterredufutur.com\/accueil\/wp-content\/uploads\/2015\/04\/oceandome.jpg?fit=400%2C312&ssl=1&resize=350%2C200","width":350,"height":200},"classes":[]},{"id":15357,"url":"https:\/\/www.laterredufutur.com\/accueil\/un-monde-qui-peut-etre-depollue\/","url_meta":{"origin":9509,"position":4},"title":"Un monde qui peut \u00eatre d\u00e9pollu\u00e9","author":"Admin","date":"17 juin 2017","format":false,"excerpt":"Il y a encore un an, la plage de Versova en Inde \u00e9tait consid\u00e9r\u00e9e comme une des plages les plus pollu\u00e9es au monde. Mais gr\u00e2ce aux efforts des habitants, celle-ci a retrouv\u00e9 son aspect immacul\u00e9 d'antan, lib\u00e9r\u00e9e des 5.000 tonnes de d\u00e9chets qui la recouvraient. C'est un v\u00e9ritable petit miracle\u2026","rel":"","context":"Dans &quot;Monde Futur&quot;","block_context":{"text":"Monde Futur","link":"https:\/\/www.laterredufutur.com\/accueil\/sujets\/monde-futur\/"},"img":{"alt_text":"","src":"https:\/\/i0.wp.com\/www.laterredufutur.com\/accueil\/wp-content\/uploads\/2017\/06\/Versova-beach.jpg?fit=1200%2C400&ssl=1&resize=350%2C200","width":350,"height":200,"srcset":"https:\/\/i0.wp.com\/www.laterredufutur.com\/accueil\/wp-content\/uploads\/2017\/06\/Versova-beach.jpg?fit=1200%2C400&ssl=1&resize=350%2C200 1x, https:\/\/i0.wp.com\/www.laterredufutur.com\/accueil\/wp-content\/uploads\/2017\/06\/Versova-beach.jpg?fit=1200%2C400&ssl=1&resize=525%2C300 1.5x, https:\/\/i0.wp.com\/www.laterredufutur.com\/accueil\/wp-content\/uploads\/2017\/06\/Versova-beach.jpg?fit=1200%2C400&ssl=1&resize=700%2C400 2x, https:\/\/i0.wp.com\/www.laterredufutur.com\/accueil\/wp-content\/uploads\/2017\/06\/Versova-beach.jpg?fit=1200%2C400&ssl=1&resize=1050%2C600 3x"},"classes":[]},{"id":23227,"url":"https:\/\/www.laterredufutur.com\/accueil\/le-mont-aso-lun-des-plus-grands-volcans-du-japon-est-entre-en-eruption-et-a-cree-un-phenomene-insolite\/","url_meta":{"origin":9509,"position":5},"title":"Le Mont Aso, l&rsquo;un des plus grands volcans du Japon est entr\u00e9 en \u00e9ruption et a cr\u00e9\u00e9 un ph\u00e9nom\u00e8ne insolite","author":"Admin","date":"20 octobre 2021","format":false,"excerpt":"Le Mont Aso du Japon, l'un des plus grands volcans actifs du monde, est entr\u00e9 en \u00e9ruption, envoyant une \u00e9norme colonne de fum\u00e9e \u00e0 3 500 m\u00e8tres dans le ciel. Le Mont Aso, un volcan situ\u00e9 sur l\u2019\u00eele de Kyushu au sud de l\u2019archipel du Japon, est entr\u00e9 en \u00e9ruption\u2026","rel":"","context":"Dans &quot;Seismes\/Volcans&quot;","block_context":{"text":"Seismes\/Volcans","link":"https:\/\/www.laterredufutur.com\/accueil\/sujets\/seismes-et-volcans\/"},"img":{"alt_text":"","src":"https:\/\/i0.wp.com\/www.laterredufutur.com\/accueil\/wp-content\/uploads\/2021\/10\/mont-aso-japon.jpg?fit=944%2C531&ssl=1&resize=350%2C200","width":350,"height":200,"srcset":"https:\/\/i0.wp.com\/www.laterredufutur.com\/accueil\/wp-content\/uploads\/2021\/10\/mont-aso-japon.jpg?fit=944%2C531&ssl=1&resize=350%2C200 1x, https:\/\/i0.wp.com\/www.laterredufutur.com\/accueil\/wp-content\/uploads\/2021\/10\/mont-aso-japon.jpg?fit=944%2C531&ssl=1&resize=525%2C300 1.5x, https:\/\/i0.wp.com\/www.laterredufutur.com\/accueil\/wp-content\/uploads\/2021\/10\/mont-aso-japon.jpg?fit=944%2C531&ssl=1&resize=700%2C400 2x"},"classes":[]}],"jetpack_sharing_enabled":true,"_links":{"self":[{"href":"https:\/\/www.laterredufutur.com\/accueil\/wp-json\/wp\/v2\/posts\/9509","targetHints":{"allow":["GET"]}}],"collection":[{"href":"https:\/\/www.laterredufutur.com\/accueil\/wp-json\/wp\/v2\/posts"}],"about":[{"href":"https:\/\/www.laterredufutur.com\/accueil\/wp-json\/wp\/v2\/types\/post"}],"author":[{"embeddable":true,"href":"https:\/\/www.laterredufutur.com\/accueil\/wp-json\/wp\/v2\/users\/1"}],"replies":[{"embeddable":true,"href":"https:\/\/www.laterredufutur.com\/accueil\/wp-json\/wp\/v2\/comments?post=9509"}],"version-history":[{"count":3,"href":"https:\/\/www.laterredufutur.com\/accueil\/wp-json\/wp\/v2\/posts\/9509\/revisions"}],"predecessor-version":[{"id":9647,"href":"https:\/\/www.laterredufutur.com\/accueil\/wp-json\/wp\/v2\/posts\/9509\/revisions\/9647"}],"wp:featuredmedia":[{"embeddable":true,"href":"https:\/\/www.laterredufutur.com\/accueil\/wp-json\/wp\/v2\/media\/9510"}],"wp:attachment":[{"href":"https:\/\/www.laterredufutur.com\/accueil\/wp-json\/wp\/v2\/media?parent=9509"}],"wp:term":[{"taxonomy":"category","embeddable":true,"href":"https:\/\/www.laterredufutur.com\/accueil\/wp-json\/wp\/v2\/categories?post=9509"},{"taxonomy":"post_tag","embeddable":true,"href":"https:\/\/www.laterredufutur.com\/accueil\/wp-json\/wp\/v2\/tags?post=9509"}],"curies":[{"name":"wp","href":"https:\/\/api.w.org\/{rel}","templated":true}]}}