{"id":9351,"date":"2015-11-17T19:39:33","date_gmt":"2015-11-17T18:39:33","guid":{"rendered":"http:\/\/www.laterredufutur.com\/accueil\/?p=9351"},"modified":"2015-11-17T19:40:56","modified_gmt":"2015-11-17T18:40:56","slug":"tour-de-cedres-est-le-defi-ultime-par-stefano-boeri-architecte","status":"publish","type":"post","link":"https:\/\/www.laterredufutur.com\/accueil\/tour-de-cedres-est-le-defi-ultime-par-stefano-boeri-architecte\/","title":{"rendered":"La Tour de Cedres est le d\u00e9fi ultime par Stefano Boeri Architecte"},"content":{"rendered":"<div class=\"1665f18d14f35dd9e7566e1a8ac9a3e9\" data-index=\"1\" style=\"float: none; margin:10px 0 10px 0; text-align:center;\">\n<script async src=\"https:\/\/pagead2.googlesyndication.com\/pagead\/js\/adsbygoogle.js\"><\/script>\r\n<ins class=\"adsbygoogle\"\r\n     style=\"display:block; text-align:center;\"\r\n     data-ad-layout=\"in-article\"\r\n     data-ad-format=\"fluid\"\r\n     data-ad-client=\"ca-pub-2860849627502538\"\r\n     data-ad-slot=\"3019501113\"><\/ins>\r\n<script>\r\n     (adsbygoogle = window.adsbygoogle || []).push({});\r\n<\/script>\n<\/div>\n<p style=\"text-align: justify;\">Apr\u00e8s que le studio d&rsquo;architecture Stefano Boeri ait \u00e9t\u00e9 prim\u00e9 pour la For\u00eat Verticale \u00e0 Milan, il vise \u00e0 construire une Tour de C\u00e8dres. Cela\u00a0sera construit en Suisse, pr\u00e8s de Lausanne, et sera la premi\u00e8re tour du monde couverte par des arbres\u00a0toujours verts.<\/p>\n<p style=\"text-align: justify;\">Apr\u00e8s avoir \u00e9t\u00e9\u00a0prim\u00e9 pour \u00a0la For\u00eat\u00a0Verticale \u00e0 Milan, Stefano Boeri Architectes lance un nouveau d\u00e9fi, cette fois en Suisse, pr\u00e8s de Lausanne, sur la commune de Chavannes-pr\u00e8s-Renens. A\u00a0partir de 2017, cela pourrait s&rsquo;\u00e9lever avec une\u00a0Tour de Cedres, la premi\u00e8re tour du monde couverte par des arbres, qui seront\u00a0fournis\u00a0par le fabricant suisse Bernard Nicod, en coop\u00e9ration avec le\u00a0g\u00e9nie de la soci\u00e9t\u00e9 Buro Happold , et la verdure de l&rsquo;agronome\u00a0Laura Gatti.<\/p>\n<p><a href=\"https:\/\/i0.wp.com\/www.laterredufutur.com\/accueil\/wp-content\/uploads\/2015\/11\/tour-de-cedres1.jpg\"><img data-recalc-dims=\"1\" loading=\"lazy\" decoding=\"async\" data-attachment-id=\"9357\" data-permalink=\"https:\/\/www.laterredufutur.com\/accueil\/tour-de-cedres-est-le-defi-ultime-par-stefano-boeri-architecte\/tour-de-cedres-2\/\" data-orig-file=\"https:\/\/i0.wp.com\/www.laterredufutur.com\/accueil\/wp-content\/uploads\/2015\/11\/tour-de-cedres1.jpg?fit=571%2C393&amp;ssl=1\" data-orig-size=\"571,393\" data-comments-opened=\"1\" data-image-meta=\"{&quot;aperture&quot;:&quot;0&quot;,&quot;credit&quot;:&quot;&quot;,&quot;camera&quot;:&quot;&quot;,&quot;caption&quot;:&quot;&quot;,&quot;created_timestamp&quot;:&quot;0&quot;,&quot;copyright&quot;:&quot;&quot;,&quot;focal_length&quot;:&quot;0&quot;,&quot;iso&quot;:&quot;0&quot;,&quot;shutter_speed&quot;:&quot;0&quot;,&quot;title&quot;:&quot;&quot;,&quot;orientation&quot;:&quot;0&quot;}\" data-image-title=\"tour-de-cedres\" data-image-description=\"\" data-image-caption=\"\" data-large-file=\"https:\/\/i0.wp.com\/www.laterredufutur.com\/accueil\/wp-content\/uploads\/2015\/11\/tour-de-cedres1.jpg?fit=571%2C393&amp;ssl=1\" class=\"alignnone size-full wp-image-9357\" src=\"https:\/\/i0.wp.com\/www.laterredufutur.com\/accueil\/wp-content\/uploads\/2015\/11\/tour-de-cedres1.jpg?resize=571%2C393\" alt=\"tour-de-cedres\" width=\"571\" height=\"393\" srcset=\"https:\/\/i0.wp.com\/www.laterredufutur.com\/accueil\/wp-content\/uploads\/2015\/11\/tour-de-cedres1.jpg?w=571&amp;ssl=1 571w, https:\/\/i0.wp.com\/www.laterredufutur.com\/accueil\/wp-content\/uploads\/2015\/11\/tour-de-cedres1.jpg?resize=300%2C206&amp;ssl=1 300w\" sizes=\"auto, (max-width: 571px) 100vw, 571px\" \/><\/a><\/p>\n<p>LA TOUR DE C\u00c8DRES<\/p>\n<p style=\"text-align: justify;\">La tour sera couverte par 100 arbres de c\u00e8dres, choisis pour leur durabilit\u00e9 et leur capacit\u00e9 \u00e0 r\u00e9sister \u00e0 des conditions m\u00e9t\u00e9orologiques extr\u00eames tels que le Moyen-Orient et l&rsquo;Himalaya, 6000 arbustes et 18.000 plantes, y compris des plantes vivaces, couvre-sol qui tombent et ainsi occuperont\u00a0globalement une superficie totale de 3000 m\u00e8tres carr\u00e9.<\/p><div class=\"1665f18d14f35dd9e7566e1a8ac9a3e9\" data-index=\"2\" style=\"float: none; margin:10px 0 10px 0; text-align:center;\">\n<script async src=\"https:\/\/pagead2.googlesyndication.com\/pagead\/js\/adsbygoogle.js\"><\/script>\r\n<ins class=\"adsbygoogle\"\r\n     style=\"display:block; text-align:center;\"\r\n     data-ad-layout=\"in-article\"\r\n     data-ad-format=\"fluid\"\r\n     data-ad-client=\"ca-pub-2860849627502538\"\r\n     data-ad-slot=\"3019501113\"><\/ins>\r\n<script>\r\n     (adsbygoogle = window.adsbygoogle || []).push({});\r\n<\/script>\n<\/div>\n\n<p style=\"text-align: justify;\">La Tour de C\u00e8dres, de 117 m\u00e8tres de haut, sera construite\u00a0principalement pour\u00a0des appartements r\u00e9sidentiels contenant\u00a0de 2 \u00e0 5 chambres, mais il y aura de la place pour des bureaux et des services, y compris une salle de fitness et un restaurant panoramique au dernier \u00e9tage. La tour aidera \u00e0 absorber le dioxyde de carbone, produisant de l&rsquo;oxyg\u00e8ne pouvant am\u00e9liorer la qualit\u00e9 de l&rsquo;air dans la\u00a0ville. Ce sera un b\u00e2timent simple, avec un r\u00f4le important dans le paysage urbain, l&rsquo;introduction d&rsquo;une importante biodiversit\u00e9 d&rsquo;esp\u00e8ces v\u00e9g\u00e9tales, en mettant l&rsquo;accent sur \u200b\u200bla durabilit\u00e9 et l&rsquo;am\u00e9lioration de l&rsquo;air urbain.<\/p>\n<p style=\"text-align: justify;\">L&rsquo;architecte Stefano Boeri a assur\u00e9: \u00ab\u00a0Cela sera un bien dans le ciel de Lausanne, nous vivrons ensemble entre les arbres et les humains.\u00a0Il faut continuer le d\u00e9fi d&rsquo;am\u00e9liorer la qualit\u00e9 et d&rsquo;am\u00e9liorer la biodiversit\u00e9 urbaine des esp\u00e8ces dans notre ville \u00ab\u00a0.<\/p>\n<p>Traduction et adaptation de<a href=\"http:\/\/www.laterredufutur.com\/accueil\/\" target=\"_blank\"> la Terre du Futur<\/a><\/p>\n<p>source :\u00a0<a href=\"http:\/\/www.meteoweb.eu\/\" target=\"_blank\">http:\/\/www.meteoweb.eu\/<\/a><\/p>\n<p><a href=\"https:\/\/i0.wp.com\/www.laterredufutur.com\/accueil\/wp-content\/uploads\/2015\/11\/tour-de-cedres2.jpg\"><img data-recalc-dims=\"1\" loading=\"lazy\" decoding=\"async\" data-attachment-id=\"9358\" data-permalink=\"https:\/\/www.laterredufutur.com\/accueil\/tour-de-cedres-est-le-defi-ultime-par-stefano-boeri-architecte\/tour-de-cedres-3\/\" data-orig-file=\"https:\/\/i0.wp.com\/www.laterredufutur.com\/accueil\/wp-content\/uploads\/2015\/11\/tour-de-cedres2.jpg?fit=571%2C393&amp;ssl=1\" data-orig-size=\"571,393\" data-comments-opened=\"1\" data-image-meta=\"{&quot;aperture&quot;:&quot;0&quot;,&quot;credit&quot;:&quot;&quot;,&quot;camera&quot;:&quot;&quot;,&quot;caption&quot;:&quot;&quot;,&quot;created_timestamp&quot;:&quot;0&quot;,&quot;copyright&quot;:&quot;&quot;,&quot;focal_length&quot;:&quot;0&quot;,&quot;iso&quot;:&quot;0&quot;,&quot;shutter_speed&quot;:&quot;0&quot;,&quot;title&quot;:&quot;&quot;,&quot;orientation&quot;:&quot;0&quot;}\" data-image-title=\"tour-de-cedres\" data-image-description=\"\" data-image-caption=\"\" data-large-file=\"https:\/\/i0.wp.com\/www.laterredufutur.com\/accueil\/wp-content\/uploads\/2015\/11\/tour-de-cedres2.jpg?fit=571%2C393&amp;ssl=1\" class=\"alignnone size-full wp-image-9358\" src=\"https:\/\/i0.wp.com\/www.laterredufutur.com\/accueil\/wp-content\/uploads\/2015\/11\/tour-de-cedres2.jpg?resize=571%2C393\" alt=\"tour-de-cedres\" width=\"571\" height=\"393\" srcset=\"https:\/\/i0.wp.com\/www.laterredufutur.com\/accueil\/wp-content\/uploads\/2015\/11\/tour-de-cedres2.jpg?w=571&amp;ssl=1 571w, https:\/\/i0.wp.com\/www.laterredufutur.com\/accueil\/wp-content\/uploads\/2015\/11\/tour-de-cedres2.jpg?resize=300%2C206&amp;ssl=1 300w\" sizes=\"auto, (max-width: 571px) 100vw, 571px\" \/><\/a><\/p>\n<p><a href=\"https:\/\/i0.wp.com\/www.laterredufutur.com\/accueil\/wp-content\/uploads\/2015\/11\/tour-de-cedres3.jpg\"><img data-recalc-dims=\"1\" loading=\"lazy\" decoding=\"async\" data-attachment-id=\"9359\" data-permalink=\"https:\/\/www.laterredufutur.com\/accueil\/tour-de-cedres-est-le-defi-ultime-par-stefano-boeri-architecte\/tour-de-cedres-4\/\" data-orig-file=\"https:\/\/i0.wp.com\/www.laterredufutur.com\/accueil\/wp-content\/uploads\/2015\/11\/tour-de-cedres3.jpg?fit=571%2C393&amp;ssl=1\" data-orig-size=\"571,393\" data-comments-opened=\"1\" data-image-meta=\"{&quot;aperture&quot;:&quot;0&quot;,&quot;credit&quot;:&quot;&quot;,&quot;camera&quot;:&quot;&quot;,&quot;caption&quot;:&quot;&quot;,&quot;created_timestamp&quot;:&quot;0&quot;,&quot;copyright&quot;:&quot;&quot;,&quot;focal_length&quot;:&quot;0&quot;,&quot;iso&quot;:&quot;0&quot;,&quot;shutter_speed&quot;:&quot;0&quot;,&quot;title&quot;:&quot;&quot;,&quot;orientation&quot;:&quot;0&quot;}\" data-image-title=\"tour-de-cedres\" data-image-description=\"\" data-image-caption=\"\" data-large-file=\"https:\/\/i0.wp.com\/www.laterredufutur.com\/accueil\/wp-content\/uploads\/2015\/11\/tour-de-cedres3.jpg?fit=571%2C393&amp;ssl=1\" class=\"alignnone size-full wp-image-9359\" src=\"https:\/\/i0.wp.com\/www.laterredufutur.com\/accueil\/wp-content\/uploads\/2015\/11\/tour-de-cedres3.jpg?resize=571%2C393\" alt=\"tour-de-cedres\" width=\"571\" height=\"393\" srcset=\"https:\/\/i0.wp.com\/www.laterredufutur.com\/accueil\/wp-content\/uploads\/2015\/11\/tour-de-cedres3.jpg?w=571&amp;ssl=1 571w, https:\/\/i0.wp.com\/www.laterredufutur.com\/accueil\/wp-content\/uploads\/2015\/11\/tour-de-cedres3.jpg?resize=300%2C206&amp;ssl=1 300w\" sizes=\"auto, (max-width: 571px) 100vw, 571px\" \/><\/a><\/p>\n<p class=\"bawpvc-ajax-counter\" data-id=\"9351\">(685)<\/p>\n<!--CusAds0-->\n<div style=\"font-size: 0px; height: 0px; line-height: 0px; margin: 0; padding: 0; clear: both;\"><\/div>","protected":false},"excerpt":{"rendered":"<p>Apr\u00e8s que le studio d&rsquo;architecture Stefano Boeri ait \u00e9t\u00e9 prim\u00e9 pour la For\u00eat Verticale \u00e0 Milan, il vise \u00e0 construire&#8230;<\/p>\n","protected":false},"author":1,"featured_media":9356,"comment_status":"open","ping_status":"open","sticky":false,"template":"","format":"standard","meta":{"_exactmetrics_skip_tracking":false,"_exactmetrics_sitenote_active":false,"_exactmetrics_sitenote_note":"","_exactmetrics_sitenote_category":0,"ngg_post_thumbnail":0,"jetpack_post_was_ever_published":false,"_jetpack_newsletter_access":"","_jetpack_dont_email_post_to_subs":false,"_jetpack_newsletter_tier_id":0,"_jetpack_memberships_contains_paywalled_content":false,"_jetpack_memberships_contains_paid_content":false,"footnotes":"","jetpack_publicize_message":"La #Tour de #Cedres est le d\u00e9fi ultime par Stefano Boeri Architecte @laterredufutur","jetpack_publicize_feature_enabled":true,"jetpack_social_post_already_shared":true,"jetpack_social_options":{"image_generator_settings":{"template":"highway","default_image_id":0,"font":"","enabled":false},"version":2}},"categories":[26],"tags":[289,963,5073,344,5076,5075,60,3451,5074,1795],"class_list":["post-9351","post","type-post","status-publish","format-standard","has-post-thumbnail","hentry","category-solutions","tag-arbres","tag-architecte","tag-cedres","tag-italie","tag-lausane","tag-stefano-boeri","tag-suisse","tag-tour","tag-tour-de-cedres","tag-verdure","wpcat-26-id"],"jetpack_publicize_connections":[],"jetpack_featured_media_url":"https:\/\/i0.wp.com\/www.laterredufutur.com\/accueil\/wp-content\/uploads\/2015\/11\/tour-de-cedres.jpg?fit=644%2C459&ssl=1","jetpack_shortlink":"https:\/\/wp.me\/p631RN-2qP","jetpack-related-posts":[{"id":15477,"url":"https:\/\/www.laterredufutur.com\/accueil\/la-chine-accueillera-sa-premiere-foret-verticale-en-2018\/","url_meta":{"origin":9351,"position":0},"title":"La Chine accueillera sa premi\u00e8re for\u00eat verticale en 2018","author":"Admin","date":"3 juillet 2017","format":false,"excerpt":"La ville de Nanjing va cultiver une for\u00eat verticale sur deux gratte-ciel pr\u00e9vus pour 2018. Ces espaces de biodiversit\u00e9 se d\u00e9veloppent dans le monde. Apr\u00e8s Milan et Paris, la ville de Nanjing, en Chine, va se doter d\u2019une for\u00eat verticale cultiv\u00e9e sur deux gratte-ciel voisins. La construction, entreprise dans la\u2026","rel":"","context":"Dans &quot;Ecologie&quot;","block_context":{"text":"Ecologie","link":"https:\/\/www.laterredufutur.com\/accueil\/sujets\/ecologie\/"},"img":{"alt_text":"","src":"https:\/\/i0.wp.com\/www.laterredufutur.com\/accueil\/wp-content\/uploads\/2017\/06\/foret-cite-chine.jpg?fit=1067%2C800&ssl=1&resize=350%2C200","width":350,"height":200,"srcset":"https:\/\/i0.wp.com\/www.laterredufutur.com\/accueil\/wp-content\/uploads\/2017\/06\/foret-cite-chine.jpg?fit=1067%2C800&ssl=1&resize=350%2C200 1x, https:\/\/i0.wp.com\/www.laterredufutur.com\/accueil\/wp-content\/uploads\/2017\/06\/foret-cite-chine.jpg?fit=1067%2C800&ssl=1&resize=525%2C300 1.5x, https:\/\/i0.wp.com\/www.laterredufutur.com\/accueil\/wp-content\/uploads\/2017\/06\/foret-cite-chine.jpg?fit=1067%2C800&ssl=1&resize=700%2C400 2x, https:\/\/i0.wp.com\/www.laterredufutur.com\/accueil\/wp-content\/uploads\/2017\/06\/foret-cite-chine.jpg?fit=1067%2C800&ssl=1&resize=1050%2C600 3x"},"classes":[]},{"id":19595,"url":"https:\/\/www.laterredufutur.com\/accueil\/la-premiere-ville-foret-du-monde-sera-construite-en-chine\/","url_meta":{"origin":9351,"position":1},"title":"La premi\u00e8re ville-for\u00eat du monde sera construite en Chine","author":"Admin","date":"19 octobre 2019","format":false,"excerpt":"Un projet in\u00e9dit est en marche dans la province chinoise du Guangxi, au sud de la Chine. Dans la pr\u00e9fec\u00adture de Liuz\u00adhou, la premi\u00e8re ville-for\u00eat du monde est en cours de construc\u00adtion pour lutter contre la pollu\u00adtion. Desi\u00adgn\u00e9e par le cabi\u00adnet d\u2019ar\u00adchi\u00adtecte italien Stefano Boeri Archi\u00adtetti, qui d\u00e9ve\u00adloppe des projets\u2026","rel":"","context":"Dans &quot;Monde Futur&quot;","block_context":{"text":"Monde Futur","link":"https:\/\/www.laterredufutur.com\/accueil\/sujets\/monde-futur\/"},"img":{"alt_text":"","src":"https:\/\/i0.wp.com\/www.laterredufutur.com\/accueil\/wp-content\/uploads\/2019\/09\/ville-foret-chine-1.jpg?fit=750%2C500&ssl=1&resize=350%2C200","width":350,"height":200,"srcset":"https:\/\/i0.wp.com\/www.laterredufutur.com\/accueil\/wp-content\/uploads\/2019\/09\/ville-foret-chine-1.jpg?fit=750%2C500&ssl=1&resize=350%2C200 1x, https:\/\/i0.wp.com\/www.laterredufutur.com\/accueil\/wp-content\/uploads\/2019\/09\/ville-foret-chine-1.jpg?fit=750%2C500&ssl=1&resize=525%2C300 1.5x, https:\/\/i0.wp.com\/www.laterredufutur.com\/accueil\/wp-content\/uploads\/2019\/09\/ville-foret-chine-1.jpg?fit=750%2C500&ssl=1&resize=700%2C400 2x"},"classes":[]},{"id":25478,"url":"https:\/\/www.laterredufutur.com\/accueil\/les-villes-du-futur-de-notre-monde-seront-vertes\/","url_meta":{"origin":9351,"position":2},"title":"Les villes du futur de notre monde seront vertes","author":"Admin","date":"2 janvier 2024","format":false,"excerpt":"6 villes futuristes en construction \u00e0 travers le monde. Pr\u00e9sentes sur les diff\u00e9rents continents, ces villes nous donnent un aper\u00e7u de ce \u00e0 quoi pourrait ressembler le monde dans 50 ans. Il n\u2019y a rien de plus humain que la volont\u00e9 de b\u00e2tir des villes toujours plus futuristes. Elles habitent\u2026","rel":"","context":"Dans &quot;Monde Futur&quot;","block_context":{"text":"Monde Futur","link":"https:\/\/www.laterredufutur.com\/accueil\/sujets\/monde-futur\/"},"img":{"alt_text":"","src":"https:\/\/i0.wp.com\/www.laterredufutur.com\/accueil\/wp-content\/uploads\/2023\/12\/ville-futuriste-Telosa-USA.webp?fit=1200%2C675&ssl=1&resize=350%2C200","width":350,"height":200,"srcset":"https:\/\/i0.wp.com\/www.laterredufutur.com\/accueil\/wp-content\/uploads\/2023\/12\/ville-futuriste-Telosa-USA.webp?fit=1200%2C675&ssl=1&resize=350%2C200 1x, https:\/\/i0.wp.com\/www.laterredufutur.com\/accueil\/wp-content\/uploads\/2023\/12\/ville-futuriste-Telosa-USA.webp?fit=1200%2C675&ssl=1&resize=525%2C300 1.5x, https:\/\/i0.wp.com\/www.laterredufutur.com\/accueil\/wp-content\/uploads\/2023\/12\/ville-futuriste-Telosa-USA.webp?fit=1200%2C675&ssl=1&resize=700%2C400 2x, https:\/\/i0.wp.com\/www.laterredufutur.com\/accueil\/wp-content\/uploads\/2023\/12\/ville-futuriste-Telosa-USA.webp?fit=1200%2C675&ssl=1&resize=1050%2C600 3x"},"classes":[]},{"id":7772,"url":"https:\/\/www.laterredufutur.com\/accueil\/une-tour-impressionnante-qui-cree-de-leau-grace-a-lair\/","url_meta":{"origin":9351,"position":3},"title":"Une tour impressionnante qui cr\u00e9e de l\u2019eau gr\u00e2ce \u00e0 l\u2019air","author":"Admin","date":"26 ao\u00fbt 2015","format":false,"excerpt":"Il y a sans cesse de nouvelles inventions, mais celle-ci est r\u00e9ellement incroyable. Ce dispositif vraiment cool a un r\u00e9el impact sur l\u2019\u00c9thiopie et esp\u00e9rons qu\u2019il fera son petit bout de chemin dans le reste du monde. La Warka Water est une tour impressionnante en bambou qui peut capturer l\u2019humidit\u00e9\u2026","rel":"","context":"Dans &quot;Solutions&quot;","block_context":{"text":"Solutions","link":"https:\/\/www.laterredufutur.com\/accueil\/sujets\/solutions\/"},"img":{"alt_text":"","src":"https:\/\/i0.wp.com\/www.laterredufutur.com\/accueil\/wp-content\/uploads\/2015\/07\/eau-et-vent.jpg?fit=600%2C286&ssl=1&resize=350%2C200","width":350,"height":200,"srcset":"https:\/\/i0.wp.com\/www.laterredufutur.com\/accueil\/wp-content\/uploads\/2015\/07\/eau-et-vent.jpg?fit=600%2C286&ssl=1&resize=350%2C200 1x, https:\/\/i0.wp.com\/www.laterredufutur.com\/accueil\/wp-content\/uploads\/2015\/07\/eau-et-vent.jpg?fit=600%2C286&ssl=1&resize=525%2C300 1.5x"},"classes":[]},{"id":13609,"url":"https:\/\/www.laterredufutur.com\/accueil\/dubai-lance-la-construction-titanesque-de-la-plus-haute-tour-du-monde\/","url_meta":{"origin":9351,"position":4},"title":"Duba\u00ef lance la construction titanesque de la plus haute tour du monde","author":"Admin","date":"21 octobre 2016","format":false,"excerpt":"Jusqu\u2019o\u00f9 ira la course de la tour la plus haute du monde ? A Duba\u00ef, cette cit\u00e9-\u00e9tat aux mille et une tours gigantesques, une soci\u00e9t\u00e9 immobili\u00e8re s\u2019est lanc\u00e9e dans la construction d\u2019un gratte-ciel qui devrait culminer \u00e0 environ un kilom\u00e8tre de hauteur, soit cent \u00e0 deux cents m\u00e8tres de plus\u2026","rel":"","context":"Dans &quot;Monde Futur&quot;","block_context":{"text":"Monde Futur","link":"https:\/\/www.laterredufutur.com\/accueil\/sujets\/monde-futur\/"},"img":{"alt_text":"","src":"https:\/\/i0.wp.com\/www.laterredufutur.com\/accueil\/wp-content\/uploads\/2016\/10\/tour-dubai.jpg?fit=768%2C480&ssl=1&resize=350%2C200","width":350,"height":200,"srcset":"https:\/\/i0.wp.com\/www.laterredufutur.com\/accueil\/wp-content\/uploads\/2016\/10\/tour-dubai.jpg?fit=768%2C480&ssl=1&resize=350%2C200 1x, https:\/\/i0.wp.com\/www.laterredufutur.com\/accueil\/wp-content\/uploads\/2016\/10\/tour-dubai.jpg?fit=768%2C480&ssl=1&resize=525%2C300 1.5x, https:\/\/i0.wp.com\/www.laterredufutur.com\/accueil\/wp-content\/uploads\/2016\/10\/tour-dubai.jpg?fit=768%2C480&ssl=1&resize=700%2C400 2x"},"classes":[]},{"id":13582,"url":"https:\/\/www.laterredufutur.com\/accueil\/nous-devrions-tous-couvrir-nos-habitations-de-vegetations\/","url_meta":{"origin":9351,"position":5},"title":"Nous devrions tous couvrir nos habitations de v\u00e9g\u00e9tations","author":"Admin","date":"16 octobre 2016","format":false,"excerpt":"Les b\u00e2timents couverts d'un tapis de v\u00e9g\u00e9tation et de verdure se multiplient partout dans le monde - regardez Central Park \u00e0 Sydney, Bosco Verticale \u00e0 Milan, ou Oasia H\u00f4tel Downtown \u00e0 Singapour. Mais pour quelles raisons les architectes et les experts en b\u00e2timent passent au vert? Le Cabinet de design\u2026","rel":"","context":"Dans &quot;Ecologie&quot;","block_context":{"text":"Ecologie","link":"https:\/\/www.laterredufutur.com\/accueil\/sujets\/ecologie\/"},"img":{"alt_text":"","src":"https:\/\/i0.wp.com\/www.laterredufutur.com\/accueil\/wp-content\/uploads\/2016\/10\/batiments-verts.jpg?fit=1024%2C415&ssl=1&resize=350%2C200","width":350,"height":200,"srcset":"https:\/\/i0.wp.com\/www.laterredufutur.com\/accueil\/wp-content\/uploads\/2016\/10\/batiments-verts.jpg?fit=1024%2C415&ssl=1&resize=350%2C200 1x, https:\/\/i0.wp.com\/www.laterredufutur.com\/accueil\/wp-content\/uploads\/2016\/10\/batiments-verts.jpg?fit=1024%2C415&ssl=1&resize=525%2C300 1.5x, https:\/\/i0.wp.com\/www.laterredufutur.com\/accueil\/wp-content\/uploads\/2016\/10\/batiments-verts.jpg?fit=1024%2C415&ssl=1&resize=700%2C400 2x"},"classes":[]}],"jetpack_sharing_enabled":true,"_links":{"self":[{"href":"https:\/\/www.laterredufutur.com\/accueil\/wp-json\/wp\/v2\/posts\/9351","targetHints":{"allow":["GET"]}}],"collection":[{"href":"https:\/\/www.laterredufutur.com\/accueil\/wp-json\/wp\/v2\/posts"}],"about":[{"href":"https:\/\/www.laterredufutur.com\/accueil\/wp-json\/wp\/v2\/types\/post"}],"author":[{"embeddable":true,"href":"https:\/\/www.laterredufutur.com\/accueil\/wp-json\/wp\/v2\/users\/1"}],"replies":[{"embeddable":true,"href":"https:\/\/www.laterredufutur.com\/accueil\/wp-json\/wp\/v2\/comments?post=9351"}],"version-history":[{"count":5,"href":"https:\/\/www.laterredufutur.com\/accueil\/wp-json\/wp\/v2\/posts\/9351\/revisions"}],"predecessor-version":[{"id":9360,"href":"https:\/\/www.laterredufutur.com\/accueil\/wp-json\/wp\/v2\/posts\/9351\/revisions\/9360"}],"wp:featuredmedia":[{"embeddable":true,"href":"https:\/\/www.laterredufutur.com\/accueil\/wp-json\/wp\/v2\/media\/9356"}],"wp:attachment":[{"href":"https:\/\/www.laterredufutur.com\/accueil\/wp-json\/wp\/v2\/media?parent=9351"}],"wp:term":[{"taxonomy":"category","embeddable":true,"href":"https:\/\/www.laterredufutur.com\/accueil\/wp-json\/wp\/v2\/categories?post=9351"},{"taxonomy":"post_tag","embeddable":true,"href":"https:\/\/www.laterredufutur.com\/accueil\/wp-json\/wp\/v2\/tags?post=9351"}],"curies":[{"name":"wp","href":"https:\/\/api.w.org\/{rel}","templated":true}]}}