{"id":9246,"date":"2015-11-11T09:11:43","date_gmt":"2015-11-11T08:11:43","guid":{"rendered":"http:\/\/www.laterredufutur.com\/accueil\/?p=9246"},"modified":"2015-11-11T09:12:12","modified_gmt":"2015-11-11T08:12:12","slug":"pour-la-premiere-fois-la-nasa-a-observe-quelque-chose-sortir-dun-trou-noir","status":"publish","type":"post","link":"https:\/\/www.laterredufutur.com\/accueil\/pour-la-premiere-fois-la-nasa-a-observe-quelque-chose-sortir-dun-trou-noir\/","title":{"rendered":"Pour la premi\u00e8re fois, la Nasa a observ\u00e9 quelque chose sortir d&rsquo;un trou noir"},"content":{"rendered":"<div class=\"1665f18d14f35dd9e7566e1a8ac9a3e9\" data-index=\"1\" style=\"float: none; margin:10px 0 10px 0; text-align:center;\">\n<script async src=\"https:\/\/pagead2.googlesyndication.com\/pagead\/js\/adsbygoogle.js\"><\/script>\r\n<ins class=\"adsbygoogle\"\r\n     style=\"display:block; text-align:center;\"\r\n     data-ad-layout=\"in-article\"\r\n     data-ad-format=\"fluid\"\r\n     data-ad-client=\"ca-pub-2860849627502538\"\r\n     data-ad-slot=\"3019501113\"><\/ins>\r\n<script>\r\n     (adsbygoogle = window.adsbygoogle || []).push({});\r\n<\/script>\n<\/div>\n<p style=\"text-align: justify;\">Si il y a bien une chose qu\u2019Interstellar retranscrit correctement \u00e0 propos des trous noirs, c\u2019est que personne ne comprend vraiment ce qu\u2019il en est. Plus s\u00e9rieusement, nous ne comprenons pas toute la physique associ\u00e9e \u00e0 ces objets massifs. Nous ne les comprenons pas enti\u00e8rement et nous ne savons pas ce qui est possible ou non. Nous pensions que leur masse \u00e9tait telle que m\u00eame la lumi\u00e8re, pourtant d\u00e9pourvue de masse, \u00e9tait sensible \u00e0 leur force de gravitation (cette force d\u00e9pend de la masse des deux objets et de la distance qui les s\u00e9pare). On pensait aussi que cette force de gravitation \u00e9tait telle que rien de pouvait y \u00e9chapper, pas m\u00eame les ondes \u00e9lectromagn\u00e9tiques. Rendant l\u2019\u00e9tude des trous noirs tr\u00e8s compliqu\u00e9e.<\/p>\n<p style=\"text-align: justify;\">Pourtant, il y a quelques jours, la NASA a fait une observation pour le moins \u00e9trange concernant un trou noir supermassif : Markarian 335. Deux des t\u00e9lescopes de la NASA dont le NuSTAR, un t\u00e9lescope \u00e9tudiant les rayons X \u00e0 haute \u00e9nergie autour des trous noirs. Ce t\u00e9lescope a, un peu miraculeusement, r\u00e9ussi \u00e0 capturer l\u2019\u00e9mission massive de plasma et de rayons X depuis le trou noir vers l\u2019ext\u00e9rieur.<\/p><div class=\"1665f18d14f35dd9e7566e1a8ac9a3e9\" data-index=\"2\" style=\"float: none; margin:10px 0 10px 0; text-align:center;\">\n<script async src=\"https:\/\/pagead2.googlesyndication.com\/pagead\/js\/adsbygoogle.js\"><\/script>\r\n<ins class=\"adsbygoogle\"\r\n     style=\"display:block; text-align:center;\"\r\n     data-ad-layout=\"in-article\"\r\n     data-ad-format=\"fluid\"\r\n     data-ad-client=\"ca-pub-2860849627502538\"\r\n     data-ad-slot=\"3019501113\"><\/ins>\r\n<script>\r\n     (adsbygoogle = window.adsbygoogle || []).push({});\r\n<\/script>\n<\/div>\n\n<p style=\"text-align: justify;\"><a href=\"https:\/\/i0.wp.com\/www.laterredufutur.com\/accueil\/wp-content\/uploads\/2015\/11\/trou-noir-ejection.jpg\"><img data-recalc-dims=\"1\" loading=\"lazy\" decoding=\"async\" data-attachment-id=\"9248\" data-permalink=\"https:\/\/www.laterredufutur.com\/accueil\/pour-la-premiere-fois-la-nasa-a-observe-quelque-chose-sortir-dun-trou-noir\/trou-noir-ejection\/\" data-orig-file=\"https:\/\/i0.wp.com\/www.laterredufutur.com\/accueil\/wp-content\/uploads\/2015\/11\/trou-noir-ejection.jpg?fit=1200%2C600&amp;ssl=1\" data-orig-size=\"1200,600\" data-comments-opened=\"1\" data-image-meta=\"{&quot;aperture&quot;:&quot;0&quot;,&quot;credit&quot;:&quot;&quot;,&quot;camera&quot;:&quot;&quot;,&quot;caption&quot;:&quot;&quot;,&quot;created_timestamp&quot;:&quot;0&quot;,&quot;copyright&quot;:&quot;&quot;,&quot;focal_length&quot;:&quot;0&quot;,&quot;iso&quot;:&quot;0&quot;,&quot;shutter_speed&quot;:&quot;0&quot;,&quot;title&quot;:&quot;&quot;,&quot;orientation&quot;:&quot;0&quot;}\" data-image-title=\"trou-noir-ejection\" data-image-description=\"\" data-image-caption=\"\" data-large-file=\"https:\/\/i0.wp.com\/www.laterredufutur.com\/accueil\/wp-content\/uploads\/2015\/11\/trou-noir-ejection.jpg?fit=800%2C400&amp;ssl=1\" class=\"alignnone size-full wp-image-9248\" src=\"https:\/\/i0.wp.com\/www.laterredufutur.com\/accueil\/wp-content\/uploads\/2015\/11\/trou-noir-ejection.jpg?resize=1200%2C600\" alt=\"trou-noir-ejection\" width=\"1200\" height=\"600\" srcset=\"https:\/\/i0.wp.com\/www.laterredufutur.com\/accueil\/wp-content\/uploads\/2015\/11\/trou-noir-ejection.jpg?w=1200&amp;ssl=1 1200w, https:\/\/i0.wp.com\/www.laterredufutur.com\/accueil\/wp-content\/uploads\/2015\/11\/trou-noir-ejection.jpg?resize=300%2C150&amp;ssl=1 300w, https:\/\/i0.wp.com\/www.laterredufutur.com\/accueil\/wp-content\/uploads\/2015\/11\/trou-noir-ejection.jpg?resize=800%2C400&amp;ssl=1 800w\" sizes=\"auto, (max-width: 1000px) 100vw, 1000px\" \/><\/a><\/p>\n<p style=\"text-align: justify;\">Pour le principal auteur de l\u2019article scientifique qui fait \u00e9tat de cette d\u00e9couverte :<\/p>\n<p style=\"text-align: justify;\">\u201cCela va nous aider \u00e0 comprendre comment les trous noirs alimentent certains des objets les plus brillants de l\u2019univers.\u201d<\/p>\n<p style=\"text-align: justify;\">Les \u00e9quipes de chercheurs qui planchent sur le sujet ne savent pas vraiment de quelle nature est la source d\u2019\u00e9nergie. Cependant l\u2019enregistrement de ce ph\u00e9nom\u00e8ne aidera s\u00fbrement les scientifiques \u00e0 en apprendre un peu plus sur les sp\u00e9cificit\u00e9s de ce trou noir et sur ces derniers en g\u00e9n\u00e9ral.<\/p>\n<p style=\"text-align: justify;\">Pour ceux qui se poseraient la question de savoir si il ne faudrait pas s\u2019inqui\u00e9ter d\u2019un tel ph\u00e9nom\u00e8ne, pas d\u2019inqui\u00e9tude, le trou noir ne se trouve pas tout \u00e0 fait \u00e0 cot\u00e9 de nous : 324 millions d\u2019ann\u00e9e lumi\u00e8re plus loin en fait. Notre recoin de l\u2019univers ne devrait pas trop \u00eatre inqui\u00e9t\u00e9 donc.<\/p>\n<p style=\"text-align: justify;\">Source : Journal du geek via\u00a0<a href=\"http:\/\/www.zmescience.com\/science\/black-hole-corona-ejection-09112015\/\" target=\"_blank\" rel=\"nofollow\">Source<\/a><\/p>\n<p class=\"bawpvc-ajax-counter\" data-id=\"9246\">(1055)<\/p>\n<!--CusAds0-->\n<div style=\"font-size: 0px; height: 0px; line-height: 0px; margin: 0; padding: 0; clear: both;\"><\/div>","protected":false},"excerpt":{"rendered":"<p>Si il y a bien une chose qu\u2019Interstellar retranscrit correctement \u00e0 propos des trous noirs, c\u2019est que personne ne comprend&#8230;<\/p>\n","protected":false},"author":1,"featured_media":9247,"comment_status":"open","ping_status":"open","sticky":false,"template":"","format":"standard","meta":{"_exactmetrics_skip_tracking":false,"_exactmetrics_sitenote_active":false,"_exactmetrics_sitenote_note":"","_exactmetrics_sitenote_category":0,"ngg_post_thumbnail":0,"jetpack_post_was_ever_published":false,"_jetpack_newsletter_access":"","_jetpack_dont_email_post_to_subs":false,"_jetpack_newsletter_tier_id":0,"_jetpack_memberships_contains_paywalled_content":false,"_jetpack_memberships_contains_paid_content":false,"footnotes":"","jetpack_publicize_message":"Pour la premi\u00e8re fois, la #Nasa a observ\u00e9 quelque chose sortir d'un #trou noir @laterredufutur","jetpack_publicize_feature_enabled":true,"jetpack_social_post_already_shared":true,"jetpack_social_options":{"image_generator_settings":{"template":"highway","default_image_id":0,"font":"","enabled":false},"version":2}},"categories":[22],"tags":[538,2226,5038,119,579,608,3197,1656],"class_list":["post-9246","post","type-post","status-publish","format-standard","has-post-thumbnail","hentry","category-espace","tag-decouverte","tag-ejection","tag-interstellar","tag-nasa","tag-objet","tag-observation","tag-trou-noir","tag-univers","wpcat-22-id"],"jetpack_publicize_connections":[],"jetpack_featured_media_url":"https:\/\/i0.wp.com\/www.laterredufutur.com\/accueil\/wp-content\/uploads\/2015\/11\/trounoir_interstellar.jpg?fit=1090%2C500&ssl=1","jetpack_shortlink":"https:\/\/wp.me\/p631RN-2p8","jetpack-related-posts":[{"id":18944,"url":"https:\/\/www.laterredufutur.com\/accueil\/cest-officiel-les-astronomes-viennent-de-devoiler-la-toute-premiere-image-dun-trou-noir\/","url_meta":{"origin":9246,"position":0},"title":"C&rsquo;est officiel: les astronomes viennent de d\u00e9voiler la toute premi\u00e8re image d&rsquo;un trou noir","author":"Admin","date":"10 avril 2019","format":false,"excerpt":"Regardez cette photo. Arr\u00eatez vous un instant dessus et observez l\u00e0. Ce que vous regardez, c'est l'histoire. C\u2019est la toute premi\u00e8re image directe, \u00e0 ce jour, de l\u2019horizon des \u00e9v\u00e9nements d\u2019un trou noir ! Il se trouve \u00e0 55 millions d'ann\u00e9es-lumi\u00e8re, et c'est le trou noir supermassif au centre d'une\u2026","rel":"","context":"Dans &quot;Espace&quot;","block_context":{"text":"Espace","link":"https:\/\/www.laterredufutur.com\/accueil\/sujets\/espace\/"},"img":{"alt_text":"","src":"https:\/\/i0.wp.com\/www.laterredufutur.com\/accueil\/wp-content\/uploads\/2019\/04\/trou-noir-10avril2019.jpg?fit=1024%2C415&ssl=1&resize=350%2C200","width":350,"height":200,"srcset":"https:\/\/i0.wp.com\/www.laterredufutur.com\/accueil\/wp-content\/uploads\/2019\/04\/trou-noir-10avril2019.jpg?fit=1024%2C415&ssl=1&resize=350%2C200 1x, https:\/\/i0.wp.com\/www.laterredufutur.com\/accueil\/wp-content\/uploads\/2019\/04\/trou-noir-10avril2019.jpg?fit=1024%2C415&ssl=1&resize=525%2C300 1.5x, https:\/\/i0.wp.com\/www.laterredufutur.com\/accueil\/wp-content\/uploads\/2019\/04\/trou-noir-10avril2019.jpg?fit=1024%2C415&ssl=1&resize=700%2C400 2x"},"classes":[]},{"id":19782,"url":"https:\/\/www.laterredufutur.com\/accueil\/et-si-la-planete-9-etait-un-trou-noir\/","url_meta":{"origin":9246,"position":1},"title":"Et si la plan\u00e8te 9 \u00e9tait un trou noir ?","author":"Admin","date":"10 novembre 2019","format":false,"excerpt":"Selon des chercheurs, la potentielle neuvi\u00e8me plan\u00e8te, qui se situerait aux confins de notre Syst\u00e8me solaire, pourrait \u00eatre un trou noir primordial. Dans la ceinture de Kuiper, \u00e0 la limite de notre Syst\u00e8me solaire, un objet inconnu d\u00e9vie les trajectoires de corps c\u00e9lestes gel\u00e9s, compos\u00e9s d\u2019eau ou de m\u00e9thane, qui\u2026","rel":"","context":"Dans &quot;Espace&quot;","block_context":{"text":"Espace","link":"https:\/\/www.laterredufutur.com\/accueil\/sujets\/espace\/"},"img":{"alt_text":"","src":"https:\/\/i0.wp.com\/www.laterredufutur.com\/accueil\/wp-content\/uploads\/2019\/10\/trou-noir-planete9.png?fit=1105%2C771&ssl=1&resize=350%2C200","width":350,"height":200,"srcset":"https:\/\/i0.wp.com\/www.laterredufutur.com\/accueil\/wp-content\/uploads\/2019\/10\/trou-noir-planete9.png?fit=1105%2C771&ssl=1&resize=350%2C200 1x, https:\/\/i0.wp.com\/www.laterredufutur.com\/accueil\/wp-content\/uploads\/2019\/10\/trou-noir-planete9.png?fit=1105%2C771&ssl=1&resize=525%2C300 1.5x, https:\/\/i0.wp.com\/www.laterredufutur.com\/accueil\/wp-content\/uploads\/2019\/10\/trou-noir-planete9.png?fit=1105%2C771&ssl=1&resize=700%2C400 2x, https:\/\/i0.wp.com\/www.laterredufutur.com\/accueil\/wp-content\/uploads\/2019\/10\/trou-noir-planete9.png?fit=1105%2C771&ssl=1&resize=1050%2C600 3x"},"classes":[]},{"id":25089,"url":"https:\/\/www.laterredufutur.com\/accueil\/les-physiciens-viennent-de-comprendre-comment-les-trous-de-ver-pourraient-permettre-de-voyager-dans-le-temps\/","url_meta":{"origin":9246,"position":2},"title":"Les physiciens viennent de comprendre comment les trous de ver pourraient permettre de voyager dans le temps","author":"Admin","date":"2 ao\u00fbt 2023","format":false,"excerpt":"Les physiciens en th\u00e9orie ont beaucoup en commun avec les juristes. Tous deux passent beaucoup de temps \u00e0 chercher des failles et des incoh\u00e9rences dans les r\u00e8gles qui pourraient \u00eatre exploit\u00e9es d'une mani\u00e8re ou d'une autre. Valeri P. Frolov et Andrei Zelnikov, de l'universit\u00e9 d'Alberta au Canada, et Pavel Krtou\u0161,\u2026","rel":"","context":"Dans &quot;Espace&quot;","block_context":{"text":"Espace","link":"https:\/\/www.laterredufutur.com\/accueil\/sujets\/espace\/"},"img":{"alt_text":"","src":"https:\/\/i0.wp.com\/www.laterredufutur.com\/accueil\/wp-content\/uploads\/2023\/07\/trou-de-ver-espace-temps.jpg?fit=1024%2C415&ssl=1&resize=350%2C200","width":350,"height":200,"srcset":"https:\/\/i0.wp.com\/www.laterredufutur.com\/accueil\/wp-content\/uploads\/2023\/07\/trou-de-ver-espace-temps.jpg?fit=1024%2C415&ssl=1&resize=350%2C200 1x, https:\/\/i0.wp.com\/www.laterredufutur.com\/accueil\/wp-content\/uploads\/2023\/07\/trou-de-ver-espace-temps.jpg?fit=1024%2C415&ssl=1&resize=525%2C300 1.5x, https:\/\/i0.wp.com\/www.laterredufutur.com\/accueil\/wp-content\/uploads\/2023\/07\/trou-de-ver-espace-temps.jpg?fit=1024%2C415&ssl=1&resize=700%2C400 2x"},"classes":[]},{"id":17787,"url":"https:\/\/www.laterredufutur.com\/accueil\/des-trous-noirs-pourraient-servir-de-porte-pour-voyager-dans-lhyperespace\/","url_meta":{"origin":9246,"position":3},"title":"Des trous noirs pourraient servir de porte pour voyager dans l&rsquo;hyperespace","author":"Admin","date":"16 janvier 2019","format":false,"excerpt":"Une \u00e9quipe de chercheurs en astrophysique a d\u00e9cid\u00e9 de tester ce qui n\u2019avait auparavant \u00e9t\u00e9 d\u00e9crit que par des auteurs de science-fiction et a examin\u00e9 la possibilit\u00e9 d\u2019effectuer des voyages dans le temps et dans l\u2019espace \u00e0 travers les trous noirs. Voici les grandes lignes de leurs conclusions. Des chercheurs\u2026","rel":"","context":"Dans &quot;Espace&quot;","block_context":{"text":"Espace","link":"https:\/\/www.laterredufutur.com\/accueil\/sujets\/espace\/"},"img":{"alt_text":"","src":"https:\/\/i0.wp.com\/www.laterredufutur.com\/accueil\/wp-content\/uploads\/2019\/01\/astronaute-trounoir.jpg?fit=960%2C540&ssl=1&resize=350%2C200","width":350,"height":200,"srcset":"https:\/\/i0.wp.com\/www.laterredufutur.com\/accueil\/wp-content\/uploads\/2019\/01\/astronaute-trounoir.jpg?fit=960%2C540&ssl=1&resize=350%2C200 1x, https:\/\/i0.wp.com\/www.laterredufutur.com\/accueil\/wp-content\/uploads\/2019\/01\/astronaute-trounoir.jpg?fit=960%2C540&ssl=1&resize=525%2C300 1.5x, https:\/\/i0.wp.com\/www.laterredufutur.com\/accueil\/wp-content\/uploads\/2019\/01\/astronaute-trounoir.jpg?fit=960%2C540&ssl=1&resize=700%2C400 2x"},"classes":[]},{"id":15345,"url":"https:\/\/www.laterredufutur.com\/accueil\/la-mysterieuse-etoile-disparue-est-en-fait-devenue-un-trou-noir\/","url_meta":{"origin":9246,"position":4},"title":"La myst\u00e9rieuse \u00e9toile disparue est en fait devenue un trou noir","author":"Admin","date":"6 juin 2017","format":false,"excerpt":"Une \u00e9toile qui disparait du jour au lendemain de la vo\u00fbte c\u00e9leste cela interpelle forc\u00e9ment les scientifiques, ces derniers ont d\u00e9couvert que l'\u00e9toile n'avait pas vraiment disparue, mais s'\u00e9tait transform\u00e9e en trou noir, sans passer par l'\u00e9tape de la Supernovae. Un \u00e9v\u00e8nement astronomique unique a sans doute \u00e9t\u00e9 capt\u00e9 par\u2026","rel":"","context":"Dans &quot;Espace&quot;","block_context":{"text":"Espace","link":"https:\/\/www.laterredufutur.com\/accueil\/sujets\/espace\/"},"img":{"alt_text":"","src":"https:\/\/i0.wp.com\/www.laterredufutur.com\/accueil\/wp-content\/uploads\/2015\/11\/trounoir_interstellar.jpg?fit=1090%2C500&ssl=1&resize=350%2C200","width":350,"height":200,"srcset":"https:\/\/i0.wp.com\/www.laterredufutur.com\/accueil\/wp-content\/uploads\/2015\/11\/trounoir_interstellar.jpg?fit=1090%2C500&ssl=1&resize=350%2C200 1x, https:\/\/i0.wp.com\/www.laterredufutur.com\/accueil\/wp-content\/uploads\/2015\/11\/trounoir_interstellar.jpg?fit=1090%2C500&ssl=1&resize=525%2C300 1.5x, https:\/\/i0.wp.com\/www.laterredufutur.com\/accueil\/wp-content\/uploads\/2015\/11\/trounoir_interstellar.jpg?fit=1090%2C500&ssl=1&resize=700%2C400 2x, https:\/\/i0.wp.com\/www.laterredufutur.com\/accueil\/wp-content\/uploads\/2015\/11\/trounoir_interstellar.jpg?fit=1090%2C500&ssl=1&resize=1050%2C600 3x"},"classes":[]},{"id":15394,"url":"https:\/\/www.laterredufutur.com\/accueil\/de-nouvelle-distorsions-de-lespace-temps-font-trembler-la-terre\/","url_meta":{"origin":9246,"position":5},"title":"De nouvelle distorsions de l&rsquo;espace temps font trembler la Terre","author":"Admin","date":"4 juin 2017","format":false,"excerpt":"Le LIGO a r\u00e9alis\u00e9 une nouvelle prouesse. Les instruments de l\u2019observatoire ont en effet d\u00e9tect\u00e9 de nouvelles distorsions de l\u2019espace-temps, des distorsions provoqu\u00e9es par la fusion de deux trous noirs. L\u2019\u00e9nergie d\u00e9livr\u00e9e d\u00e9fiait l\u2019entendement. Les ondes gravitationnelles ont \u00e9t\u00e9 \u00e9voqu\u00e9es pour la toute premi\u00e8re fois par Albert Einstein en 1916.\u2026","rel":"","context":"Dans &quot;Espace&quot;","block_context":{"text":"Espace","link":"https:\/\/www.laterredufutur.com\/accueil\/sujets\/espace\/"},"img":{"alt_text":"","src":"https:\/\/i0.wp.com\/www.laterredufutur.com\/accueil\/wp-content\/uploads\/2017\/06\/trous-noirs.jpg?fit=639%2C426&ssl=1&resize=350%2C200","width":350,"height":200,"srcset":"https:\/\/i0.wp.com\/www.laterredufutur.com\/accueil\/wp-content\/uploads\/2017\/06\/trous-noirs.jpg?fit=639%2C426&ssl=1&resize=350%2C200 1x, https:\/\/i0.wp.com\/www.laterredufutur.com\/accueil\/wp-content\/uploads\/2017\/06\/trous-noirs.jpg?fit=639%2C426&ssl=1&resize=525%2C300 1.5x"},"classes":[]}],"jetpack_sharing_enabled":true,"_links":{"self":[{"href":"https:\/\/www.laterredufutur.com\/accueil\/wp-json\/wp\/v2\/posts\/9246","targetHints":{"allow":["GET"]}}],"collection":[{"href":"https:\/\/www.laterredufutur.com\/accueil\/wp-json\/wp\/v2\/posts"}],"about":[{"href":"https:\/\/www.laterredufutur.com\/accueil\/wp-json\/wp\/v2\/types\/post"}],"author":[{"embeddable":true,"href":"https:\/\/www.laterredufutur.com\/accueil\/wp-json\/wp\/v2\/users\/1"}],"replies":[{"embeddable":true,"href":"https:\/\/www.laterredufutur.com\/accueil\/wp-json\/wp\/v2\/comments?post=9246"}],"version-history":[{"count":1,"href":"https:\/\/www.laterredufutur.com\/accueil\/wp-json\/wp\/v2\/posts\/9246\/revisions"}],"predecessor-version":[{"id":9249,"href":"https:\/\/www.laterredufutur.com\/accueil\/wp-json\/wp\/v2\/posts\/9246\/revisions\/9249"}],"wp:featuredmedia":[{"embeddable":true,"href":"https:\/\/www.laterredufutur.com\/accueil\/wp-json\/wp\/v2\/media\/9247"}],"wp:attachment":[{"href":"https:\/\/www.laterredufutur.com\/accueil\/wp-json\/wp\/v2\/media?parent=9246"}],"wp:term":[{"taxonomy":"category","embeddable":true,"href":"https:\/\/www.laterredufutur.com\/accueil\/wp-json\/wp\/v2\/categories?post=9246"},{"taxonomy":"post_tag","embeddable":true,"href":"https:\/\/www.laterredufutur.com\/accueil\/wp-json\/wp\/v2\/tags?post=9246"}],"curies":[{"name":"wp","href":"https:\/\/api.w.org\/{rel}","templated":true}]}}