{"id":8811,"date":"2015-10-17T19:41:21","date_gmt":"2015-10-17T17:41:21","guid":{"rendered":"http:\/\/www.laterredufutur.com\/accueil\/?p=8811"},"modified":"2015-10-17T20:25:19","modified_gmt":"2015-10-17T18:25:19","slug":"le-president-hollande-au-pied-dun-glacier-qui-fait-grace-au-volcan-katla","status":"publish","type":"post","link":"https:\/\/www.laterredufutur.com\/accueil\/le-president-hollande-au-pied-dun-glacier-qui-fait-grace-au-volcan-katla\/","title":{"rendered":"Le pr\u00e9sident Hollande au pied d&rsquo;un glacier qui fait gr\u00e2ce au volcan Katla"},"content":{"rendered":"<div class=\"1665f18d14f35dd9e7566e1a8ac9a3e9\" data-index=\"1\" style=\"float: none; margin:10px 0 10px 0; text-align:center;\">\n<script async src=\"https:\/\/pagead2.googlesyndication.com\/pagead\/js\/adsbygoogle.js\"><\/script>\r\n<ins class=\"adsbygoogle\"\r\n     style=\"display:block; text-align:center;\"\r\n     data-ad-layout=\"in-article\"\r\n     data-ad-format=\"fluid\"\r\n     data-ad-client=\"ca-pub-2860849627502538\"\r\n     data-ad-slot=\"3019501113\"><\/ins>\r\n<script>\r\n     (adsbygoogle = window.adsbygoogle || []).push({});\r\n<\/script>\n<\/div>\n<p style=\"text-align: justify;\">Bienvenue sur le glacier S\u00f3lheimaj\u00f6kull, une langue glaciaire et spectaculaire qui s&rsquo;\u00e9tire vers le bas du M\u00fdrdalsj\u00f6kull, le quatri\u00e8me plus grand glacier d&rsquo;Islande.<\/p>\n<p style=\"text-align: justify;\">Au pied d&rsquo;un glacier islandais, Hollande craint \u00ab\u00a0la disparition de l&rsquo;Histoire\u00a0\u00bb ! Le pr\u00e9sident fran\u00e7ais Fran\u00e7ois Hollande a dit craindre vendredi 16 octobre 2015 en Islande \u00ab\u00a0la disparition de l&rsquo;Histoire\u00a0\u00bb en constatant au pied d&rsquo;un glacier sa fonte inexorable sous l&rsquo;effet du r\u00e9chauffement climatique, que la Conf\u00e9rence de l&rsquo;Onu \u00e0 Paris va chercher \u00e0 limiter.<\/p>\n<p style=\"text-align: justify;\">\u00ab\u00a0Pour ceux qui doutent du r\u00e9chauffement, il faut qu&rsquo;ils viennent ici. S&rsquo;il y a une d\u00e9monstration \u00e0 faire, elle est faite\u00a0\u00bb, a lanc\u00e9 le pr\u00e9sident devant ce qui reste du glacier S\u00f3lheimaj\u00f6kull, fondant goutte \u00e0 goutte, \u00e0 l&rsquo;oeil nu, sur une terre noire parsem\u00e9e de jeune mousse.<\/p>\n<p style=\"text-align: justify;\">Oui le r\u00e9chauffement climatique ne fait certainement aucun doute&#8230;\u00a0 malheureusement, l&rsquo;exemple donn\u00e9 ici n&rsquo;est pas forc\u00e9ment en rapport direct avec ce r\u00e9chauffement. En effet, le S\u00f3lheimaj\u00f6kull est une langue glaci\u00e8re d&rsquo;une calotte glaciaire au sud de l&rsquo;Islande du M\u00fdrdalsj\u00f6kull. Le M\u00fdrdalsj\u00f6kull couvre le volcan Katla dans tout son centre, l&rsquo;un des volcans les plus actifs en Islande. Le S\u00f3lheimaj\u00f6kull est d&rsquo;environ 15 km de long, \u00e0 1-2 km de large et couvre 44 km\u00b2. Il descend de la caldeira Katla de 1505 m d&rsquo;altitude (H\u00e1bunga), et se termine \u00e0 ~ 100 m d&rsquo;altitude. La base du glacier est \u00e0 11 m au dessus du niveau de la mer pr\u00e9sente, et 0,8 km \u00e0 l&rsquo;int\u00e9rieur de la marge actuelle.<\/p>\n<p><a href=\"https:\/\/i0.wp.com\/www.laterredufutur.com\/accueil\/wp-content\/uploads\/2015\/10\/solheimajkull.jpg\"><img data-recalc-dims=\"1\" loading=\"lazy\" decoding=\"async\" data-attachment-id=\"8813\" data-permalink=\"https:\/\/www.laterredufutur.com\/accueil\/le-president-hollande-au-pied-dun-glacier-qui-fait-grace-au-volcan-katla\/solheimajkull\/\" data-orig-file=\"https:\/\/i0.wp.com\/www.laterredufutur.com\/accueil\/wp-content\/uploads\/2015\/10\/solheimajkull.jpg?fit=1458%2C1296&amp;ssl=1\" data-orig-size=\"1458,1296\" data-comments-opened=\"1\" data-image-meta=\"{&quot;aperture&quot;:&quot;0&quot;,&quot;credit&quot;:&quot;&quot;,&quot;camera&quot;:&quot;&quot;,&quot;caption&quot;:&quot;&quot;,&quot;created_timestamp&quot;:&quot;0&quot;,&quot;copyright&quot;:&quot;&quot;,&quot;focal_length&quot;:&quot;0&quot;,&quot;iso&quot;:&quot;0&quot;,&quot;shutter_speed&quot;:&quot;0&quot;,&quot;title&quot;:&quot;&quot;,&quot;orientation&quot;:&quot;0&quot;}\" data-image-title=\"solheimajkull\" data-image-description=\"\" data-image-caption=\"\" data-large-file=\"https:\/\/i0.wp.com\/www.laterredufutur.com\/accueil\/wp-content\/uploads\/2015\/10\/solheimajkull.jpg?fit=800%2C711&amp;ssl=1\" class=\"alignnone size-full wp-image-8813\" src=\"https:\/\/i0.wp.com\/www.laterredufutur.com\/accueil\/wp-content\/uploads\/2015\/10\/solheimajkull.jpg?resize=1458%2C1296\" alt=\"solheimajkull\" width=\"1458\" height=\"1296\" srcset=\"https:\/\/i0.wp.com\/www.laterredufutur.com\/accueil\/wp-content\/uploads\/2015\/10\/solheimajkull.jpg?w=1458&amp;ssl=1 1458w, https:\/\/i0.wp.com\/www.laterredufutur.com\/accueil\/wp-content\/uploads\/2015\/10\/solheimajkull.jpg?resize=300%2C267&amp;ssl=1 300w, https:\/\/i0.wp.com\/www.laterredufutur.com\/accueil\/wp-content\/uploads\/2015\/10\/solheimajkull.jpg?resize=800%2C711&amp;ssl=1 800w\" sizes=\"auto, (max-width: 1000px) 100vw, 1000px\" \/><\/a><\/p>\n<p style=\"text-align: justify;\">Les \u00e9ruptions sous-glaciaires du Katla ont caus\u00e9 des fontes glaciaires avec un grand impact sur le paysage proglaciaire. Il est probable que les fluctuations marginales du S\u00f3lheimaj\u00f6kull correspondent bien \u00e0 des changements dans le climat. En 2010, le glacier avait recul\u00e9 de 1,255 m\u00e8tres par rapport aux pr\u00e9c\u00e9dentes mesures glaciaires annuelles qui avaient d\u00e9marr\u00e9 seulement depuis 1931.<\/p>\n<p style=\"text-align: justify;\"><a href=\"https:\/\/i0.wp.com\/www.laterredufutur.com\/accueil\/wp-content\/uploads\/2015\/10\/fluctuations-glacier-solheimajokull.png\"><img data-recalc-dims=\"1\" loading=\"lazy\" decoding=\"async\" data-attachment-id=\"8815\" data-permalink=\"https:\/\/www.laterredufutur.com\/accueil\/le-president-hollande-au-pied-dun-glacier-qui-fait-grace-au-volcan-katla\/fluctuations-glacier-solheimajokull\/\" data-orig-file=\"https:\/\/i0.wp.com\/www.laterredufutur.com\/accueil\/wp-content\/uploads\/2015\/10\/fluctuations-glacier-solheimajokull.png?fit=1256%2C800&amp;ssl=1\" data-orig-size=\"1256,800\" data-comments-opened=\"1\" data-image-meta=\"{&quot;aperture&quot;:&quot;0&quot;,&quot;credit&quot;:&quot;&quot;,&quot;camera&quot;:&quot;&quot;,&quot;caption&quot;:&quot;&quot;,&quot;created_timestamp&quot;:&quot;0&quot;,&quot;copyright&quot;:&quot;&quot;,&quot;focal_length&quot;:&quot;0&quot;,&quot;iso&quot;:&quot;0&quot;,&quot;shutter_speed&quot;:&quot;0&quot;,&quot;title&quot;:&quot;&quot;,&quot;orientation&quot;:&quot;0&quot;}\" data-image-title=\"fluctuations-glacier-solheimajokull\" data-image-description=\"\" data-image-caption=\"\" data-large-file=\"https:\/\/i0.wp.com\/www.laterredufutur.com\/accueil\/wp-content\/uploads\/2015\/10\/fluctuations-glacier-solheimajokull.png?fit=800%2C510&amp;ssl=1\" class=\"size-full wp-image-8815 aligncenter\" src=\"https:\/\/i0.wp.com\/www.laterredufutur.com\/accueil\/wp-content\/uploads\/2015\/10\/fluctuations-glacier-solheimajokull.png?resize=1256%2C800\" alt=\"fluctuations-glacier-solheimajokull\" width=\"1256\" height=\"800\" srcset=\"https:\/\/i0.wp.com\/www.laterredufutur.com\/accueil\/wp-content\/uploads\/2015\/10\/fluctuations-glacier-solheimajokull.png?w=1256&amp;ssl=1 1256w, https:\/\/i0.wp.com\/www.laterredufutur.com\/accueil\/wp-content\/uploads\/2015\/10\/fluctuations-glacier-solheimajokull.png?resize=300%2C191&amp;ssl=1 300w, https:\/\/i0.wp.com\/www.laterredufutur.com\/accueil\/wp-content\/uploads\/2015\/10\/fluctuations-glacier-solheimajokull.png?resize=800%2C510&amp;ssl=1 800w\" sizes=\"auto, (max-width: 1000px) 100vw, 1000px\" \/><\/a><\/p>\n<p style=\"text-align: justify;\">Cependant, cela a \u00e9t\u00e9 ponctu\u00e9 par une p\u00e9riode d&rsquo;avanc\u00e9e de 1969 \u00e0 1995. De 1904 \u00e0 2009, le S\u00f3lheimaj\u00f6kull avait perdu 2,2 km2 (70%) de la partie frontale par fonte. Le glacier avan\u00e7ait \u00e0 environ 900 m\u00e8tres au cours des derniers si\u00e8cles, mais a recul\u00e9 consid\u00e9rablement de 1930 \u00e0 1964. Dans les ann\u00e9es 90, il a avanc\u00e9 et presque r\u00e9ussi \u00e0 couvrir la colline de Jokulhaus. Maintenant, ce glacier de Wallay recule exceptionnellement rapidement &#8230; en fait, c&rsquo;est l&rsquo;\u00e9quivalent d&rsquo;un terrain de foot par an.<\/p>\n<p><a href=\"https:\/\/i0.wp.com\/www.laterredufutur.com\/accueil\/wp-content\/uploads\/2015\/10\/solheimajkull1.jpg\"><img data-recalc-dims=\"1\" loading=\"lazy\" decoding=\"async\" data-attachment-id=\"8814\" data-permalink=\"https:\/\/www.laterredufutur.com\/accueil\/le-president-hollande-au-pied-dun-glacier-qui-fait-grace-au-volcan-katla\/solheimajkull-2\/\" data-orig-file=\"https:\/\/i0.wp.com\/www.laterredufutur.com\/accueil\/wp-content\/uploads\/2015\/10\/solheimajkull1.jpg?fit=1458%2C1296&amp;ssl=1\" data-orig-size=\"1458,1296\" data-comments-opened=\"1\" data-image-meta=\"{&quot;aperture&quot;:&quot;0&quot;,&quot;credit&quot;:&quot;&quot;,&quot;camera&quot;:&quot;&quot;,&quot;caption&quot;:&quot;&quot;,&quot;created_timestamp&quot;:&quot;0&quot;,&quot;copyright&quot;:&quot;&quot;,&quot;focal_length&quot;:&quot;0&quot;,&quot;iso&quot;:&quot;0&quot;,&quot;shutter_speed&quot;:&quot;0&quot;,&quot;title&quot;:&quot;&quot;,&quot;orientation&quot;:&quot;0&quot;}\" data-image-title=\"solheimajkull\" data-image-description=\"\" data-image-caption=\"\" data-large-file=\"https:\/\/i0.wp.com\/www.laterredufutur.com\/accueil\/wp-content\/uploads\/2015\/10\/solheimajkull1.jpg?fit=800%2C711&amp;ssl=1\" class=\"alignnone size-full wp-image-8814\" src=\"https:\/\/i0.wp.com\/www.laterredufutur.com\/accueil\/wp-content\/uploads\/2015\/10\/solheimajkull1.jpg?resize=1458%2C1296\" alt=\"solheimajkull\" width=\"1458\" height=\"1296\" srcset=\"https:\/\/i0.wp.com\/www.laterredufutur.com\/accueil\/wp-content\/uploads\/2015\/10\/solheimajkull1.jpg?w=1458&amp;ssl=1 1458w, https:\/\/i0.wp.com\/www.laterredufutur.com\/accueil\/wp-content\/uploads\/2015\/10\/solheimajkull1.jpg?resize=300%2C267&amp;ssl=1 300w, https:\/\/i0.wp.com\/www.laterredufutur.com\/accueil\/wp-content\/uploads\/2015\/10\/solheimajkull1.jpg?resize=800%2C711&amp;ssl=1 800w\" sizes=\"auto, (max-width: 1000px) 100vw, 1000px\" \/><\/a><\/p>\n<p style=\"text-align: justify;\">Mais il faut \u00e9galement rappeler que la proximit\u00e9 de l&rsquo;Eyjafjokull et de sa c\u00e9l\u00e8bre \u00e9ruption en 2010 dont les cendres avaient perturb\u00e9 l&rsquo;aviation europ\u00e9enne n&rsquo;a certainement pas aid\u00e9 en la reconstitution du glacier S\u00f3lheimaj\u00f6kull. Les guides islandais n&rsquo;h\u00e9sitent pas \u00e0 parler des glaciers et de leur fonte dramatique. S\u00f3lheimaj\u00f6kull recule d\u2019environ 100m par an. Il est \u00e9galement possible de voir\u00a0les traces des derni\u00e8res \u00e9ruptions volcaniques, notamment de celle de 2010 du volcan Eyjafjallaj\u00f6kull et une des \u00e9ruptions du volcan Katla.<\/p><div class=\"1665f18d14f35dd9e7566e1a8ac9a3e9\" data-index=\"2\" style=\"float: none; margin:10px 0 10px 0; text-align:center;\">\n<script async src=\"https:\/\/pagead2.googlesyndication.com\/pagead\/js\/adsbygoogle.js\"><\/script>\r\n<ins class=\"adsbygoogle\"\r\n     style=\"display:block; text-align:center;\"\r\n     data-ad-layout=\"in-article\"\r\n     data-ad-format=\"fluid\"\r\n     data-ad-client=\"ca-pub-2860849627502538\"\r\n     data-ad-slot=\"3019501113\"><\/ins>\r\n<script>\r\n     (adsbygoogle = window.adsbygoogle || []).push({});\r\n<\/script>\n<\/div>\n\n<p style=\"text-align: justify;\">Ici en video l&rsquo;\u00e9ruption Eyjafjokull en 2010 et de la fonte glaciaire qui en suivi :<\/p>\n<p><span class=\"embed-youtube\" style=\"text-align:center; display: block;\"><iframe loading=\"lazy\" class=\"youtube-player\" width=\"640\" height=\"360\" src=\"https:\/\/www.youtube.com\/embed\/VWRvfPhehKM?version=3&#038;rel=1&#038;showsearch=0&#038;showinfo=1&#038;iv_load_policy=1&#038;fs=1&#038;hl=fr-FR&#038;autohide=2&#038;wmode=transparent\" allowfullscreen=\"true\" style=\"border:0;\" sandbox=\"allow-scripts allow-same-origin allow-popups allow-presentation allow-popups-to-escape-sandbox\"><\/iframe><\/span><\/p>\n<p>Le volcan Katla au seuil de son futur r\u00e9veil<\/p>\n<p style=\"text-align: justify;\">Le Katla fait partie de la zone volcanique dans le Sud de l\u2019Islande o\u00f9 se situe l\u2019Eyjafj\u00f6ll. Il est consid\u00e9r\u00e9 comme li\u00e9 \u00e0 l\u2019Eyjafj\u00f6ll, qui s\u2019est lui-m\u00eame r\u00e9veill\u00e9 apr\u00e8s 187 ans de repos provoquant le chaos dans le ciel europ\u00e9en. Or le Katla est l\u2019un des volcans les plus actifs et les plus destructeurs par le pass\u00e9 d\u2019Islande.<\/p>\n<p style=\"text-align: justify;\">Si la derni\u00e8re \u00e9ruption de Katla remonte \u00e0 1918, et le g\u00e9ant endormi montre des signes d\u2019activit\u00e9, les Islandais savent en effet que ses \u00e9ruptions ont souvent par le pass\u00e9 suivi un an ou deux apr\u00e8s une premi\u00e8re \u00e9ruption de l\u2019Eyjafj\u00f6ll. \u00ab\u00a0Ce n\u2019est pas vraiment la question de savoir s\u2019il va entrer en \u00e9ruption, mais plut\u00f4t quand (\u2026) Et l\u00e0, on aura un vrai probl\u00e8me\u00a0\u00bb, a comment\u00e9 un habitant du coin. D\u2019autant que la plupart des \u00e9ruptions du Katla se sont d\u00e9roul\u00e9es sous la glace qui le recouvre, entra\u00eenant des \u00ab\u00a0J\u00f6kulhlaup\u00a0\u00bb, des crues brutales et d\u00e9vastatrices. En juin et juillet 2011, des tr\u00e9mors importants sont relev\u00e9s avec un d\u00e9but de fonte sous glaciaire importante. Pour autant le Katla n\u2019est pas entr\u00e9 en \u00e9ruption officiellement car la fonte peut \u00eatre d\u00fb \u00e0 un changement dans la g\u00e9othermie.<\/p>\n<p style=\"text-align: justify;\">En septembre 2015 :<\/p>\n<p style=\"text-align: justify;\">Un tremblement de magnitude de 3,3 a frapp\u00e9 le sud-est du Katla, l\u2019un des volcans les plus actifs d\u2019Islande, dans les premi\u00e8res heures\u00a0du\u00a0mercredi 23 septembre 2015.<\/p>\n<p style=\"text-align: justify;\">La secousse principale a \u00e9t\u00e9 suivie par une dizaine de r\u00e9pliques, dont certaines \u00e9taient peu profondes et peut-\u00eatre reli\u00e9es \u00e0 l\u2019activit\u00e9 g\u00e9othermique, selon le rapport de Met Office Islandais.<\/p>\n<p style=\"text-align: justify;\">Si le Katla se r\u00e9veille, qu&rsquo;adviendra t-il du glacier\u00a0S\u00f3lheimaj\u00f6kull ? Qu&rsquo;en sera-t-il alors du r\u00e9chauffement climatique ? Sera t-il \u00e9galement responsable de l&rsquo;\u00e9ruption du Katla ? Oserions nous le dire ? Certainement pas sur la Terre du Futur !<\/p>\n<p style=\"text-align: justify;\"><em>\u00ab\u00a0Dommage pour<span class=\"text_exposed_show\"> la p\u00e9dagogie, on a sans doute oubli\u00e9 de lui dire que ce glacier S\u00f3lheimaj\u00f6kull (que je fr\u00e9quente depuis des ann\u00e9es), connait des variations p\u00e9riodiques importantes (voir graphique) car c&rsquo;est une langue descendant de la calotte glaciaire du Katla, un grand volcan sous-glaciaire qui s&rsquo;agite r\u00e9guli\u00e8rement, \u00e0 la limite de l&rsquo;\u00e9ruption.\u00a0\u00bb Christian G <a href=\"https:\/\/www.facebook.com\/groups\/penseeunique.sciences\/\" target=\"_blank\">de Pens\u00e9e Unique<\/a><\/span><\/em><\/p>\n<p>Traduction, adaptation, r\u00e9sum\u00e9 de <a href=\"http:\/\/www.laterredufutur.com\/accueil\/\" target=\"_blank\">la Terre du Futur<\/a><\/p>\n<p>sources : <a href=\"http:\/\/information.tv5monde.com\/en-continu\/au-pied-d-un-glacier-islandais-hollande-craint-la-disparition-de-l-histoire-60598\" target=\"_blank\">http:\/\/information.tv5monde.com\/<\/a> \/ <a href=\"https:\/\/aventuresenislande.wordpress.com\/2013\/11\/26\/glaciers-volcans-et-cascades\/\" target=\"_blank\">https:\/\/aventuresenislande.wordpress.com\/<\/a> \/ \u00a0\/\u00a0<a href=\"http:\/\/www.photovoyage.org\/\" target=\"_blank\">http:\/\/www.photovoyage.org\/islande\/eruption-eyjafjallajokull.php<\/a><\/p>\n<p class=\"bawpvc-ajax-counter\" data-id=\"8811\">(632)<\/p>\n<!--CusAds0-->\n<div style=\"font-size: 0px; height: 0px; line-height: 0px; margin: 0; padding: 0; clear: both;\"><\/div>","protected":false},"excerpt":{"rendered":"<p>Bienvenue sur le glacier S\u00f3lheimaj\u00f6kull, une langue glaciaire et spectaculaire qui s&rsquo;\u00e9tire vers le bas du M\u00fdrdalsj\u00f6kull, le quatri\u00e8me plus&#8230;<\/p>\n","protected":false},"author":1,"featured_media":8812,"comment_status":"open","ping_status":"open","sticky":false,"template":"","format":"standard","meta":{"_exactmetrics_skip_tracking":false,"_exactmetrics_sitenote_active":false,"_exactmetrics_sitenote_note":"","_exactmetrics_sitenote_category":0,"ngg_post_thumbnail":0,"jetpack_post_was_ever_published":false,"_jetpack_newsletter_access":"","_jetpack_dont_email_post_to_subs":false,"_jetpack_newsletter_tier_id":0,"_jetpack_memberships_contains_paywalled_content":false,"_jetpack_memberships_contains_paid_content":false,"footnotes":"","jetpack_publicize_message":"","jetpack_publicize_feature_enabled":true,"jetpack_social_post_already_shared":true,"jetpack_social_options":{"image_generator_settings":{"template":"highway","default_image_id":0,"font":"","enabled":false},"version":2}},"categories":[19],"tags":[393,1254,370,451,4887,2735,48],"class_list":["post-8811","post","type-post","status-publish","format-standard","has-post-thumbnail","hentry","category-seismes-et-volcans","tag-fonte","tag-glacier","tag-islande","tag-katla","tag-solheimajokull","tag-tremblements-de-terre","tag-volcan","wpcat-19-id"],"jetpack_publicize_connections":[],"jetpack_featured_media_url":"https:\/\/i0.wp.com\/www.laterredufutur.com\/accueil\/wp-content\/uploads\/2015\/10\/hollande-pied-glacier-solheimajkull-islande-16-octobre-2015.jpg?fit=1500%2C1000&ssl=1","jetpack_shortlink":"https:\/\/wp.me\/p631RN-2i7","jetpack-related-posts":[{"id":15536,"url":"https:\/\/www.laterredufutur.com\/accueil\/les-tremblements-de-terre-du-volcan-katla-ne-sont-pas-un-signe-dune-eruption-imminente\/","url_meta":{"origin":8811,"position":0},"title":"Les tremblements de terre du volcan Katla ne sont pas un signe d&rsquo;une \u00e9ruption imminente","author":"Admin","date":"14 juillet 2017","format":false,"excerpt":"\"Il n'y a aucun signe d'un \u00e9ruption du Katla\", dit Sigr\u00ed\u00f0ur Magnea \u00d3skarsd\u00f3ttir, du bureau d'Islande Met.\u00a0Une s\u00e9rie de tremblements de terre s'est produite en juin sur le Katla, l'un des volcans les plus dangereux d'Islande. Le plus grand a \u00e9t\u00e9 mesur\u00e9 \u00e0 3,6 sur l'\u00e9chelle de Richter et ils\u2026","rel":"","context":"Dans &quot;Seismes\/Volcans&quot;","block_context":{"text":"Seismes\/Volcans","link":"https:\/\/www.laterredufutur.com\/accueil\/sujets\/seismes-et-volcans\/"},"img":{"alt_text":"","src":"https:\/\/i0.wp.com\/www.laterredufutur.com\/accueil\/wp-content\/uploads\/2017\/07\/katla-volcan-o.jpg?fit=758%2C505&ssl=1&resize=350%2C200","width":350,"height":200,"srcset":"https:\/\/i0.wp.com\/www.laterredufutur.com\/accueil\/wp-content\/uploads\/2017\/07\/katla-volcan-o.jpg?fit=758%2C505&ssl=1&resize=350%2C200 1x, https:\/\/i0.wp.com\/www.laterredufutur.com\/accueil\/wp-content\/uploads\/2017\/07\/katla-volcan-o.jpg?fit=758%2C505&ssl=1&resize=525%2C300 1.5x, https:\/\/i0.wp.com\/www.laterredufutur.com\/accueil\/wp-content\/uploads\/2017\/07\/katla-volcan-o.jpg?fit=758%2C505&ssl=1&resize=700%2C400 2x"},"classes":[]},{"id":16977,"url":"https:\/\/www.laterredufutur.com\/accueil\/une-nouvelle-etude-confirme-que-le-volcan-monstre-katla-se-prepare-a-une-eruption\/","url_meta":{"origin":8811,"position":1},"title":"Une nouvelle \u00e9tude confirme que le volcan monstre Katla se pr\u00e9pare \u00e0 une \u00e9ruption","author":"Admin","date":"19 septembre 2018","format":false,"excerpt":"Katla, un volcan g\u00e9ant cach\u00e9 sous la calotte glaciaire du glacier M\u00fdrdalsj\u00f6kull, est en train de remplir ses chambres magmatiques, confirment de nouvelles recherches. Une \u00e9ruption du Katla pourrait \u00e9clipser l\u2019\u00e9ruption de l\u2019Eyjafjallaj\u00f6kull en 2010, ont pr\u00e9venu des scientifiques. L'\u00e9ruption du volcan est depuis longtemps \"en retard\", car il explose\u2026","rel":"","context":"Dans &quot;Seismes\/Volcans&quot;","block_context":{"text":"Seismes\/Volcans","link":"https:\/\/www.laterredufutur.com\/accueil\/sujets\/seismes-et-volcans\/"},"img":{"alt_text":"","src":"https:\/\/i0.wp.com\/www.laterredufutur.com\/accueil\/wp-content\/uploads\/2018\/09\/katla_july_2011.jpg?fit=620%2C380&ssl=1&resize=350%2C200","width":350,"height":200,"srcset":"https:\/\/i0.wp.com\/www.laterredufutur.com\/accueil\/wp-content\/uploads\/2018\/09\/katla_july_2011.jpg?fit=620%2C380&ssl=1&resize=350%2C200 1x, https:\/\/i0.wp.com\/www.laterredufutur.com\/accueil\/wp-content\/uploads\/2018\/09\/katla_july_2011.jpg?fit=620%2C380&ssl=1&resize=525%2C300 1.5x"},"classes":[]},{"id":487,"url":"https:\/\/www.laterredufutur.com\/accueil\/volcanisme-islandais-catastrophe-annoncee\/","url_meta":{"origin":8811,"position":2},"title":"Le volcanisme islandais, une catastrophe annonc\u00e9e","author":"Admin","date":"18 ao\u00fbt 2011","format":false,"excerpt":"Et si l'\u00e9ruption de l'Eyjafjallaj\u00f6kull r\u00e9veillait son terrible voisin, Katla ? L'Islande est une terre volcanique tr\u00e8s active. Depuis mars 2010, le monde conna\u00eet au moins un de ses volcans. Trafic a\u00e9rien paralys\u00e9, pollution et \u00e9vacuation des habitants sont parmi les principales cons\u00e9quences connues. Ce n'est pas la premi\u00e8re fois\u2026","rel":"","context":"Dans &quot;Seismes\/Volcans&quot;","block_context":{"text":"Seismes\/Volcans","link":"https:\/\/www.laterredufutur.com\/accueil\/sujets\/seismes-et-volcans\/"},"img":{"alt_text":"volcanisme islandais","src":"https:\/\/i0.wp.com\/www.laterredufutur.com\/wordpress\/wp-content\/uploads\/2011\/08\/volcanisme-islandais.jpg?resize=350%2C200","width":350,"height":200},"classes":[]},{"id":5333,"url":"https:\/\/www.laterredufutur.com\/accueil\/eruption-volcanique-en-islande\/","url_meta":{"origin":8811,"position":3},"title":"Eruption Volcanique en Islande","author":"Admin","date":"16 avril 2010","format":false,"excerpt":"Depuis 2 jours, la situation a\u00e9rienne est stopp\u00e9e dans le nord de l'Europe. Le Volcan Eyjafjallaj\u00f6kull s'est r\u00e9veill\u00e9 dans le sud du pays suite d'une s\u00e9rie de s\u00e9ismes depuis plus d'un mois. La situation ne semble pas s'arranger pour l'heure. Le nuage volcanique qui contient des particules particuli\u00e8rement abrasives touche\u2026","rel":"","context":"Dans &quot;Seismes\/Volcans&quot;","block_context":{"text":"Seismes\/Volcans","link":"https:\/\/www.laterredufutur.com\/accueil\/sujets\/seismes-et-volcans\/"},"img":{"alt_text":"","src":"https:\/\/i0.wp.com\/www.laterredufutur.com\/accueil\/wp-content\/uploads\/2015\/04\/Eyjafjal.jpg?fit=400%2C266&ssl=1&resize=350%2C200","width":350,"height":200},"classes":[]},{"id":8719,"url":"https:\/\/www.laterredufutur.com\/accueil\/deformation-glaciaire-du-volcan-islandais-grimsvotn\/","url_meta":{"origin":8811,"position":4},"title":"D\u00e9formation glaciaire du volcan islandais Grimsvotn","author":"Admin","date":"13 octobre 2015","format":false,"excerpt":"Voici des photos du\u00a0\"chaudron\" ou du\u00a0trou dans le\u00a0glacier Vatnaj\u00f6kull lors d'un d\u00e9gel glaciaire\u00a0en\u00a0Islande. - Ceci\u00a0a \u00e9t\u00e9 d\u00e9tect\u00e9 dans le \"chaudron\" situ\u00e9 tr\u00e8s pr\u00e8s du volcan Grimsvotn, formant un trou glaciaire sur le glacier Vatnajokull en\u00a0Islande se creusent rapidement. Le 26 Septembre, une station GPS a \u00e9t\u00e9 plac\u00e9e au\u00a0centre du \"chaudron\"\u2026","rel":"","context":"Dans &quot;Seismes\/Volcans&quot;","block_context":{"text":"Seismes\/Volcans","link":"https:\/\/www.laterredufutur.com\/accueil\/sujets\/seismes-et-volcans\/"},"img":{"alt_text":"","src":"https:\/\/i0.wp.com\/www.laterredufutur.com\/accueil\/wp-content\/uploads\/2015\/10\/effondrement-glaciaire-volcanique-islande2.jpg?fit=960%2C640&ssl=1&resize=350%2C200","width":350,"height":200,"srcset":"https:\/\/i0.wp.com\/www.laterredufutur.com\/accueil\/wp-content\/uploads\/2015\/10\/effondrement-glaciaire-volcanique-islande2.jpg?fit=960%2C640&ssl=1&resize=350%2C200 1x, https:\/\/i0.wp.com\/www.laterredufutur.com\/accueil\/wp-content\/uploads\/2015\/10\/effondrement-glaciaire-volcanique-islande2.jpg?fit=960%2C640&ssl=1&resize=525%2C300 1.5x, https:\/\/i0.wp.com\/www.laterredufutur.com\/accueil\/wp-content\/uploads\/2015\/10\/effondrement-glaciaire-volcanique-islande2.jpg?fit=960%2C640&ssl=1&resize=700%2C400 2x"},"classes":[]},{"id":384,"url":"https:\/\/www.laterredufutur.com\/accueil\/le-katla-et-lhekla-sont-prets-a-exploser\/","url_meta":{"origin":8811,"position":5},"title":"Le Katla et l&rsquo;Hekla sont pr\u00eats \u00e0 exploser","author":"Admin","date":"21 juin 2011","format":false,"excerpt":"Apr\u00e8s l\u2019Eyjafj\u00f6ll et le Grimsv\u00f6tn, deux autres volcans islandais (le Katla et l\u2019Hekla) semblent pr\u00eats \u00e0 exploser. En se fondant sur des constatations statistiques ou g\u00e9ologiques, les scientifiques pr\u00e9disent que ces volcans et d\u2019autres vont bient\u00f4t prolonger la s\u00e9rie d\u2019\u00e9ruptions en Islande. \u00c7a gronde en terre islandaise et \u00e7a risque\u2026","rel":"","context":"Dans &quot;Seismes\/Volcans&quot;","block_context":{"text":"Seismes\/Volcans","link":"https:\/\/www.laterredufutur.com\/accueil\/sujets\/seismes-et-volcans\/"},"img":{"alt_text":"","src":"","width":0,"height":0},"classes":[]}],"jetpack_sharing_enabled":true,"_links":{"self":[{"href":"https:\/\/www.laterredufutur.com\/accueil\/wp-json\/wp\/v2\/posts\/8811","targetHints":{"allow":["GET"]}}],"collection":[{"href":"https:\/\/www.laterredufutur.com\/accueil\/wp-json\/wp\/v2\/posts"}],"about":[{"href":"https:\/\/www.laterredufutur.com\/accueil\/wp-json\/wp\/v2\/types\/post"}],"author":[{"embeddable":true,"href":"https:\/\/www.laterredufutur.com\/accueil\/wp-json\/wp\/v2\/users\/1"}],"replies":[{"embeddable":true,"href":"https:\/\/www.laterredufutur.com\/accueil\/wp-json\/wp\/v2\/comments?post=8811"}],"version-history":[{"count":6,"href":"https:\/\/www.laterredufutur.com\/accueil\/wp-json\/wp\/v2\/posts\/8811\/revisions"}],"predecessor-version":[{"id":8821,"href":"https:\/\/www.laterredufutur.com\/accueil\/wp-json\/wp\/v2\/posts\/8811\/revisions\/8821"}],"wp:featuredmedia":[{"embeddable":true,"href":"https:\/\/www.laterredufutur.com\/accueil\/wp-json\/wp\/v2\/media\/8812"}],"wp:attachment":[{"href":"https:\/\/www.laterredufutur.com\/accueil\/wp-json\/wp\/v2\/media?parent=8811"}],"wp:term":[{"taxonomy":"category","embeddable":true,"href":"https:\/\/www.laterredufutur.com\/accueil\/wp-json\/wp\/v2\/categories?post=8811"},{"taxonomy":"post_tag","embeddable":true,"href":"https:\/\/www.laterredufutur.com\/accueil\/wp-json\/wp\/v2\/tags?post=8811"}],"curies":[{"name":"wp","href":"https:\/\/api.w.org\/{rel}","templated":true}]}}