{"id":8335,"date":"2015-09-23T13:26:36","date_gmt":"2015-09-23T11:26:36","guid":{"rendered":"http:\/\/www.laterredufutur.com\/accueil\/?p=8335"},"modified":"2015-09-23T13:26:36","modified_gmt":"2015-09-23T11:26:36","slug":"le-volcan-katla-frappe-par-une-serie-de-secousses","status":"publish","type":"post","link":"https:\/\/www.laterredufutur.com\/accueil\/le-volcan-katla-frappe-par-une-serie-de-secousses\/","title":{"rendered":"Le volcan Katla frapp\u00e9 par une s\u00e9rie de secousses"},"content":{"rendered":"<div class=\"1665f18d14f35dd9e7566e1a8ac9a3e9\" data-index=\"1\" style=\"float: none; margin:10px 0 10px 0; text-align:center;\">\n<script async src=\"https:\/\/pagead2.googlesyndication.com\/pagead\/js\/adsbygoogle.js\"><\/script>\r\n<ins class=\"adsbygoogle\"\r\n     style=\"display:block; text-align:center;\"\r\n     data-ad-layout=\"in-article\"\r\n     data-ad-format=\"fluid\"\r\n     data-ad-client=\"ca-pub-2860849627502538\"\r\n     data-ad-slot=\"3019501113\"><\/ins>\r\n<script>\r\n     (adsbygoogle = window.adsbygoogle || []).push({});\r\n<\/script>\n<\/div>\n<p style=\"text-align: justify;\">Un tremblement de magnitude de 3,3 a frapp\u00e9 le sud-est du Katla, l&rsquo;un des volcans les plus actifs d&rsquo;Islande, dans les premi\u00e8res heures\u00a0de ce mercredi 23 septembre 2015.<\/p>\n<p style=\"text-align: justify;\">La secousse principale a \u00e9t\u00e9 suivie par une dizaine de r\u00e9pliques, dont certaines \u00e9taient peu profondes et peut-\u00eatre reli\u00e9es \u00e0 l&rsquo;activit\u00e9 g\u00e9othermique, selon le rapport de Met Office Islandais.<\/p>\n<p style=\"text-align: justify;\">Il n&rsquo;y pas de changements significatifs dans les rivi\u00e8res avoisinantes, mais les donn\u00e9es pertinentes seront \u00e9tudi\u00e9es de plus pr\u00e8s.<\/p><div class=\"1665f18d14f35dd9e7566e1a8ac9a3e9\" data-index=\"2\" style=\"float: none; margin:10px 0 10px 0; text-align:center;\">\n<script async src=\"https:\/\/pagead2.googlesyndication.com\/pagead\/js\/adsbygoogle.js\"><\/script>\r\n<ins class=\"adsbygoogle\"\r\n     style=\"display:block; text-align:center;\"\r\n     data-ad-layout=\"in-article\"\r\n     data-ad-format=\"fluid\"\r\n     data-ad-client=\"ca-pub-2860849627502538\"\r\n     data-ad-slot=\"3019501113\"><\/ins>\r\n<script>\r\n     (adsbygoogle = window.adsbygoogle || []).push({});\r\n<\/script>\n<\/div>\n\n<p style=\"text-align: justify;\">Le \u00ab\u00a0Katla voit ce type de cycle sismique de temps \u00e0 autre &#8211; en moyenne 1-3 fois par an\u00bb, explique le Met Office. \u00ab\u00a0Nous suivons de pr\u00e8s la zone et nous gardons tout le monde inform\u00e9 de tout changement. Pour le moment, les choses semblent s&rsquo;\u00eatre\u00a0calm\u00e9es \u00ab\u00a0.<\/p>\n<p>Traduction et adaptation de <a href=\"http:\/\/www.laterredufutur.com\/accueil\/\" target=\"_blank\">la Terre du Futur<\/a><\/p>\n<p>source : <a href=\"http:\/\/icelandmonitor.mbl.is\/\" target=\"_blank\">http:\/\/icelandmonitor.mbl.is\/<\/a><\/p>\n<p><a href=\"https:\/\/i0.wp.com\/www.laterredufutur.com\/accueil\/wp-content\/uploads\/2012\/04\/katla2.jpg\"><img data-recalc-dims=\"1\" loading=\"lazy\" decoding=\"async\" data-attachment-id=\"841\" data-permalink=\"https:\/\/www.laterredufutur.com\/accueil\/lislande-nous-prepare-une-nouvelle-eruption\/katla2\/\" data-orig-file=\"https:\/\/i0.wp.com\/www.laterredufutur.com\/accueil\/wp-content\/uploads\/2012\/04\/katla2.jpg?fit=720%2C576&amp;ssl=1\" data-orig-size=\"720,576\" data-comments-opened=\"1\" data-image-meta=\"{&quot;aperture&quot;:&quot;0&quot;,&quot;credit&quot;:&quot;&quot;,&quot;camera&quot;:&quot;&quot;,&quot;caption&quot;:&quot;&quot;,&quot;created_timestamp&quot;:&quot;0&quot;,&quot;copyright&quot;:&quot;&quot;,&quot;focal_length&quot;:&quot;0&quot;,&quot;iso&quot;:&quot;0&quot;,&quot;shutter_speed&quot;:&quot;0&quot;,&quot;title&quot;:&quot;&quot;,&quot;orientation&quot;:&quot;0&quot;}\" data-image-title=\"katla2\" data-image-description=\"\" data-image-caption=\"\" data-large-file=\"https:\/\/i0.wp.com\/www.laterredufutur.com\/accueil\/wp-content\/uploads\/2012\/04\/katla2.jpg?fit=720%2C576&amp;ssl=1\" class=\"alignnone size-full wp-image-841\" src=\"https:\/\/i0.wp.com\/www.laterredufutur.com\/accueil\/wp-content\/uploads\/2012\/04\/katla2.jpg?resize=720%2C576\" alt=\"katla\" width=\"720\" height=\"576\" srcset=\"https:\/\/i0.wp.com\/www.laterredufutur.com\/accueil\/wp-content\/uploads\/2012\/04\/katla2.jpg?w=720&amp;ssl=1 720w, https:\/\/i0.wp.com\/www.laterredufutur.com\/accueil\/wp-content\/uploads\/2012\/04\/katla2.jpg?resize=300%2C240&amp;ssl=1 300w\" sizes=\"auto, (max-width: 720px) 100vw, 720px\" \/><\/a><\/p>\n<p class=\"bawpvc-ajax-counter\" data-id=\"8335\">(359)<\/p>\n<!--CusAds0-->\n<div style=\"font-size: 0px; height: 0px; line-height: 0px; margin: 0; padding: 0; clear: both;\"><\/div>","protected":false},"excerpt":{"rendered":"<p>Un tremblement de magnitude de 3,3 a frapp\u00e9 le sud-est du Katla, l&rsquo;un des volcans les plus actifs d&rsquo;Islande, dans&#8230;<\/p>\n","protected":false},"author":1,"featured_media":840,"comment_status":"open","ping_status":"open","sticky":false,"template":"","format":"standard","meta":{"_exactmetrics_skip_tracking":false,"_exactmetrics_sitenote_active":false,"_exactmetrics_sitenote_note":"","_exactmetrics_sitenote_category":0,"ngg_post_thumbnail":0,"jetpack_post_was_ever_published":false,"_jetpack_newsletter_access":"","_jetpack_dont_email_post_to_subs":false,"_jetpack_newsletter_tier_id":0,"_jetpack_memberships_contains_paywalled_content":false,"_jetpack_memberships_contains_paid_content":false,"footnotes":"","jetpack_publicize_message":"","jetpack_publicize_feature_enabled":true,"jetpack_social_post_already_shared":true,"jetpack_social_options":{"image_generator_settings":{"template":"highway","default_image_id":0,"font":"","enabled":false},"version":2}},"categories":[19],"tags":[374,370,451,347,104,597,48],"class_list":["post-8335","post","type-post","status-publish","format-standard","has-post-thumbnail","hentry","category-seismes-et-volcans","tag-eruption","tag-islande","tag-katla","tag-seisme","tag-tremblement-de-terre","tag-tremors","tag-volcan","wpcat-19-id"],"jetpack_publicize_connections":[],"jetpack_featured_media_url":"https:\/\/i0.wp.com\/www.laterredufutur.com\/accueil\/wp-content\/uploads\/2012\/04\/katla3.jpg?fit=600%2C422&ssl=1","jetpack_shortlink":"https:\/\/wp.me\/p631RN-2ar","jetpack-related-posts":[{"id":8811,"url":"https:\/\/www.laterredufutur.com\/accueil\/le-president-hollande-au-pied-dun-glacier-qui-fait-grace-au-volcan-katla\/","url_meta":{"origin":8335,"position":0},"title":"Le pr\u00e9sident Hollande au pied d&rsquo;un glacier qui fait gr\u00e2ce au volcan Katla","author":"Admin","date":"17 octobre 2015","format":false,"excerpt":"Bienvenue sur le glacier S\u00f3lheimaj\u00f6kull, une langue glaciaire et spectaculaire qui s'\u00e9tire vers le bas du M\u00fdrdalsj\u00f6kull, le quatri\u00e8me plus grand glacier d'Islande. Au pied d'un glacier islandais, Hollande craint \"la disparition de l'Histoire\" ! Le pr\u00e9sident fran\u00e7ais Fran\u00e7ois Hollande a dit craindre vendredi 16 octobre 2015 en Islande \"la\u2026","rel":"","context":"Dans &quot;Seismes\/Volcans&quot;","block_context":{"text":"Seismes\/Volcans","link":"https:\/\/www.laterredufutur.com\/accueil\/sujets\/seismes-et-volcans\/"},"img":{"alt_text":"","src":"https:\/\/i0.wp.com\/www.laterredufutur.com\/accueil\/wp-content\/uploads\/2015\/10\/hollande-pied-glacier-solheimajkull-islande-16-octobre-2015.jpg?fit=1200%2C800&ssl=1&resize=350%2C200","width":350,"height":200,"srcset":"https:\/\/i0.wp.com\/www.laterredufutur.com\/accueil\/wp-content\/uploads\/2015\/10\/hollande-pied-glacier-solheimajkull-islande-16-octobre-2015.jpg?fit=1200%2C800&ssl=1&resize=350%2C200 1x, https:\/\/i0.wp.com\/www.laterredufutur.com\/accueil\/wp-content\/uploads\/2015\/10\/hollande-pied-glacier-solheimajkull-islande-16-octobre-2015.jpg?fit=1200%2C800&ssl=1&resize=525%2C300 1.5x, https:\/\/i0.wp.com\/www.laterredufutur.com\/accueil\/wp-content\/uploads\/2015\/10\/hollande-pied-glacier-solheimajkull-islande-16-octobre-2015.jpg?fit=1200%2C800&ssl=1&resize=700%2C400 2x, https:\/\/i0.wp.com\/www.laterredufutur.com\/accueil\/wp-content\/uploads\/2015\/10\/hollande-pied-glacier-solheimajkull-islande-16-octobre-2015.jpg?fit=1200%2C800&ssl=1&resize=1050%2C600 3x"},"classes":[]},{"id":15536,"url":"https:\/\/www.laterredufutur.com\/accueil\/les-tremblements-de-terre-du-volcan-katla-ne-sont-pas-un-signe-dune-eruption-imminente\/","url_meta":{"origin":8335,"position":1},"title":"Les tremblements de terre du volcan Katla ne sont pas un signe d&rsquo;une \u00e9ruption imminente","author":"Admin","date":"14 juillet 2017","format":false,"excerpt":"\"Il n'y a aucun signe d'un \u00e9ruption du Katla\", dit Sigr\u00ed\u00f0ur Magnea \u00d3skarsd\u00f3ttir, du bureau d'Islande Met.\u00a0Une s\u00e9rie de tremblements de terre s'est produite en juin sur le Katla, l'un des volcans les plus dangereux d'Islande. Le plus grand a \u00e9t\u00e9 mesur\u00e9 \u00e0 3,6 sur l'\u00e9chelle de Richter et ils\u2026","rel":"","context":"Dans &quot;Seismes\/Volcans&quot;","block_context":{"text":"Seismes\/Volcans","link":"https:\/\/www.laterredufutur.com\/accueil\/sujets\/seismes-et-volcans\/"},"img":{"alt_text":"","src":"https:\/\/i0.wp.com\/www.laterredufutur.com\/accueil\/wp-content\/uploads\/2017\/07\/katla-volcan-o.jpg?fit=758%2C505&ssl=1&resize=350%2C200","width":350,"height":200,"srcset":"https:\/\/i0.wp.com\/www.laterredufutur.com\/accueil\/wp-content\/uploads\/2017\/07\/katla-volcan-o.jpg?fit=758%2C505&ssl=1&resize=350%2C200 1x, https:\/\/i0.wp.com\/www.laterredufutur.com\/accueil\/wp-content\/uploads\/2017\/07\/katla-volcan-o.jpg?fit=758%2C505&ssl=1&resize=525%2C300 1.5x, https:\/\/i0.wp.com\/www.laterredufutur.com\/accueil\/wp-content\/uploads\/2017\/07\/katla-volcan-o.jpg?fit=758%2C505&ssl=1&resize=700%2C400 2x"},"classes":[]},{"id":384,"url":"https:\/\/www.laterredufutur.com\/accueil\/le-katla-et-lhekla-sont-prets-a-exploser\/","url_meta":{"origin":8335,"position":2},"title":"Le Katla et l&rsquo;Hekla sont pr\u00eats \u00e0 exploser","author":"Admin","date":"21 juin 2011","format":false,"excerpt":"Apr\u00e8s l\u2019Eyjafj\u00f6ll et le Grimsv\u00f6tn, deux autres volcans islandais (le Katla et l\u2019Hekla) semblent pr\u00eats \u00e0 exploser. En se fondant sur des constatations statistiques ou g\u00e9ologiques, les scientifiques pr\u00e9disent que ces volcans et d\u2019autres vont bient\u00f4t prolonger la s\u00e9rie d\u2019\u00e9ruptions en Islande. \u00c7a gronde en terre islandaise et \u00e7a risque\u2026","rel":"","context":"Dans &quot;Seismes\/Volcans&quot;","block_context":{"text":"Seismes\/Volcans","link":"https:\/\/www.laterredufutur.com\/accueil\/sujets\/seismes-et-volcans\/"},"img":{"alt_text":"","src":"","width":0,"height":0},"classes":[]},{"id":16977,"url":"https:\/\/www.laterredufutur.com\/accueil\/une-nouvelle-etude-confirme-que-le-volcan-monstre-katla-se-prepare-a-une-eruption\/","url_meta":{"origin":8335,"position":3},"title":"Une nouvelle \u00e9tude confirme que le volcan monstre Katla se pr\u00e9pare \u00e0 une \u00e9ruption","author":"Admin","date":"19 septembre 2018","format":false,"excerpt":"Katla, un volcan g\u00e9ant cach\u00e9 sous la calotte glaciaire du glacier M\u00fdrdalsj\u00f6kull, est en train de remplir ses chambres magmatiques, confirment de nouvelles recherches. Une \u00e9ruption du Katla pourrait \u00e9clipser l\u2019\u00e9ruption de l\u2019Eyjafjallaj\u00f6kull en 2010, ont pr\u00e9venu des scientifiques. L'\u00e9ruption du volcan est depuis longtemps \"en retard\", car il explose\u2026","rel":"","context":"Dans &quot;Seismes\/Volcans&quot;","block_context":{"text":"Seismes\/Volcans","link":"https:\/\/www.laterredufutur.com\/accueil\/sujets\/seismes-et-volcans\/"},"img":{"alt_text":"","src":"https:\/\/i0.wp.com\/www.laterredufutur.com\/accueil\/wp-content\/uploads\/2018\/09\/katla_july_2011.jpg?fit=620%2C380&ssl=1&resize=350%2C200","width":350,"height":200,"srcset":"https:\/\/i0.wp.com\/www.laterredufutur.com\/accueil\/wp-content\/uploads\/2018\/09\/katla_july_2011.jpg?fit=620%2C380&ssl=1&resize=350%2C200 1x, https:\/\/i0.wp.com\/www.laterredufutur.com\/accueil\/wp-content\/uploads\/2018\/09\/katla_july_2011.jpg?fit=620%2C380&ssl=1&resize=525%2C300 1.5x"},"classes":[]},{"id":487,"url":"https:\/\/www.laterredufutur.com\/accueil\/volcanisme-islandais-catastrophe-annoncee\/","url_meta":{"origin":8335,"position":4},"title":"Le volcanisme islandais, une catastrophe annonc\u00e9e","author":"Admin","date":"18 ao\u00fbt 2011","format":false,"excerpt":"Et si l'\u00e9ruption de l'Eyjafjallaj\u00f6kull r\u00e9veillait son terrible voisin, Katla ? L'Islande est une terre volcanique tr\u00e8s active. Depuis mars 2010, le monde conna\u00eet au moins un de ses volcans. Trafic a\u00e9rien paralys\u00e9, pollution et \u00e9vacuation des habitants sont parmi les principales cons\u00e9quences connues. Ce n'est pas la premi\u00e8re fois\u2026","rel":"","context":"Dans &quot;Seismes\/Volcans&quot;","block_context":{"text":"Seismes\/Volcans","link":"https:\/\/www.laterredufutur.com\/accueil\/sujets\/seismes-et-volcans\/"},"img":{"alt_text":"volcanisme islandais","src":"https:\/\/i0.wp.com\/www.laterredufutur.com\/wordpress\/wp-content\/uploads\/2011\/08\/volcanisme-islandais.jpg?resize=350%2C200","width":350,"height":200},"classes":[]},{"id":5551,"url":"https:\/\/www.laterredufutur.com\/accueil\/le-volcan-katla-pourrait-rapidement-se-reveiller\/","url_meta":{"origin":8335,"position":5},"title":"Le Volcan Katla pourrait rapidement se r\u00e9veiller","author":"Admin","date":"13 octobre 2010","format":false,"excerpt":"Une nouvelle \u00e9ruption du volcan en Islande pourrait arriver prochainement. L'\u00e9ruption du Eyjafjoell, qui a d\u00e9but\u00e9 le 14 avril 2010 et qui a rejet\u00e9 assez de cendres a \u00e9t\u00e9 le plus grand ph\u00e9nom\u00e8ne pour obliger la fermeture de l'espace a\u00e9rien europ\u00e9en depuis la Seconde Guerre mondiale. \"Tout a \u00e9t\u00e9 tr\u00e8s\u2026","rel":"","context":"Dans &quot;Seismes\/Volcans&quot;","block_context":{"text":"Seismes\/Volcans","link":"https:\/\/www.laterredufutur.com\/accueil\/sujets\/seismes-et-volcans\/"},"img":{"alt_text":"","src":"https:\/\/i0.wp.com\/www.laterredufutur.com\/accueil\/wp-content\/uploads\/2015\/04\/katla.jpg?fit=222%2C220&ssl=1&resize=350%2C200","width":350,"height":200},"classes":[]}],"jetpack_sharing_enabled":true,"_links":{"self":[{"href":"https:\/\/www.laterredufutur.com\/accueil\/wp-json\/wp\/v2\/posts\/8335","targetHints":{"allow":["GET"]}}],"collection":[{"href":"https:\/\/www.laterredufutur.com\/accueil\/wp-json\/wp\/v2\/posts"}],"about":[{"href":"https:\/\/www.laterredufutur.com\/accueil\/wp-json\/wp\/v2\/types\/post"}],"author":[{"embeddable":true,"href":"https:\/\/www.laterredufutur.com\/accueil\/wp-json\/wp\/v2\/users\/1"}],"replies":[{"embeddable":true,"href":"https:\/\/www.laterredufutur.com\/accueil\/wp-json\/wp\/v2\/comments?post=8335"}],"version-history":[{"count":1,"href":"https:\/\/www.laterredufutur.com\/accueil\/wp-json\/wp\/v2\/posts\/8335\/revisions"}],"predecessor-version":[{"id":8336,"href":"https:\/\/www.laterredufutur.com\/accueil\/wp-json\/wp\/v2\/posts\/8335\/revisions\/8336"}],"wp:featuredmedia":[{"embeddable":true,"href":"https:\/\/www.laterredufutur.com\/accueil\/wp-json\/wp\/v2\/media\/840"}],"wp:attachment":[{"href":"https:\/\/www.laterredufutur.com\/accueil\/wp-json\/wp\/v2\/media?parent=8335"}],"wp:term":[{"taxonomy":"category","embeddable":true,"href":"https:\/\/www.laterredufutur.com\/accueil\/wp-json\/wp\/v2\/categories?post=8335"},{"taxonomy":"post_tag","embeddable":true,"href":"https:\/\/www.laterredufutur.com\/accueil\/wp-json\/wp\/v2\/tags?post=8335"}],"curies":[{"name":"wp","href":"https:\/\/api.w.org\/{rel}","templated":true}]}}