{"id":832,"date":"2012-04-01T23:00:00","date_gmt":"2012-04-01T22:00:00","guid":{"rendered":"http:\/\/www.laterredufutur.com\/wordpress\/?p=832"},"modified":"2012-04-01T23:00:00","modified_gmt":"2012-04-01T22:00:00","slug":"un-refroidissement-climatique-ineluctable","status":"publish","type":"post","link":"https:\/\/www.laterredufutur.com\/accueil\/un-refroidissement-climatique-ineluctable\/","title":{"rendered":"Un refroidissement climatique in\u00e9luctable"},"content":{"rendered":"<div class=\"1665f18d14f35dd9e7566e1a8ac9a3e9\" data-index=\"1\" style=\"float: none; margin:10px 0 10px 0; text-align:center;\">\n<script async src=\"https:\/\/pagead2.googlesyndication.com\/pagead\/js\/adsbygoogle.js\"><\/script>\r\n<ins class=\"adsbygoogle\"\r\n     style=\"display:block; text-align:center;\"\r\n     data-ad-layout=\"in-article\"\r\n     data-ad-format=\"fluid\"\r\n     data-ad-client=\"ca-pub-2860849627502538\"\r\n     data-ad-slot=\"3019501113\"><\/ins>\r\n<script>\r\n     (adsbygoogle = window.adsbygoogle || []).push({});\r\n<\/script>\n<\/div>\n<p style=\"text-align: justify;\"><span style=\"color: #000000;\"><span style=\"font-size: small;\"><img data-recalc-dims=\"1\" decoding=\"async\" data-attachment-id=\"363\" data-permalink=\"https:\/\/www.laterredufutur.com\/accueil\/lactivite-solaire-actuelle-peut-declencher-un-pag\/soleil\/\" data-orig-file=\"https:\/\/i0.wp.com\/www.laterredufutur.com\/accueil\/wp-content\/uploads\/2011\/06\/soleil.jpg?fit=120%2C90&amp;ssl=1\" data-orig-size=\"120,90\" data-comments-opened=\"1\" data-image-meta=\"{&quot;aperture&quot;:&quot;0&quot;,&quot;credit&quot;:&quot;&quot;,&quot;camera&quot;:&quot;&quot;,&quot;caption&quot;:&quot;&quot;,&quot;created_timestamp&quot;:&quot;0&quot;,&quot;copyright&quot;:&quot;&quot;,&quot;focal_length&quot;:&quot;0&quot;,&quot;iso&quot;:&quot;0&quot;,&quot;shutter_speed&quot;:&quot;0&quot;,&quot;title&quot;:&quot;&quot;,&quot;orientation&quot;:&quot;0&quot;}\" data-image-title=\"soleil\" data-image-description=\"\" data-image-caption=\"\" data-large-file=\"https:\/\/i0.wp.com\/www.laterredufutur.com\/accueil\/wp-content\/uploads\/2011\/06\/soleil.jpg?fit=120%2C90&amp;ssl=1\" class=\" alignleft size-full wp-image-363\" src=\"https:\/\/i0.wp.com\/www.laterredufutur.com\/wordpress\/wp-content\/uploads\/2011\/06\/soleil.jpg?w=120\" border=\"0\" alt=\"refroidissement climatique\" title=\"refroidissement climatique\"  style=\"float: left;\" \/>La douceur actuelle cache la for\u00eat du refroidissement futur. De plus, on ne peut confondre m\u00e9t\u00e9orologie et climatologie. La p\u00e9riode actuelle s&rsquo;est stabilis\u00e9e depuis plus de 10 ans. Le r\u00e9chauffement climatique s&rsquo;est bien arr\u00eat\u00e9. Nous avons connu plusieurs hivers en dessous des normes saisonni\u00e8res. Cet hiver fut doux dans l&rsquo;ensemble hormis 3 semaines tr\u00e8s froides au mois de f\u00e9vrier. Le ph\u00e9nom\u00e8ne du strat-warning a bien \u00e9t\u00e9 constat\u00e9 et semble se rapprocher sur plusieurs mois. Ainsi on observe un impact sur le vortex polaire qui est r\u00e9guli\u00e8rement tr\u00e8s affaibli sur une p\u00e9riode de 6 \u00e0 8 mois. Pr\u00e9c\u00e9demment, cette p\u00e9riode s&rsquo;\u00e9talait sur 3 ou 4 ans. Alors que se passe t-il ? Et si tout ceci avait une explication : Le Soleil !? <\/span><\/span><\/p>\n<p style=\"text-align: justify;\"><span style=\"color: #000000;\"><span style=\"font-size: small;\"><br \/><\/span><\/span><\/p>\n<p style=\"text-align: justify;\"><span style=\"color: #000000;\"><span style=\"font-size: small;\"> <\/span><\/span><\/p>\n<p>\u00a0<\/p>\n<p>\u00a0<\/p>\n<p style=\"text-align: justify;\"><span style=\"color: #000000;\"><span style=\"font-size: small;\">Les chercheurs pr\u00e9voient un minimum solaire qui va se prolonger. Un changement climatique d&rsquo;une nouvelle p\u00e9riode froide. Tout ceci est fond\u00e9 sur l&rsquo;activit\u00e9 solaire.<\/span><\/span><\/p>\n<p style=\"text-align: justify;\"><span style=\"color: #000000;\"><span style=\"font-size: small;\">1. 1. Dr. Habibullo I Abdussamatov: Acad\u00e9mie Scientifique russe. Chef de la recherche spatiale \u00e0 l&rsquo;observatoire de Poulkovo, \u00e0 Saint-P\u00e9tersbourg.<\/span><\/span><\/p>\n<p style=\"text-align: justify;\"><span style=\"color: #000000;\"><span style=\"font-size: small;\">Comment: RIA Novosti, August 25, 2006: Khabibullo Abdusamatov Sa\u00efd et ses coll\u00e8gues ont conclu que la p\u00e9riode d&rsquo;un refroidissement global similaire \u00e0 celui observ\u00e9 \u00e0 la fin du XVII \u00e8me si\u00e8cle &#8211; Lorsque les canaux ont gel\u00e9 aux Pays-Bas et les habitants du Groenland ont d\u00fb quitter leurs habitations, cela pourrait commencer entre 2012-2015 et atteindre son pic en 2055-2060. &#8230; Il a dit qu&rsquo;il croyait que le changement climatique \u00e0 venir pourrait avoir des cons\u00e9quences tr\u00e8s graves et que les autorit\u00e9s doivent aujourd&rsquo;hui commencer \u00e0 s\u2019y pr\u00e9parer. \u00ab\u00a0<\/span><\/span><\/p>\n<p style=\"text-align: justify;\"><span style=\"color: #000000;\"><span style=\"font-size: small;\">2. David Archibald. Summa Development Limited (Australie).<\/span><\/span><\/p>\n<p style=\"text-align: justify;\"><span style=\"color: #000000;\"><span style=\"font-size: small;\">Les articles de : Archibald, DC (2006), et les cycles solaires 24 et 25. Il a pr\u00e9dit une r\u00e9ponse climatique, \u00e9nerg\u00e9tique et environnementaliste. Vol.17, No.1.<\/span><\/span><\/p>\n<p style=\"text-align: justify;\"><span style=\"color: #000000;\"><span style=\"font-size: small;\">Commentaire d&rsquo;un papier: \u00ab\u00a0Bas\u00e9 sur un maxima solaire pour les cycles solaires 24 et 25 de moins de 50% environ, soit une baisse de la temp\u00e9rature mondiale de 1.5\u00b0C. C&rsquo;est pr\u00e9vu d&rsquo;ici \u00e0 2020 ce qui \u00e9quivaut \u00e0 l&rsquo;exp\u00e9rience du minimum de Dalton.<\/span><\/span><\/p>\n<p style=\"text-align: justify;\"><span style=\"color: #000000;\"><span style=\"font-size: small;\">3. 3. Dr. OGBadalyan et Obridko Dr.VN, Institut de Magnestism terrestre. Russia, Dr.J.Sykora. Astronomical Institute de l&rsquo;Acad\u00e9mie slovaque des sciences, de la R\u00e9publique Slovaque.<\/span><\/span><\/p>\n<p style=\"text-align: justify;\"><span style=\"color: #000000;\"><span style=\"font-size: small;\">De leur papier: Balalyan, OG, Obridko VN, et J. Sykora, (2000), La Luminosit\u00e9 de l\u2019image de la ligne verte coronale et la pr\u00e9vision du 23eme cycle d&rsquo;activit\u00e9 vers le 24, la physique solaire, 199: pp.421-435.<\/span><\/span><\/p>\n<p> <script async src=\"\/\/pagead2.googlesyndication.com\/pagead\/js\/adsbygoogle.js\"><\/script> <!-- TDF2 --> <ins class=\"adsbygoogle\"      style=\"display:inline-block;width:336px;height:280px\"      data-ad-client=\"ca-pub-2860849627502538\"      data-ad-slot=\"1340140919\"><\/ins> <script> (adsbygoogle = window.adsbygoogle || []).push({}); <\/script> <\/p>\n<p style=\"text-align: justify;\"><span style=\"color: #000000;\"><span style=\"font-size: small;\">Commentaire du papier: \u00ab\u00a0Une lente Augmentation de (l&rsquo;intensit\u00e9 de la ligne verte coronale) dans le cycle 23 (1996-2009) nous permet de pr\u00e9voir un faible nombre de Wolf (nombre de taches solaires) avec un maximum du cycle 24 ~ 50% \u00e0 2010-2011.\u00a0\u00bb (Notes: niveau de Dalton)<\/span><\/span><\/p>\n<p style=\"text-align: justify;\"><span style=\"color: #000000;\"><span style=\"font-size: small;\">4. 4. Dr. BP Bonev, Dr Kaloyan, M. Penev, Dr. Stefano Sello. Penev,<\/span><\/span><\/p>\n<p style=\"text-align: justify;\"><span style=\"color: #000000;\"><span style=\"font-size: small;\">(2004), \u00e0 long terme la variabilit\u00e9 solaire et le cycle solaire au 21 \u00e8me si\u00e8cle, l&rsquo;Astrophysical Journal, Vol 605, pp.L81-L84.<\/span><\/span><\/p>\n<p style=\"text-align: justify;\"><span style=\"color: #000000;\"><span style=\"font-size: small;\">Commentaire de leur article: \u00ab\u00a0&#8230; Nous concluons \u00e0 pr\u00e9sent, l&rsquo;apparition d&rsquo;un minimum local \u00e0 venir dans la dur\u00e9e et la variabilit\u00e9 solaire.\u00a0\u00bb<\/span><\/span><\/p>\n<p style=\"text-align: justify;\"><span style=\"color: #000000;\"><span style=\"font-size: small;\">5. 5. L. John L. Casey, directeur, Centre du recherche spatiale et de science. Orlando, Floride<\/span><\/span><\/p>\n<p style=\"text-align: justify;\"><span style=\"color: #000000;\"><span style=\"font-size: small;\">Du centre du rapport de recherche: Casey, John L. (2008), l&rsquo;existence de \u00ab\u00a0cycles relationnels\u00a0\u00bb de l&rsquo;activit\u00e9 solaire sur la d\u00e9cennie \u00e0 l&rsquo;\u00e9chelle de plusieurs si\u00e8cles, avec des mod\u00e8les importants du changement climatique sur la terre. SSRC Research Report 1-2008 \u2013 The RC Theory,<\/span><\/span><\/p>\n<p style=\"text-align: justify;\"><span style=\"color: #000000;\"><span style=\"font-size: small;\">Commentaires du rapport de recherche:<\/span><\/span><\/p>\n<p style=\"text-align: justify;\"><span style=\"color: #000000;\"><span style=\"font-size: small;\">\u00ab\u00a0En cons\u00e9quence de la th\u00e9orie, on peut pr\u00e9dire le prochain minimum solaire. &#8230; Il est estim\u00e9 qu\u2019il y aura une baisse globale de la temp\u00e9rature d&rsquo;une moyenne entre 1\u00b0 \u00e0 1,5 degr\u00e9s C, voire moins, du moins sur l&rsquo;\u00e9chelle du minimum de Dalton. &#8230; Cette pr\u00e9vision solaire minimale suivante sera probablement accompagn\u00e9e par la p\u00e9riode la plus froide au niveau mondial depuis 200 ans. Ceci a le potentiel d&rsquo;entra\u00eener le monde entier agricole, sociale, vers des perturbations \u00e9conomiques. \u00ab\u00a0<\/span><\/span><\/p>\n<p style=\"text-align: justify;\"><span style=\"color: #000000;\"><span style=\"font-size: small;\">6. 6. Dr Peter Harris. Ing\u00e9nieur, retrait\u00e9, Queensland, Australie.<\/span><\/span><\/p>\n<p style=\"text-align: justify;\"><span style=\"color: #000000;\"><span style=\"font-size: small;\">De son analyse de cycles glaciaires et interglaciaires, conclut-il: \u00ab\u00a0&#8230; nous pouvons dire qu&rsquo;il y a une probabilit\u00e9 d\u2019un refroidissement imminent de la plan\u00e8te \u00e0 hauteur de 94% et le d\u00e9but d\u2019un petit age glaciaire.\u3000\u00a0\u00bb<\/span><\/span><\/p>\n<p style=\"text-align: justify;\"><span style=\"color: #000000;\"><span style=\"font-size: small;\">7. 7. Victor Manuel Herrera Velasco. Chercheur \u00e0 l&rsquo;Universit\u00e9 nationale autonome du Mexique.<\/span><\/span><\/p>\n<p style=\"text-align: justify;\"><span style=\"color: #000000;\"><span style=\"font-size: small;\">Ses commentaires de ses recherches, publi\u00e9 en ao\u00fbt 2008: \u00ab\u00a0&#8230; dans deux ans ou plus, Il y aura un petit \u00e2ge glaciaire qui va durer de 60 \u00e0 80 ans.\u00a0\u00bb<\/span><\/span><\/p>\n<p style=\"text-align: justify;\"><span style=\"color: #000000;\"><span style=\"font-size: small;\">8. 8. Dr&rsquo;s. YTHong, HB Jiang, TS Liu, LPZhou, J.Beer, HD Li, XTLeng, B.Hong, and XG Qin<\/span><\/span><\/p>\n<p style=\"text-align: justify;\"><span style=\"color: #000000;\"><span style=\"font-size: small;\">De leur article: R\u00e9ponse climatique du for\u00e7age solaire enregistr\u00e9 depuis 6.000 ans (isotope) temps O18-s\u00e9rie de la cellulose de la tourbe chinois. L&rsquo;Holoc\u00e8ne 10.1 (2000) pp. 1-7. 1.7.<\/span><\/span><\/p><div class=\"1665f18d14f35dd9e7566e1a8ac9a3e9\" data-index=\"2\" style=\"float: none; margin:10px 0 10px 0; text-align:center;\">\n<script async src=\"https:\/\/pagead2.googlesyndication.com\/pagead\/js\/adsbygoogle.js\"><\/script>\r\n<ins class=\"adsbygoogle\"\r\n     style=\"display:block; text-align:center;\"\r\n     data-ad-layout=\"in-article\"\r\n     data-ad-format=\"fluid\"\r\n     data-ad-client=\"ca-pub-2860849627502538\"\r\n     data-ad-slot=\"3019501113\"><\/ins>\r\n<script>\r\n     (adsbygoogle = window.adsbygoogle || []).push({});\r\n<\/script>\n<\/div>\n\n<p style=\"text-align: justify;\"><span style=\"color: #000000;\"><span style=\"font-size: small;\">L&rsquo;\u00e9quipe de chercheurs chinois a observ\u00e9 \u00ab\u00a0&#8230; une Radiation correspondante d&rsquo;\u00e9v\u00e9nements climatique quasi en totalit\u00e9 des changements de l\u2019activit\u00e9 de l&rsquo;\u00e9nergie solaire.\u00a0\u00bb<\/span><\/span><\/p>\n<p style=\"text-align: justify;\"><span style=\"color: #000000;\"><span style=\"font-size: small;\">La liste des mesures des isotopes O18 \u00e9tait en hausse pendant les p\u00e9riodes les plus froides. Ils ont conclu: \u00ab\u00a0Si la tendance se poursuit apr\u00e8s 1950 AD &#8230; le prochain maximum de l&rsquo;O18 (et donc du froid maximum) devrait se situerait entre environ AD 2000 et AD 2050.\u00a0\u00bb<\/span><\/span><\/p>\n<p style=\"text-align: justify;\"><span style=\"color: #000000;\"><span style=\"font-size: small;\">9. 9. Dr. Boris Komitov, Acad\u00e9mie bulgare des sciences. Dr. Vladimir Kaftan: Institut central de recherche de la g\u00e9od\u00e9sie, \u00e0 Moscou.<\/span><\/span><\/p>\n<p style=\"text-align: justify;\"><span style=\"color: #000000;\"><span style=\"font-size: small;\">De leur article: Komitov, B. et V. Kaftan, (2004), L&rsquo;activit\u00e9 des taches solaires dans les deux derniers mill\u00e9naires, sur la base des indices indirects et instrument\u00e9s : Les S\u00e9ries temporelles des mod\u00e8les et leurs extrapolations pour le 21 eme si\u00e8cle, document pr\u00e9sent\u00e9 \u00e0 l&rsquo;Union astronomique internationale n \u00b0 Symposium 223. 223.<\/span><\/span><\/p>\n<p style=\"text-align: justify;\"><span style=\"color: #000000;\"><span style=\"font-size: small;\">Commentaire de l\u2019article\u3000: \u00ab\u00a0Il r\u00e9sulte de leurs extrapolations pour le 21 e si\u00e8cle qu&rsquo;un minimum solaire va se produire au cours des quelques prochaines d\u00e9cennies. &#8230; Il sera d&rsquo;une ampleur similaire au minimum de Dalton, mais probablement plus long que ce dernier.\u00a0\u00bb<\/span><\/span><\/p>\n<p style=\"text-align: justify;\"><span style=\"color: #000000;\"><span style=\"font-size: small;\">10. 10. Dr. Theodor Landscheidt (1927- 2004), Institut de recherche Schroeter des cycles d&rsquo;activit\u00e9 solaire, Canada)<\/span><\/span><\/p>\n<p style=\"text-align: justify;\"><span style=\"color: #000000;\"><span style=\"font-size: small;\">Parmi Ses observations de plusieurs ann\u00e9es de recherche sur le climat et le for\u00e7age solaire notamment: \u00ab\u00a0Contrairement aux sp\u00e9culations du GIEC, un volte face sur le r\u00e9chauffement d\u00fb \u00e0 l\u2019homme qui est pr\u00e9vu d\u2019\u00eatre \u00e9lev\u00e9 \u00e0 hauteur de 5,8 (degr\u00e9s) C dans les cent prochaines ann\u00e9es, une longue p\u00e9riode climatique fra\u00eeche avec une phase plus froide vers 2030 est \u00e0 pr\u00e9voir. \u00ab\u00a0<\/span><\/span><\/p>\n<p style=\"text-align: justify;\"><span style=\"color: #000000;\"><span style=\"font-size: small;\">11. 11. Dr Ernest Njau: Universit\u00e9 de Dar es-Salaam, en Tanzanie.<\/span><\/span><\/p>\n<p style=\"text-align: justify;\"><span style=\"color: #000000;\"><span style=\"font-size: small;\">De son journal: Njau, E., (2005), Il est pr\u00e9vu au r\u00e9chauffement de mettre un terme \u00e0 la tendance mondiale actuelle?, Les \u00e9nergies renouvelables, Vol.30, Num\u00e9ro 5, pp.743-752.<\/span><\/span><\/p>\n<p style=\"text-align: justify;\"><span style=\"color: #000000;\"><span style=\"font-size: small;\">\u00ab\u00a0&#8230; le sens des \u00a0\u00bb variations de la temp\u00e9rature mondiale atteindra le prochain pic vers 2005 apr\u00e8s quoi il y aura une tendance \u00e0 la baisse. Enfin, il est d\u00e9montr\u00e9 que &#8230; le Groenland est actuellement dans un cours d\u2019une tendance au refroidissement qui devrait durer au moins jusqu&rsquo;\u00e0 l&rsquo;an 2035. \u00ab\u00a0<\/span><\/span><\/p>\n<p style=\"text-align: justify;\"><span style=\"color: #000000;\"><span style=\"font-size: small;\">12. 12. Dr. Tim Patterson : D\u00e9partement des sciences de la Terre, Universit\u00e9 Carleton, Canada<\/span><\/span><\/p>\n<p style=\"text-align: justify;\"><span style=\"color: #000000;\"><span style=\"font-size: small;\">D&rsquo;apr\u00e8s un article dans le Times de Calgary: le 18 mai 2007. En effet, l&rsquo;un des plus int\u00e9ressant, si ce n&rsquo;est les d\u00e9clarations alarmantes de Patterson a fait devant ses amis lors d\u2019un diner. Les donn\u00e9es satellitaires indiquent que d&rsquo;ici l&rsquo;ann\u00e9e 2020, le prochain cycle solaire sera le cycle solaire 25 &#8211; l&rsquo;un des plus faibles depuis le Petit Age Glaciaire. ( Cela a commenc\u00e9 au 13eme si\u00e8cle et s&rsquo;est termin\u00e9 vers 1860), une \u00e9poque o\u00f9 les gens vivant \u00e0 Londres, en Angleterre avaient l&rsquo;habitude de marcher sur la Tamise gel\u00e9e en plein hiver.. Patterson: \u00ab\u00a0Cela devrait \u00eatre une grande pr\u00e9occupation strat\u00e9gique du Canada parce que personne ne poss\u00e8de d&rsquo;agriculture plus au nord que nous.\u00a0\u00bb En d&rsquo;autres termes, le Canada &#8211; le grand grenier de ce monde &#8211; pourrait m\u00eame ne pas \u00eatre en mesure d\u2019assurer la plupart de ses c\u00e9r\u00e9ales dans ses prairies.<\/span><\/span><\/p>\n<p style=\"text-align: justify;\"><span style=\"color: #000000;\"><span style=\"font-size: small;\">13. Dr &lsquo;art Ken K. Ken K. Schatten et WKTobiska.<\/span><\/span><\/p>\n<p style=\"text-align: justify;\"><span style=\"color: #000000;\"><span style=\"font-size: small;\">De leur document pr\u00e9sent\u00e9 \u00e0 la 34 e Division de physique solaire, R\u00e9union de la Soci\u00e9t\u00e9 astronomique am\u00e9ricaine, Juin 2003:<\/span><\/span><\/p>\n<p style=\"text-align: justify;\"><span style=\"color: #000000;\"><span style=\"font-size: small;\">\u00ab\u00a0Le r\u00e9sultat surprenant de ces pr\u00e9visions \u00e0 long terme est un d\u00e9clin rapide de l&rsquo;activit\u00e9 solaire, en commen\u00e7ant par le cycle n \u00b0 24. Si cette tendance se poursuit, on pourrait voir le soleil se diriger vers un type de minimum d&rsquo;activit\u00e9 solaire \u00ab\u00a0Maunder\u00a0\u00bb (une longue p\u00e9riode de baisse des niveaux d&rsquo;activit\u00e9 solaire vue au moyen age. \u00ab\u00a0<\/span><\/span><\/p>\n<p style=\"text-align: justify;\"><span style=\"color: #000000;\"><span style=\"font-size: small;\">14. 14. Dr. Oleg Sorokhtin. Scientifique \u00e9m\u00e9rite en Russie et membre de l&rsquo;Acad\u00e9mie russe des sciences naturelles et chercheur \u00e0 l&rsquo;Institut d&rsquo;oc\u00e9anologie.<\/span><\/span><\/p>\n<p style=\"text-align: justify;\"><span style=\"color: #000000;\"><span style=\"font-size: small;\">Du dernier article \u00e9mis, en ce qui concerne le changement climatique, il a dit: \u00ab\u00a0L\u2019Astrophysique connais deux cycles solaires, de 11 et 200 ans. Les deux sont caus\u00e9s par des changements dans le rayon et la superficie du irradiance de la surface solaire. &#8230; La Terre a d\u00e9pass\u00e9 le sommet de sa p\u00e9riode la plus chaude et une p\u00e9riode froide va se mettre en place tr\u00e8s bient\u00f4t, d&rsquo;ici \u00e0 2012.\u00a0\u00bbC\u2019est un r\u00e9el froid qui arrive lorsque l&rsquo;activit\u00e9 solaire atteint son minimum et qui durera pour une dur\u00e9e de 50-60 ans, voire plus. \u00ab\u00a0<\/span><\/span><\/p>\n<p style=\"text-align: justify;\"><span style=\"color: #000000;\"><span style=\"font-size: small;\">15. 15. Dr Ian Wilson, Bob Carter et Waite IA.<\/span><\/span><\/p>\n<p style=\"text-align: justify;\"><span style=\"color: #000000;\"><span style=\"font-size: small;\">De leur article: Est-ce qu&rsquo;un couplage des orbites entre le Soleil et les plan\u00e8tes joviennes r\u00e9gissent le cycle solaire ? Publications de la Soci\u00e9t\u00e9 astronomique en France 25 (2) 85-93 Juin 2008).<\/span><\/span><\/p>\n<p style=\"text-align: justify;\"><span style=\"color: #000000;\"><span style=\"font-size: small;\">M. Wilson ajoute les pr\u00e9cisions suivantes:<\/span><\/span><\/p>\n<p style=\"text-align: justify;\"><span style=\"color: #000000;\"><span style=\"font-size: small;\">\u00ab\u00a0Il soutient la th\u00e8se selon laquelle le niveau d&rsquo;activit\u00e9 sur le Soleil va se r\u00e9duire consid\u00e9rablement dans le courant de la prochaine d\u00e9cennie et il restera faible pendant environ 20-30 ans. \u00ab\u00a0A chacune de ces phases solaires connues dans le pass\u00e9, la temp\u00e9rature moyenne mondiale a chut\u00e9 d\u2019environ ~ 2,1\u00b0 C. \u00ab\u00a0<\/span><\/span><\/p>\n<p style=\"text-align: justify;\"><span style=\"color: #000000;\"><span style=\"font-size: small;\">16. 16. Dr. Zhen-Shan Lin Xian et Sun. Nanjing Normal University, Chine<\/span><\/span><\/p>\n<p style=\"text-align: justify;\"><span style=\"color: #000000;\"><span style=\"font-size: small;\">De leurs articles en m\u00e9t\u00e9orologie et en physique atmosph\u00e9rique, de 95.115 \u00e0 121: L\u2019Analyse au niveau de multi-\u00e9chelles de l&rsquo;\u00e9volution de la temp\u00e9rature mondiale et de la tendance d&rsquo;une baisse des temp\u00e9ratures dans les 20 prochaines ann\u00e9es.<\/span><\/span><\/p>\n<p style=\"text-align: justify;\"><span style=\"color: #000000;\"><span style=\"font-size: small;\">\u00ab\u00a0&#8230; Nous croyons que les changements climatiques mondiaux seront \u00e0 une tendance \u00e0 la baisse dans les 20 ann\u00e9es suivantes\u00a0\u00bb.<\/span><\/span><\/p>\n<p style=\"text-align: justify;\"><span style=\"color: #000000;\"><span style=\"font-size: small;\">sources : http:\/\/www.spaceandscience.net \/ <a href=\"http:\/\/les-jardins-de-steph.blogspot.fr\/\">http:\/\/les-jardins-de-steph.blogspot.fr<\/a> <\/span><\/span><\/p>\n<p class=\"bawpvc-ajax-counter\" data-id=\"832\">(1171)<\/p>\n<!--CusAds0-->\n<div style=\"font-size: 0px; height: 0px; line-height: 0px; margin: 0; padding: 0; clear: both;\"><\/div>","protected":false},"excerpt":{"rendered":"<p style=\"text-align: justify;\"><span style=\"color: #000000;\"><span style=\"font-size: small;\"><img decoding=\"async\" class=\" alignleft size-full wp-image-363\" src=\"http:\/\/www.laterredufutur.com\/wordpress\/wp-content\/uploads\/2011\/06\/soleil.jpg\" border=\"0\" alt=\"refroidissement climatique\" title=\"refroidissement climatique\" width=\"120\" style=\"float: left;\" \/>La douceur actuelle cache la for\u00eat du refroidissement futur. De plus, on ne peut confondre m\u00e9t\u00e9orologie et climatologie. La p\u00e9riode actuelle s&rsquo;est stabilis\u00e9e depuis plus de 10 ans. Le r\u00e9chauffement climatique s&rsquo;est bien arr\u00eat\u00e9. Nous avons connu plusieurs hivers en dessous des normes saisonni\u00e8res. Cet hiver fut doux dans l&rsquo;ensemble hormis 3 semaines tr\u00e8s froides au mois de f\u00e9vrier. Le ph\u00e9nom\u00e8ne du strat-warning a bien \u00e9t\u00e9 constat\u00e9 et semble se rapprocher sur plusieurs mois. Ainsi on observe un impact sur le vortex polaire qui est r\u00e9guli\u00e8rement tr\u00e8s affaibli sur une p\u00e9riode de 6 \u00e0 8 mois. Pr\u00e9c\u00e9demment, cette p\u00e9riode s&rsquo;\u00e9talait sur 3 ou 4 ans. Alors que se passe t-il ? Et si tout ceci avait une explication : Le Soleil !? <\/span><\/span><\/p>\n<p style=\"text-align: justify;\"><span style=\"color: #000000;\"><span style=\"font-size: small;\"><br \/><\/span><\/span><\/p>\n<p style=\"text-align: justify;\"><span style=\"color: #000000;\"><span style=\"font-size: small;\"> <\/span><\/span><\/p>\n","protected":false},"author":1,"featured_media":363,"comment_status":"open","ping_status":"open","sticky":false,"template":"","format":"standard","meta":{"_exactmetrics_skip_tracking":false,"_exactmetrics_sitenote_active":false,"_exactmetrics_sitenote_note":"","_exactmetrics_sitenote_category":0,"ngg_post_thumbnail":0,"jetpack_post_was_ever_published":false,"_jetpack_newsletter_access":"","_jetpack_dont_email_post_to_subs":false,"_jetpack_newsletter_tier_id":0,"_jetpack_memberships_contains_paywalled_content":false,"_jetpack_memberships_contains_paid_content":false,"footnotes":"","jetpack_publicize_message":"","jetpack_publicize_feature_enabled":true,"jetpack_social_post_already_shared":false,"jetpack_social_options":{"image_generator_settings":{"template":"highway","default_image_id":0,"font":"","enabled":false},"version":2}},"categories":[24],"tags":[41,169,46,170,37],"class_list":["post-832","post","type-post","status-publish","format-standard","has-post-thumbnail","hentry","category-soleil","tag-climat","tag-rechauffement-climatique","tag-refroidissement","tag-refroidissement-climatique","tag-soleil","wpcat-24-id"],"jetpack_publicize_connections":[],"jetpack_featured_media_url":"https:\/\/i0.wp.com\/www.laterredufutur.com\/accueil\/wp-content\/uploads\/2011\/06\/soleil.jpg?fit=120%2C90&ssl=1","jetpack_shortlink":"https:\/\/wp.me\/p631RN-dq","jetpack-related-posts":[{"id":4621,"url":"https:\/\/www.laterredufutur.com\/accueil\/refroidissement-climatique-et-consequences\/","url_meta":{"origin":832,"position":0},"title":"Refroidissement climatique et cons\u00e9quences","author":"Admin","date":"1 octobre 2008","format":false,"excerpt":"Les choses commencent \u00e0 bouger, les mod\u00e8les se discutent, les discussions sont toujours aussi houleuses, mais que se passe t-il ? Le r\u00e9chauffement climatique reste dans les m\u00e9dias, mais le soleil joue le mauvais \u00e9l\u00e8ve. Le nouveau cycle solaire not\u00e9 num\u00e9ro 24 a bien d\u00e9but\u00e9 depuis janvier 2008. Mais aucune\u2026","rel":"","context":"Dans &quot;Climat&quot;","block_context":{"text":"Climat","link":"https:\/\/www.laterredufutur.com\/accueil\/sujets\/climat\/"},"img":{"alt_text":"","src":"","width":0,"height":0},"classes":[]},{"id":22850,"url":"https:\/\/www.laterredufutur.com\/accueil\/les-20-a-30-prochaines-annees-seront-froides-et-cest-pire-que-le-rechauffement-climatique-previent-un-climatologue\/","url_meta":{"origin":832,"position":1},"title":"Les 20 \u00e0 30 prochaines ann\u00e9es seront froides&#8230; Et c&rsquo;est pire que le r\u00e9chauffement climatique, pr\u00e9vient un climatologue","author":"Admin","date":"1 ao\u00fbt 2021","format":false,"excerpt":"Le Dr Willie Soon, sp\u00e9cialiste du climat, a exhort\u00e9 ses coll\u00e8gues universitaires \u00e0 pr\u00eater davantage attention \u00e0 l'activit\u00e9 solaire, qui laisse pr\u00e9sager plusieurs d\u00e9cennies de refroidissement plut\u00f4t que de r\u00e9chauffement de la plan\u00e8te. Cet astrophysicien et ing\u00e9nieur a\u00e9rospatial d'origine malaisienne a d\u00e9clar\u00e9 que \"ce que nous pr\u00e9voyons, c'est que les\u2026","rel":"","context":"Dans &quot;Climat&quot;","block_context":{"text":"Climat","link":"https:\/\/www.laterredufutur.com\/accueil\/sujets\/climat\/"},"img":{"alt_text":"","src":"https:\/\/i0.wp.com\/www.laterredufutur.com\/accueil\/wp-content\/uploads\/2021\/08\/temperatures-activite-solaire.jpg?fit=1000%2C716&ssl=1&resize=350%2C200","width":350,"height":200,"srcset":"https:\/\/i0.wp.com\/www.laterredufutur.com\/accueil\/wp-content\/uploads\/2021\/08\/temperatures-activite-solaire.jpg?fit=1000%2C716&ssl=1&resize=350%2C200 1x, https:\/\/i0.wp.com\/www.laterredufutur.com\/accueil\/wp-content\/uploads\/2021\/08\/temperatures-activite-solaire.jpg?fit=1000%2C716&ssl=1&resize=525%2C300 1.5x, https:\/\/i0.wp.com\/www.laterredufutur.com\/accueil\/wp-content\/uploads\/2021\/08\/temperatures-activite-solaire.jpg?fit=1000%2C716&ssl=1&resize=700%2C400 2x"},"classes":[]},{"id":5533,"url":"https:\/\/www.laterredufutur.com\/accueil\/coucher-du-soleil\/","url_meta":{"origin":832,"position":2},"title":"Coucher du Soleil","author":"Admin","date":"22 septembre 2010","format":false,"excerpt":"septembre 2009 : par Anthony Watts. 5 parties vid\u00e9o contenant Svensmark et d'autres scientifiques. Henrik Svensmark, Professeur, Universit\u00e9 technique du Danemark, Copenhague \"En fait, le r\u00e9chauffement climatique a cess\u00e9 et un refroidissement commence. Aucun mod\u00e8le climatique avait pr\u00e9dit un refroidissement de la Terre - bien au contraire. Et cela signifie\u2026","rel":"","context":"Dans &quot;Soleil&quot;","block_context":{"text":"Soleil","link":"https:\/\/www.laterredufutur.com\/accueil\/sujets\/soleil\/"},"img":{"alt_text":"","src":"","width":0,"height":0},"classes":[]},{"id":17028,"url":"https:\/\/www.laterredufutur.com\/accueil\/la-baisse-de-lactivite-solaire-conduit-la-nasa-a-annoncer-un-refroidissement-climatique\/","url_meta":{"origin":832,"position":3},"title":"La baisse de l\u2019activit\u00e9 solaire conduit la NASA \u00e0 annoncer un refroidissement climatique","author":"Admin","date":"10 octobre 2018","format":false,"excerpt":"La NASA \u2013 peu suspecte de climato-scepticisme \u2013 s\u2019appuie sur de nouveaux r\u00e9sultats d\u2019observations de temp\u00e9rature aux confins de l\u2019atmosph\u00e8re terrestre pour annoncer un refroidissement notable dans ces zones, li\u00e9 \u00e0 l\u2019un des minima solaires les plus importants de l\u2019\u00e8re spatiale. Il s\u2019agit tr\u00e8s clairement d\u2019un refroidissement climatique entra\u00een\u00e9 par\u2026","rel":"","context":"Dans &quot;Soleil&quot;","block_context":{"text":"Soleil","link":"https:\/\/www.laterredufutur.com\/accueil\/sujets\/soleil\/"},"img":{"alt_text":"","src":"https:\/\/i0.wp.com\/www.laterredufutur.com\/accueil\/wp-content\/uploads\/2018\/05\/soleil-4-mai-2018.gif?fit=696%2C696&ssl=1&resize=350%2C200","width":350,"height":200,"srcset":"https:\/\/i0.wp.com\/www.laterredufutur.com\/accueil\/wp-content\/uploads\/2018\/05\/soleil-4-mai-2018.gif?fit=696%2C696&ssl=1&resize=350%2C200 1x, https:\/\/i0.wp.com\/www.laterredufutur.com\/accueil\/wp-content\/uploads\/2018\/05\/soleil-4-mai-2018.gif?fit=696%2C696&ssl=1&resize=525%2C300 1.5x"},"classes":[]},{"id":1797,"url":"https:\/\/www.laterredufutur.com\/accueil\/rechauffement-ou-refroidissement\/","url_meta":{"origin":832,"position":4},"title":"R\u00e9chauffement ou refroidissement ?","author":"Admin","date":"6 f\u00e9vrier 2014","format":false,"excerpt":"Une nouvelle p\u00e9riode glaciaire attend prochainement la Terre. C\u2019est ce qu\u2019annonce le laboratoire britannique Rutherford Appleton. Les experts affirment que l\u2019activit\u00e9 du Soleil a sensiblement baiss\u00e9. Une telle situation a pu \u00eatre observ\u00e9e au XVIIe si\u00e8cle, alors que l\u2019Europe connaissait de grands froids. \u00a0","rel":"","context":"Dans &quot;Climat&quot;","block_context":{"text":"Climat","link":"https:\/\/www.laterredufutur.com\/accueil\/sujets\/climat\/"},"img":{"alt_text":"","src":"https:\/\/i0.wp.com\/www.laterredufutur.com\/wordpress\/wp-content\/uploads\/2014\/02\/.._spaw_images_Rechauffement_Climatique.jpg?resize=350%2C200","width":350,"height":200},"classes":[]},{"id":298,"url":"https:\/\/www.laterredufutur.com\/accueil\/un-refroidissement-climatique-a-la-cle\/","url_meta":{"origin":832,"position":5},"title":"Un refroidissement climatique \u00e0 la cl\u00e9","author":"Admin","date":"8 mai 2011","format":false,"excerpt":"De nombreux m\u00e9dias \u00e9voquent la possibilit\u00e9 que le climat pourrait se refroidir \u00e0 cause d\u2019une diminution de l\u2019activit\u00e9 solaire. Par exemple le Dr. Habibullo Ismailovich Abdussamatov, directeur du laboratoire de recherche spatiale de l\u2019observatoire Pulkovo de l\u2019Acad\u00e9mie russe des sciences, pr\u00e9dit que \u00ab D\u00e8s le milieu du si\u00e8cle l\u2019humanit\u00e9 devra\u2026","rel":"","context":"Dans &quot;Climat&quot;","block_context":{"text":"Climat","link":"https:\/\/www.laterredufutur.com\/accueil\/sujets\/climat\/"},"img":{"alt_text":"","src":"https:\/\/i0.wp.com\/www.laterredufutur.com\/wordpress\/wp-content\/uploads\/2011\/05\/froid.jpg?resize=350%2C200","width":350,"height":200},"classes":[]}],"jetpack_sharing_enabled":true,"_links":{"self":[{"href":"https:\/\/www.laterredufutur.com\/accueil\/wp-json\/wp\/v2\/posts\/832","targetHints":{"allow":["GET"]}}],"collection":[{"href":"https:\/\/www.laterredufutur.com\/accueil\/wp-json\/wp\/v2\/posts"}],"about":[{"href":"https:\/\/www.laterredufutur.com\/accueil\/wp-json\/wp\/v2\/types\/post"}],"author":[{"embeddable":true,"href":"https:\/\/www.laterredufutur.com\/accueil\/wp-json\/wp\/v2\/users\/1"}],"replies":[{"embeddable":true,"href":"https:\/\/www.laterredufutur.com\/accueil\/wp-json\/wp\/v2\/comments?post=832"}],"version-history":[{"count":0,"href":"https:\/\/www.laterredufutur.com\/accueil\/wp-json\/wp\/v2\/posts\/832\/revisions"}],"wp:featuredmedia":[{"embeddable":true,"href":"https:\/\/www.laterredufutur.com\/accueil\/wp-json\/wp\/v2\/media\/363"}],"wp:attachment":[{"href":"https:\/\/www.laterredufutur.com\/accueil\/wp-json\/wp\/v2\/media?parent=832"}],"wp:term":[{"taxonomy":"category","embeddable":true,"href":"https:\/\/www.laterredufutur.com\/accueil\/wp-json\/wp\/v2\/categories?post=832"},{"taxonomy":"post_tag","embeddable":true,"href":"https:\/\/www.laterredufutur.com\/accueil\/wp-json\/wp\/v2\/tags?post=832"}],"curies":[{"name":"wp","href":"https:\/\/api.w.org\/{rel}","templated":true}]}}