{"id":8176,"date":"2015-09-11T09:31:11","date_gmt":"2015-09-11T07:31:11","guid":{"rendered":"http:\/\/www.laterredufutur.com\/accueil\/?p=8176"},"modified":"2015-09-11T09:31:11","modified_gmt":"2015-09-11T07:31:11","slug":"mythe-climatique-et-peur-exponentielle-par-benoit-rittaud","status":"publish","type":"post","link":"https:\/\/www.laterredufutur.com\/accueil\/mythe-climatique-et-peur-exponentielle-par-benoit-rittaud\/","title":{"rendered":"Mythe climatique et peur exponentielle par Beno\u00eet Rittaud"},"content":{"rendered":"<div class=\"1665f18d14f35dd9e7566e1a8ac9a3e9\" data-index=\"1\" style=\"float: none; margin:10px 0 10px 0; text-align:center;\">\n<script async src=\"https:\/\/pagead2.googlesyndication.com\/pagead\/js\/adsbygoogle.js\"><\/script>\r\n<ins class=\"adsbygoogle\"\r\n     style=\"display:block; text-align:center;\"\r\n     data-ad-layout=\"in-article\"\r\n     data-ad-format=\"fluid\"\r\n     data-ad-client=\"ca-pub-2860849627502538\"\r\n     data-ad-slot=\"3019501113\"><\/ins>\r\n<script>\r\n     (adsbygoogle = window.adsbygoogle || []).push({});\r\n<\/script>\n<\/div>\n<p style=\"text-align: justify;\">\u00ab\u00a0Les climato-r\u00e9alistes\u00a0\u00bb est le nom d&rsquo;un nouveau collectif d&rsquo;action et d&rsquo;expression \u00e0 la naissance duquel l&rsquo;Institut Turgot apporte son concours pour essayer de contrer l&rsquo;insupportable campagne id\u00e9ologique et m\u00e9diatique \u00e0 laquelle nous allons \u00eatre soumis jusqu&rsquo;\u00e0 la rencontre au mois de d\u00e9cembre prochain, \u00e0 Paris, de la 21\u00e8me r\u00e9union mondiale sur le climat (COP21).<\/p>\n<p style=\"text-align: justify;\">L&rsquo;objectif est d&rsquo;attirer l&rsquo;attention des Fran\u00e7ais sur l&rsquo;ensemble des mensonges, contrev\u00e9rit\u00e9s et manipulations tant scientifiques que philosophiques que rec\u00e8le le discours ambiant sur les origines anthropiques du changement climatique.<br \/>\nC&rsquo;est dans cette optique que, le lundi 29 juin 2015, nous avons invit\u00e9 Beno\u00eet Rittaud pour nous parler du Mythe climatique comme exemple embl\u00e9matique des grandes peurs collectives et irrationnelles nourries par le vertige de la figure exponentielle.<\/p>\n<p><span class=\"embed-youtube\" style=\"text-align:center; display: block;\"><iframe loading=\"lazy\" class=\"youtube-player\" width=\"640\" height=\"360\" src=\"https:\/\/www.youtube.com\/embed\/BisEbFRV0mw?version=3&#038;rel=1&#038;showsearch=0&#038;showinfo=1&#038;iv_load_policy=1&#038;fs=1&#038;hl=fr-FR&#038;autohide=2&#038;wmode=transparent\" allowfullscreen=\"true\" style=\"border:0;\" sandbox=\"allow-scripts allow-same-origin allow-popups allow-presentation allow-popups-to-escape-sandbox\"><\/iframe><\/span><\/p><div class=\"1665f18d14f35dd9e7566e1a8ac9a3e9\" data-index=\"2\" style=\"float: none; margin:10px 0 10px 0; text-align:center;\">\n<script async src=\"https:\/\/pagead2.googlesyndication.com\/pagead\/js\/adsbygoogle.js\"><\/script>\r\n<ins class=\"adsbygoogle\"\r\n     style=\"display:block; text-align:center;\"\r\n     data-ad-layout=\"in-article\"\r\n     data-ad-format=\"fluid\"\r\n     data-ad-client=\"ca-pub-2860849627502538\"\r\n     data-ad-slot=\"3019501113\"><\/ins>\r\n<script>\r\n     (adsbygoogle = window.adsbygoogle || []).push({});\r\n<\/script>\n<\/div>\n\n<p style=\"text-align: justify;\">Beno\u00eet Rittaud est un math\u00e9maticien, ma\u00eetre de conf\u00e9rence hors-classe \u00e0 l&rsquo;Universit\u00e9 Sorbonne Paris-Cit\u00e9, auteur de nombreux ouvrages dont \u00ab\u00a0Le Mythe climatique\u00a0\u00bb (Seuil 2010) et \u00ab\u00a0La Peur exponentielle\u00a0\u00bb (PUF, 2015). Si ses travaux acad\u00e9miques concernent des sujets tr\u00e8s sp\u00e9cifiques (syst\u00e8mes dynamiques, th\u00e9orie des nombres, math\u00e9matiques discr\u00e8tes), il pr\u00e9sente aussi et surtout la caract\u00e9ristique d&rsquo;\u00eatre un conf\u00e9rencier et un vulgarisateur hors pair lorsqu&rsquo;il s&rsquo;agit d&rsquo;expliciter les arguments \u00e9pist\u00e9mologiques justifiant les prises de position climato-sceptiques qui lui valent aujourd&rsquo;hui d&rsquo;\u00eatre d\u00e9sormais ouvertement boycott\u00e9 par les m\u00e9dias qui, auparavant, faisaient fr\u00e9quemment appel \u00e0 lui.<\/p>\n<p style=\"text-align: justify;\">Cette conf\u00e9rence s&rsquo;inscrit ainsi directement dans la continuit\u00e9 des pr\u00e9c\u00e9dentes consacr\u00e9es \u00e0 d\u00e9noncer les impostures scientifiques du r\u00e9chauffisme, mais aussi les intol\u00e9rables atteintes \u00e0 la libert\u00e9 d&rsquo;expression qui sont en train de se r\u00e9pandre sous l&rsquo;effet d&rsquo;une conception de plus en plus totalitaire de la v\u00e9rit\u00e9 scientifique.<\/p>\n<p><span class=\"embed-youtube\" style=\"text-align:center; display: block;\"><iframe loading=\"lazy\" class=\"youtube-player\" width=\"640\" height=\"360\" src=\"https:\/\/www.youtube.com\/embed\/fj9Ld0lPZuY?version=3&#038;rel=1&#038;showsearch=0&#038;showinfo=1&#038;iv_load_policy=1&#038;fs=1&#038;hl=fr-FR&#038;autohide=2&#038;wmode=transparent\" allowfullscreen=\"true\" style=\"border:0;\" sandbox=\"allow-scripts allow-same-origin allow-popups allow-presentation allow-popups-to-escape-sandbox\"><\/iframe><\/span><\/p>\n<p>Mythe climatique et peur exponentielle par Beno\u00eet Rittaud<\/p>\n<p><a href=\"http:\/\/www.laterredufutur.com\/accueil\/\" target=\"_blank\">TDF<\/a><\/p>\n<p>source : <a href=\"http:\/\/blog.turgot.org\/index.php?post\/conf-rittaud\" target=\"_blank\">http:\/\/blog.turgot.org\/<\/a><\/p>\n<p class=\"bawpvc-ajax-counter\" data-id=\"8176\">(681)<\/p>\n<!--CusAds0-->\n<div style=\"font-size: 0px; height: 0px; line-height: 0px; margin: 0; padding: 0; clear: both;\"><\/div>","protected":false},"excerpt":{"rendered":"<p>\u00ab\u00a0Les climato-r\u00e9alistes\u00a0\u00bb est le nom d&rsquo;un nouveau collectif d&rsquo;action et d&rsquo;expression \u00e0 la naissance duquel l&rsquo;Institut Turgot apporte son concours&#8230;<\/p>\n","protected":false},"author":1,"featured_media":6818,"comment_status":"open","ping_status":"open","sticky":false,"template":"","format":"standard","meta":{"_exactmetrics_skip_tracking":false,"_exactmetrics_sitenote_active":false,"_exactmetrics_sitenote_note":"","_exactmetrics_sitenote_category":0,"ngg_post_thumbnail":0,"jetpack_post_was_ever_published":false,"_jetpack_newsletter_access":"","_jetpack_dont_email_post_to_subs":false,"_jetpack_newsletter_tier_id":0,"_jetpack_memberships_contains_paywalled_content":false,"_jetpack_memberships_contains_paid_content":false,"footnotes":"","jetpack_publicize_message":"","jetpack_publicize_feature_enabled":true,"jetpack_social_post_already_shared":true,"jetpack_social_options":{"image_generator_settings":{"template":"highway","default_image_id":0,"font":"","enabled":false},"version":2}},"categories":[20],"tags":[1758,2344,41,2862,479,169,684],"class_list":["post-8176","post","type-post","status-publish","format-standard","has-post-thumbnail","hentry","category-climat","tag-benoit-rittaud","tag-bulle-climatique","tag-climat","tag-conference","tag-peur","tag-rechauffement-climatique","tag-video","wpcat-20-id"],"jetpack_publicize_connections":[],"jetpack_featured_media_url":"https:\/\/i0.wp.com\/www.laterredufutur.com\/accueil\/wp-content\/uploads\/2015\/05\/benoit-rittaud.jpg?fit=700%2C378&ssl=1","jetpack_shortlink":"https:\/\/wp.me\/p631RN-27S","jetpack-related-posts":[{"id":6817,"url":"https:\/\/www.laterredufutur.com\/accueil\/la-vision-de-benoit-rittaud-sur-le-climat-et-la-science\/","url_meta":{"origin":8176,"position":0},"title":"La vision de Beno\u00eet Rittaud sur le climat et la science","author":"Admin","date":"22 mai 2015","format":false,"excerpt":"Ici un entretien vid\u00e9o avec Benoit Rittaud :\u00a0\"La science n'a pas besoin d'un porte voix pour avancer. Nous avons un m\u00e9lange entre le vrai et le faux. On cherche le bien\u00a0et cela ne peut pas \u00eatre de la science. En observant, l'Histoire, cette science va vers un \u00e9chec\". \u00a0 https:\/\/www.youtube.com\/watch?feature=player_embedded&v=_nBUO1KR9AA\u2026","rel":"","context":"Dans &quot;Climat&quot;","block_context":{"text":"Climat","link":"https:\/\/www.laterredufutur.com\/accueil\/sujets\/climat\/"},"img":{"alt_text":"","src":"https:\/\/i0.wp.com\/www.laterredufutur.com\/accueil\/wp-content\/uploads\/2015\/05\/benoit-rittaud.jpg?fit=700%2C378&ssl=1&resize=350%2C200","width":350,"height":200,"srcset":"https:\/\/i0.wp.com\/www.laterredufutur.com\/accueil\/wp-content\/uploads\/2015\/05\/benoit-rittaud.jpg?fit=700%2C378&ssl=1&resize=350%2C200 1x, https:\/\/i0.wp.com\/www.laterredufutur.com\/accueil\/wp-content\/uploads\/2015\/05\/benoit-rittaud.jpg?fit=700%2C378&ssl=1&resize=525%2C300 1.5x, https:\/\/i0.wp.com\/www.laterredufutur.com\/accueil\/wp-content\/uploads\/2015\/05\/benoit-rittaud.jpg?fit=700%2C378&ssl=1&resize=700%2C400 2x"},"classes":[]},{"id":1402,"url":"https:\/\/www.laterredufutur.com\/accueil\/le-rechauffement-climatique-sest-arrete\/","url_meta":{"origin":8176,"position":1},"title":"Le r\u00e9chauffement climatique s&rsquo;est arr\u00e9t\u00e9","author":"Admin","date":"21 mai 2013","format":false,"excerpt":"Emission de la 5eme chaine du 20 mais 2013. Cette \u00e9mission fait suite au pic historique mondial du CO2 qui a atteint les 400ppm. Le r\u00e9chauffement climatique s'est arr\u00eat\u00e9 avec 2 intervenants de poids : Benoit Ritaud et Jean Jouzel. Benoit Rittaud expose avec une tr\u00e8s grande clart\u00e9 l'arr\u00eat du\u2026","rel":"","context":"Dans &quot;Climat&quot;","block_context":{"text":"Climat","link":"https:\/\/www.laterredufutur.com\/accueil\/sujets\/climat\/"},"img":{"alt_text":"benoit rittaud","src":"https:\/\/i0.wp.com\/www.laterredufutur.com\/wordpress\/wp-content\/uploads\/2013\/05\/benoit-rittaud.jpg?resize=350%2C200","width":350,"height":200},"classes":[]},{"id":9681,"url":"https:\/\/www.laterredufutur.com\/accueil\/le-climato-scepticisme-a-t-on-de-bonnes-raisons-de-douter-de-la-responsabilite-humaine-dans-le-changement-climatique\/","url_meta":{"origin":8176,"position":2},"title":"Le climato-scepticisme. A-t-on de bonnes raisons de douter de la responsabilit\u00e9 humaine dans le changement climatique ?","author":"Admin","date":"30 novembre 2015","format":false,"excerpt":"Le climato-scepticisme. A-t-on de bonnes raisons de douter de la responsabilit\u00e9 humaine dans le changement climatique ? Emission Radio sur Europe 1 avec Benoit Rittaud. Le climato-scepticisme. A-t-on de bonnes raisons de douter de la responsabilit\u00e9 humaine dans le changement climatique ?","rel":"","context":"Dans &quot;Climat&quot;","block_context":{"text":"Climat","link":"https:\/\/www.laterredufutur.com\/accueil\/sujets\/climat\/"},"img":{"alt_text":"","src":"https:\/\/i0.wp.com\/www.laterredufutur.com\/accueil\/wp-content\/uploads\/2015\/05\/benoit-rittaud.jpg?fit=700%2C378&ssl=1&resize=350%2C200","width":350,"height":200,"srcset":"https:\/\/i0.wp.com\/www.laterredufutur.com\/accueil\/wp-content\/uploads\/2015\/05\/benoit-rittaud.jpg?fit=700%2C378&ssl=1&resize=350%2C200 1x, https:\/\/i0.wp.com\/www.laterredufutur.com\/accueil\/wp-content\/uploads\/2015\/05\/benoit-rittaud.jpg?fit=700%2C378&ssl=1&resize=525%2C300 1.5x, https:\/\/i0.wp.com\/www.laterredufutur.com\/accueil\/wp-content\/uploads\/2015\/05\/benoit-rittaud.jpg?fit=700%2C378&ssl=1&resize=700%2C400 2x"},"classes":[]},{"id":16051,"url":"https:\/\/www.laterredufutur.com\/accueil\/le-climat-se-refroidit-depuis-7000-ans-selon-john-goetelen\/","url_meta":{"origin":8176,"position":3},"title":"Le climat se refroidit depuis 7000 ans selon John Goetelen","author":"Admin","date":"22 novembre 2017","format":false,"excerpt":"Le r\u00e9chauffement actuel n\u2019est qu\u2019un sous-cycle dans la tendance g\u00e9n\u00e9rale \u00e0 long terme de l\u2019holoc\u00e8ne. Il est peu significatif quand on le compare aux dix derniers mill\u00e9naires. Et il est bienvenu. Car nous sortons d\u2019une des p\u00e9riodes les plus froides depuis la derni\u00e8re glaciation. Politisation Comment le sait-on? Par la\u2026","rel":"","context":"Dans &quot;Climat&quot;","block_context":{"text":"Climat","link":"https:\/\/www.laterredufutur.com\/accueil\/sujets\/climat\/"},"img":{"alt_text":"","src":"https:\/\/i0.wp.com\/www.laterredufutur.com\/accueil\/wp-content\/uploads\/2017\/11\/temperatures-depuis-10000ans.png?fit=989%2C664&ssl=1&resize=350%2C200","width":350,"height":200,"srcset":"https:\/\/i0.wp.com\/www.laterredufutur.com\/accueil\/wp-content\/uploads\/2017\/11\/temperatures-depuis-10000ans.png?fit=989%2C664&ssl=1&resize=350%2C200 1x, https:\/\/i0.wp.com\/www.laterredufutur.com\/accueil\/wp-content\/uploads\/2017\/11\/temperatures-depuis-10000ans.png?fit=989%2C664&ssl=1&resize=525%2C300 1.5x, https:\/\/i0.wp.com\/www.laterredufutur.com\/accueil\/wp-content\/uploads\/2017\/11\/temperatures-depuis-10000ans.png?fit=989%2C664&ssl=1&resize=700%2C400 2x"},"classes":[]},{"id":8074,"url":"https:\/\/www.laterredufutur.com\/accueil\/lancement-du-collectif-des-climato-realistes\/","url_meta":{"origin":8176,"position":4},"title":"Lancement du Collectif des climato-r\u00e9alistes","author":"Admin","date":"7 septembre 2015","format":false,"excerpt":"La Terre du Futur va apporter son soutien dans les prochaines heures... \u00c0 l\u2019approche de la conf\u00e9rence de Paris qui accueillera en d\u00e9cembre les repr\u00e9sentants de tous les pays pour lutter contre l\u2019\u00e9volution du climat, nombreux sont ceux, individus et associations, qui souhaitent exprimer leur pr\u00e9occupation devant la propagande actuelle\u2026","rel":"","context":"Dans &quot;Climat&quot;","block_context":{"text":"Climat","link":"https:\/\/www.laterredufutur.com\/accueil\/sujets\/climat\/"},"img":{"alt_text":"","src":"https:\/\/i0.wp.com\/www.laterredufutur.com\/accueil\/wp-content\/uploads\/2015\/01\/laterredufutur.com_photos_climat-refroidissement-2014-1.jpg?fit=450%2C235&ssl=1&resize=350%2C200","width":350,"height":200},"classes":[]},{"id":2281,"url":"https:\/\/www.laterredufutur.com\/accueil\/accord-chine-etats-unis-sur-le-climat-aussi-vide-que-les-precedents\/","url_meta":{"origin":8176,"position":5},"title":"Accord Chine \/ \u00c9tats-Unis sur le climat, aussi vide que les pr\u00e9c\u00e9dents","author":"Admin","date":"18 novembre 2014","format":false,"excerpt":"LE PLUS. Un accord si ambitieux ? Ce mercredi Barack Obama et Xi Jinping ont annonc\u00e9 leur volont\u00e9 de mener conjointement un programme de r\u00e9duction de leurs \u00e9missions de gaz \u00e0 effet de serre. Que contient cet accord ? Est-il si historique ? L'analyse de Beno\u00eet Rittaud, math\u00e9maticien.","rel":"","context":"Dans &quot;Climat&quot;","block_context":{"text":"Climat","link":"https:\/\/www.laterredufutur.com\/accueil\/sujets\/climat\/"},"img":{"alt_text":"","src":"","width":0,"height":0},"classes":[]}],"jetpack_sharing_enabled":true,"_links":{"self":[{"href":"https:\/\/www.laterredufutur.com\/accueil\/wp-json\/wp\/v2\/posts\/8176","targetHints":{"allow":["GET"]}}],"collection":[{"href":"https:\/\/www.laterredufutur.com\/accueil\/wp-json\/wp\/v2\/posts"}],"about":[{"href":"https:\/\/www.laterredufutur.com\/accueil\/wp-json\/wp\/v2\/types\/post"}],"author":[{"embeddable":true,"href":"https:\/\/www.laterredufutur.com\/accueil\/wp-json\/wp\/v2\/users\/1"}],"replies":[{"embeddable":true,"href":"https:\/\/www.laterredufutur.com\/accueil\/wp-json\/wp\/v2\/comments?post=8176"}],"version-history":[{"count":1,"href":"https:\/\/www.laterredufutur.com\/accueil\/wp-json\/wp\/v2\/posts\/8176\/revisions"}],"predecessor-version":[{"id":8177,"href":"https:\/\/www.laterredufutur.com\/accueil\/wp-json\/wp\/v2\/posts\/8176\/revisions\/8177"}],"wp:featuredmedia":[{"embeddable":true,"href":"https:\/\/www.laterredufutur.com\/accueil\/wp-json\/wp\/v2\/media\/6818"}],"wp:attachment":[{"href":"https:\/\/www.laterredufutur.com\/accueil\/wp-json\/wp\/v2\/media?parent=8176"}],"wp:term":[{"taxonomy":"category","embeddable":true,"href":"https:\/\/www.laterredufutur.com\/accueil\/wp-json\/wp\/v2\/categories?post=8176"},{"taxonomy":"post_tag","embeddable":true,"href":"https:\/\/www.laterredufutur.com\/accueil\/wp-json\/wp\/v2\/tags?post=8176"}],"curies":[{"name":"wp","href":"https:\/\/api.w.org\/{rel}","templated":true}]}}