{"id":7847,"date":"2015-08-19T00:00:48","date_gmt":"2015-08-18T22:00:48","guid":{"rendered":"http:\/\/www.laterredufutur.com\/accueil\/?p=7847"},"modified":"2015-08-09T16:26:46","modified_gmt":"2015-08-09T14:26:46","slug":"planete-terre-la-terre-des-hommes","status":"publish","type":"post","link":"https:\/\/www.laterredufutur.com\/accueil\/planete-terre-la-terre-des-hommes\/","title":{"rendered":"Plan\u00e8te Terre &#8211; La Terre des Hommes"},"content":{"rendered":"<div class=\"1665f18d14f35dd9e7566e1a8ac9a3e9\" data-index=\"1\" style=\"float: none; margin:10px 0 10px 0; text-align:center;\">\n<script async src=\"https:\/\/pagead2.googlesyndication.com\/pagead\/js\/adsbygoogle.js\"><\/script>\r\n<ins class=\"adsbygoogle\"\r\n     style=\"display:block; text-align:center;\"\r\n     data-ad-layout=\"in-article\"\r\n     data-ad-format=\"fluid\"\r\n     data-ad-client=\"ca-pub-2860849627502538\"\r\n     data-ad-slot=\"3019501113\"><\/ins>\r\n<script>\r\n     (adsbygoogle = window.adsbygoogle || []).push({});\r\n<\/script>\n<\/div>\n<p>Au cours de ses 4,6 milliards d&rsquo;ann\u00e9es de vie, la Terre a connu de grands bouleversements provoqu\u00e9s par des chocs avec des objets venants de l&rsquo;espace ou lors des soubresauts de son noyau interne.<br \/>\nC&rsquo;est pourtant sur cette plan\u00e8te que la vie est apparue et s&rsquo;est lentement transform\u00e9e, malgr\u00e9 tous les cataclysmes, pour donner naissance \u00e0 l&rsquo;esp\u00e8ce humaine.<br \/>\nSix \u00e9missions retracent le long chemin de la vie depuis la formation de la Terre jusqu&rsquo;\u00e0 aujourd&rsquo;hui.<\/p>\n<p>Episode 6 &#8211; La Terre des hommes :<\/p>\n<p><span class=\"embed-youtube\" style=\"text-align:center; display: block;\"><iframe loading=\"lazy\" class=\"youtube-player\" width=\"640\" height=\"360\" src=\"https:\/\/www.youtube.com\/embed\/LD1i72mXm2w?version=3&#038;rel=1&#038;showsearch=0&#038;showinfo=1&#038;iv_load_policy=1&#038;fs=1&#038;hl=fr-FR&#038;autohide=2&#038;wmode=transparent\" allowfullscreen=\"true\" style=\"border:0;\" sandbox=\"allow-scripts allow-same-origin allow-popups allow-presentation allow-popups-to-escape-sandbox\"><\/iframe><\/span><\/p><div class=\"1665f18d14f35dd9e7566e1a8ac9a3e9\" data-index=\"2\" style=\"float: none; margin:10px 0 10px 0; text-align:center;\">\n<script async src=\"https:\/\/pagead2.googlesyndication.com\/pagead\/js\/adsbygoogle.js\"><\/script>\r\n<ins class=\"adsbygoogle\"\r\n     style=\"display:block; text-align:center;\"\r\n     data-ad-layout=\"in-article\"\r\n     data-ad-format=\"fluid\"\r\n     data-ad-client=\"ca-pub-2860849627502538\"\r\n     data-ad-slot=\"3019501113\"><\/ins>\r\n<script>\r\n     (adsbygoogle = window.adsbygoogle || []).push({});\r\n<\/script>\n<\/div>\n\n<p>La derni\u00e8re grande p\u00e9riode de l&rsquo;histoire de la plan\u00e8te est celle de l&rsquo;\u00e9mergence et de l&rsquo;\u00e9volution des hominid\u00e9s. C&rsquo;est une aventure qui commence il y a plus de sept millions d&rsquo;ann\u00e9es, une dur\u00e9e insignifiante au regard de l&rsquo;\u00e2ge de la Terre. A cette \u00e9poque, les hominid\u00e9s se distinguent \u00e0 peine des autres grands primates. Au cours des millions d&rsquo;ann\u00e9es qui suivent, l&rsquo;\u00e9volution fait son \u0153uvre et les hominid\u00e9s se diversifient en plusieurs esp\u00e8ces. Deux groupes se dessinent : celui des hominid\u00e9s herbivores, de petite taille, et celui des carnivores, plus grands. Ces derniers survivent et sont les anc\u00eatres de l&rsquo;Homo sapiens.<\/p>\n<p class=\"bawpvc-ajax-counter\" data-id=\"7847\">(429)<\/p>\n<!--CusAds0-->\n<div style=\"font-size: 0px; height: 0px; line-height: 0px; margin: 0; padding: 0; clear: both;\"><\/div>","protected":false},"excerpt":{"rendered":"<p>Au cours de ses 4,6 milliards d&rsquo;ann\u00e9es de vie, la Terre a connu de grands bouleversements provoqu\u00e9s par des chocs&#8230;<\/p>\n","protected":false},"author":1,"featured_media":1783,"comment_status":"open","ping_status":"open","sticky":false,"template":"","format":"standard","meta":{"_exactmetrics_skip_tracking":false,"_exactmetrics_sitenote_active":false,"_exactmetrics_sitenote_note":"","_exactmetrics_sitenote_category":0,"ngg_post_thumbnail":0,"jetpack_post_was_ever_published":false,"_jetpack_newsletter_access":"","_jetpack_dont_email_post_to_subs":false,"_jetpack_newsletter_tier_id":0,"_jetpack_memberships_contains_paywalled_content":false,"_jetpack_memberships_contains_paid_content":false,"footnotes":"","jetpack_publicize_message":"","jetpack_publicize_feature_enabled":true,"jetpack_social_post_already_shared":true,"jetpack_social_options":{"image_generator_settings":{"template":"highway","default_image_id":0,"font":"","enabled":false},"version":2}},"categories":[33,19],"tags":[1710,915,355,511,728,75,684],"class_list":["post-7847","post","type-post","status-publish","format-standard","has-post-thumbnail","hentry","category-archeologie","category-seismes-et-volcans","tag-creation","tag-documentaire","tag-evolution","tag-homme","tag-humains","tag-terre","tag-video","wpcat-33-id","wpcat-19-id"],"jetpack_publicize_connections":[],"jetpack_featured_media_url":"https:\/\/i0.wp.com\/www.laterredufutur.com\/accueil\/wp-content\/uploads\/2014\/01\/homme-7000ans-europe.jpg?fit=450%2C498&ssl=1","jetpack_shortlink":"https:\/\/wp.me\/p631RN-22z","jetpack-related-posts":[{"id":26742,"url":"https:\/\/www.laterredufutur.com\/accueil\/un-nouveau-modele-suggere-quune-vie-intelligente-est-beaucoup-plus-probable-selon-les-mondes\/","url_meta":{"origin":7847,"position":0},"title":"Un nouveau mod\u00e8le sugg\u00e8re qu&rsquo;une vie intelligente est beaucoup plus probable selon les mondes","author":"Admin","date":"5 mars 2025","format":false,"excerpt":"Pendant des d\u00e9cennies, les scientifiques ont suppos\u00e9 que la vie sur Terre \u00e9tait apparue \u00e0 la suite d'une s\u00e9rie de hasards hautement improbables. Mais une nouvelle th\u00e9orie sugg\u00e8re qu'elle est peut-\u00eatre arriv\u00e9e juste \u00e0 temps. Un nouveau mod\u00e8le sugg\u00e8re que l'\u00e9mergence de la vie humaine n'\u00e9tait peut-\u00eatre pas aussi improbable\u2026","rel":"","context":"Dans &quot;Monde Futur&quot;","block_context":{"text":"Monde Futur","link":"https:\/\/www.laterredufutur.com\/accueil\/sujets\/monde-futur\/"},"img":{"alt_text":"","src":"https:\/\/i0.wp.com\/www.laterredufutur.com\/accueil\/wp-content\/uploads\/2016\/02\/evolution-humaine-3.jpg?fit=650%2C455&ssl=1&resize=350%2C200","width":350,"height":200,"srcset":"https:\/\/i0.wp.com\/www.laterredufutur.com\/accueil\/wp-content\/uploads\/2016\/02\/evolution-humaine-3.jpg?fit=650%2C455&ssl=1&resize=350%2C200 1x, https:\/\/i0.wp.com\/www.laterredufutur.com\/accueil\/wp-content\/uploads\/2016\/02\/evolution-humaine-3.jpg?fit=650%2C455&ssl=1&resize=525%2C300 1.5x"},"classes":[]},{"id":7845,"url":"https:\/\/www.laterredufutur.com\/accueil\/planete-terre-evoluer-pour-survivre\/","url_meta":{"origin":7847,"position":1},"title":"Plan\u00e8te Terre &#8211; Evoluer Pour Survivre","author":"Admin","date":"17 ao\u00fbt 2015","format":false,"excerpt":"Au cours de ses 4,6 milliards d'ann\u00e9es de vie, la Terre a connu de grands bouleversements provoqu\u00e9s par des chocs avec des objets venants de l'espace ou lors des soubresauts de son noyau interne. C'est pourtant sur cette plan\u00e8te que la vie est apparue et s'est lentement transform\u00e9e, malgr\u00e9 tous\u2026","rel":"","context":"Dans &quot;Seismes\/Volcans&quot;","block_context":{"text":"Seismes\/Volcans","link":"https:\/\/www.laterredufutur.com\/accueil\/sujets\/seismes-et-volcans\/"},"img":{"alt_text":"","src":"https:\/\/i0.wp.com\/www.laterredufutur.com\/accueil\/wp-content\/uploads\/2015\/04\/terre_vue_de_la_lune.jpg?fit=690%2C439&ssl=1&resize=350%2C200","width":350,"height":200,"srcset":"https:\/\/i0.wp.com\/www.laterredufutur.com\/accueil\/wp-content\/uploads\/2015\/04\/terre_vue_de_la_lune.jpg?fit=690%2C439&ssl=1&resize=350%2C200 1x, https:\/\/i0.wp.com\/www.laterredufutur.com\/accueil\/wp-content\/uploads\/2015\/04\/terre_vue_de_la_lune.jpg?fit=690%2C439&ssl=1&resize=525%2C300 1.5x"},"classes":[]},{"id":6181,"url":"https:\/\/www.laterredufutur.com\/accueil\/lodyssee-des-origines\/","url_meta":{"origin":7847,"position":2},"title":"L&rsquo;Odyss\u00e9e Des Origines","author":"Admin","date":"28 avril 2015","format":false,"excerpt":"Au cours de ses 4,6 milliards d'ann\u00e9es de vie, la Terre a connu de grands bouleversements provoqu\u00e9s par des chocs avec des objets venant de l'espace ou lors des soubresauts de son noyau interne. C'est pourtant sur cette plan\u00e8te que la vie est apparue et s'est lentement transform\u00e9e, malgr\u00e9 tous\u2026","rel":"","context":"Dans &quot;Arch\u00e9ologie&quot;","block_context":{"text":"Arch\u00e9ologie","link":"https:\/\/www.laterredufutur.com\/accueil\/sujets\/archeologie\/"},"img":{"alt_text":"","src":"https:\/\/i0.wp.com\/www.laterredufutur.com\/accueil\/wp-content\/uploads\/2015\/04\/terre-origine.jpg?fit=922%2C768&ssl=1&resize=350%2C200","width":350,"height":200,"srcset":"https:\/\/i0.wp.com\/www.laterredufutur.com\/accueil\/wp-content\/uploads\/2015\/04\/terre-origine.jpg?fit=922%2C768&ssl=1&resize=350%2C200 1x, https:\/\/i0.wp.com\/www.laterredufutur.com\/accueil\/wp-content\/uploads\/2015\/04\/terre-origine.jpg?fit=922%2C768&ssl=1&resize=525%2C300 1.5x, https:\/\/i0.wp.com\/www.laterredufutur.com\/accueil\/wp-content\/uploads\/2015\/04\/terre-origine.jpg?fit=922%2C768&ssl=1&resize=700%2C400 2x"},"classes":[]},{"id":1027,"url":"https:\/\/www.laterredufutur.com\/accueil\/une-vie-apres-lhomme\/","url_meta":{"origin":7847,"position":3},"title":"Une vie apres l&rsquo;homme","author":"Admin","date":"26 ao\u00fbt 2012","format":false,"excerpt":"Que deviendrait la Terre si l'esp\u00e8ce humaine disparaissait ? Des astrophysiciens, des ing\u00e9nieurs, des biologistes, des g\u00e9ochimistes et d'autres sp\u00e9cialistes aident \u00e0 imaginer la vie sur la plan\u00e8te bleue sans l'\u00eatre humain. Des images de synth\u00e8se donnent \u00e0 voir cette \u00e8re futuriste, o\u00f9 les eaux engloutiraient les r\u00e9seaux m\u00e9tropolitains, o\u00f9\u2026","rel":"","context":"Dans &quot;Divers&quot;","block_context":{"text":"Divers","link":"https:\/\/www.laterredufutur.com\/accueil\/sujets\/divers\/"},"img":{"alt_text":"terre sans l'homme","src":"https:\/\/i0.wp.com\/www.laterredufutur.com\/wordpress\/wp-content\/uploads\/2012\/08\/terre-sans-lhomme.jpg?resize=350%2C200","width":350,"height":200},"classes":[]},{"id":2703,"url":"https:\/\/www.laterredufutur.com\/accueil\/objectif-mars\/","url_meta":{"origin":7847,"position":4},"title":"Objectif Mars","author":"Admin","date":"20 f\u00e9vrier 2005","format":false,"excerpt":"On est en 2250. Le r\u00eave des hommes s'est enfin r\u00e9alis\u00e9. Mars la rouge est devenue Mars la bleue. L'atmosph\u00e8re est \u00e9paisse et respirable. Les hommes n'ont plus besoin de combinaisons pressuris\u00e9es ni de masques respiratoires pour se promener \u00e0 la surface de Mars. L'eau liquide coule \u00e0 nouveau dans\u2026","rel":"","context":"Dans &quot;Espace&quot;","block_context":{"text":"Espace","link":"https:\/\/www.laterredufutur.com\/accueil\/sujets\/espace\/"},"img":{"alt_text":"","src":"https:\/\/i0.wp.com\/www.laterredufutur.com\/spaw\/images\/piedmars.gif?resize=350%2C200","width":350,"height":200},"classes":[]},{"id":6283,"url":"https:\/\/www.laterredufutur.com\/accueil\/la-planete-vie-au-dessus-de-ses-moyens-ecologiques-vers-une-catastrophe-sans-precedent\/","url_meta":{"origin":7847,"position":5},"title":"La plan\u00e8te vie au dessus de ses moyens \u00e9cologiques, vers une catastrophe sans pr\u00e9c\u00e9dent","author":"Admin","date":"2 mai 2015","format":false,"excerpt":"La vitesse \u00e0 laquelle l'humanit\u00e9 dilapide le capital \u00e9cologique de la plan\u00e8te n'a cess\u00e9 d'augmenter, ces derni\u00e8res ann\u00e9es. Aujourd'hui, l'homme est en mesure de faire basculer le destin de la Terre vers la catastrophe. Le 18 ao\u00fbt 2014. On aimerait pouvoir dire que cette date marque un tournant dans l\u2019histoire\u2026","rel":"","context":"Dans &quot;Ecologie&quot;","block_context":{"text":"Ecologie","link":"https:\/\/www.laterredufutur.com\/accueil\/sujets\/ecologie\/"},"img":{"alt_text":"","src":"https:\/\/i0.wp.com\/www.laterredufutur.com\/accueil\/wp-content\/uploads\/2015\/04\/terre4.jpg?fit=900%2C431&ssl=1&resize=350%2C200","width":350,"height":200,"srcset":"https:\/\/i0.wp.com\/www.laterredufutur.com\/accueil\/wp-content\/uploads\/2015\/04\/terre4.jpg?fit=900%2C431&ssl=1&resize=350%2C200 1x, https:\/\/i0.wp.com\/www.laterredufutur.com\/accueil\/wp-content\/uploads\/2015\/04\/terre4.jpg?fit=900%2C431&ssl=1&resize=525%2C300 1.5x, https:\/\/i0.wp.com\/www.laterredufutur.com\/accueil\/wp-content\/uploads\/2015\/04\/terre4.jpg?fit=900%2C431&ssl=1&resize=700%2C400 2x"},"classes":[]}],"jetpack_sharing_enabled":true,"_links":{"self":[{"href":"https:\/\/www.laterredufutur.com\/accueil\/wp-json\/wp\/v2\/posts\/7847","targetHints":{"allow":["GET"]}}],"collection":[{"href":"https:\/\/www.laterredufutur.com\/accueil\/wp-json\/wp\/v2\/posts"}],"about":[{"href":"https:\/\/www.laterredufutur.com\/accueil\/wp-json\/wp\/v2\/types\/post"}],"author":[{"embeddable":true,"href":"https:\/\/www.laterredufutur.com\/accueil\/wp-json\/wp\/v2\/users\/1"}],"replies":[{"embeddable":true,"href":"https:\/\/www.laterredufutur.com\/accueil\/wp-json\/wp\/v2\/comments?post=7847"}],"version-history":[{"count":2,"href":"https:\/\/www.laterredufutur.com\/accueil\/wp-json\/wp\/v2\/posts\/7847\/revisions"}],"predecessor-version":[{"id":7948,"href":"https:\/\/www.laterredufutur.com\/accueil\/wp-json\/wp\/v2\/posts\/7847\/revisions\/7948"}],"wp:featuredmedia":[{"embeddable":true,"href":"https:\/\/www.laterredufutur.com\/accueil\/wp-json\/wp\/v2\/media\/1783"}],"wp:attachment":[{"href":"https:\/\/www.laterredufutur.com\/accueil\/wp-json\/wp\/v2\/media?parent=7847"}],"wp:term":[{"taxonomy":"category","embeddable":true,"href":"https:\/\/www.laterredufutur.com\/accueil\/wp-json\/wp\/v2\/categories?post=7847"},{"taxonomy":"post_tag","embeddable":true,"href":"https:\/\/www.laterredufutur.com\/accueil\/wp-json\/wp\/v2\/tags?post=7847"}],"curies":[{"name":"wp","href":"https:\/\/api.w.org\/{rel}","templated":true}]}}