{"id":7309,"date":"2015-06-10T18:57:53","date_gmt":"2015-06-10T16:57:53","guid":{"rendered":"http:\/\/www.laterredufutur.com\/accueil\/?p=7309"},"modified":"2026-06-08T21:14:24","modified_gmt":"2026-06-08T19:14:24","slug":"temperatures-de-surface-exceptionnellement-chaudes-en-mediterranee","status":"publish","type":"post","link":"https:\/\/www.laterredufutur.com\/accueil\/temperatures-de-surface-exceptionnellement-chaudes-en-mediterranee\/","title":{"rendered":"Temp\u00e9ratures de surface exceptionnellement chaudes en M\u00e9diterran\u00e9e"},"content":{"rendered":"<div class=\"1665f18d14f35dd9e7566e1a8ac9a3e9\" data-index=\"1\" style=\"float: none; margin:10px 0 10px 0; text-align:center;\">\n<script async src=\"https:\/\/pagead2.googlesyndication.com\/pagead\/js\/adsbygoogle.js\"><\/script>\r\n<ins class=\"adsbygoogle\"\r\n     style=\"display:block; text-align:center;\"\r\n     data-ad-layout=\"in-article\"\r\n     data-ad-format=\"fluid\"\r\n     data-ad-client=\"ca-pub-2860849627502538\"\r\n     data-ad-slot=\"3019501113\"><\/ins>\r\n<script>\r\n     (adsbygoogle = window.adsbygoogle || []).push({});\r\n<\/script>\n<\/div>\n<p style=\"text-align: justify;\">Voici une carte des sst d&rsquo;aujourd&rsquo;hui. On constate une \u00e9l\u00e9vation importante des temp\u00e9ratures en M\u00e9diterran\u00e9e, jusqu&rsquo;\u00e0 +5\u00b0 par rapport aux moyennes. On se rappellera que la situation d&rsquo;une m\u00e9diterran\u00e9e surchauff\u00e9e est un facteur d&rsquo;importants \u00e9pisodes C\u00e9venol pendant l&rsquo;Automne. Ces temp\u00e9ratures sont pour l&rsquo;heure actuelle pr\u00e9coces pour la saison.<\/p>\n<p style=\"text-align: justify;\">On notera \u00e9galement \u00e0 contrario des anomalies n\u00e9gatives dans l&rsquo;oc\u00e9an Atlantique. Tout ceci pr\u00e9figure de la fra\u00eecheur sur le nord de la France et de l&rsquo;Europe, et de fortes chaleurs sur le sud. Cela pourrait \u00eatre \u00e9galement un facteur de situations orageuses (que l&rsquo;on observe d\u00e9j\u00e0). Tout ceci rappelle une situation comparable l&rsquo;automne dernier o\u00f9 nous observions des flux orient\u00e9s par le jet stream sur le sud de l&rsquo;Espagne, et qui remontaient sur la France. Ce qui nous avait donn\u00e9 de tr\u00e8s fortes pr\u00e9cipitations&#8230;.<\/p>\n<p style=\"text-align: justify;\">Jet Stream d&rsquo;ici samedi 13 juin 2015&nbsp;:<\/p>\n<p style=\"text-align: justify;\"><a href=\"https:\/\/i0.wp.com\/www.laterredufutur.com\/accueil\/wp-content\/uploads\/2015\/06\/jet-stream-13juin2015.png\"><img data-recalc-dims=\"1\" loading=\"lazy\" decoding=\"async\" data-attachment-id=\"7312\" data-permalink=\"https:\/\/www.laterredufutur.com\/accueil\/temperatures-de-surface-exceptionnellement-chaudes-en-mediterranee\/jet-stream-13juin2015\/\" data-orig-file=\"https:\/\/i0.wp.com\/www.laterredufutur.com\/accueil\/wp-content\/uploads\/2015\/06\/jet-stream-13juin2015.png?fit=840%2C680&amp;ssl=1\" data-orig-size=\"840,680\" data-comments-opened=\"1\" data-image-meta=\"{&quot;aperture&quot;:&quot;0&quot;,&quot;credit&quot;:&quot;&quot;,&quot;camera&quot;:&quot;&quot;,&quot;caption&quot;:&quot;&quot;,&quot;created_timestamp&quot;:&quot;0&quot;,&quot;copyright&quot;:&quot;&quot;,&quot;focal_length&quot;:&quot;0&quot;,&quot;iso&quot;:&quot;0&quot;,&quot;shutter_speed&quot;:&quot;0&quot;,&quot;title&quot;:&quot;&quot;,&quot;orientation&quot;:&quot;0&quot;}\" data-image-title=\"jet-stream-13juin2015\" data-image-description=\"\" data-image-caption=\"\" data-large-file=\"https:\/\/i0.wp.com\/www.laterredufutur.com\/accueil\/wp-content\/uploads\/2015\/06\/jet-stream-13juin2015.png?fit=800%2C648&amp;ssl=1\" class=\"alignnone size-full wp-image-7312\" src=\"https:\/\/i0.wp.com\/www.laterredufutur.com\/accueil\/wp-content\/uploads\/2015\/06\/jet-stream-13juin2015.png?resize=840%2C680\" alt=\"jet-stream-13juin2015\" width=\"840\" height=\"680\" srcset=\"https:\/\/i0.wp.com\/www.laterredufutur.com\/accueil\/wp-content\/uploads\/2015\/06\/jet-stream-13juin2015.png?w=840&amp;ssl=1 840w, https:\/\/i0.wp.com\/www.laterredufutur.com\/accueil\/wp-content\/uploads\/2015\/06\/jet-stream-13juin2015.png?resize=300%2C243&amp;ssl=1 300w, https:\/\/i0.wp.com\/www.laterredufutur.com\/accueil\/wp-content\/uploads\/2015\/06\/jet-stream-13juin2015.png?resize=800%2C648&amp;ssl=1 800w\" sizes=\"auto, (max-width: 840px) 100vw, 840px\" \/><\/a><\/p>\n<p style=\"text-align: justify;\">Carte des sst ce mercredi 10 juin 2015 :<\/p>\n<p style=\"text-align: justify;\"><a href=\"https:\/\/i0.wp.com\/www.laterredufutur.com\/accueil\/wp-content\/uploads\/2015\/06\/sst-europe-10juin2015.jpg\"><img data-recalc-dims=\"1\" loading=\"lazy\" decoding=\"async\" data-attachment-id=\"7310\" data-permalink=\"https:\/\/www.laterredufutur.com\/accueil\/temperatures-de-surface-exceptionnellement-chaudes-en-mediterranee\/sst-europe-10juin2015\/\" data-orig-file=\"https:\/\/i0.wp.com\/www.laterredufutur.com\/accueil\/wp-content\/uploads\/2015\/06\/sst-europe-10juin2015.jpg?fit=978%2C689&amp;ssl=1\" data-orig-size=\"978,689\" data-comments-opened=\"1\" data-image-meta=\"{&quot;aperture&quot;:&quot;0&quot;,&quot;credit&quot;:&quot;&quot;,&quot;camera&quot;:&quot;&quot;,&quot;caption&quot;:&quot;&quot;,&quot;created_timestamp&quot;:&quot;0&quot;,&quot;copyright&quot;:&quot;&quot;,&quot;focal_length&quot;:&quot;0&quot;,&quot;iso&quot;:&quot;0&quot;,&quot;shutter_speed&quot;:&quot;0&quot;,&quot;title&quot;:&quot;&quot;,&quot;orientation&quot;:&quot;0&quot;}\" data-image-title=\"sst-europe-10juin2015\" data-image-description=\"\" data-image-caption=\"\" data-large-file=\"https:\/\/i0.wp.com\/www.laterredufutur.com\/accueil\/wp-content\/uploads\/2015\/06\/sst-europe-10juin2015.jpg?fit=800%2C564&amp;ssl=1\" class=\"alignnone size-full wp-image-7310\" src=\"https:\/\/i0.wp.com\/www.laterredufutur.com\/accueil\/wp-content\/uploads\/2015\/06\/sst-europe-10juin2015.jpg?resize=978%2C689\" alt=\"sst-europe-10juin2015\" width=\"978\" height=\"689\" srcset=\"https:\/\/i0.wp.com\/www.laterredufutur.com\/accueil\/wp-content\/uploads\/2015\/06\/sst-europe-10juin2015.jpg?w=978&amp;ssl=1 978w, https:\/\/i0.wp.com\/www.laterredufutur.com\/accueil\/wp-content\/uploads\/2015\/06\/sst-europe-10juin2015.jpg?resize=300%2C211&amp;ssl=1 300w, https:\/\/i0.wp.com\/www.laterredufutur.com\/accueil\/wp-content\/uploads\/2015\/06\/sst-europe-10juin2015.jpg?resize=800%2C564&amp;ssl=1 800w, https:\/\/i0.wp.com\/www.laterredufutur.com\/accueil\/wp-content\/uploads\/2015\/06\/sst-europe-10juin2015.jpg?resize=900%2C634&amp;ssl=1 900w\" sizes=\"auto, (max-width: 978px) 100vw, 978px\" \/><\/a><\/p>\n<p style=\"text-align: justify;\"><a href=\"https:\/\/www.laterredufutur.com\/accueil\/\">TDF<\/a>&lt;\/ptomne. Ces temp\u00e9ratures sont pour l&rsquo;heure actuelle pr\u00e9coces pour la saison.<\/p>\n<p style=\"text-align: justify;\">On notera \u00e9galement \u00e0 contrario des anomalies n\u00e9gatives dans l&rsquo;oc\u00e9an Atlantique. Tout ceci pr\u00e9figure de la fra\u00eecheur sur le nord de la France et de l&rsquo;Europe, et de fortes chaleurs sur le sud. Cela pourrait \u00eatre \u00e9galement un facteur de situations orageuses (que l&rsquo;on observe d\u00e9j\u00e0). Tout ceci rappelle une situation comparable l&rsquo;automne dernier o\u00f9 nous observions des flux orient\u00e9s par le jet stream sur le sud de l&rsquo;Espagne, et qui remontaient sur la France. Ce qui nous avait donn\u00e9 de tr\u00e8s fortes pr\u00e9cipitations&#8230;.<\/p>\n<p style=\"text-align: justify;\">Jet Stream d&rsquo;ici samedi 13 juin 2015&nbsp;:<\/p>\n<p style=\"text-align: justify;\"><a href=\"https:\/\/i0.wp.com\/www.laterredufutur.com\/accueil\/wp-content\/uploads\/2015\/06\/jet-stream-13juin2015.png\"><img data-recalc-dims=\"1\" loading=\"lazy\" decoding=\"async\" data-attachment-id=\"7312\" data-permalink=\"https:\/\/www.laterredufutur.com\/accueil\/temperatures-de-surface-exceptionnellement-chaudes-en-mediterranee\/jet-stream-13juin2015\/\" data-orig-file=\"https:\/\/i0.wp.com\/www.laterredufutur.com\/accueil\/wp-content\/uploads\/2015\/06\/jet-stream-13juin2015.png?fit=840%2C680&amp;ssl=1\" data-orig-size=\"840,680\" data-comments-opened=\"1\" data-image-meta=\"{&quot;aperture&quot;:&quot;0&quot;,&quot;credit&quot;:&quot;&quot;,&quot;camera&quot;:&quot;&quot;,&quot;caption&quot;:&quot;&quot;,&quot;created_timestamp&quot;:&quot;0&quot;,&quot;copyright&quot;:&quot;&quot;,&quot;focal_length&quot;:&quot;0&quot;,&quot;iso&quot;:&quot;0&quot;,&quot;shutter_speed&quot;:&quot;0&quot;,&quot;title&quot;:&quot;&quot;,&quot;orientation&quot;:&quot;0&quot;}\" data-image-title=\"jet-stream-13juin2015\" data-image-description=\"\" data-image-caption=\"\" data-large-file=\"https:\/\/i0.wp.com\/www.laterredufutur.com\/accueil\/wp-content\/uploads\/2015\/06\/jet-stream-13juin2015.png?fit=800%2C648&amp;ssl=1\" class=\"alignnone size-full wp-image-7312\" src=\"https:\/\/i0.wp.com\/www.laterredufutur.com\/accueil\/wp-content\/uploads\/2015\/06\/jet-stream-13juin2015.png?resize=840%2C680\" alt=\"jet-stream-13juin2015\" width=\"840\" height=\"680\" srcset=\"https:\/\/i0.wp.com\/www.laterredufutur.com\/accueil\/wp-content\/uploads\/2015\/06\/jet-stream-13juin2015.png?w=840&amp;ssl=1 840w, https:\/\/i0.wp.com\/www.laterredufutur.com\/accueil\/wp-content\/uploads\/2015\/06\/jet-stream-13juin2015.png?resize=300%2C243&amp;ssl=1 300w, https:\/\/i0.wp.com\/www.laterredufutur.com\/accueil\/wp-content\/uploads\/2015\/06\/jet-stream-13juin2015.png?resize=800%2C648&amp;ssl=1 800w\" sizes=\"auto, (max-width: 840px) 100vw, 840px\" \/><\/a><\/p>\n<p style=\"text-align: justify;\">Carte des sst ce mercredi 10 juin 2015 :<\/p>\n<p style=\"text-align: justify;\"><a href=\"https:\/\/i0.wp.com\/www.laterredufutur.com\/accueil\/wp-content\/uploads\/2015\/06\/sst-europe-10juin2015.jpg\"><img data-recalc-dims=\"1\" loading=\"lazy\" decoding=\"async\" data-attachment-id=\"7310\" data-permalink=\"https:\/\/www.laterredufutur.com\/accueil\/temperatures-de-surface-exceptionnellement-chaudes-en-mediterranee\/sst-europe-10juin2015\/\" data-orig-file=\"https:\/\/i0.wp.com\/www.laterredufutur.com\/accueil\/wp-content\/uploads\/2015\/06\/sst-europe-10juin2015.jpg?fit=978%2C689&amp;ssl=1\" data-orig-size=\"978,689\" data-comments-opened=\"1\" data-image-meta=\"{&quot;aperture&quot;:&quot;0&quot;,&quot;credit&quot;:&quot;&quot;,&quot;camera&quot;:&quot;&quot;,&quot;caption&quot;:&quot;&quot;,&quot;created_timestamp&quot;:&quot;0&quot;,&quot;copyright&quot;:&quot;&quot;,&quot;focal_length&quot;:&quot;0&quot;,&quot;iso&quot;:&quot;0&quot;,&quot;shutter_speed&quot;:&quot;0&quot;,&quot;title&quot;:&quot;&quot;,&quot;orientation&quot;:&quot;0&quot;}\" data-image-title=\"sst-europe-10juin2015\" data-image-description=\"\" data-image-caption=\"\" data-large-file=\"https:\/\/i0.wp.com\/www.laterredufutur.com\/accueil\/wp-content\/uploads\/2015\/06\/sst-europe-10juin2015.jpg?fit=800%2C564&amp;ssl=1\" class=\"alignnone size-full wp-image-7310\" src=\"https:\/\/i0.wp.com\/www.laterredufutur.com\/accueil\/wp-content\/uploads\/2015\/06\/sst-europe-10juin2015.jpg?resize=978%2C689\" alt=\"sst-europe-10juin2015\" width=\"978\" height=\"689\" srcset=\"https:\/\/i0.wp.com\/www.laterredufutur.com\/accueil\/wp-content\/uploads\/2015\/06\/sst-europe-10juin2015.jpg?w=978&amp;ssl=1 978w, https:\/\/i0.wp.com\/www.laterredufutur.com\/accueil\/wp-content\/uploads\/2015\/06\/sst-europe-10juin2015.jpg?resize=300%2C211&amp;ssl=1 300w, https:\/\/i0.wp.com\/www.laterredufutur.com\/accueil\/wp-content\/uploads\/2015\/06\/sst-europe-10juin2015.jpg?resize=800%2C564&amp;ssl=1 800w, https:\/\/i0.wp.com\/www.laterredufutur.com\/accueil\/wp-content\/uploads\/2015\/06\/sst-europe-10juin2015.jpg?resize=900%2C634&amp;ssl=1 900w\" sizes=\"auto, (max-width: 978px) 100vw, 978px\" \/><\/a><\/p>\n<p>&nbsp;<\/p>\n<p class=\"bawpvc-ajax-counter\" data-id=\"7309\">(434)<\/p>\n<!--CusAds0-->\n<div style=\"font-size: 0px; height: 0px; line-height: 0px; margin: 0; padding: 0; clear: both;\"><\/div>","protected":false},"excerpt":{"rendered":"<p>Voici une carte des sst d&rsquo;aujourd&rsquo;hui. On constate une \u00e9l\u00e9vation importante des temp\u00e9ratures en M\u00e9diterran\u00e9e, jusqu&rsquo;\u00e0 +5\u00b0 par rapport aux&#8230;<\/p>\n","protected":false},"author":1,"featured_media":7310,"comment_status":"open","ping_status":"open","sticky":false,"template":"","format":"standard","meta":{"_exactmetrics_skip_tracking":false,"ngg_post_thumbnail":0,"_jetpack_newsletter_access":"","_jetpack_dont_email_post_to_subs":false,"_jetpack_newsletter_tier_id":0,"_jetpack_memberships_contains_paywalled_content":false,"_jetpack_feature_clip_id":0,"_jetpack_memberships_contains_paid_content":false,"footnotes":"","jetpack_publicize_message":"","jetpack_publicize_feature_enabled":true,"jetpack_social_post_already_shared":true,"jetpack_social_options":{"image_generator_settings":{"template":"highway","default_image_id":0,"font":"","enabled":false},"version":2},"jetpack_post_was_ever_published":false},"categories":[32],"tags":[316,153,1615,55,241,152,64],"class_list":["post-7309","post","type-post","status-publish","format-standard","has-post-thumbnail","hentry","category-meteorologie","tag-chaleur","tag-froid","tag-mediterranee","tag-meteo","tag-ocean","tag-sst","tag-temperatures","wpcat-32-id"],"jetpack_publicize_connections":[],"jetpack_shortlink":"https:\/\/wp.me\/p631RN-1TT","jetpack-related-posts":[{"id":29887,"url":"https:\/\/www.laterredufutur.com\/accueil\/atlantique-et-mediterranee-occidentale-une-chaleur-marine-hors-norme-entres-causes-et-consequences\/","url_meta":{"origin":7309,"position":0},"title":"Atlantique et M\u00e9diterran\u00e9e occidentale : une chaleur marine hors norme entres causes et cons\u00e9quences","author":"Admin","date":"3 ao\u00fbt 2026","format":false,"excerpt":"Atlantique et M\u00e9diterran\u00e9e occidentale en surchauffe : pourquoi les mers qui entourent la France atteignent des niveaux inqui\u00e9tants ? Depuis le printemps 2026, les eaux entourant la France connaissent des temp\u00e9ratures particuli\u00e8rement \u00e9lev\u00e9es. Le ph\u00e9nom\u00e8ne concerne \u00e0 la fois l\u2019Atlantique Nord-Est, notamment le golfe de Gascogne, et la M\u00e9diterran\u00e9e occidentale,\u2026","rel":"","context":"Dans &quot;M\u00e9t\u00e9orologie&quot;","block_context":{"text":"M\u00e9t\u00e9orologie","link":"https:\/\/www.laterredufutur.com\/accueil\/sujets\/meteorologie\/"},"img":{"alt_text":"","src":"https:\/\/i0.wp.com\/www.laterredufutur.com\/accueil\/wp-content\/uploads\/2026\/08\/Canicule-marine-debut-aout-2026.jpg?fit=1200%2C900&ssl=1&resize=350%2C200","width":350,"height":200,"srcset":"https:\/\/i0.wp.com\/www.laterredufutur.com\/accueil\/wp-content\/uploads\/2026\/08\/Canicule-marine-debut-aout-2026.jpg?fit=1200%2C900&ssl=1&resize=350%2C200 1x, https:\/\/i0.wp.com\/www.laterredufutur.com\/accueil\/wp-content\/uploads\/2026\/08\/Canicule-marine-debut-aout-2026.jpg?fit=1200%2C900&ssl=1&resize=525%2C300 1.5x, https:\/\/i0.wp.com\/www.laterredufutur.com\/accueil\/wp-content\/uploads\/2026\/08\/Canicule-marine-debut-aout-2026.jpg?fit=1200%2C900&ssl=1&resize=700%2C400 2x, https:\/\/i0.wp.com\/www.laterredufutur.com\/accueil\/wp-content\/uploads\/2026\/08\/Canicule-marine-debut-aout-2026.jpg?fit=1200%2C900&ssl=1&resize=1050%2C600 3x"},"classes":[]},{"id":29299,"url":"https:\/\/www.laterredufutur.com\/accueil\/apres-la-chaleur-estivale-quel-visage-prendra-lautomne-2026\/","url_meta":{"origin":7309,"position":1},"title":"Apr\u00e8s la chaleur estivale, quel visage prendra l&rsquo;automne 2026 ?","author":"Admin","date":"3 juillet 2026","format":false,"excerpt":"Automne 2026 : que nous r\u00e9v\u00e8lent les grands indices climatiques pour la France ? Chaque ann\u00e9e, les pr\u00e9visions saisonni\u00e8res tentent de r\u00e9pondre \u00e0 une question simple : quel temps fera-t-il dans les prochains mois ? Contrairement aux pr\u00e9visions m\u00e9t\u00e9o classiques, il ne s'agit pas de pr\u00e9voir le temps d'un jour\u2026","rel":"","context":"Dans &quot;M\u00e9t\u00e9orologie&quot;","block_context":{"text":"M\u00e9t\u00e9orologie","link":"https:\/\/www.laterredufutur.com\/accueil\/sujets\/meteorologie\/"},"img":{"alt_text":"","src":"https:\/\/i0.wp.com\/www.laterredufutur.com\/accueil\/wp-content\/uploads\/2026\/07\/previsons-saisonnieres-automne-2026.png?fit=1200%2C800&ssl=1&resize=350%2C200","width":350,"height":200,"srcset":"https:\/\/i0.wp.com\/www.laterredufutur.com\/accueil\/wp-content\/uploads\/2026\/07\/previsons-saisonnieres-automne-2026.png?fit=1200%2C800&ssl=1&resize=350%2C200 1x, https:\/\/i0.wp.com\/www.laterredufutur.com\/accueil\/wp-content\/uploads\/2026\/07\/previsons-saisonnieres-automne-2026.png?fit=1200%2C800&ssl=1&resize=525%2C300 1.5x, https:\/\/i0.wp.com\/www.laterredufutur.com\/accueil\/wp-content\/uploads\/2026\/07\/previsons-saisonnieres-automne-2026.png?fit=1200%2C800&ssl=1&resize=700%2C400 2x, https:\/\/i0.wp.com\/www.laterredufutur.com\/accueil\/wp-content\/uploads\/2026\/07\/previsons-saisonnieres-automne-2026.png?fit=1200%2C800&ssl=1&resize=1050%2C600 3x"},"classes":[]},{"id":30163,"url":"https:\/\/www.laterredufutur.com\/accueil\/apres-un-ete-exceptionnel-quel-visage-prendra-lautomne-2026\/","url_meta":{"origin":7309,"position":2},"title":"Apr\u00e8s un \u00e9t\u00e9 exceptionnel, quel visage prendra l\u2019automne 2026 ?","author":"Admin","date":"22 ao\u00fbt 2026","format":false,"excerpt":"France : chaleur persistante, El Ni\u00f1o exceptionnel et risque d\u2019un automne particuli\u00e8rement contrast\u00e9 \u00c0 quelques jours du d\u00e9but de l\u2019automne m\u00e9t\u00e9orologique, qui commencera le 1er septembre, les grandes tendances commencent \u00e0 devenir plus lisibles. Et depuis les premi\u00e8res projections publi\u00e9es au d\u00e9but de l\u2019\u00e9t\u00e9, plusieurs signaux climatiques se sont consid\u00e9rablement\u2026","rel":"","context":"Dans &quot;M\u00e9t\u00e9orologie&quot;","block_context":{"text":"M\u00e9t\u00e9orologie","link":"https:\/\/www.laterredufutur.com\/accueil\/sujets\/meteorologie\/"},"img":{"alt_text":"","src":"https:\/\/i0.wp.com\/www.laterredufutur.com\/accueil\/wp-content\/uploads\/2026\/08\/Automne-2026-previsions-.jpg?fit=1200%2C675&ssl=1&resize=350%2C200","width":350,"height":200,"srcset":"https:\/\/i0.wp.com\/www.laterredufutur.com\/accueil\/wp-content\/uploads\/2026\/08\/Automne-2026-previsions-.jpg?fit=1200%2C675&ssl=1&resize=350%2C200 1x, https:\/\/i0.wp.com\/www.laterredufutur.com\/accueil\/wp-content\/uploads\/2026\/08\/Automne-2026-previsions-.jpg?fit=1200%2C675&ssl=1&resize=525%2C300 1.5x, https:\/\/i0.wp.com\/www.laterredufutur.com\/accueil\/wp-content\/uploads\/2026\/08\/Automne-2026-previsions-.jpg?fit=1200%2C675&ssl=1&resize=700%2C400 2x, https:\/\/i0.wp.com\/www.laterredufutur.com\/accueil\/wp-content\/uploads\/2026\/08\/Automne-2026-previsions-.jpg?fit=1200%2C675&ssl=1&resize=1050%2C600 3x"},"classes":[]},{"id":24239,"url":"https:\/\/www.laterredufutur.com\/accueil\/record-la-mer-mediterranee-vers-les-30-degres-ce-weekend-crainte-dun-medicane\/","url_meta":{"origin":7309,"position":3},"title":"Record : La mer m\u00e9diterran\u00e9e vers les 30 degr\u00e9s ce weekend : crainte d&rsquo;un M\u00e9dicane","author":"Admin","date":"28 juillet 2022","format":false,"excerpt":"La temp\u00e9rature de la mer M\u00e9diterran\u00e9e atteint des records. La temp\u00e9rature de la mer M\u00e9diterran\u00e9e est en passe d'atteindre les 30\u00b0C ce dimanche 24 juillet (comme le 22 juillet dernier) \u00e0 la bou\u00e9e au large de la c\u00f4te orientale de la Corse (Alistro). Soit la temp\u00e9rature de l'oc\u00e9an Atlantique dans\u2026","rel":"","context":"Dans &quot;M\u00e9t\u00e9orologie&quot;","block_context":{"text":"M\u00e9t\u00e9orologie","link":"https:\/\/www.laterredufutur.com\/accueil\/sujets\/meteorologie\/"},"img":{"alt_text":"","src":"https:\/\/i0.wp.com\/www.laterredufutur.com\/accueil\/wp-content\/uploads\/2022\/07\/medicane-mars-2018.jpg?fit=1054%2C745&ssl=1&resize=350%2C200","width":350,"height":200,"srcset":"https:\/\/i0.wp.com\/www.laterredufutur.com\/accueil\/wp-content\/uploads\/2022\/07\/medicane-mars-2018.jpg?fit=1054%2C745&ssl=1&resize=350%2C200 1x, https:\/\/i0.wp.com\/www.laterredufutur.com\/accueil\/wp-content\/uploads\/2022\/07\/medicane-mars-2018.jpg?fit=1054%2C745&ssl=1&resize=525%2C300 1.5x, https:\/\/i0.wp.com\/www.laterredufutur.com\/accueil\/wp-content\/uploads\/2022\/07\/medicane-mars-2018.jpg?fit=1054%2C745&ssl=1&resize=700%2C400 2x, https:\/\/i0.wp.com\/www.laterredufutur.com\/accueil\/wp-content\/uploads\/2022\/07\/medicane-mars-2018.jpg?fit=1054%2C745&ssl=1&resize=1050%2C600 3x"},"classes":[]},{"id":27025,"url":"https:\/\/www.laterredufutur.com\/accueil\/la-mediterranee-est-en-surchauffe-phenomenes-meteo-extremes-pour-la-fin-de-lete-et-lautomne\/","url_meta":{"origin":7309,"position":4},"title":"La M\u00e9diterran\u00e9e est en surchauffe, ph\u00e9nom\u00e8nes m\u00e9t\u00e9o extr\u00eames pour la fin de l&rsquo;\u00e9t\u00e9 et l&rsquo;automne ?","author":"Admin","date":"1 juillet 2025","format":false,"excerpt":"Mers chaudes et conditions m\u00e9t\u00e9orologiques extr\u00eames : \u00e0 quoi s'attendre dans les mois \u00e0 venir selon MeteoWeb. 2025 s'annonce comme une ann\u00e9e r\u00e9solument hors norme d'un point de vue thermique, et pas seulement sur terre. Les temp\u00e9ratures marines du bassin m\u00e9diterran\u00e9en ont atteint des valeurs exceptionnelles, enregistrant un r\u00e9chauffement sans\u2026","rel":"","context":"Dans &quot;Ev\u00e8nement Brutal&quot;","block_context":{"text":"Ev\u00e8nement Brutal","link":"https:\/\/www.laterredufutur.com\/accueil\/sujets\/evenement-brutal\/"},"img":{"alt_text":"","src":"https:\/\/i0.wp.com\/www.laterredufutur.com\/accueil\/wp-content\/uploads\/2025\/06\/Temperatures-surface-Mediterranee.webp?fit=1042%2C600&ssl=1&resize=350%2C200","width":350,"height":200,"srcset":"https:\/\/i0.wp.com\/www.laterredufutur.com\/accueil\/wp-content\/uploads\/2025\/06\/Temperatures-surface-Mediterranee.webp?fit=1042%2C600&ssl=1&resize=350%2C200 1x, https:\/\/i0.wp.com\/www.laterredufutur.com\/accueil\/wp-content\/uploads\/2025\/06\/Temperatures-surface-Mediterranee.webp?fit=1042%2C600&ssl=1&resize=525%2C300 1.5x, https:\/\/i0.wp.com\/www.laterredufutur.com\/accueil\/wp-content\/uploads\/2025\/06\/Temperatures-surface-Mediterranee.webp?fit=1042%2C600&ssl=1&resize=700%2C400 2x"},"classes":[]},{"id":24378,"url":"https:\/\/www.laterredufutur.com\/accueil\/lhiver-2022-2023\/","url_meta":{"origin":7309,"position":5},"title":"L&rsquo;hiver 2022-2023","author":"Admin","date":"10 septembre 2022","format":false,"excerpt":"Nous avons d\u00e9marr\u00e9 ce nouvel automne m\u00e9t\u00e9orologique depuis le 1er septembre. Pour ce qui concerne notre futur hiver 2022-2023, les pr\u00e9visions saisonni\u00e8res habituelles se profilent d\u00e9j\u00e0. Les pr\u00e9visions saisonni\u00e8res de l\u2019ann\u00e9e derni\u00e8re ont \u00e9t\u00e9 tr\u00e8s encourageantes par leurs fiabilit\u00e9s \u00e0 hauteur de 70%. On peut revoir l\u2019article ici. La situation\u2026","rel":"","context":"Dans &quot;M\u00e9t\u00e9orologie&quot;","block_context":{"text":"M\u00e9t\u00e9orologie","link":"https:\/\/www.laterredufutur.com\/accueil\/sujets\/meteorologie\/"},"img":{"alt_text":"","src":"https:\/\/i0.wp.com\/www.laterredufutur.com\/accueil\/wp-content\/uploads\/2022\/09\/paris-neige.jpg?fit=1024%2C656&ssl=1&resize=350%2C200","width":350,"height":200,"srcset":"https:\/\/i0.wp.com\/www.laterredufutur.com\/accueil\/wp-content\/uploads\/2022\/09\/paris-neige.jpg?fit=1024%2C656&ssl=1&resize=350%2C200 1x, https:\/\/i0.wp.com\/www.laterredufutur.com\/accueil\/wp-content\/uploads\/2022\/09\/paris-neige.jpg?fit=1024%2C656&ssl=1&resize=525%2C300 1.5x, https:\/\/i0.wp.com\/www.laterredufutur.com\/accueil\/wp-content\/uploads\/2022\/09\/paris-neige.jpg?fit=1024%2C656&ssl=1&resize=700%2C400 2x"},"classes":[]}],"jetpack_sharing_enabled":true,"jetpack_featured_media_url":"https:\/\/i0.wp.com\/www.laterredufutur.com\/accueil\/wp-content\/uploads\/2015\/06\/sst-europe-10juin2015.jpg?fit=978%2C689&ssl=1","_links":{"self":[{"href":"https:\/\/www.laterredufutur.com\/accueil\/wp-json\/wp\/v2\/posts\/7309","targetHints":{"allow":["GET"]}}],"collection":[{"href":"https:\/\/www.laterredufutur.com\/accueil\/wp-json\/wp\/v2\/posts"}],"about":[{"href":"https:\/\/www.laterredufutur.com\/accueil\/wp-json\/wp\/v2\/types\/post"}],"author":[{"embeddable":true,"href":"https:\/\/www.laterredufutur.com\/accueil\/wp-json\/wp\/v2\/users\/1"}],"replies":[{"embeddable":true,"href":"https:\/\/www.laterredufutur.com\/accueil\/wp-json\/wp\/v2\/comments?post=7309"}],"version-history":[{"count":5,"href":"https:\/\/www.laterredufutur.com\/accueil\/wp-json\/wp\/v2\/posts\/7309\/revisions"}],"predecessor-version":[{"id":28531,"href":"https:\/\/www.laterredufutur.com\/accueil\/wp-json\/wp\/v2\/posts\/7309\/revisions\/28531"}],"wp:featuredmedia":[{"embeddable":true,"href":"https:\/\/www.laterredufutur.com\/accueil\/wp-json\/wp\/v2\/media\/7310"}],"wp:attachment":[{"href":"https:\/\/www.laterredufutur.com\/accueil\/wp-json\/wp\/v2\/media?parent=7309"}],"wp:term":[{"taxonomy":"category","embeddable":true,"href":"https:\/\/www.laterredufutur.com\/accueil\/wp-json\/wp\/v2\/categories?post=7309"},{"taxonomy":"post_tag","embeddable":true,"href":"https:\/\/www.laterredufutur.com\/accueil\/wp-json\/wp\/v2\/tags?post=7309"}],"curies":[{"name":"wp","href":"https:\/\/api.w.org\/{rel}","templated":true}]}}