{"id":6840,"date":"2015-05-22T18:14:13","date_gmt":"2015-05-22T16:14:13","guid":{"rendered":"http:\/\/www.laterredufutur.com\/accueil\/?p=6840"},"modified":"2015-05-22T18:17:31","modified_gmt":"2015-05-22T16:17:31","slug":"un-tremblement-de-terre-secoue-le-nord-de-la-france","status":"publish","type":"post","link":"https:\/\/www.laterredufutur.com\/accueil\/un-tremblement-de-terre-secoue-le-nord-de-la-france\/","title":{"rendered":"Un tremblement de terre secoue le nord de la France"},"content":{"rendered":"<div class=\"1665f18d14f35dd9e7566e1a8ac9a3e9\" data-index=\"1\" style=\"float: none; margin:10px 0 10px 0; text-align:center;\">\n<script async src=\"https:\/\/pagead2.googlesyndication.com\/pagead\/js\/adsbygoogle.js\"><\/script>\r\n<ins class=\"adsbygoogle\"\r\n     style=\"display:block; text-align:center;\"\r\n     data-ad-layout=\"in-article\"\r\n     data-ad-format=\"fluid\"\r\n     data-ad-client=\"ca-pub-2860849627502538\"\r\n     data-ad-slot=\"3019501113\"><\/ins>\r\n<script>\r\n     (adsbygoogle = window.adsbygoogle || []).push({});\r\n<\/script>\n<\/div>\n<p style=\"text-align: justify;\">Cette nuit, un s\u00e9isme de magnitude 4,4 selon le Bureau central sismologique fran\u00e7ais (BCSF), a \u00e9t\u00e9 ressenti dans le Pas-de-Calais. L&rsquo;\u00e9picentre de ce tremblement de terre serait localis\u00e9 \u00e0 l&rsquo;extr\u00eame sud-est de l&rsquo;Angleterre, dans le Kent.<\/p>\n<p style=\"text-align: justify;\">Si vous habitez dans le Pas-de-Calais, vous avez peut-\u00eatre senti le sol trembler cette nuit vers 4H. Non vous n&rsquo;avez pas r\u00eav\u00e9, il y a bien eu un s\u00e9isme dans le nord de la France la nuit derni\u00e8re. Selon J\u00e9r\u00f4me Van der Woerd, chercheur au CNRS en charge de la veille sismologique au Bureau central sismologique fran\u00e7ais (BCSF), les secousses ont \u00e9t\u00e9 ressenties \u00e0 plus de 100 kilom\u00e8tres \u00e0 la ronde, \u00ab\u00a0jusqu&rsquo;\u00e0 Londres et, dans le nord de la France, jusqu&rsquo;\u00e0 Lille\u00a0\u00bb.<\/p>\n<p style=\"text-align: justify;\">D&rsquo;apr\u00e8s les sp\u00e9cialistes, le tremblement de terre pr\u00e9sentait une magnitude de 4,4 et son \u00e9picentre a \u00e9t\u00e9 localis\u00e9 au sud-est de l&rsquo;Angleterre, dans le Kent, entre Canterbury, Ramsgate et Douvres, d&rsquo;apr\u00e8s la Voix du Nord. Si le ph\u00e9nom\u00e8ne est pass\u00e9 inaper\u00e7u dans certains endroits, les habitants qui l&rsquo;ont ressenti, multiplie les t\u00e9moignages depuis ce matin. \u00ab\u00a0Je ne dormais pas, sur le moment j&rsquo;ai pens\u00e9 \u00e0 un gros camion mais non, tout \u00e0 trembl\u00e9, \u00e7a m&rsquo;a fait peur\u00a0\u00bb. \u00ab\u00a0J&rsquo;ai ressenti les vibrations, mon lit bougeait, je me suis r\u00e9veill\u00e9e en sursaut. J&rsquo;\u00e9tais mal \u00e0 l&rsquo;aise\u00a0\u00bb, \u00ab\u00a0\u00c7a m&rsquo;a r\u00e9veill\u00e9 ! \u00c7a a bien trembl\u00e9 pendant 3 secondes au moins\u00a0\u00bb, ont t\u00e9moign\u00e9 des locaux sur les r\u00e9seaux sociaux.<\/p>\n<p style=\"text-align: justify;\">Suite au s\u00e9isme, le Centre op\u00e9rationnel d&rsquo;incendie et de secours (CODIS) du Pas-de-Calais a re\u00e7u cinq appels provenant de Calais, Boulogne-sur-Mer ou encore Arras, mais aucun n&rsquo;a n\u00e9cessit\u00e9 l&rsquo;intervention des pompiers. Aucune victime ne semble \u00eatre \u00e0 d\u00e9plorer et seuls quelques d\u00e9g\u00e2ts mineurs tels que des chutes de briques et de tuiles ont \u00e9t\u00e9 d\u00e9clar\u00e9s dans le Kent outre-Manche. Un \u00e9v\u00e9nement pas si rare Bien que la survenue d&rsquo;un s\u00e9isme dans cette r\u00e9gion puisse \u00e9tonner.<\/p>\n<p style=\"text-align: justify;\">\u00ab\u00a0Le dernier de cette magnitude ressenti dans la r\u00e9gion, du c\u00f4t\u00e9 de Folkestone en Angleterre, date de 2007. Les s\u00e9ismes de plus grosse magnitude entre Calais et Douvres remontent \u00e0 1382 et 1580\u00a0\u00bb, a-t-il poursuivi. En 1580, la magnitude avait atteint 7 et le ph\u00e9nom\u00e8ne avait provoqu\u00e9 des destructions de b\u00e2timents \u00e0 Calais.<\/p><div class=\"1665f18d14f35dd9e7566e1a8ac9a3e9\" data-index=\"2\" style=\"float: none; margin:10px 0 10px 0; text-align:center;\">\n<script async src=\"https:\/\/pagead2.googlesyndication.com\/pagead\/js\/adsbygoogle.js\"><\/script>\r\n<ins class=\"adsbygoogle\"\r\n     style=\"display:block; text-align:center;\"\r\n     data-ad-layout=\"in-article\"\r\n     data-ad-format=\"fluid\"\r\n     data-ad-client=\"ca-pub-2860849627502538\"\r\n     data-ad-slot=\"3019501113\"><\/ins>\r\n<script>\r\n     (adsbygoogle = window.adsbygoogle || []).push({});\r\n<\/script>\n<\/div>\n\n<figure id=\"attachment_6842\" aria-describedby=\"caption-attachment-6842\" style=\"width: 620px\" class=\"wp-caption aligncenter\"><a href=\"https:\/\/i0.wp.com\/www.laterredufutur.com\/accueil\/wp-content\/uploads\/2015\/05\/seisme-france-22mai20151.jpg\"><img data-recalc-dims=\"1\" loading=\"lazy\" decoding=\"async\" data-attachment-id=\"6842\" data-permalink=\"https:\/\/www.laterredufutur.com\/accueil\/un-tremblement-de-terre-secoue-le-nord-de-la-france\/seisme-france-22mai2015-2\/\" data-orig-file=\"https:\/\/i0.wp.com\/www.laterredufutur.com\/accueil\/wp-content\/uploads\/2015\/05\/seisme-france-22mai20151.jpg?fit=620%2C349&amp;ssl=1\" data-orig-size=\"620,349\" data-comments-opened=\"1\" data-image-meta=\"{&quot;aperture&quot;:&quot;0&quot;,&quot;credit&quot;:&quot;&quot;,&quot;camera&quot;:&quot;&quot;,&quot;caption&quot;:&quot;&quot;,&quot;created_timestamp&quot;:&quot;0&quot;,&quot;copyright&quot;:&quot;&quot;,&quot;focal_length&quot;:&quot;0&quot;,&quot;iso&quot;:&quot;0&quot;,&quot;shutter_speed&quot;:&quot;0&quot;,&quot;title&quot;:&quot;&quot;,&quot;orientation&quot;:&quot;0&quot;}\" data-image-title=\"seisme-france-22mai2015\" data-image-description=\"\" data-image-caption=\"&lt;p&gt;Carte du Bureau Central Sismologique Fran\u00e7ais&lt;\/p&gt;\n\" data-large-file=\"https:\/\/i0.wp.com\/www.laterredufutur.com\/accueil\/wp-content\/uploads\/2015\/05\/seisme-france-22mai20151.jpg?fit=620%2C349&amp;ssl=1\" class=\"size-full wp-image-6842\" src=\"https:\/\/i0.wp.com\/www.laterredufutur.com\/accueil\/wp-content\/uploads\/2015\/05\/seisme-france-22mai20151.jpg?resize=620%2C349\" alt=\"Carte du Bureau Central Sismologique Fran\u00e7ais\" width=\"620\" height=\"349\" srcset=\"https:\/\/i0.wp.com\/www.laterredufutur.com\/accueil\/wp-content\/uploads\/2015\/05\/seisme-france-22mai20151.jpg?w=620&amp;ssl=1 620w, https:\/\/i0.wp.com\/www.laterredufutur.com\/accueil\/wp-content\/uploads\/2015\/05\/seisme-france-22mai20151.jpg?resize=300%2C169&amp;ssl=1 300w, https:\/\/i0.wp.com\/www.laterredufutur.com\/accueil\/wp-content\/uploads\/2015\/05\/seisme-france-22mai20151.jpg?resize=580%2C326&amp;ssl=1 580w, https:\/\/i0.wp.com\/www.laterredufutur.com\/accueil\/wp-content\/uploads\/2015\/05\/seisme-france-22mai20151.jpg?resize=174%2C98&amp;ssl=1 174w\" sizes=\"auto, (max-width: 620px) 100vw, 620px\" \/><\/a><figcaption id=\"caption-attachment-6842\" class=\"wp-caption-text\">Carte du Bureau Central Sismologique Fran\u00e7ais<\/figcaption><\/figure>\n<p style=\"text-align: justify;\">Existe-t-il un risque de s\u00e9isme en France?<\/p>\n<p style=\"text-align: justify;\">Pascal Bernard, physicien-sismologue \u00e0 Institut de Physique du Globe de Paris (IPGP) &#8211; P.B: Nous avons en France une toute petite activit\u00e9 sismique, r\u00e9guli\u00e8re, \u00e0 peine perceptible, voire pas du tout, autour de 2 ou 3 sur l\u2019\u00e9chelle de Richter. Des r\u00e9seaux sismologiques enregistrent en continu ces mouvements. Une fois de temps en temps, il y a un s\u00e9isme un peu plus fort, ressenti par les habitants et tous les cinq ou dix ans, un tremblement de terre un peu plus destructeur. Le dernier, de magnitude 5, a eu lieu en 1996, \u00e0 Epagny, pr\u00e8s d\u2019Annecy.<\/p>\n<p style=\"text-align: justify;\">En m\u00e9tropole, les Alpes sont la zone le plus active, puis l\u2019Est de la France, incluant la vall\u00e9e du Rh\u00f4ne, le massif central et le Bassin rh\u00e9nan. Les Pyr\u00e9n\u00e9es sont \u00e9galement une zone tr\u00e8s active, sans oublier une bande qui va de la Vend\u00e9e \u00e0 la Bretagne et qui rejoint le Massif central. Seul les Bassins parisien et aquitain ne sont presque pas expos\u00e9s. Concernant les DOM-TOM, la Guadeloupe et la Martinique sont dans une zone tr\u00e8s fortement sismique avec des magnitudes possibles et connues qui d\u00e9passent 8.<\/p>\n<p style=\"text-align: justify;\">Le Centre op\u00e9rationnel d&rsquo;incendie et de secours (Codis) a jug\u00e9 qu&rsquo;aucune intervention n&rsquo;\u00e9tait n\u00e9cessaire. Si de tr\u00e8s l\u00e9gers d\u00e9gats ont pu \u00eatre observ\u00e9s en Angleterre, <strong>un s\u00e9isme d&rsquo;une telle intensit\u00e9 n&rsquo;est pas de nature \u00e0 provoquer des d\u00e9gats, m\u00eame faible<\/strong>, \u00e0 plus de 10 kilom\u00e8tres de l&rsquo;\u00e9picentre. Dans le nord de la France, donc, m\u00eame les b\u00e2timents les plus vuln\u00e9rables n&rsquo;ont pas \u00e9t\u00e9 touch\u00e9s. Selon l&rsquo;\u00e9chelle d&rsquo;intensit\u00e9s macrosismiques, la perception humaine du ph\u00e9nom\u00e8ne n&rsquo;est que mod\u00e9r\u00e9e et la portentialit\u00e9 des d\u00e9gats nulle.<\/p>\n<p><a href=\"http:\/\/www.laterredufutur.com\/accueil\/\">TDF<\/a><\/p>\n<p>sources :\u00a0<a href=\"http:\/\/www.maxisciences.com\/\" target=\"_blank\">http:\/\/www.maxisciences.com\/<\/a>\u00a0\/\u00a0<a href=\"http:\/\/www.notretemps.com\/\" target=\"_blank\">http:\/\/www.notretemps.com\/<\/a>\u00a0\/\u00a0<a href=\"http:\/\/www.linternaute.com\/\" target=\"_blank\">http:\/\/www.linternaute.com\/<\/a><\/p>\n<p class=\"bawpvc-ajax-counter\" data-id=\"6840\">(871)<\/p>\n<!--CusAds0-->\n<div style=\"font-size: 0px; height: 0px; line-height: 0px; margin: 0; padding: 0; clear: both;\"><\/div>","protected":false},"excerpt":{"rendered":"<p>Cette nuit, un s\u00e9isme de magnitude 4,4 selon le Bureau central sismologique fran\u00e7ais (BCSF), a \u00e9t\u00e9 ressenti dans le Pas-de-Calais&#8230;.<\/p>\n","protected":false},"author":1,"featured_media":6841,"comment_status":"open","ping_status":"open","sticky":false,"template":"","format":"standard","meta":{"_exactmetrics_skip_tracking":false,"_exactmetrics_sitenote_active":false,"_exactmetrics_sitenote_note":"","_exactmetrics_sitenote_category":0,"ngg_post_thumbnail":0,"jetpack_post_was_ever_published":false,"_jetpack_newsletter_access":"","_jetpack_dont_email_post_to_subs":false,"_jetpack_newsletter_tier_id":0,"_jetpack_memberships_contains_paywalled_content":false,"_jetpack_memberships_contains_paid_content":false,"footnotes":"","jetpack_publicize_message":"","jetpack_publicize_feature_enabled":true,"jetpack_social_post_already_shared":true,"jetpack_social_options":{"image_generator_settings":{"template":"highway","default_image_id":0,"font":"","enabled":false},"version":2}},"categories":[19],"tags":[4343,937,4344,56,2359,347,1513,4345,104],"class_list":["post-6840","post","type-post","status-publish","format-standard","has-post-thumbnail","hentry","category-seismes-et-volcans","tag-22-mai-2015","tag-angleterre","tag-calais","tag-france","tag-manche","tag-seisme","tag-sismique","tag-sismologie","tag-tremblement-de-terre","wpcat-19-id"],"jetpack_publicize_connections":[],"jetpack_featured_media_url":"https:\/\/i0.wp.com\/www.laterredufutur.com\/accueil\/wp-content\/uploads\/2015\/05\/seisme-france-22mai2015.jpg?fit=1138%2C641&ssl=1","jetpack_shortlink":"https:\/\/wp.me\/p631RN-1Mk","jetpack-related-posts":[{"id":18631,"url":"https:\/\/www.laterredufutur.com\/accueil\/un-seisme-de-49-frappe-la-region-de-bordeaux-du-pas-vu-depuis-pres-de-60-ans\/","url_meta":{"origin":6840,"position":0},"title":"Un seisme de 4,9 frappe la r\u00e9gion de Bordeaux, du pas vu depuis pr\u00e8s de 60 ans","author":"Admin","date":"20 mars 2019","format":false,"excerpt":"Ce mercredi 20 mars 2019 \u00e0 10h56, un s\u00e9isme de magnitude 4,9 a eu lieu dans le sud ouest, tout pr\u00e8s de Coutras. Dans la nuit, un autre de 3,7 avait eu lieu autour de Brest. La terre a trembl\u00e9 ce mercredi matin en Gironde. Un s\u00e9isme de magnitude 4,9\u2026","rel":"","context":"Dans &quot;Seismes\/Volcans&quot;","block_context":{"text":"Seismes\/Volcans","link":"https:\/\/www.laterredufutur.com\/accueil\/sujets\/seismes-et-volcans\/"},"img":{"alt_text":"","src":"https:\/\/i0.wp.com\/www.laterredufutur.com\/accueil\/wp-content\/uploads\/2019\/03\/seisme-bordeux-20mars2019.jpg?fit=1000%2C625&ssl=1&resize=350%2C200","width":350,"height":200,"srcset":"https:\/\/i0.wp.com\/www.laterredufutur.com\/accueil\/wp-content\/uploads\/2019\/03\/seisme-bordeux-20mars2019.jpg?fit=1000%2C625&ssl=1&resize=350%2C200 1x, https:\/\/i0.wp.com\/www.laterredufutur.com\/accueil\/wp-content\/uploads\/2019\/03\/seisme-bordeux-20mars2019.jpg?fit=1000%2C625&ssl=1&resize=525%2C300 1.5x, https:\/\/i0.wp.com\/www.laterredufutur.com\/accueil\/wp-content\/uploads\/2019\/03\/seisme-bordeux-20mars2019.jpg?fit=1000%2C625&ssl=1&resize=700%2C400 2x"},"classes":[]},{"id":13081,"url":"https:\/\/www.laterredufutur.com\/accueil\/le-plus-grand-mystere-de-lhumanite-le-seisme\/","url_meta":{"origin":6840,"position":1},"title":"Le plus Grand Myst\u00e8re De L&rsquo;Humanit\u00e9 : Le S\u00e9isme","author":"Admin","date":"26 ao\u00fbt 2016","format":false,"excerpt":"Un s\u00e9isme ou tremblement de terre est une secousse du sol r\u00e9sultant de la lib\u00e9ration brusque d'\u00e9nergie accumul\u00e9e par les contraintes exerc\u00e9es sur les roches. Cette lib\u00e9ration d'\u00e9nergie se fait par rupture le long d'une faille, g\u00e9n\u00e9ralement pr\u00e9existante. Plus rares sont les s\u00e9ismes dus \u00e0 l'activit\u00e9 volcanique ou d'origine artificielle\u2026","rel":"","context":"Dans &quot;Seismes\/Volcans&quot;","block_context":{"text":"Seismes\/Volcans","link":"https:\/\/www.laterredufutur.com\/accueil\/sujets\/seismes-et-volcans\/"},"img":{"alt_text":"","src":"https:\/\/i0.wp.com\/www.laterredufutur.com\/accueil\/wp-content\/uploads\/2016\/04\/Tremblement-de-terre-au-Japon.jpg?fit=940%2C668&ssl=1&resize=350%2C200","width":350,"height":200,"srcset":"https:\/\/i0.wp.com\/www.laterredufutur.com\/accueil\/wp-content\/uploads\/2016\/04\/Tremblement-de-terre-au-Japon.jpg?fit=940%2C668&ssl=1&resize=350%2C200 1x, https:\/\/i0.wp.com\/www.laterredufutur.com\/accueil\/wp-content\/uploads\/2016\/04\/Tremblement-de-terre-au-Japon.jpg?fit=940%2C668&ssl=1&resize=525%2C300 1.5x, https:\/\/i0.wp.com\/www.laterredufutur.com\/accueil\/wp-content\/uploads\/2016\/04\/Tremblement-de-terre-au-Japon.jpg?fit=940%2C668&ssl=1&resize=700%2C400 2x"},"classes":[]},{"id":23723,"url":"https:\/\/www.laterredufutur.com\/accueil\/le-mysterieux-tsunami-qui-sest-diffuse-dans-lhemisphere-sud-en-2021-peut-enfin-etre-explique\/","url_meta":{"origin":6840,"position":2},"title":"Le myst\u00e9rieux tsunami qui s&rsquo;est diffus\u00e9 dans l&rsquo;h\u00e9misph\u00e8re sud en 2021 peut enfin \u00eatre expliqu\u00e9","author":"Admin","date":"9 f\u00e9vrier 2022","format":false,"excerpt":"Au mois d'ao\u00fbt 2021, un tsunami surprise dans l'oc\u00e9an Atlantique Sud s'est propag\u00e9 \u00e0 plus de 10 000 kilom\u00e8tres de distance, d\u00e9ferlant sur l'Atlantique Nord, le Pacifique et l'oc\u00e9an Indien. C'\u00e9tait la premi\u00e8re fois qu'un tsunami \u00e9tait enregistr\u00e9 dans trois oc\u00e9ans diff\u00e9rents depuis le s\u00e9isme de 2004 dans l'oc\u00e9an Indien,\u2026","rel":"","context":"Dans &quot;Seismes\/Volcans&quot;","block_context":{"text":"Seismes\/Volcans","link":"https:\/\/www.laterredufutur.com\/accueil\/sujets\/seismes-et-volcans\/"},"img":{"alt_text":"","src":"https:\/\/i0.wp.com\/www.laterredufutur.com\/accueil\/wp-content\/uploads\/2022\/02\/sandwich-seisme-tsunami.jpg?fit=1024%2C415&ssl=1&resize=350%2C200","width":350,"height":200,"srcset":"https:\/\/i0.wp.com\/www.laterredufutur.com\/accueil\/wp-content\/uploads\/2022\/02\/sandwich-seisme-tsunami.jpg?fit=1024%2C415&ssl=1&resize=350%2C200 1x, https:\/\/i0.wp.com\/www.laterredufutur.com\/accueil\/wp-content\/uploads\/2022\/02\/sandwich-seisme-tsunami.jpg?fit=1024%2C415&ssl=1&resize=525%2C300 1.5x, https:\/\/i0.wp.com\/www.laterredufutur.com\/accueil\/wp-content\/uploads\/2022\/02\/sandwich-seisme-tsunami.jpg?fit=1024%2C415&ssl=1&resize=700%2C400 2x"},"classes":[]},{"id":2697,"url":"https:\/\/www.laterredufutur.com\/accueil\/un-seisme-majeur-est-en-cours\/","url_meta":{"origin":6840,"position":3},"title":"Un S\u00e9isme majeur est en cours","author":"Admin","date":"13 f\u00e9vrier 2005","format":false,"excerpt":"Un g\u00e9ophysicien, de l'Universit\u00e9 de Los Angeles (Californie), Vladimir Keilis-Borok avait pr\u00e9dit en d\u00e9tail qu'un s\u00e9isme majeur, d'une magnitude de 6,4 sur l'\u00e9chelle de Richter, devait frapper la Californie avant le 5 septembre 2004 et devait d\u00e9vaster tout le sud de l'Etat sur une surface de 31000m\u00b2. Expert de renom,\u2026","rel":"","context":"Dans &quot;Seismes\/Volcans&quot;","block_context":{"text":"Seismes\/Volcans","link":"https:\/\/www.laterredufutur.com\/accueil\/sujets\/seismes-et-volcans\/"},"img":{"alt_text":"","src":"","width":0,"height":0},"classes":[]},{"id":23755,"url":"https:\/\/www.laterredufutur.com\/accueil\/des-chercheurs-chinois-mettent-en-garde-contre-un-seisme-massif-a-palau-dans-le-pacifique-occidental-dici-deux-ans\/","url_meta":{"origin":6840,"position":4},"title":"Des chercheurs chinois mettent en garde contre un s\u00e9isme massif \u00e0 Palau dans le Pacifique occidental d&rsquo;ici deux ans","author":"Admin","date":"14 f\u00e9vrier 2022","format":false,"excerpt":"Un s\u00e9isme de magnitude 8,0 ou plus devrait frapper la partie sud de l'archipel, le site d'une potentielle base militaire am\u00e9ricaine. L'avertissement est bas\u00e9 sur l'augmentation du stress terrestre et d'autres facteurs externes \u00e9galement observ\u00e9s avant les grands tremblements de terre asiatiques, selon les chercheurs \u00e0 l'origine de l'\u00e9tude. La\u2026","rel":"","context":"Dans &quot;Seismes\/Volcans&quot;","block_context":{"text":"Seismes\/Volcans","link":"https:\/\/www.laterredufutur.com\/accueil\/sujets\/seismes-et-volcans\/"},"img":{"alt_text":"","src":"https:\/\/i0.wp.com\/www.laterredufutur.com\/accueil\/wp-content\/uploads\/2022\/02\/iles-palau-pacifique.jpg?fit=1098%2C732&ssl=1&resize=350%2C200","width":350,"height":200,"srcset":"https:\/\/i0.wp.com\/www.laterredufutur.com\/accueil\/wp-content\/uploads\/2022\/02\/iles-palau-pacifique.jpg?fit=1098%2C732&ssl=1&resize=350%2C200 1x, https:\/\/i0.wp.com\/www.laterredufutur.com\/accueil\/wp-content\/uploads\/2022\/02\/iles-palau-pacifique.jpg?fit=1098%2C732&ssl=1&resize=525%2C300 1.5x, https:\/\/i0.wp.com\/www.laterredufutur.com\/accueil\/wp-content\/uploads\/2022\/02\/iles-palau-pacifique.jpg?fit=1098%2C732&ssl=1&resize=700%2C400 2x, https:\/\/i0.wp.com\/www.laterredufutur.com\/accueil\/wp-content\/uploads\/2022\/02\/iles-palau-pacifique.jpg?fit=1098%2C732&ssl=1&resize=1050%2C600 3x"},"classes":[]},{"id":26134,"url":"https:\/\/www.laterredufutur.com\/accueil\/de-puissantes-tempetes-pourraient-etre-a-lorigine-de-tremblements-de-terre-au-large-des-cotes\/","url_meta":{"origin":6840,"position":5},"title":"De puissantes temp\u00eates pourraient \u00eatre \u00e0 l&rsquo;origine de \u00ab tremblements de terre \u00bb au large des c\u00f4tes","author":"Admin","date":"11 ao\u00fbt 2024","format":false,"excerpt":"Les fortes houles oc\u00e9aniques mart\u00e8lent les cr\u00eates du plancher oc\u00e9anique et produisent des secousses semblables \u00e0 celles d'un tremblement de terre. La revue Geophysical Research Letters fait la description d\u2019un nouveau ph\u00e9nom\u00e8ne g\u00e9ophysique : \"les tremblements de temp\u00eate\", ou stormquakes, des s\u00e9ismes g\u00e9n\u00e9r\u00e9s par des temp\u00eates. Les chercheurs de l'Universit\u00e9\u2026","rel":"","context":"Dans &quot;Outils sur le volcanisme et les s\u00e9ismes&quot;","block_context":{"text":"Outils sur le volcanisme et les s\u00e9ismes","link":"https:\/\/www.laterredufutur.com\/accueil\/sujets\/outils-volcanisme-seismes\/"},"img":{"alt_text":"","src":"https:\/\/i0.wp.com\/www.laterredufutur.com\/accueil\/wp-content\/uploads\/2024\/07\/Tempete.jpg?fit=1024%2C1024&ssl=1&resize=350%2C200","width":350,"height":200,"srcset":"https:\/\/i0.wp.com\/www.laterredufutur.com\/accueil\/wp-content\/uploads\/2024\/07\/Tempete.jpg?fit=1024%2C1024&ssl=1&resize=350%2C200 1x, https:\/\/i0.wp.com\/www.laterredufutur.com\/accueil\/wp-content\/uploads\/2024\/07\/Tempete.jpg?fit=1024%2C1024&ssl=1&resize=525%2C300 1.5x, https:\/\/i0.wp.com\/www.laterredufutur.com\/accueil\/wp-content\/uploads\/2024\/07\/Tempete.jpg?fit=1024%2C1024&ssl=1&resize=700%2C400 2x"},"classes":[]}],"jetpack_sharing_enabled":true,"_links":{"self":[{"href":"https:\/\/www.laterredufutur.com\/accueil\/wp-json\/wp\/v2\/posts\/6840","targetHints":{"allow":["GET"]}}],"collection":[{"href":"https:\/\/www.laterredufutur.com\/accueil\/wp-json\/wp\/v2\/posts"}],"about":[{"href":"https:\/\/www.laterredufutur.com\/accueil\/wp-json\/wp\/v2\/types\/post"}],"author":[{"embeddable":true,"href":"https:\/\/www.laterredufutur.com\/accueil\/wp-json\/wp\/v2\/users\/1"}],"replies":[{"embeddable":true,"href":"https:\/\/www.laterredufutur.com\/accueil\/wp-json\/wp\/v2\/comments?post=6840"}],"version-history":[{"count":2,"href":"https:\/\/www.laterredufutur.com\/accueil\/wp-json\/wp\/v2\/posts\/6840\/revisions"}],"predecessor-version":[{"id":6844,"href":"https:\/\/www.laterredufutur.com\/accueil\/wp-json\/wp\/v2\/posts\/6840\/revisions\/6844"}],"wp:featuredmedia":[{"embeddable":true,"href":"https:\/\/www.laterredufutur.com\/accueil\/wp-json\/wp\/v2\/media\/6841"}],"wp:attachment":[{"href":"https:\/\/www.laterredufutur.com\/accueil\/wp-json\/wp\/v2\/media?parent=6840"}],"wp:term":[{"taxonomy":"category","embeddable":true,"href":"https:\/\/www.laterredufutur.com\/accueil\/wp-json\/wp\/v2\/categories?post=6840"},{"taxonomy":"post_tag","embeddable":true,"href":"https:\/\/www.laterredufutur.com\/accueil\/wp-json\/wp\/v2\/tags?post=6840"}],"curies":[{"name":"wp","href":"https:\/\/api.w.org\/{rel}","templated":true}]}}