{"id":636,"date":"2011-11-17T23:00:00","date_gmt":"2011-11-17T22:00:00","guid":{"rendered":"http:\/\/www.laterredufutur.com\/wordpress\/?p=636"},"modified":"2011-11-17T23:00:00","modified_gmt":"2011-11-17T22:00:00","slug":"le-giec-mis-en-echec","status":"publish","type":"post","link":"https:\/\/www.laterredufutur.com\/accueil\/le-giec-mis-en-echec\/","title":{"rendered":"Le Giec mis en \u00e9chec"},"content":{"rendered":"<div class=\"1665f18d14f35dd9e7566e1a8ac9a3e9\" data-index=\"1\" style=\"float: none; margin:10px 0 10px 0; text-align:center;\">\n<script async src=\"https:\/\/pagead2.googlesyndication.com\/pagead\/js\/adsbygoogle.js\"><\/script>\r\n<ins class=\"adsbygoogle\"\r\n     style=\"display:block; text-align:center;\"\r\n     data-ad-layout=\"in-article\"\r\n     data-ad-format=\"fluid\"\r\n     data-ad-client=\"ca-pub-2860849627502538\"\r\n     data-ad-slot=\"3019501113\"><\/ins>\r\n<script>\r\n     (adsbygoogle = window.adsbygoogle || []).push({});\r\n<\/script>\n<\/div>\n<p style=\"text-align: justify;\"><span style=\"color: #000000;\"><span style=\"font-size: small;\"><img data-recalc-dims=\"1\" loading=\"lazy\" decoding=\"async\" data-attachment-id=\"635\" data-permalink=\"https:\/\/www.laterredufutur.com\/accueil\/vincent-courtillot-qil-ny-a-plus-aucun-rechauffementq-a-voir-absolument\/vincent-courtillot\/\" data-orig-file=\"https:\/\/i0.wp.com\/www.laterredufutur.com\/accueil\/wp-content\/uploads\/2011\/11\/vincent-courtillot.jpg?fit=120%2C93&amp;ssl=1\" data-orig-size=\"120,93\" data-comments-opened=\"1\" data-image-meta=\"{&quot;aperture&quot;:&quot;0&quot;,&quot;credit&quot;:&quot;&quot;,&quot;camera&quot;:&quot;&quot;,&quot;caption&quot;:&quot;&quot;,&quot;created_timestamp&quot;:&quot;0&quot;,&quot;copyright&quot;:&quot;&quot;,&quot;focal_length&quot;:&quot;0&quot;,&quot;iso&quot;:&quot;0&quot;,&quot;shutter_speed&quot;:&quot;0&quot;,&quot;title&quot;:&quot;&quot;,&quot;orientation&quot;:&quot;0&quot;}\" data-image-title=\"vincent-courtillot\" data-image-description=\"\" data-image-caption=\"\" data-large-file=\"https:\/\/i0.wp.com\/www.laterredufutur.com\/accueil\/wp-content\/uploads\/2011\/11\/vincent-courtillot.jpg?fit=120%2C93&amp;ssl=1\" class=\" alignleft size-full wp-image-635\" src=\"https:\/\/i0.wp.com\/www.laterredufutur.com\/wordpress\/wp-content\/uploads\/2011\/11\/vincent-courtillot.jpg?resize=120%2C93\" border=\"0\" alt=\"vincent courtillot\" title=\"vincent courtillot\" align=\"left\" width=\"120\" height=\"93\" \/>Voici Vincent Courtillot, directeur de l\u2019Institut de physique du globe de Paris, g\u00e9ophysicien et professeur en la mati\u00e8re \u00e0 l\u2019universit\u00e9 Paris VII, qui conteste en toute ouverture d\u2019esprit, \u00e9tudes \u00e0 l\u2019appui, la th\u00e8se g\u00e9n\u00e9ralis\u00e9e du r\u00e9chauffement climatique anthropique. A savoir, provoqu\u00e9e par l\u2019activit\u00e9 humaine depuis les d\u00e9buts de la premi\u00e8re R\u00e9volution industrielle, soit \u00e0 peu pr\u00e8s deux si\u00e8cles.<\/span><\/span><\/p>\n<p style=\"text-align: justify;\"><span style=\"color: #000000;\"><span style=\"font-size: small;\"><br \/><\/span><\/span><\/p>\n<p style=\"text-align: justify;\"><span style=\"color: #000000;\"><span style=\"font-size: small;\"> <\/span><\/span><\/p>\n<p>\u00a0<\/p>\n<p>\u00a0<\/p>\n<p style=\"text-align: justify;\"><span style=\"color: #000000;\"><span style=\"font-size: small;\">Globalement, la th\u00e8se de Vincent Courtillot met en corr\u00e9lation la hausse des temp\u00e9ratures de la Terre avec les variations d\u2019intensit\u00e9 de l\u2019activit\u00e9 solaire. Ce scientifique, face \u00e9merg\u00e9e d\u2019un groupe d\u2019\u00e9tudes, contredit quelques points du dernier rapport du Groupement Intergouvernemental sur l\u2019\u00c9volution du Climat, GIEC, qui affirme l\u2019inverse. En effet, selon les rapports du GIEC, c\u2019est la seule activit\u00e9 humaine qui provoque non seulement des hausses sensibles de temp\u00e9ratures mais \u00e9galement tout le d\u00e9r\u00e8glement climatique et saisonnier qui s\u2019en suit et dont on parle tant. Vincent Courtillot affirme m\u00eame que depuis 1998, les temp\u00e9ratures globales auraient plut\u00f4t tendance \u00e0 baisser, cons\u00e9quence de l\u2019activit\u00e9 solaire qui entre en phase plus calme. Le scientifique s\u2019en explique clairement. Le d\u00e9bat reste licite :<\/span><\/span><\/p>\n<p style=\"text-align: justify;\">\u00a0<\/p><div class=\"1665f18d14f35dd9e7566e1a8ac9a3e9\" data-index=\"2\" style=\"float: none; margin:10px 0 10px 0; text-align:center;\">\n<script async src=\"https:\/\/pagead2.googlesyndication.com\/pagead\/js\/adsbygoogle.js\"><\/script>\r\n<ins class=\"adsbygoogle\"\r\n     style=\"display:block; text-align:center;\"\r\n     data-ad-layout=\"in-article\"\r\n     data-ad-format=\"fluid\"\r\n     data-ad-client=\"ca-pub-2860849627502538\"\r\n     data-ad-slot=\"3019501113\"><\/ins>\r\n<script>\r\n     (adsbygoogle = window.adsbygoogle || []).push({});\r\n<\/script>\n<\/div>\n\n<p> <iframe loading=\"lazy\" frameborder=\"0\" width=\"450\" height=\"250\" src=\"http:\/\/www.dailymotion.com\/embed\/video\/xbt8m8\"><\/iframe><br \/><a href=\"http:\/\/www.dailymotion.com\/video\/xbt8m8_vincent-courtillot-nouveau-voyage-a_tech\" target=\"_blank\">Vincent Courtillot &#8211; Nouveau Voyage au centre de&#8230;<\/a> <i>par <a href=\"http:\/\/www.dailymotion.com\/OdileJacob\" target=\"_blank\">OdileJacob<\/a><\/i> <\/p>\n<p style=\"text-align: justify;\"><span style=\"color: #000000;\"><span style=\"font-size: small;\"><span style=\"font-family: arial, helvetica, sans-serif;\">\u00c9videmment, de telles positions, qualifi\u00e9es de \u00ab climato-sceptiques \u00bb par les journalistes toujours en recherche de formules tape-\u00e0-l\u2019oeil, \u00e9claboussent comme un pav\u00e9 jet\u00e9 dans la marre du consensus de la pens\u00e9e unique. Vincent Courtillot monte donc au cr\u00e9neau pour clarifier ses positions. Dans l\u2019exemple ci-dessous, on observe que, non content de n\u2019accorder que neuf maigres minutes d\u2019interview pour un sujet qui m\u00e9riterait largement quelques heures de d\u00e9veloppement approfondi, le tic journalistique assez courant, et relativement insupportable, de couper les fins de phrase de la personne interview\u00e9e, tirant des conclusions \u00e0 la place de celle-ci, surtout quand elle exprime un avis dissonant, r\u00e8gne en ma\u00eetre.<\/span><\/span><\/span><\/p>\n<p style=\"text-align: justify;\"><span style=\"color: #000000;\"><span style=\"font-size: small;\"><span style=\"font-family: arial, helvetica, sans-serif;\"><br \/><\/span><\/span><\/span><\/p>\n<p> <iframe loading=\"lazy\" frameborder=\"0\" width=\"450\" height=\"340\" src=\"http:\/\/www.dailymotion.com\/embed\/video\/xffskt\"><\/iframe><br \/><a href=\"http:\/\/www.dailymotion.com\/video\/xffskt_vincent-courtillot_news\" target=\"_blank\">Vincent Courtillot<\/a> <i>par <a href=\"http:\/\/www.dailymotion.com\/franceinter\" target=\"_blank\">franceinter<\/a><\/i> <\/p>\n<p style=\"text-align: justify;\"><span style=\"color: #000000;\"><span style=\"font-size: small;\">source :\u00a0<a href=\"http:\/\/larocheauxloups.wordpress.com\/\">http:\/\/larocheauxloups.wordpress.com<\/a><\/span><\/span><\/p>\n<p class=\"bawpvc-ajax-counter\" data-id=\"636\">(484)<\/p>\n<!--CusAds0-->\n<div style=\"font-size: 0px; height: 0px; line-height: 0px; margin: 0; padding: 0; clear: both;\"><\/div>","protected":false},"excerpt":{"rendered":"<p style=\"text-align: justify;\"><span style=\"color: #000000;\"><span style=\"font-size: small;\"><img loading=\"lazy\" decoding=\"async\" class=\" alignleft size-full wp-image-635\" src=\"http:\/\/www.laterredufutur.com\/wordpress\/wp-content\/uploads\/2011\/11\/vincent-courtillot.jpg\" border=\"0\" alt=\"vincent courtillot\" title=\"vincent courtillot\" align=\"left\" width=\"120\" height=\"93\" \/>Voici Vincent Courtillot, directeur de l\u2019Institut de physique du globe de Paris, g\u00e9ophysicien et professeur en la mati\u00e8re \u00e0 l\u2019universit\u00e9 Paris VII, qui conteste en toute ouverture d\u2019esprit, \u00e9tudes \u00e0 l\u2019appui, la th\u00e8se g\u00e9n\u00e9ralis\u00e9e du r\u00e9chauffement climatique anthropique. A savoir, provoqu\u00e9e par l\u2019activit\u00e9 humaine depuis les d\u00e9buts de la premi\u00e8re R\u00e9volution industrielle, soit \u00e0 peu pr\u00e8s deux si\u00e8cles.<\/span><\/span><\/p>\n<p style=\"text-align: justify;\"><span style=\"color: #000000;\"><span style=\"font-size: small;\"><br \/><\/span><\/span><\/p>\n<p style=\"text-align: justify;\"><span style=\"color: #000000;\"><span style=\"font-size: small;\"> <\/span><\/span><\/p>\n","protected":false},"author":1,"featured_media":635,"comment_status":"open","ping_status":"open","sticky":false,"template":"","format":"standard","meta":{"_exactmetrics_skip_tracking":false,"_exactmetrics_sitenote_active":false,"_exactmetrics_sitenote_note":"","_exactmetrics_sitenote_category":0,"ngg_post_thumbnail":0,"jetpack_post_was_ever_published":false,"_jetpack_newsletter_access":"","_jetpack_dont_email_post_to_subs":false,"_jetpack_newsletter_tier_id":0,"_jetpack_memberships_contains_paywalled_content":false,"_jetpack_memberships_contains_paid_content":false,"footnotes":"","jetpack_publicize_message":"","jetpack_publicize_feature_enabled":true,"jetpack_social_post_already_shared":false,"jetpack_social_options":{"image_generator_settings":{"template":"highway","default_image_id":0,"font":"","enabled":false},"version":2}},"categories":[20],"tags":[365,170,828,37,226,64,75,177],"class_list":["post-636","post","type-post","status-publish","format-standard","has-post-thumbnail","hentry","category-climat","tag-giec","tag-refroidissement-climatique","tag-revolution-industrielle","tag-soleil","tag-temperature","tag-temperatures","tag-terre","tag-vincent-courtillot","wpcat-20-id"],"jetpack_publicize_connections":[],"jetpack_featured_media_url":"https:\/\/i0.wp.com\/www.laterredufutur.com\/accueil\/wp-content\/uploads\/2011\/11\/vincent-courtillot.jpg?fit=120%2C93&ssl=1","jetpack_shortlink":"https:\/\/wp.me\/p631RN-ag","jetpack-related-posts":[{"id":1229,"url":"https:\/\/www.laterredufutur.com\/accueil\/vincent-courtillot-qil-ny-a-plus-aucun-rechauffement-climatique-depuis-1998q\/","url_meta":{"origin":636,"position":0},"title":"Vincent Courtillot : \u00ab\u00a0Il n&rsquo;y a plus aucun r\u00e9chauffement climatique depuis 1998\u00a0\u00bb","author":"Admin","date":"17 janvier 2013","format":false,"excerpt":"Vincent Courtillot \u00e9tait l'invit\u00e9 du \"Libre journal des sciences et des techniques\" diffus\u00e9 sur Radio Courtoisie le 26 octobre 2012. => ICI \u00c0 Radio Courtoisie, le 26 octobre, le professeur de g\u00e9ophysique et chercheur Vincent Courtillot, sp\u00e9cialiste du climat, r\u00e9futait m\u00e9thodiquement l\u2019argumentaire des \u00ab r\u00e9chauffistes \u00bb. Vincent Courtillot est professeur\u2026","rel":"","context":"Dans &quot;Climat&quot;","block_context":{"text":"Climat","link":"https:\/\/www.laterredufutur.com\/accueil\/sujets\/climat\/"},"img":{"alt_text":"","src":"","width":0,"height":0},"classes":[]},{"id":5496,"url":"https:\/\/www.laterredufutur.com\/accueil\/vincent-courtillot-et-le-rechauffement-climatique\/","url_meta":{"origin":636,"position":1},"title":"Vincent Courtillot et le r\u00e9chauffement climatique","author":"Admin","date":"16 ao\u00fbt 2010","format":false,"excerpt":"Nouveau Voyage au centre de la Terre Un ouvrage de Vincent Courtillot, publi\u00e9 par les Editions Odile Jacob. * \" Pourquoi entamer ce livre sur le \"syst\u00e8me Terre\" par le climat? Parce que le g\u00e9ologue a peut-\u00eatre plus \u00e0 apporter au climatologue que celui-ci n'en a encore conscience. Comment avons-nous\u2026","rel":"","context":"Dans &quot;Climat&quot;","block_context":{"text":"Climat","link":"https:\/\/www.laterredufutur.com\/accueil\/sujets\/climat\/"},"img":{"alt_text":"","src":"","width":0,"height":0},"classes":[]},{"id":1334,"url":"https:\/\/www.laterredufutur.com\/accueil\/vincent-courtillot-qil-ny-a-plus-aucun-rechauffementq-a-voir-absolument\/","url_meta":{"origin":636,"position":2},"title":"Vincent Courtillot : \u00ab\u00a0Il n&rsquo;y a plus aucun r\u00e9chauffement\u00a0\u00bb &#8211; A voir absolument.","author":"Admin","date":"29 mars 2013","format":false,"excerpt":"Vincent Courtillot nous d\u00e9montre les incoh\u00e9rences du GIEC et apporte les vraies courbes du changement climatique. Ici Extrait de l'excellente intervention de Vincent Courtillot en 2011 \u00e0 l'Universit\u00e9 de Strasbourg qui nous d\u00e9montre une stabilisation voir une baisse des temp\u00e9ratures depuis l'an 2000. Vincent Courtillot d\u00e9monte litt\u00e9ralement les graphiques issus\u2026","rel":"","context":"Dans &quot;Climat&quot;","block_context":{"text":"Climat","link":"https:\/\/www.laterredufutur.com\/accueil\/sujets\/climat\/"},"img":{"alt_text":"","src":"https:\/\/i0.wp.com\/www.laterredufutur.com\/wordpress\/wp-content\/uploads\/2011\/11\/vincent-courtillot.jpg?resize=350%2C200","width":350,"height":200},"classes":[]},{"id":5039,"url":"https:\/\/www.laterredufutur.com\/accueil\/le-rechauffement-nest-plus-une-certitude\/","url_meta":{"origin":636,"position":3},"title":"Le r\u00e9chauffement n&rsquo;est plus une certitude","author":"Admin","date":"30 septembre 2009","format":false,"excerpt":"Dans \u00abNouveau Voyage au centre de la Terre\u00bb (1)., le g\u00e9ophysicien Vincent Courtillot critique la th\u00e8se largement admise sur les causes du changement climatique Le Nouvel Observateur. Selon vous, depuis une dizaine d'ann\u00e9es, la temp\u00e9rature moyenne de la plan\u00e8te est... en baisse ? Vincent Courtillot. C'est s\u00fbr, attest\u00e9, personne ne\u2026","rel":"","context":"Dans &quot;Climat&quot;","block_context":{"text":"Climat","link":"https:\/\/www.laterredufutur.com\/accueil\/sujets\/climat\/"},"img":{"alt_text":"","src":"","width":0,"height":0},"classes":[]},{"id":5400,"url":"https:\/\/www.laterredufutur.com\/accueil\/le-professeur-vincent-courtillot-expose-les-erreurs-du-giec\/","url_meta":{"origin":636,"position":4},"title":"Le professeur Vincent Courtillot expose les erreurs du GIEC","author":"Admin","date":"14 juin 2010","format":false,"excerpt":"Le professeur Vincent Courtillot, de l'acad\u00e9mie des sciences, n'est pas climatologue, mais g\u00e9ologue physicien, dot\u00e9 d'un CV acad\u00e9mique tr\u00e8s \u00e9toff\u00e9. Il a \u00e9t\u00e9 amen\u00e9 \u00e0 s'int\u00e9resser presque incidemment aux donn\u00e9es du climat, car g\u00e9ologie et pal\u00e9o-climatologie se rejoignent parfois. Sa qualit\u00e9 scientifique lui a permis de se mettre assez rapidement\u2026","rel":"","context":"Dans &quot;Climat&quot;","block_context":{"text":"Climat","link":"https:\/\/www.laterredufutur.com\/accueil\/sujets\/climat\/"},"img":{"alt_text":"","src":"https:\/\/i0.wp.com\/www.laterredufutur.com\/accueil\/wp-content\/uploads\/2015\/04\/courtillot.jpg?fit=300%2C400&ssl=1&resize=350%2C200","width":350,"height":200},"classes":[]},{"id":5574,"url":"https:\/\/www.laterredufutur.com\/accueil\/liste-de-scientifiques-sceptiques-sur-le-rechauffement-climatique\/","url_meta":{"origin":636,"position":5},"title":"Liste de scientifiques sceptiques sur le r\u00e9chauffement climatique","author":"Admin","date":"12 novembre 2010","format":false,"excerpt":"Cette liste de scientifiques sceptiques sur le r\u00e9chauffement climatique liste les scientifiques \u00e0 travers le monde qui sont climatosceptiques, c'est \u00e0 dire sceptiques sur la r\u00e9alit\u00e9 d'un r\u00e9chauffement climatique1 exceptionnel, son origine humaine ou sur le fait qu'il ait des cons\u00e9quences n\u00e9gatives. Ils sont Prix Nobel, Ph.D., laur\u00e9ats de nombreux\u2026","rel":"","context":"Dans &quot;Climat&quot;","block_context":{"text":"Climat","link":"https:\/\/www.laterredufutur.com\/accueil\/sujets\/climat\/"},"img":{"alt_text":"","src":"https:\/\/i0.wp.com\/www.laterredufutur.com\/accueil\/wp-content\/uploads\/2015\/04\/wiki.jpg?fit=200%2C200&ssl=1&resize=350%2C200","width":350,"height":200},"classes":[]}],"jetpack_sharing_enabled":true,"_links":{"self":[{"href":"https:\/\/www.laterredufutur.com\/accueil\/wp-json\/wp\/v2\/posts\/636","targetHints":{"allow":["GET"]}}],"collection":[{"href":"https:\/\/www.laterredufutur.com\/accueil\/wp-json\/wp\/v2\/posts"}],"about":[{"href":"https:\/\/www.laterredufutur.com\/accueil\/wp-json\/wp\/v2\/types\/post"}],"author":[{"embeddable":true,"href":"https:\/\/www.laterredufutur.com\/accueil\/wp-json\/wp\/v2\/users\/1"}],"replies":[{"embeddable":true,"href":"https:\/\/www.laterredufutur.com\/accueil\/wp-json\/wp\/v2\/comments?post=636"}],"version-history":[{"count":0,"href":"https:\/\/www.laterredufutur.com\/accueil\/wp-json\/wp\/v2\/posts\/636\/revisions"}],"wp:featuredmedia":[{"embeddable":true,"href":"https:\/\/www.laterredufutur.com\/accueil\/wp-json\/wp\/v2\/media\/635"}],"wp:attachment":[{"href":"https:\/\/www.laterredufutur.com\/accueil\/wp-json\/wp\/v2\/media?parent=636"}],"wp:term":[{"taxonomy":"category","embeddable":true,"href":"https:\/\/www.laterredufutur.com\/accueil\/wp-json\/wp\/v2\/categories?post=636"},{"taxonomy":"post_tag","embeddable":true,"href":"https:\/\/www.laterredufutur.com\/accueil\/wp-json\/wp\/v2\/tags?post=636"}],"curies":[{"name":"wp","href":"https:\/\/api.w.org\/{rel}","templated":true}]}}