{"id":6205,"date":"2015-04-29T13:00:00","date_gmt":"2015-04-29T11:00:00","guid":{"rendered":"http:\/\/www.laterredufutur.com\/accueil\/?p=6205"},"modified":"2015-04-28T10:00:25","modified_gmt":"2015-04-28T08:00:25","slug":"le-refroidissement-du-pacifique-a-fait-ralentir-le-rechauffement-climatique","status":"publish","type":"post","link":"https:\/\/www.laterredufutur.com\/accueil\/le-refroidissement-du-pacifique-a-fait-ralentir-le-rechauffement-climatique\/","title":{"rendered":"Le refroidissement du Pacifique a fait ralentir le r\u00e9chauffement climatique"},"content":{"rendered":"<div class=\"1665f18d14f35dd9e7566e1a8ac9a3e9\" data-index=\"1\" style=\"float: none; margin:10px 0 10px 0; text-align:center;\">\n<script async src=\"https:\/\/pagead2.googlesyndication.com\/pagead\/js\/adsbygoogle.js\"><\/script>\r\n<ins class=\"adsbygoogle\"\r\n     style=\"display:block; text-align:center;\"\r\n     data-ad-layout=\"in-article\"\r\n     data-ad-format=\"fluid\"\r\n     data-ad-client=\"ca-pub-2860849627502538\"\r\n     data-ad-slot=\"3019501113\"><\/ins>\r\n<script>\r\n     (adsbygoogle = window.adsbygoogle || []).push({});\r\n<\/script>\n<\/div>\n<p style=\"text-align: justify;\">Le refroidissement des temp\u00e9ratures de l\u2019Oc\u00e9an Pacifique a fait ralentir le r\u00e9chauffement climatique au niveau mondial d\u2019apr\u00e8s une nouvelle \u00e9tude.<\/p>\n<p style=\"text-align: justify;\">Un refroidissement naturel de l\u2019Oc\u00e9an Pacifique a contribu\u00e9 \u00e0 ralentir le r\u00e9chauffement climatique au cours des dix derni\u00e8res ann\u00e9es mais cette pause ne durera probablement pas plus longtemps, d\u2019apr\u00e8s ce qu\u2019ont indiqu\u00e9 des scientifiques am\u00e9ricains jeudi.<\/p>\n<p style=\"text-align: justify;\">Le ralentissement de la vitesse d\u2019augmentation des temp\u00e9ratures \u00e9tonne les scientifiques dans la mesure o\u00f9 les \u00e9missions de gaz \u00e0 effet de serre qui font augmenter les temp\u00e9ratures ont atteint des records sur la m\u00eame p\u00e9riode.<\/p>\n<p style=\"text-align: justify;\">Comprendre ce ralentissement est essentiel pour pr\u00e9voir le r\u00e9chauffement futur et pour se mettre d\u2019accord sur des r\u00e9ductions d\u2019\u00e9missions, associ\u00e9es par les scientifiques aux canicules, aux inondations et \u00e0 l\u2019augmentation du niveau des mers. Pr\u00e8s de 200 nations devraient conclure un accord de l\u2019ONU pour ralentir le changement climatique \u00e0 Paris en D\u00e9cembre.<\/p>\n<p style=\"text-align: justify;\">Le ralentissement du r\u00e9chauffement est probablement une combinaison de plusieurs facteurs diff\u00e9rents<\/p>\n<p style=\"text-align: justify;\">En \u00e9tudiant les temp\u00e9ratures des oc\u00e9ans Pacifique et Atlantique depuis 1850, qui ont enregistr\u00e9 des changements naturels des vents et des courants qui peuvent durer plusieurs d\u00e9cennies, les scientifiques ont d\u00e9clar\u00e9 qu\u2019une phase plus froide dans le Pacifique ces derni\u00e8res ann\u00e9es aidait \u00e0 expliquer ce hiatus de r\u00e9chauffement.<\/p>\n<p style=\"text-align: justify;\">Les tendances combin\u00e9es de ces deux oc\u00e9ans ont \u00e9t\u00e9 vues comme \u00ab produisant un ralentissement ou une fausse pause du r\u00e9chauffement au cours des dix derni\u00e8res ann\u00e9es \u00bb ont \u00e9crit les trois scientifiques dans le journal Science.<\/p><div class=\"1665f18d14f35dd9e7566e1a8ac9a3e9\" data-index=\"2\" style=\"float: none; margin:10px 0 10px 0; text-align:center;\">\n<script async src=\"https:\/\/pagead2.googlesyndication.com\/pagead\/js\/adsbygoogle.js\"><\/script>\r\n<ins class=\"adsbygoogle\"\r\n     style=\"display:block; text-align:center;\"\r\n     data-ad-layout=\"in-article\"\r\n     data-ad-format=\"fluid\"\r\n     data-ad-client=\"ca-pub-2860849627502538\"\r\n     data-ad-slot=\"3019501113\"><\/ins>\r\n<script>\r\n     (adsbygoogle = window.adsbygoogle || []).push({});\r\n<\/script>\n<\/div>\n\n<p style=\"text-align: justify;\">\u00ab Il semble que le Pacifique soit le principal facteur \u00bb du fait que les deux oc\u00e9ans masquent le r\u00e9chauffement, d\u2019apr\u00e8s ce qu\u2019a d\u00e9clar\u00e9 Michael Mann, co-auteur et professeur de m\u00e9t\u00e9orologie \u00e0 l\u2019Universit\u00e9 de Pennsylvanie. \u00ab L\u2019Atlantique est un joueur mineur actuellement \u00bb.<\/p>\n<p style=\"text-align: justify;\">L\u2019\u00e9tude indique que la pause du r\u00e9chauffement n\u2019est pas susceptible de durer. \u00ab Etant donn\u00e9 le r\u00e9gime des variations historiques pass\u00e9es, cette tendance s\u2019inversera probablement \u00bb et ajoutera au r\u00e9chauffement \u00ab dans les d\u00e9cennies \u00e0 venir \u00bb a-t-il indiqu\u00e9.<\/p>\n<p style=\"text-align: justify;\">Bien que le rythme d\u2019augmentation des temp\u00e9ratures a ralenti, l\u2019ann\u00e9e derni\u00e8re a \u00e9t\u00e9 la plus chaude depuis que les archives ont commenc\u00e9 au 19\u00e8me si\u00e8cle, d\u2019apr\u00e8s l\u2019Organisation M\u00e9t\u00e9orologique Mondiale (OMM).<\/p>\n<p style=\"text-align: justify;\">En 2013, le groupe intergouvernemental d\u2019experts de l\u2019ONU sur l\u2019Evolution du Climat (GIEC) avait d\u00e9clar\u00e9 que la pause du r\u00e9chauffement \u00e9tait li\u00e9e \u00e0 des facteurs comme les changements naturels tels que les changements de la chaleur oc\u00e9anique, des \u00e9ruptions volcaniques et d\u2019un d\u00e9clin de la production solaire dans un cycle sur onze ans.<\/p>\n<p style=\"text-align: justify;\">\u00ab Le ralentissement du r\u00e9chauffement est probablement une combinaison de plusieurs facteurs diff\u00e9rents \u00bb a d\u00e9clar\u00e9 Michael Mann.<\/p>\n<p style=\"text-align: justify;\">Le GIEC a d\u00e9clar\u00e9 qu\u2019il \u00e9tait probable \u00e0 au moins 95% que la plupart du r\u00e9chauffement depuis 1950 soit l\u2019\u0153uvre de l\u2019homme.<\/p>\n<p>source : http:\/\/www.actualites-news-environnement.com\/<\/p>\n<p class=\"bawpvc-ajax-counter\" data-id=\"6205\">(636)<\/p>\n<!--CusAds0-->\n<div style=\"font-size: 0px; height: 0px; line-height: 0px; margin: 0; padding: 0; clear: both;\"><\/div>","protected":false},"excerpt":{"rendered":"<p>Le refroidissement des temp\u00e9ratures de l\u2019Oc\u00e9an Pacifique a fait ralentir le r\u00e9chauffement climatique au niveau mondial d\u2019apr\u00e8s une nouvelle \u00e9tude&#8230;.<\/p>\n","protected":false},"author":1,"featured_media":1345,"comment_status":"open","ping_status":"open","sticky":false,"template":"","format":"standard","meta":{"_exactmetrics_skip_tracking":false,"_exactmetrics_sitenote_active":false,"_exactmetrics_sitenote_note":"","_exactmetrics_sitenote_category":0,"ngg_post_thumbnail":0,"jetpack_post_was_ever_published":false,"_jetpack_newsletter_access":"","_jetpack_dont_email_post_to_subs":false,"_jetpack_newsletter_tier_id":0,"_jetpack_memberships_contains_paywalled_content":false,"_jetpack_memberships_contains_paid_content":false,"footnotes":"","jetpack_publicize_message":"","jetpack_publicize_feature_enabled":true,"jetpack_social_post_already_shared":true,"jetpack_social_options":{"image_generator_settings":{"template":"highway","default_image_id":0,"font":"","enabled":false},"version":2}},"categories":[20],"tags":[3005,365,241,1697,234,243,688,64],"class_list":["post-6205","post","type-post","status-publish","format-standard","has-post-thumbnail","hentry","category-climat","tag-courants","tag-giec","tag-ocean","tag-ocean-pacifique","tag-oceans","tag-pacifique","tag-stabilisation","tag-temperatures","wpcat-20-id"],"jetpack_publicize_connections":[],"jetpack_featured_media_url":"https:\/\/i0.wp.com\/www.laterredufutur.com\/accueil\/wp-content\/uploads\/2013\/04\/terre-ocenapacifique.jpg?fit=450%2C283&ssl=1","jetpack_shortlink":"https:\/\/wp.me\/p631RN-1C5","jetpack-related-posts":[{"id":3475,"url":"https:\/\/www.laterredufutur.com\/accueil\/climat-le-rechauffement-affaiblit-les-alizes-du-pacifique\/","url_meta":{"origin":6205,"position":0},"title":"Climat: le r\u00e9chauffement affaiblit les aliz\u00e9s du Pacifique","author":"Admin","date":"19 mai 2006","format":false,"excerpt":"Le r\u00e9chauffement climatique affaiblit le courant atmosph\u00e9rique qui traverse l\u2019Oc\u00e9an Pacifique et qui influence les moussons en Asie et la p\u00eache sur la c\u00f4te sud-am\u00e9ricaine, affirment des chercheurs dans la revue Nature. L\u2019activit\u00e9 humaine est la principale responsable de ce ph\u00e9nom\u00e8ne, pr\u00e9cisent Gabriel Vecchi et ses coll\u00e8gues.\u00a0 Ces chercheurs de\u2026","rel":"","context":"Dans &quot;Climat&quot;","block_context":{"text":"Climat","link":"https:\/\/www.laterredufutur.com\/accueil\/sujets\/climat\/"},"img":{"alt_text":"","src":"https:\/\/i0.wp.com\/www.laterredufutur.com\/accueil\/wp-content\/uploads\/2015\/04\/LaNina.png?fit=350%2C314&ssl=1&resize=350%2C200","width":350,"height":200},"classes":[]},{"id":4601,"url":"https:\/\/www.laterredufutur.com\/accueil\/autoregulation-du-climat\/","url_meta":{"origin":6205,"position":1},"title":"Autor\u00e9gulation du climat","author":"Admin","date":"15 septembre 2008","format":false,"excerpt":"Pour rappel, voici des faits sur l'auto r\u00e9gulation du climat : Des chercheurs de l'Universit\u00e9 d'Alabama \u00e0 Huntsville ont analys\u00e9 6 ann\u00e9es de donn\u00e9es satellitaires (pr\u00e9cipitations, temp\u00e9ratures de surface de la mer et de l'air, couverture nuageuse haute et basse, \u00e9nergie solaire r\u00e9fl\u00e9chie et \u00e9nergie infra-rouge s'\u00e9chappant vers l'espace). Au\u2026","rel":"","context":"Dans &quot;Climat&quot;","block_context":{"text":"Climat","link":"https:\/\/www.laterredufutur.com\/accueil\/sujets\/climat\/"},"img":{"alt_text":"","src":"https:\/\/i0.wp.com\/www.laterredufutur.com\/accueil\/wp-content\/uploads\/2015\/04\/autoregulation.jpg?fit=450%2C294&ssl=1&resize=350%2C200","width":350,"height":200},"classes":[]},{"id":4980,"url":"https:\/\/www.laterredufutur.com\/accueil\/le-rechauffement-climatique-sest-arrete-2\/","url_meta":{"origin":6205,"position":2},"title":"Le r\u00e9chauffement climatique s&rsquo;est arr\u00e9t\u00e9","author":"Admin","date":"31 juillet 2009","format":false,"excerpt":"Dans un contexte mondial o\u00f9 la communaut\u00e9 scientifique semble plus partag\u00e9e concernant le changement climatique, de nouvelles pistes sont envisag\u00e9es \u00e0 propos de l'\u00e9volution du climat vers un arr\u00eat du r\u00e9chauffement global, voire m\u00eame vers un refroidissement qui serait entam\u00e9 depuis l'ann\u00e9e 2007. L'activit\u00e9 solaire, au ralenti depuis plusieurs mois,\u2026","rel":"","context":"Dans &quot;Climat&quot;","block_context":{"text":"Climat","link":"https:\/\/www.laterredufutur.com\/accueil\/sujets\/climat\/"},"img":{"alt_text":"","src":"https:\/\/i0.wp.com\/www.laterredufutur.com\/accueil\/wp-content\/uploads\/2015\/04\/Nina.jpg?fit=640%2C432&ssl=1&resize=350%2C200","width":350,"height":200,"srcset":"https:\/\/i0.wp.com\/www.laterredufutur.com\/accueil\/wp-content\/uploads\/2015\/04\/Nina.jpg?fit=640%2C432&ssl=1&resize=350%2C200 1x, https:\/\/i0.wp.com\/www.laterredufutur.com\/accueil\/wp-content\/uploads\/2015\/04\/Nina.jpg?fit=640%2C432&ssl=1&resize=525%2C300 1.5x"},"classes":[]},{"id":1537,"url":"https:\/\/www.laterredufutur.com\/accueil\/le-rechauffement-climatique-en-pause-grace-au-refroidissement-du-pacifique\/","url_meta":{"origin":6205,"position":3},"title":"Le r\u00e9chauffement climatique en pause gr\u00e2ce au refroidissement du Pacifique","author":"Admin","date":"8 septembre 2013","format":false,"excerpt":"Depuis 2003, ouverture du site de la Terre du Futur, nous parlons d'une stabilisation des temp\u00e9ratures, voire d'un refroidissement climatique car des r\u00e9troactions n\u00e9gatives du climat devaient \u00eatre attendues. Selon une \u00e9tude publi\u00e9e par Nature, la temp\u00e9rature sur Terre semble se stabiliser depuis une quinzaine d'ann\u00e9es. Si le r\u00e9chauffement global\u2026","rel":"","context":"Dans &quot;Climat&quot;","block_context":{"text":"Climat","link":"https:\/\/www.laterredufutur.com\/accueil\/sujets\/climat\/"},"img":{"alt_text":"ocean pacifique","src":"https:\/\/i0.wp.com\/www.laterredufutur.com\/accueil\/wp-content\/uploads\/2011\/07\/ocean-pacifique.jpg?fit=468%2C312&ssl=1&resize=350%2C200","width":350,"height":200},"classes":[]},{"id":1540,"url":"https:\/\/www.laterredufutur.com\/accueil\/le-climat-serait-en-train-de-se-refroidir\/","url_meta":{"origin":6205,"position":4},"title":"Le climat serait en train de se refroidir","author":"Admin","date":"12 septembre 2013","format":false,"excerpt":"L'\u00e9t\u00e9 a \u00e9t\u00e9 tr\u00e8s froid en Arctique et a permis \u00e0 la banquise d'augmenter fortement. Du coup, des experts affirment que nous entrons dans une p\u00e9riode de refroidissement climatique! A l'heure o\u00f9 tout le monde parle de r\u00e9chauffement climatique et de la fonte in\u00e9luctable de la banquise, le constat est\u2026","rel":"","context":"Dans &quot;Climat&quot;","block_context":{"text":"Climat","link":"https:\/\/www.laterredufutur.com\/accueil\/sujets\/climat\/"},"img":{"alt_text":"","src":"","width":0,"height":0},"classes":[]},{"id":17658,"url":"https:\/\/www.laterredufutur.com\/accueil\/des-chercheurs-decouvrent-que-le-petit-age-glaciaire-du-xvii-eme-siecle-refroidit-encore-le-fond-du-pacifique\/","url_meta":{"origin":6205,"position":5},"title":"Des chercheurs d\u00e9couvrent que le \u00ab\u00a0petit age glaciaire\u00a0\u00bb du XVII eme si\u00e8cle refroidit encore le fond du Pacifique","author":"Admin","date":"9 janvier 2019","format":false,"excerpt":"Alors qu'une grande partie des oc\u00e9ans r\u00e9agissent \u00e0 la hausse des temp\u00e9ratures dans le monde d'aujourd'hui, les eaux profondes et sombres du fond de l'oc\u00e9an Pacifique semblent faire exactement le contraire. Une \u00e9tude de Harvard r\u00e9v\u00e8le que certaines r\u00e9gions du grand Pacifique pourraient se refroidir \u00e0 la suite d'un ph\u00e9nom\u00e8ne\u2026","rel":"","context":"Dans &quot;Climat&quot;","block_context":{"text":"Climat","link":"https:\/\/www.laterredufutur.com\/accueil\/sujets\/climat\/"},"img":{"alt_text":"","src":"https:\/\/i0.wp.com\/www.laterredufutur.com\/accueil\/wp-content\/uploads\/2019\/01\/The-Study-of-Harvard-The-Great-Pacific-Study.-Les-mod%C3%A8les-sugg%C3%A8rent-que-dans-les-profondeurs-les-temp%C3%A9ratures-sont-dune-profondeur-denviron-2-kilom%C3%A8tres.jpg?fit=634%2C382&ssl=1&resize=350%2C200","width":350,"height":200,"srcset":"https:\/\/i0.wp.com\/www.laterredufutur.com\/accueil\/wp-content\/uploads\/2019\/01\/The-Study-of-Harvard-The-Great-Pacific-Study.-Les-mod%C3%A8les-sugg%C3%A8rent-que-dans-les-profondeurs-les-temp%C3%A9ratures-sont-dune-profondeur-denviron-2-kilom%C3%A8tres.jpg?fit=634%2C382&ssl=1&resize=350%2C200 1x, https:\/\/i0.wp.com\/www.laterredufutur.com\/accueil\/wp-content\/uploads\/2019\/01\/The-Study-of-Harvard-The-Great-Pacific-Study.-Les-mod%C3%A8les-sugg%C3%A8rent-que-dans-les-profondeurs-les-temp%C3%A9ratures-sont-dune-profondeur-denviron-2-kilom%C3%A8tres.jpg?fit=634%2C382&ssl=1&resize=525%2C300 1.5x"},"classes":[]}],"jetpack_sharing_enabled":true,"_links":{"self":[{"href":"https:\/\/www.laterredufutur.com\/accueil\/wp-json\/wp\/v2\/posts\/6205","targetHints":{"allow":["GET"]}}],"collection":[{"href":"https:\/\/www.laterredufutur.com\/accueil\/wp-json\/wp\/v2\/posts"}],"about":[{"href":"https:\/\/www.laterredufutur.com\/accueil\/wp-json\/wp\/v2\/types\/post"}],"author":[{"embeddable":true,"href":"https:\/\/www.laterredufutur.com\/accueil\/wp-json\/wp\/v2\/users\/1"}],"replies":[{"embeddable":true,"href":"https:\/\/www.laterredufutur.com\/accueil\/wp-json\/wp\/v2\/comments?post=6205"}],"version-history":[{"count":1,"href":"https:\/\/www.laterredufutur.com\/accueil\/wp-json\/wp\/v2\/posts\/6205\/revisions"}],"predecessor-version":[{"id":6206,"href":"https:\/\/www.laterredufutur.com\/accueil\/wp-json\/wp\/v2\/posts\/6205\/revisions\/6206"}],"wp:featuredmedia":[{"embeddable":true,"href":"https:\/\/www.laterredufutur.com\/accueil\/wp-json\/wp\/v2\/media\/1345"}],"wp:attachment":[{"href":"https:\/\/www.laterredufutur.com\/accueil\/wp-json\/wp\/v2\/media?parent=6205"}],"wp:term":[{"taxonomy":"category","embeddable":true,"href":"https:\/\/www.laterredufutur.com\/accueil\/wp-json\/wp\/v2\/categories?post=6205"},{"taxonomy":"post_tag","embeddable":true,"href":"https:\/\/www.laterredufutur.com\/accueil\/wp-json\/wp\/v2\/tags?post=6205"}],"curies":[{"name":"wp","href":"https:\/\/api.w.org\/{rel}","templated":true}]}}