{"id":6201,"date":"2015-04-28T17:00:03","date_gmt":"2015-04-28T15:00:03","guid":{"rendered":"http:\/\/www.laterredufutur.com\/accueil\/?p=6201"},"modified":"2015-04-28T17:31:41","modified_gmt":"2015-04-28T15:31:41","slug":"leffet-de-serre-version-giec-nexiste-pas","status":"publish","type":"post","link":"https:\/\/www.laterredufutur.com\/accueil\/leffet-de-serre-version-giec-nexiste-pas\/","title":{"rendered":"L&rsquo;effet de serre version GIEC n&rsquo;existe pas"},"content":{"rendered":"<div class=\"1665f18d14f35dd9e7566e1a8ac9a3e9\" data-index=\"1\" style=\"float: none; margin:10px 0 10px 0; text-align:center;\">\n<script async src=\"https:\/\/pagead2.googlesyndication.com\/pagead\/js\/adsbygoogle.js\"><\/script>\r\n<ins class=\"adsbygoogle\"\r\n     style=\"display:block; text-align:center;\"\r\n     data-ad-layout=\"in-article\"\r\n     data-ad-format=\"fluid\"\r\n     data-ad-client=\"ca-pub-2860849627502538\"\r\n     data-ad-slot=\"3019501113\"><\/ins>\r\n<script>\r\n     (adsbygoogle = window.adsbygoogle || []).push({});\r\n<\/script>\n<\/div>\n<p style=\"text-align: justify;\">La th\u00e9orie de l&rsquo; effet de serre a \u00e9t\u00e9 \u00e9labor\u00e9e pour la premi\u00e8re fois par Arrhenius en 1896 pour lier une \u00e9ventuelle \u00e9l\u00e9vation de temp\u00e9rature \u00e0 l&rsquo;augmentation de la teneur en CO2 dans l&rsquo;atmosph\u00e8re r\u00e9sultant de l&rsquo;activit\u00e9 humaine. Cet effet, consid\u00e9r\u00e9 initialement comme b\u00e9n\u00e9fique, donna lieu \u00e0 partir de 1990 \u00e0 une s\u00e9rie de rapports d&rsquo;\u00e9valuation de plus en plus alarmistes r\u00e9dig\u00e9s par le GIEC.<\/p>\n<p style=\"text-align: justify;\">Pour les partisans de cette th\u00e9orie, l&rsquo; effet de serre est un ph\u00e9nom\u00e8ne radiatif caus\u00e9 par des gaz tels que la vapeur d&rsquo;eau ou le CO2, qui absorbent une fraction du rayonnement infrarouge \u00e9mis par la Terre, et le r\u00e9-\u00e9mettent ensuite dans toutes les directions et notamment vers la surface terrestre dont la temp\u00e9rature serait, de ce fait, plus \u00e9lev\u00e9e qu&rsquo;en l&rsquo;absence de gaz absorbant l&rsquo;infrarouge. Ces gaz sont d\u00e8s lors qualifi\u00e9s de \u00ab\u00a0gaz \u00e0 effet de serre\u00a0\u00bb.<\/p>\n<p style=\"text-align: justify;\">Pour mettre en \u00e9vidence ce ph\u00e9nom\u00e8ne, certains climatologues ont eu l&rsquo; id\u00e9e saugrenue de calculer la temp\u00e9rature \u00ab\u00a0th\u00e9orique\u00a0\u00bb qu&rsquo;aurait la Terre en l&rsquo;absence d&rsquo;atmosph\u00e8re, pour la comparer \u00e0 la temp\u00e9rature \u00ab\u00a0moyenne globale\u00a0\u00bb r\u00e9sultant de mesures dans une s\u00e9rie de stations m\u00e9t\u00e9orologiques situ\u00e9es principalement dans l&rsquo; h\u00e9misph\u00e8re nord. L&rsquo; id\u00e9e est saugrenue car une Terre sans atmosph\u00e8re est n\u00e9cessairement sans oc\u00e9ans. C&rsquo;est une Terre morte sans courant marin, sans nuage et sans vent qui sont des \u00e9l\u00e9ments d\u00e9terminants du climat. On voit mal, d\u00e8s lors, l&rsquo;int\u00e9r\u00eat d&rsquo;une telle comparaison si ce n&rsquo;est de pr\u00e9senter la diff\u00e9rence comme la manifestation d&rsquo;un \u00ab\u00a0effet de serre\u00a0\u00bb.<\/p>\n<p style=\"text-align: justify;\">Comme un mod\u00e8le scientifiquement valable tenant compte de la vitesse de rotation de la Terre, de l&rsquo;inclinaison de son axe de rotation et de sa capacit\u00e9 calorifique donnerait lieu \u00e0 des difficult\u00e9s de calculs insurmontables, certains climatologues ont imagin\u00e9 un mod\u00e8le \u00ab\u00a0simplifi\u00e9\u00a0\u00bb impliquant une distribution uniforme de l&rsquo;\u00e9nergie sur toute la surface terrestre. Un tel mod\u00e8le, n\u00e9gligeant l&rsquo;existence d&rsquo;un h\u00e9misph\u00e8re non \u00e9clair\u00e9 et de la variation d&rsquo;ensoleillement en fonction de la latitude n&rsquo;a aucun sens physique et une temp\u00e9rature uniforme n&rsquo;est \u00e9videmment pas \u00e9quivalente \u00e0 une temp\u00e9rature moyenne. Poursuivant n\u00e9anmoins dans cette orientation erron\u00e9e, les climatologues th\u00e9oriciens concluent, moyennant certaines approximations, que pour maintenir une temp\u00e9rature constante, la Terre en l&rsquo;absence d&rsquo;atmosph\u00e8re devrait dissiper sous forme de rayonnement infrarouge un flux \u00e9nerg\u00e9tique correspondant, d&rsquo;apr\u00e8s la relation de Stefan-Boltzmann, \u00e0 une temp\u00e9rature de -18\u00b0C.<\/p>\n<p style=\"text-align: justify;\">Bien que cette valeur soit erron\u00e9e, elle est tr\u00e8s souvent compar\u00e9e \u00e0 la temp\u00e9rature \u00ab\u00a0moyenne globale\u00a0\u00bb de +15\u00b0C r\u00e9sultant de mesures effectu\u00e9es dans une s\u00e9rie de stations m\u00e9t\u00e9orologiques. La diff\u00e9rence de 33\u00b0C est alors pr\u00e9sent\u00e9e comme la manifestation d&rsquo;un \u00ab\u00a0effet de serre\u00a0\u00bb. Il est clair cependant que les pr\u00e9misses \u00e9tant fausses, la conclusion n&rsquo;a aucun sens et que cette diff\u00e9rence ne peut justifier un quelconque \u00ab\u00a0effet de serre\u00a0\u00bb.<\/p><div class=\"1665f18d14f35dd9e7566e1a8ac9a3e9\" data-index=\"2\" style=\"float: none; margin:10px 0 10px 0; text-align:center;\">\n<script async src=\"https:\/\/pagead2.googlesyndication.com\/pagead\/js\/adsbygoogle.js\"><\/script>\r\n<ins class=\"adsbygoogle\"\r\n     style=\"display:block; text-align:center;\"\r\n     data-ad-layout=\"in-article\"\r\n     data-ad-format=\"fluid\"\r\n     data-ad-client=\"ca-pub-2860849627502538\"\r\n     data-ad-slot=\"3019501113\"><\/ins>\r\n<script>\r\n     (adsbygoogle = window.adsbygoogle || []).push({});\r\n<\/script>\n<\/div>\n\n<p style=\"text-align: justify;\">Quel peut \u00eatre le r\u00f4le de la vapeur d&rsquo;eau dont la teneur tr\u00e8s variable est de l&rsquo;ordre de 1% en moyenne et du CO2 qui n&rsquo;intervient qu&rsquo;en proportion de 0,04% dans une atmosph\u00e8re constitu\u00e9e \u00e0 pr\u00e8s de 99% d&rsquo;azote et d&rsquo;oxyg\u00e8ne ? Toutes ces mol\u00e9cules en agitation constante s&rsquo;entrechoquent et subissent chacune, dans le domaine des temp\u00e9ratures et pressions atmosph\u00e9riques habituelles, plusieurs milliards de collisions par seconde. L&rsquo; \u00e9nergie du rayonnement infrarouge \u00e9mis par la Terre et absorb\u00e9 par la vapeur d&rsquo;eau et le CO2 va donc se r\u00e9partir sur l&rsquo;ensemble des mol\u00e9cules atmosph\u00e9riques dont l&rsquo;\u00e9nergie cin\u00e9tique va augmenter. La vapeur d&rsquo;eau et le CO2 ne vont donc pas r\u00e9-\u00e9mettre sous forme de rayonnement l&rsquo;\u00e9nergie absorb\u00e9e, et on peut en conclure que l&rsquo;effet de serre tel que d\u00e9fini par le GIEC n&rsquo;existe pas.<\/p>\n<p style=\"text-align: justify;\">Cette \u00e9nergie absorb\u00e9e initialement par la vapeur d&rsquo;eau et le CO2 peut-elle n\u00e9anmoins servir \u00e0 r\u00e9chauffer la surface terrestre par l&rsquo; \u00e9mission d&rsquo;un rayonnement thermique en provenance des basses couches atmosph\u00e9riques ? Cet effet, parfois envisag\u00e9, ne peut cependant se produire car le rayonnement thermique \u00e9mis par un corps \u00e0 une temp\u00e9rature quelconque ne peut \u00eatre absorb\u00e9 par un corps plus chaud. De plus, le rayonnement thermique est une propri\u00e9t\u00e9 quasi exclusive des solides, l&rsquo;\u00e9missivit\u00e9 des liquides est tr\u00e8s faible et \u00e0 fortiori celle des gaz est pratiquement nulle dans le domaine des temp\u00e9ratures et pressions atmosph\u00e9riques.<\/p>\n<p style=\"text-align: justify;\">Si l&rsquo;\u00e9nergie absorb\u00e9e par la vapeur d&rsquo;eau et le CO2 ne peut r\u00e9chauffer la surface terrestre, dans quelle mesure peut-elle r\u00e9chauffer les basses couches atmosph\u00e9riques ? Pour estimer cette contribution, il faut conna\u00eetre la fraction d&rsquo;\u00e9nergie dissip\u00e9e par la Terre sous forme radiative. Or, en pr\u00e9sence d&rsquo;une atmosph\u00e8re, le bilan thermique de la Terre est complexe.<\/p>\n<p style=\"text-align: justify;\">Pour maintenir une temp\u00e9rature constante, la Terre doit \u00e9mettre vers l&rsquo;atmosph\u00e8re autant d&rsquo;\u00e9nergie qu&rsquo;elle en re\u00e7oit du Soleil. Trois m\u00e9canismes y contribuent : convection de l&rsquo;air, \u00e9vaporation de l&rsquo;eau des oc\u00e9ans suivie de condensation en altitude, et enfin rayonnement thermique. Seul ce dernier m\u00e9canisme peut donner lieu \u00e0 une absorption d&rsquo;\u00e9nergie par la vapeur d&rsquo;eau et le CO2. Son importance relative varie de 8 \u00e0 41% selon les auteurs. Il subsiste donc \u00e0 ce sujet une tr\u00e8s grande incertitude. Tenant compte de la fraction du rayonnement \u00e9mis par la Terre \u00e0 la temp\u00e9rature \u00ab\u00a0moyenne globale\u00a0\u00bb de 15\u00b0C et du coefficient d&rsquo;absorption du CO2, on peut calculer, sur la base de la th\u00e9orie cin\u00e9tique des gaz, que la pr\u00e9sence de 0,04% de ce gaz conduirait \u00e0 une \u00e9l\u00e9vation de temp\u00e9rature des basses couches atmosph\u00e9riques de quelques milli\u00e8mes ou dix-milli\u00e8mes de degr\u00e9 selon l&rsquo;estimation de la fraction d&rsquo;\u00e9nergie dissip\u00e9e sous forme radiative.<\/p>\n<p style=\"text-align: justify;\">En conclusion, on peut affirmer que<\/p>\n<p>&#8211; L&rsquo; effet de serre tel que d\u00e9fini par le GIEC n&rsquo;existe pas<\/p>\n<p>Suite de la conclusion sur la\u00a0source :\u00a0<a href=\"http:\/\/belgotopia.blogs.lalibre.be\/archive\/2015\/04\/27\/l-effet-de-serre-version-giec-n-existe-pas-1142619.html\" target=\"_blank\">http:\/\/belgotopia.blogs.lalibre.be\/<\/a><\/p>\n<p style=\"text-align: justify;\">\n<p class=\"bawpvc-ajax-counter\" data-id=\"6201\">(801)<\/p>\n<!--CusAds0-->\n<div style=\"font-size: 0px; height: 0px; line-height: 0px; margin: 0; padding: 0; clear: both;\"><\/div>","protected":false},"excerpt":{"rendered":"<p>La th\u00e9orie de l&rsquo; effet de serre a \u00e9t\u00e9 \u00e9labor\u00e9e pour la premi\u00e8re fois par Arrhenius en 1896 pour lier&#8230;<\/p>\n","protected":false},"author":1,"featured_media":5025,"comment_status":"open","ping_status":"open","sticky":false,"template":"","format":"standard","meta":{"_exactmetrics_skip_tracking":false,"_exactmetrics_sitenote_active":false,"_exactmetrics_sitenote_note":"","_exactmetrics_sitenote_category":0,"ngg_post_thumbnail":0,"jetpack_post_was_ever_published":false,"_jetpack_newsletter_access":"","_jetpack_dont_email_post_to_subs":false,"_jetpack_newsletter_tier_id":0,"_jetpack_memberships_contains_paywalled_content":false,"_jetpack_memberships_contains_paid_content":false,"footnotes":"","jetpack_publicize_message":"","jetpack_publicize_feature_enabled":true,"jetpack_social_post_already_shared":true,"jetpack_social_options":{"image_generator_settings":{"template":"highway","default_image_id":0,"font":"","enabled":false},"version":2}},"categories":[20],"tags":[252,4198,41,93,2613,365,236,2660],"class_list":["post-6201","post","type-post","status-publish","format-standard","has-post-thumbnail","hentry","category-climat","tag-atmosphere","tag-calcul","tag-climat","tag-co2","tag-effet-de-serre","tag-giec","tag-modeles","tag-reflexion","wpcat-20-id"],"jetpack_publicize_connections":[],"jetpack_featured_media_url":"https:\/\/i0.wp.com\/www.laterredufutur.com\/accueil\/wp-content\/uploads\/2015\/04\/taxe_carbone.jpg?fit=433%2C277&ssl=1","jetpack_shortlink":"https:\/\/wp.me\/p631RN-1C1","jetpack-related-posts":[{"id":2422,"url":"https:\/\/www.laterredufutur.com\/accueil\/et-si-la-nasa-se-mettait-a-douter-du-changement-climatique\/","url_meta":{"origin":6201,"position":0},"title":"Et si la NASA se mettait \u00e0 douter du changement climatique ?","author":"Admin","date":"20 janvier 2015","format":false,"excerpt":"La Nasa serait-elle sur le point de changer son fusil d\u2019\u00e9paule concernant le r\u00e9chauffement climatique ? La NASA, qui est l\u2019un des principaux instigateurs de la th\u00e9orie de l\u2019effet de serre et du changement climatique, \u00e0 la suite des affirmations douteuses de James Hansen relatives \u00e0 la transposition \u00e0 la\u2026","rel":"","context":"Dans &quot;Climat&quot;","block_context":{"text":"Climat","link":"https:\/\/www.laterredufutur.com\/accueil\/sujets\/climat\/"},"img":{"alt_text":"","src":"https:\/\/i0.wp.com\/www.laterredufutur.com\/accueil\/wp-content\/uploads\/2015\/01\/.._spaw_images_atmosphere-terre.jpg?fit=374%2C355&ssl=1&resize=350%2C200","width":350,"height":200},"classes":[]},{"id":664,"url":"https:\/\/www.laterredufutur.com\/accueil\/conference-de-durban-a-quoi-sattendre\/","url_meta":{"origin":6201,"position":1},"title":"Conf\u00e9rence de Durban : \u00e0 quoi s&rsquo;attendre ?","author":"Admin","date":"4 d\u00e9cembre 2011","format":false,"excerpt":"lien fourni par Hldesign - La France, selon Serge Lepeltier, ambassadeur fran\u00e7ais en charge des n\u00e9gociations sur le changement climatique, veut \u00eatre \u00e0 la pointe pour d\u00e9fendre la reconduction du protocole de Kyoto. La question du nucl\u00e9aire n'est pas abord\u00e9e dans les n\u00e9gociations : chaque pays d\u00e9cide lui-m\u00eame de son\u2026","rel":"","context":"Dans &quot;Climat&quot;","block_context":{"text":"Climat","link":"https:\/\/www.laterredufutur.com\/accueil\/sujets\/climat\/"},"img":{"alt_text":"","src":"","width":0,"height":0},"classes":[]},{"id":17450,"url":"https:\/\/www.laterredufutur.com\/accueil\/la-decouverte-climatique-de-zeller-nikolov-pourrait-bouleverser-le-monde\/","url_meta":{"origin":6201,"position":2},"title":"La d\u00e9couverte climatique de Zeller-Nikolov pourrait bouleverser le monde","author":"Admin","date":"31 d\u00e9cembre 2018","format":false,"excerpt":"La nature a cr\u00e9\u00e9 la relation math\u00e9matique fondamentale maintenant connue sous le nom de E = mc2. Un r\u00e9sultat math\u00e9matique, s\u2019il est prouv\u00e9 valide, est un ph\u00e9nom\u00e8ne r\u00e9el; aussi r\u00e9el que de trouver un diamant dans un lit de rivi\u00e8re. La nature cr\u00e9e des relations math\u00e9matiques fondamentales; les humains ne\u2026","rel":"","context":"Dans &quot;Climat&quot;","block_context":{"text":"Climat","link":"https:\/\/www.laterredufutur.com\/accueil\/sujets\/climat\/"},"img":{"alt_text":"","src":"https:\/\/i0.wp.com\/www.laterredufutur.com\/accueil\/wp-content\/uploads\/2018\/12\/Karl-Zeller-et-Ned-Nikolov.jpg?fit=1200%2C630&ssl=1&resize=350%2C200","width":350,"height":200,"srcset":"https:\/\/i0.wp.com\/www.laterredufutur.com\/accueil\/wp-content\/uploads\/2018\/12\/Karl-Zeller-et-Ned-Nikolov.jpg?fit=1200%2C630&ssl=1&resize=350%2C200 1x, https:\/\/i0.wp.com\/www.laterredufutur.com\/accueil\/wp-content\/uploads\/2018\/12\/Karl-Zeller-et-Ned-Nikolov.jpg?fit=1200%2C630&ssl=1&resize=525%2C300 1.5x, https:\/\/i0.wp.com\/www.laterredufutur.com\/accueil\/wp-content\/uploads\/2018\/12\/Karl-Zeller-et-Ned-Nikolov.jpg?fit=1200%2C630&ssl=1&resize=700%2C400 2x, https:\/\/i0.wp.com\/www.laterredufutur.com\/accueil\/wp-content\/uploads\/2018\/12\/Karl-Zeller-et-Ned-Nikolov.jpg?fit=1200%2C630&ssl=1&resize=1050%2C600 3x"},"classes":[]},{"id":1576,"url":"https:\/\/www.laterredufutur.com\/accueil\/le-rapport-du-giec-15-verites-qui-derangent\/","url_meta":{"origin":6201,"position":3},"title":"Le Rapport du GIEC : 15 v\u00e9rit\u00e9s qui d\u00e9rangent","author":"Admin","date":"1 octobre 2013","format":false,"excerpt":"Ce qui vient d\u2019\u00eatre pr\u00e9sent\u00e9 n'est pas un rapport scientifique mais une synth\u00e8se de science et de politique. Nous allons tenter de le montrer de mani\u00e8re factuelle dans le texte qui suit, en soumettant ce nouveau texte du GIEC au prisme de la critique scientifique. 1. Le rapport du GIEC\u2026","rel":"","context":"Dans &quot;Climat&quot;","block_context":{"text":"Climat","link":"https:\/\/www.laterredufutur.com\/accueil\/sujets\/climat\/"},"img":{"alt_text":"","src":"","width":0,"height":0},"classes":[]},{"id":1927,"url":"https:\/\/www.laterredufutur.com\/accueil\/le-giec-le-debat-et-le-catastrophisme\/","url_meta":{"origin":6201,"position":4},"title":"Le Giec, le d\u00e9bat et le Catastrophisme","author":"Admin","date":"10 avril 2014","format":false,"excerpt":"La Terre du Futur vous propose de lire l'intervention de Mr Pascal M. disponible sur la Page Facebook Pens\u00e9e Unique. Son intervention a la particularit\u00e9 d'\u00eatre particuli\u00e8rement efficace. Au nom de la libert\u00e9 d'expression, nous vous invitons de la lire ici \u00e0 la suite : \u00c9COTAXE, TAXE CARBONE, ETC, SONT\u2026","rel":"","context":"Dans &quot;Climat&quot;","block_context":{"text":"Climat","link":"https:\/\/www.laterredufutur.com\/accueil\/sujets\/climat\/"},"img":{"alt_text":"","src":"https:\/\/i0.wp.com\/www.laterredufutur.com\/accueil\/wp-content\/uploads\/2012\/11\/rechauffement_climatique-2100-1.jpg?fit=300%2C300&ssl=1&resize=350%2C200","width":350,"height":200},"classes":[]},{"id":2234,"url":"https:\/\/www.laterredufutur.com\/accueil\/les-eaux-profondes-des-oceans-ne-se-rechauffent-plus-depuis-2005\/","url_meta":{"origin":6201,"position":5},"title":"Les eaux profondes des oc\u00e9ans ne se r\u00e9chauffent plus depuis 2005","author":"Admin","date":"19 octobre 2014","format":false,"excerpt":"La temp\u00e9rature moyenne des eaux froides profondes des oc\u00e9ans a cess\u00e9 d'augmenter depuis 2005, r\u00e9v\u00e8le la Nasa, ce qui suscite de nouvelles interrogations chez les chercheurs: pourquoi le r\u00e9chauffement climatique semble se ralentir ces derni\u00e8res ann\u00e9es malgr\u00e9 l'accroissement des gaz \u00e0 effet de serre? \u00a0 \u00a0 \u00a0 \u00a0","rel":"","context":"Dans &quot;Climat&quot;","block_context":{"text":"Climat","link":"https:\/\/www.laterredufutur.com\/accueil\/sujets\/climat\/"},"img":{"alt_text":"","src":"https:\/\/i0.wp.com\/www.laterredufutur.com\/accueil\/wp-content\/uploads\/2014\/10\/laterredufutur.com_spaw_images_ocean.jpeg?fit=256%2C256&ssl=1&resize=350%2C200","width":350,"height":200},"classes":[]}],"jetpack_sharing_enabled":true,"_links":{"self":[{"href":"https:\/\/www.laterredufutur.com\/accueil\/wp-json\/wp\/v2\/posts\/6201","targetHints":{"allow":["GET"]}}],"collection":[{"href":"https:\/\/www.laterredufutur.com\/accueil\/wp-json\/wp\/v2\/posts"}],"about":[{"href":"https:\/\/www.laterredufutur.com\/accueil\/wp-json\/wp\/v2\/types\/post"}],"author":[{"embeddable":true,"href":"https:\/\/www.laterredufutur.com\/accueil\/wp-json\/wp\/v2\/users\/1"}],"replies":[{"embeddable":true,"href":"https:\/\/www.laterredufutur.com\/accueil\/wp-json\/wp\/v2\/comments?post=6201"}],"version-history":[{"count":3,"href":"https:\/\/www.laterredufutur.com\/accueil\/wp-json\/wp\/v2\/posts\/6201\/revisions"}],"predecessor-version":[{"id":6218,"href":"https:\/\/www.laterredufutur.com\/accueil\/wp-json\/wp\/v2\/posts\/6201\/revisions\/6218"}],"wp:featuredmedia":[{"embeddable":true,"href":"https:\/\/www.laterredufutur.com\/accueil\/wp-json\/wp\/v2\/media\/5025"}],"wp:attachment":[{"href":"https:\/\/www.laterredufutur.com\/accueil\/wp-json\/wp\/v2\/media?parent=6201"}],"wp:term":[{"taxonomy":"category","embeddable":true,"href":"https:\/\/www.laterredufutur.com\/accueil\/wp-json\/wp\/v2\/categories?post=6201"},{"taxonomy":"post_tag","embeddable":true,"href":"https:\/\/www.laterredufutur.com\/accueil\/wp-json\/wp\/v2\/tags?post=6201"}],"curies":[{"name":"wp","href":"https:\/\/api.w.org\/{rel}","templated":true}]}}