{"id":6198,"date":"2015-04-27T17:00:38","date_gmt":"2015-04-27T15:00:38","guid":{"rendered":"http:\/\/www.laterredufutur.com\/accueil\/?p=6198"},"modified":"2015-04-27T13:25:45","modified_gmt":"2015-04-27T11:25:45","slug":"video-choc-de-lavalanche-dans-leverest","status":"publish","type":"post","link":"https:\/\/www.laterredufutur.com\/accueil\/video-choc-de-lavalanche-dans-leverest\/","title":{"rendered":"Video choc de l&rsquo;Avalanche dans l&rsquo;Everest"},"content":{"rendered":"<div class=\"1665f18d14f35dd9e7566e1a8ac9a3e9\" data-index=\"1\" style=\"float: none; margin:10px 0 10px 0; text-align:center;\">\n<script async src=\"https:\/\/pagead2.googlesyndication.com\/pagead\/js\/adsbygoogle.js\"><\/script>\r\n<ins class=\"adsbygoogle\"\r\n     style=\"display:block; text-align:center;\"\r\n     data-ad-layout=\"in-article\"\r\n     data-ad-format=\"fluid\"\r\n     data-ad-client=\"ca-pub-2860849627502538\"\r\n     data-ad-slot=\"3019501113\"><\/ins>\r\n<script>\r\n     (adsbygoogle = window.adsbygoogle || []).push({});\r\n<\/script>\n<\/div>\n<p>Suite au tremblement de terre au N\u00e9pal du samedi 25 ami 2015 qui compte plus de 3200 morts \u00e0 ce jour, voici une video choc de l&rsquo;Avalanche dans l&rsquo;Everest. Le s\u00e9isme au N\u00e9pal et les r\u00e9pliques qui ont suivi ont fait des victimes jusque sur les pentes de l\u2019Everest : 18 alpinistes ont \u00e9t\u00e9 tu\u00e9s dans une avalanche d\u00e9clench\u00e9e par le tremblement de terre qui a fait \u00e9galement 60 bless\u00e9s sur le versant n\u00e9palais du Mont-Everest.<\/p>\n<p><span class=\"embed-youtube\" style=\"text-align:center; display: block;\"><iframe loading=\"lazy\" class=\"youtube-player\" width=\"640\" height=\"360\" src=\"https:\/\/www.youtube.com\/embed\/_JC_wIWUC2U?version=3&#038;rel=1&#038;showsearch=0&#038;showinfo=1&#038;iv_load_policy=1&#038;fs=1&#038;hl=fr-FR&#038;autohide=2&#038;wmode=transparent\" allowfullscreen=\"true\" style=\"border:0;\" sandbox=\"allow-scripts allow-same-origin allow-popups allow-presentation allow-popups-to-escape-sandbox\"><\/iframe><\/span><\/p>\n<p>De l\u2019autre c\u00f4t\u00e9 de la montagne, par contre, le s\u00e9isme a \u00e9t\u00e9 meurtrier. Une avalanche d\u00e9clench\u00e9e par le s\u00e9isme a d\u00e9truit le camp de base situ\u00e9 \u00e0 environ 5 500 m\u00e8tres d&rsquo;altitude. 18 personnes ont \u00e9t\u00e9 tu\u00e9es, et une soixantaine d\u2019autres bless\u00e9es. C\u2019est l\u2019accident le plus mortel sur le Mont-Everest, d\u00e9j\u00e0 frapp\u00e9 l\u2019an dernier par une avalanche meurtri\u00e8re qui a tu\u00e9 16 sherpas n\u00e9palais au camp de base.<\/p>\n<p>Kanchaman Tamang, un cuisinier n\u00e9palais employ\u00e9 par une agence britannique sp\u00e9cialis\u00e9e dans ce type de voyages sportifs extr\u00eames, \u00e9tait d\u00e9j\u00e0 l\u00e0 lors de cette pr\u00e9c\u00e9dente avalanche. \u00ab J&rsquo;\u00e9tais dans la tente des repas quand l&rsquo;avalanche a frapp\u00e9. La tente a carr\u00e9ment vol\u00e9 \u00bb, a-t-il racont\u00e9 \u00e0 Ammu Kannampilly, journaliste \u00e0 l\u2019Agence France-Presse qui \u00e9tait en reportage au m\u00eame moment au camp de base.<\/p><div class=\"1665f18d14f35dd9e7566e1a8ac9a3e9\" data-index=\"2\" style=\"float: none; margin:10px 0 10px 0; text-align:center;\">\n<script async src=\"https:\/\/pagead2.googlesyndication.com\/pagead\/js\/adsbygoogle.js\"><\/script>\r\n<ins class=\"adsbygoogle\"\r\n     style=\"display:block; text-align:center;\"\r\n     data-ad-layout=\"in-article\"\r\n     data-ad-format=\"fluid\"\r\n     data-ad-client=\"ca-pub-2860849627502538\"\r\n     data-ad-slot=\"3019501113\"><\/ins>\r\n<script>\r\n     (adsbygoogle = window.adsbygoogle || []).push({});\r\n<\/script>\n<\/div>\n\n<p>\u00ab Apr\u00e8s le d\u00e9sastre de l&rsquo;ann\u00e9e derni\u00e8re, je n&rsquo;\u00e9tais pas inquiet. J&rsquo;ai m\u00eame racont\u00e9 \u00e0 ma famille que je travaillais au camp de base et que j&rsquo;\u00e9tais en s\u00e9curit\u00e9. (\u2026) La saison est termin\u00e9e, les chemins sont d\u00e9truits. Je ne crois pas que je reviendrai l&rsquo;ann\u00e9e prochaine. Cette montagne, c&rsquo;est trop de douleur. \u00bb<\/p>\n<p>\u00ab J&rsquo;ai couru, couru, et la vague, semblable \u00e0 un immeuble blanc de 50 \u00e9tages, m&rsquo;a aplati. J&rsquo;ai essay\u00e9 de me relever et elle m&rsquo;a aplati \u00e0 nouveau \u00bb, raconte pour sa part George Foulsham, biologiste de Singapour. \u00ab Je n&rsquo;arrivais plus \u00e0 respirer, je croyais \u00eatre mort. Lorsque je me suis finalement relev\u00e9, je n&rsquo;arrivais pas \u00e0 croire que la vague \u00e9tait pass\u00e9e sur moi et que j&rsquo;\u00e9tais quasiment indemne. \u00bb<\/p>\n<p>Sur les r\u00e9seaux sociaux, Jim Davidson, un alpiniste am\u00e9ricain, a d\u00e9livr\u00e9 plusieurs messages, \u00e0 la fois pour rassurer sur sa situation et celle des alpinistes avec lesquels il se trouvait et pour raconter. L&rsquo;un des hauts dirigeants de Google, Dan Fredinburg n&rsquo;a pas eu cette chance ; membre de l&rsquo;exp\u00e9dition, il fait partie des milliers de morts du s\u00e9isme.<\/p>\n<p>L&rsquo;alpiniste allemand Jost Kobusch a publi\u00e9 ce dimanche sur YouTube la vid\u00e9o de l&rsquo;avalanche qui s&rsquo;est abattue sur le camp de base de l&rsquo;Everest samedi 25 avril, suite au tremblement de terre meurtrier au N\u00e9pal.<br \/>\nsource : http:\/\/www.rfi.fr\/<\/p>\n<p class=\"bawpvc-ajax-counter\" data-id=\"6198\">(807)<\/p>\n<!--CusAds0-->\n<div style=\"font-size: 0px; height: 0px; line-height: 0px; margin: 0; padding: 0; clear: both;\"><\/div>","protected":false},"excerpt":{"rendered":"<p>Suite au tremblement de terre au N\u00e9pal du samedi 25 ami 2015 qui compte plus de 3200 morts \u00e0 ce&#8230;<\/p>\n","protected":false},"author":1,"featured_media":6200,"comment_status":"open","ping_status":"open","sticky":false,"template":"","format":"standard","meta":{"_exactmetrics_skip_tracking":false,"_exactmetrics_sitenote_active":false,"_exactmetrics_sitenote_note":"","_exactmetrics_sitenote_category":0,"ngg_post_thumbnail":0,"jetpack_post_was_ever_published":false,"_jetpack_newsletter_access":"","_jetpack_dont_email_post_to_subs":false,"_jetpack_newsletter_tier_id":0,"_jetpack_memberships_contains_paywalled_content":false,"_jetpack_memberships_contains_paid_content":false,"footnotes":"","jetpack_publicize_message":"","jetpack_publicize_feature_enabled":true,"jetpack_social_post_already_shared":true,"jetpack_social_options":{"image_generator_settings":{"template":"highway","default_image_id":0,"font":"","enabled":false},"version":2}},"categories":[19],"tags":[4197,2958,162,4196,4183,347,104,684],"class_list":["post-6198","post","type-post","status-publish","format-standard","has-post-thumbnail","hentry","category-seismes-et-volcans","tag-avalanche","tag-choc","tag-deces","tag-hymalaya","tag-nepal","tag-seisme","tag-tremblement-de-terre","tag-video","wpcat-19-id"],"jetpack_publicize_connections":[],"jetpack_featured_media_url":"https:\/\/i0.wp.com\/www.laterredufutur.com\/accueil\/wp-content\/uploads\/2015\/04\/avalanche-nepal.jpg?fit=1024%2C578&ssl=1","jetpack_shortlink":"https:\/\/wp.me\/p631RN-1BY","jetpack-related-posts":[{"id":7377,"url":"https:\/\/www.laterredufutur.com\/accueil\/le-seisme-au-nepal-a-deplace-leverest\/","url_meta":{"origin":6198,"position":0},"title":"Le s\u00e9isme au N\u00e9pal a d\u00e9plac\u00e9 l&rsquo;Everest","author":"Admin","date":"19 juin 2015","format":false,"excerpt":"Le puissant s\u00e9isme de magnitude 7,8 survenu au N\u00e9pal le 25 avril a d\u00e9plac\u00e9 le Mont Everest de 3 centim\u00e8tres vers le sud-ouest, a indiqu\u00e9 l'Administration nationale chinoise d'\u00e9tudes, de cartographie et d'information g\u00e9ologique, cit\u00e9e mardi 16 juin par la presse. L\u2019Administration pr\u00e9cise que le plus haut sommet du monde\u2026","rel":"","context":"Dans &quot;Seismes\/Volcans&quot;","block_context":{"text":"Seismes\/Volcans","link":"https:\/\/www.laterredufutur.com\/accueil\/sujets\/seismes-et-volcans\/"},"img":{"alt_text":"himalaya","src":"https:\/\/i0.wp.com\/www.laterredufutur.com\/accueil\/wp-content\/uploads\/2012\/04\/himalaya.jpg?fit=1200%2C900&ssl=1&resize=350%2C200","width":350,"height":200,"srcset":"https:\/\/i0.wp.com\/www.laterredufutur.com\/accueil\/wp-content\/uploads\/2012\/04\/himalaya.jpg?fit=1200%2C900&ssl=1&resize=350%2C200 1x, https:\/\/i0.wp.com\/www.laterredufutur.com\/accueil\/wp-content\/uploads\/2012\/04\/himalaya.jpg?fit=1200%2C900&ssl=1&resize=525%2C300 1.5x, https:\/\/i0.wp.com\/www.laterredufutur.com\/accueil\/wp-content\/uploads\/2012\/04\/himalaya.jpg?fit=1200%2C900&ssl=1&resize=700%2C400 2x, https:\/\/i0.wp.com\/www.laterredufutur.com\/accueil\/wp-content\/uploads\/2012\/04\/himalaya.jpg?fit=1200%2C900&ssl=1&resize=1050%2C600 3x"},"classes":[]},{"id":6152,"url":"https:\/\/www.laterredufutur.com\/accueil\/puissant-seisme-au-nepal-le-plus-violent-depuis-1934\/","url_meta":{"origin":6198,"position":1},"title":"Puissant s\u00e9isme au N\u00e9pal, le plus violent depuis 1934","author":"Admin","date":"25 avril 2015","format":false,"excerpt":"Le tremblement de terre qui a frapp\u00e9 le N\u00e9pal samedi 25 avril est le plus fort recens\u00e9 dans le pays depuis 1934 et un s\u00e9isme qui avait la caus\u00e9 la mort de 10 000 \u00e0 20 000 personnes. (Photo ci dessus la poussi\u00e8re se l\u00e8ve pendant le s\u00e9isme) Ici un\u2026","rel":"","context":"Dans &quot;Seismes\/Volcans&quot;","block_context":{"text":"Seismes\/Volcans","link":"https:\/\/www.laterredufutur.com\/accueil\/sujets\/seismes-et-volcans\/"},"img":{"alt_text":"","src":"https:\/\/i0.wp.com\/www.laterredufutur.com\/accueil\/wp-content\/uploads\/2015\/04\/tremblement-de-terre-nepal-avril20152.jpg?fit=747%2C444&ssl=1&resize=350%2C200","width":350,"height":200,"srcset":"https:\/\/i0.wp.com\/www.laterredufutur.com\/accueil\/wp-content\/uploads\/2015\/04\/tremblement-de-terre-nepal-avril20152.jpg?fit=747%2C444&ssl=1&resize=350%2C200 1x, https:\/\/i0.wp.com\/www.laterredufutur.com\/accueil\/wp-content\/uploads\/2015\/04\/tremblement-de-terre-nepal-avril20152.jpg?fit=747%2C444&ssl=1&resize=525%2C300 1.5x, https:\/\/i0.wp.com\/www.laterredufutur.com\/accueil\/wp-content\/uploads\/2015\/04\/tremblement-de-terre-nepal-avril20152.jpg?fit=747%2C444&ssl=1&resize=700%2C400 2x"},"classes":[]},{"id":6562,"url":"https:\/\/www.laterredufutur.com\/accueil\/nepal-le-pays-est-frappe-a-nouveau-par-un-puissant-seisme\/","url_meta":{"origin":6198,"position":2},"title":"N\u00e9pal : le pays est frapp\u00e9 \u00e0 nouveau par un puissant s\u00e9isme","author":"Admin","date":"12 mai 2015","format":false,"excerpt":"Un s\u00e9isme de magnitude 7,4 sur l'\u00e9chelle de Richter a secou\u00e9 ce mardi matin le N\u00e9pal, d\u00e9j\u00e0 d\u00e9vast\u00e9 par un tremblement de terre meurtrier le 25 avril. Ce fort tremblement de terre a \u00e9t\u00e9 ressenti jusqu'\u00e0 New Delhi, en Inde. Les habitants de la capitale n\u00e9palaise, Katmandou, terrifi\u00e9s ont fui\u2026","rel":"","context":"Dans &quot;Seismes\/Volcans&quot;","block_context":{"text":"Seismes\/Volcans","link":"https:\/\/www.laterredufutur.com\/accueil\/sujets\/seismes-et-volcans\/"},"img":{"alt_text":"","src":"https:\/\/i0.wp.com\/www.laterredufutur.com\/accueil\/wp-content\/uploads\/2015\/05\/nepal-seisme-12mai2015.jpg?fit=898%2C553&ssl=1&resize=350%2C200","width":350,"height":200,"srcset":"https:\/\/i0.wp.com\/www.laterredufutur.com\/accueil\/wp-content\/uploads\/2015\/05\/nepal-seisme-12mai2015.jpg?fit=898%2C553&ssl=1&resize=350%2C200 1x, https:\/\/i0.wp.com\/www.laterredufutur.com\/accueil\/wp-content\/uploads\/2015\/05\/nepal-seisme-12mai2015.jpg?fit=898%2C553&ssl=1&resize=525%2C300 1.5x, https:\/\/i0.wp.com\/www.laterredufutur.com\/accueil\/wp-content\/uploads\/2015\/05\/nepal-seisme-12mai2015.jpg?fit=898%2C553&ssl=1&resize=700%2C400 2x"},"classes":[]},{"id":6293,"url":"https:\/\/www.laterredufutur.com\/accueil\/nepal-les-premiers-instants-ou-la-terre-a-commence-a-trembler\/","url_meta":{"origin":6198,"position":3},"title":"N\u00e9pal: les premiers instants o\u00f9 la terre a commenc\u00e9 \u00e0 trembler","author":"Admin","date":"30 avril 2015","format":false,"excerpt":"Des cam\u00e9ras CCTV ont enregistr\u00e9 le d\u00e9but\u00a0du tremblement de terre au N\u00e9pal qui a fait 5000\u00a0morts et a laiss\u00e9 plusieurs villes du pays en ruines. \u00a0N\u00e9pal: les humanitaires se pr\u00e9parent \u00e0 une op\u00e9ration \"massive\". Les organisations humanitaires se pr\u00e9paraient lundi \u00e0 une op\u00e9ration \"massive\" pour r\u00e9pondre aux besoins des personnes\u2026","rel":"","context":"Dans &quot;Seismes\/Volcans&quot;","block_context":{"text":"Seismes\/Volcans","link":"https:\/\/www.laterredufutur.com\/accueil\/sujets\/seismes-et-volcans\/"},"img":{"alt_text":"","src":"https:\/\/i0.wp.com\/www.laterredufutur.com\/accueil\/wp-content\/uploads\/2015\/05\/nepal-seisme.jpg?fit=570%2C238&ssl=1&resize=350%2C200","width":350,"height":200,"srcset":"https:\/\/i0.wp.com\/www.laterredufutur.com\/accueil\/wp-content\/uploads\/2015\/05\/nepal-seisme.jpg?fit=570%2C238&ssl=1&resize=350%2C200 1x, https:\/\/i0.wp.com\/www.laterredufutur.com\/accueil\/wp-content\/uploads\/2015\/05\/nepal-seisme.jpg?fit=570%2C238&ssl=1&resize=525%2C300 1.5x"},"classes":[]},{"id":12766,"url":"https:\/\/www.laterredufutur.com\/accueil\/images-fantastiques-dun-drone-sur-lhimalaya\/","url_meta":{"origin":6198,"position":4},"title":"Images fantastiques d&rsquo;un drone dans l&rsquo;Himalaya","author":"Admin","date":"6 juillet 2016","format":false,"excerpt":"Avez-vous d\u00e9j\u00e0 r\u00eav\u00e9 de voir le mont Everest ou de fantasmer sur les promenades \u00e0 travers les pics et les vall\u00e9es de l'Himalaya ? Cette vid\u00e9o, r\u00e9alis\u00e9e par Teton Gravity Research, va vous donner un aper\u00e7u d'une exp\u00e9rience hors norme. Les images Air HD ont \u00e9t\u00e9 film\u00e9es \u00e0 environ 6.000\u2026","rel":"","context":"Dans &quot;Divers&quot;","block_context":{"text":"Divers","link":"https:\/\/www.laterredufutur.com\/accueil\/sujets\/divers\/"},"img":{"alt_text":"","src":"https:\/\/i0.wp.com\/www.laterredufutur.com\/accueil\/wp-content\/uploads\/2016\/06\/himalaya.jpg?fit=620%2C387&ssl=1&resize=350%2C200","width":350,"height":200,"srcset":"https:\/\/i0.wp.com\/www.laterredufutur.com\/accueil\/wp-content\/uploads\/2016\/06\/himalaya.jpg?fit=620%2C387&ssl=1&resize=350%2C200 1x, https:\/\/i0.wp.com\/www.laterredufutur.com\/accueil\/wp-content\/uploads\/2016\/06\/himalaya.jpg?fit=620%2C387&ssl=1&resize=525%2C300 1.5x"},"classes":[]},{"id":10464,"url":"https:\/\/www.laterredufutur.com\/accueil\/avalanche-dans-la-vallee-de-bessans-en-savoie\/","url_meta":{"origin":6198,"position":5},"title":"Avalanche dans la vall\u00e9e de Bessans en Savoie","author":"Admin","date":"12 janvier 2016","format":false,"excerpt":"Une avalanche est survenue ce mardi 12 janvier 2016 dans la vall\u00e9e de Bessans en Savoie (73). Ces images sont impressionnantes ! Il n'y a aucune victime ni d\u00e9g\u00e2t n'est \u00e0 d\u00e9plorer. Cr\u00e9dits : Le Dauphin\u00e9 Lib\u00e9r\u00e9 sources :\u00a0MeteoExpress\u00a0\/\u00a0https:\/\/www.ledauphine.com\/","rel":"","context":"Dans &quot;Divers&quot;","block_context":{"text":"Divers","link":"https:\/\/www.laterredufutur.com\/accueil\/sujets\/divers\/"},"img":{"alt_text":"","src":"https:\/\/i0.wp.com\/www.laterredufutur.com\/accueil\/wp-content\/uploads\/2016\/01\/avalanche-bessans-janvier2015.jpg?fit=704%2C388&ssl=1&resize=350%2C200","width":350,"height":200,"srcset":"https:\/\/i0.wp.com\/www.laterredufutur.com\/accueil\/wp-content\/uploads\/2016\/01\/avalanche-bessans-janvier2015.jpg?fit=704%2C388&ssl=1&resize=350%2C200 1x, https:\/\/i0.wp.com\/www.laterredufutur.com\/accueil\/wp-content\/uploads\/2016\/01\/avalanche-bessans-janvier2015.jpg?fit=704%2C388&ssl=1&resize=525%2C300 1.5x, https:\/\/i0.wp.com\/www.laterredufutur.com\/accueil\/wp-content\/uploads\/2016\/01\/avalanche-bessans-janvier2015.jpg?fit=704%2C388&ssl=1&resize=700%2C400 2x"},"classes":[]}],"jetpack_sharing_enabled":true,"_links":{"self":[{"href":"https:\/\/www.laterredufutur.com\/accueil\/wp-json\/wp\/v2\/posts\/6198","targetHints":{"allow":["GET"]}}],"collection":[{"href":"https:\/\/www.laterredufutur.com\/accueil\/wp-json\/wp\/v2\/posts"}],"about":[{"href":"https:\/\/www.laterredufutur.com\/accueil\/wp-json\/wp\/v2\/types\/post"}],"author":[{"embeddable":true,"href":"https:\/\/www.laterredufutur.com\/accueil\/wp-json\/wp\/v2\/users\/1"}],"replies":[{"embeddable":true,"href":"https:\/\/www.laterredufutur.com\/accueil\/wp-json\/wp\/v2\/comments?post=6198"}],"version-history":[{"count":1,"href":"https:\/\/www.laterredufutur.com\/accueil\/wp-json\/wp\/v2\/posts\/6198\/revisions"}],"predecessor-version":[{"id":6199,"href":"https:\/\/www.laterredufutur.com\/accueil\/wp-json\/wp\/v2\/posts\/6198\/revisions\/6199"}],"wp:featuredmedia":[{"embeddable":true,"href":"https:\/\/www.laterredufutur.com\/accueil\/wp-json\/wp\/v2\/media\/6200"}],"wp:attachment":[{"href":"https:\/\/www.laterredufutur.com\/accueil\/wp-json\/wp\/v2\/media?parent=6198"}],"wp:term":[{"taxonomy":"category","embeddable":true,"href":"https:\/\/www.laterredufutur.com\/accueil\/wp-json\/wp\/v2\/categories?post=6198"},{"taxonomy":"post_tag","embeddable":true,"href":"https:\/\/www.laterredufutur.com\/accueil\/wp-json\/wp\/v2\/tags?post=6198"}],"curies":[{"name":"wp","href":"https:\/\/api.w.org\/{rel}","templated":true}]}}