{"id":619,"date":"2011-11-06T23:00:00","date_gmt":"2011-11-06T22:00:00","guid":{"rendered":"http:\/\/www.laterredufutur.com\/wordpress\/?p=619"},"modified":"2011-11-06T23:00:00","modified_gmt":"2011-11-06T22:00:00","slug":"le-met-office-nous-annonce-toujours-du-grand-froid","status":"publish","type":"post","link":"https:\/\/www.laterredufutur.com\/accueil\/le-met-office-nous-annonce-toujours-du-grand-froid\/","title":{"rendered":"Le Met Office nous annonce toujours du grand froid"},"content":{"rendered":"<div class=\"1665f18d14f35dd9e7566e1a8ac9a3e9\" data-index=\"1\" style=\"float: none; margin:10px 0 10px 0; text-align:center;\">\n<script async src=\"https:\/\/pagead2.googlesyndication.com\/pagead\/js\/adsbygoogle.js\"><\/script>\r\n<ins class=\"adsbygoogle\"\r\n     style=\"display:block; text-align:center;\"\r\n     data-ad-layout=\"in-article\"\r\n     data-ad-format=\"fluid\"\r\n     data-ad-client=\"ca-pub-2860849627502538\"\r\n     data-ad-slot=\"3019501113\"><\/ins>\r\n<script>\r\n     (adsbygoogle = window.adsbygoogle || []).push({});\r\n<\/script>\n<\/div>\n<p style=\"text-align: justify;\"><span style=\"color: #000000;\"><span style=\"font-size: small;\"><img data-recalc-dims=\"1\" decoding=\"async\" data-attachment-id=\"618\" data-permalink=\"https:\/\/www.laterredufutur.com\/accueil\/le-met-office-nous-annonce-toujours-du-grand-froid\/autoroute-froid\/\" data-orig-file=\"https:\/\/i0.wp.com\/www.laterredufutur.com\/accueil\/wp-content\/uploads\/2011\/11\/autoroute-froid.jpg?fit=468%2C286&amp;ssl=1\" data-orig-size=\"468,286\" data-comments-opened=\"1\" data-image-meta=\"{&quot;aperture&quot;:&quot;0&quot;,&quot;credit&quot;:&quot;PA&quot;,&quot;camera&quot;:&quot;&quot;,&quot;caption&quot;:&quot;Traffic queues to enter the M8 near Edinburgh as fresh snow showers hit Scotland and much of the UK remained in sub-zero conditions today. PRESS ASSOCIATION Photo. Picture date: Tuesday December 7, 2010. See PA story WEATHER Snow. Photo credit should read: David Cheskin\/PA Wire&quot;,&quot;created_timestamp&quot;:&quot;1291736169&quot;,&quot;copyright&quot;:&quot;&quot;,&quot;focal_length&quot;:&quot;0&quot;,&quot;iso&quot;:&quot;0&quot;,&quot;shutter_speed&quot;:&quot;0&quot;,&quot;title&quot;:&quot;Winter weather - Dec 7th&quot;,&quot;orientation&quot;:&quot;0&quot;}\" data-image-title=\"autoroute-froid\" data-image-description=\"\" data-image-caption=\"\" data-large-file=\"https:\/\/i0.wp.com\/www.laterredufutur.com\/accueil\/wp-content\/uploads\/2011\/11\/autoroute-froid.jpg?fit=468%2C286&amp;ssl=1\" class=\" alignleft size-full wp-image-618\" src=\"https:\/\/i0.wp.com\/www.laterredufutur.com\/wordpress\/wp-content\/uploads\/2011\/11\/autoroute-froid.jpg?w=120\" border=\"0\" alt=\"neige sur autoroute\" title=\"neige sur autoroute\"  style=\"float: left;\" srcset=\"https:\/\/i0.wp.com\/www.laterredufutur.com\/accueil\/wp-content\/uploads\/2011\/11\/autoroute-froid.jpg?w=468&amp;ssl=1 468w, https:\/\/i0.wp.com\/www.laterredufutur.com\/accueil\/wp-content\/uploads\/2011\/11\/autoroute-froid.jpg?resize=300%2C183&amp;ssl=1 300w\" sizes=\"(max-width: 468px) 100vw, 468px\" \/>L&rsquo;Europe de l&rsquo;ouest connait un automne exceptionnellement doux. La m\u00e9t\u00e9o hivernale nous annonce des temp\u00e9ratures en dessous de z\u00e9ro en Angleterre d&rsquo;ici les 15 prochains jours. <\/span><\/span><\/p>\n<p style=\"text-align: justify;\"><span style=\"color: #000000;\"><span style=\"font-size: small;\">Des experts annoncent des -15\u00b0C pour la mi d\u00e9cembre. L&rsquo;hiver pourrait \u00eatre donc pr\u00e9coce cette ann\u00e9e.\u00a0<br \/>Jonathan Powell de\u00a0Positive Weather Sol\u00adutions\u00a0dit: \u00ab\u00a0Ce n&rsquo;est pas en substance comme l&rsquo;ann\u00e9e derni\u00e8re, mais ces \u00e9pisodes sont attendus pour \u00eatre s\u00e9v\u00e8re, avec des temp\u00e9ratures sib\u00e9riennes.\u00a0\u00bb<\/span><\/span><\/p>\n<p style=\"text-align: justify;\"><span style=\"color: #000000;\"><span style=\"font-size: small;\"> <\/span><\/span><\/p>\n<p>\u00a0<\/p>\n<p>\u00a0<\/p>\n<p style=\"text-align: justify;\"><span style=\"color: #000000;\"><span style=\"font-size: small;\">Forecaster Brian Gaze of The Weather Outlook, nous dit : \u201cIl y a des signes significatifs d&rsquo;un changement de temps \u00e0 la mi-Novembre\u00a0\u00bb.<\/span><\/span><\/p>\n<p style=\"text-align: justify;\"><span style=\"color: #000000;\"><span style=\"font-size: small;\">\u00ab\u00a0La m\u00e9t\u00e9o actuelle tr\u00e8s douce est caus\u00e9e par un blocage de haute pression, \u00e0 l&rsquo;Est, qui nous garde sous un flux atlantique de sud-ouest. Mais il semble que ces hautes pressions pourraient se d\u00e9placer plus au nord-ouest, permettant \u00e0 l&rsquo;air beaucoup plus froid de passer \u00e0 travers le Royaume-Uni depuis le nord ou l&rsquo;est, avec le risque d&rsquo;une augmentation de chutes de neige.\u00a0\u00bb<\/span><\/span><\/p><div class=\"1665f18d14f35dd9e7566e1a8ac9a3e9\" data-index=\"2\" style=\"float: none; margin:10px 0 10px 0; text-align:center;\">\n<script async src=\"https:\/\/pagead2.googlesyndication.com\/pagead\/js\/adsbygoogle.js\"><\/script>\r\n<ins class=\"adsbygoogle\"\r\n     style=\"display:block; text-align:center;\"\r\n     data-ad-layout=\"in-article\"\r\n     data-ad-format=\"fluid\"\r\n     data-ad-client=\"ca-pub-2860849627502538\"\r\n     data-ad-slot=\"3019501113\"><\/ins>\r\n<script>\r\n     (adsbygoogle = window.adsbygoogle || []).push({});\r\n<\/script>\n<\/div>\n\n<p> <script async src=\"\/\/pagead2.googlesyndication.com\/pagead\/js\/adsbygoogle.js\"><\/script> <!-- TDF2 --> <ins class=\"adsbygoogle\"      style=\"display:inline-block;width:336px;height:280px\"      data-ad-client=\"ca-pub-2860849627502538\"      data-ad-slot=\"1340140919\"><\/ins> <script> (adsbygoogle = window.adsbygoogle || []).push({}); <\/script> <\/p>\n<p style=\"text-align: justify;\"><span style=\"color: #000000;\"><span style=\"font-size: small;\">James Madden, of Exacta Weather nous averti que cet hiver serait \u00abtr\u00e8s froid et neigeux dans de nombreuses r\u00e9gions du Royaume-Uni\u00a0\u00bb.\u00a0Il nous dit que l&rsquo;on vera \u00ab de fr\u00e9quentes et fortes chutes de neige g\u00e9n\u00e9r\u00e9lis\u00e9es de Novembre \u00e0 Janvier \u00e0 travers de nombreuses r\u00e9gions du Royaume-Uni et de l&rsquo;Irlande, avec des temp\u00e9ratures inf\u00e9rieures aux moyennes\u00bb.<\/span><\/span><\/p>\n<p style=\"text-align: justify;\"><span style=\"color: #000000;\"><span style=\"font-size: small;\">Un plan de pr\u00e9vention a \u00e9t\u00e9 \u00e9tabli par le gouvernement pour cr\u00e9er des alertes m\u00e9t\u00e9o et intervenir dans les zones difficiles.\u00a0<br \/>\u00abChaque ann\u00e9e, il ya une augmentation de 20 pour cent des d\u00e9c\u00e8s en l&rsquo;hiver en Angleterre. En travaillant ensemble, ce plan coordonn\u00e9 aidera \u00e0 prot\u00e9ger les plus d\u00e9munis. Nous sommes d\u00e9termin\u00e9s \u00e0 faire tout notre possible pour y parvenir. \u00ab\u00a0<\/span><\/span><\/p>\n<p style=\"text-align: justify;\"><span style=\"color: #000000;\"><span style=\"font-size: small;\">Michelle Mitchell, charity director at Age UK, a d\u00e9clar\u00e9: \u00abLe gouvernement de coalition a mis un nouvel accent sur la sant\u00e9 publique comme l&rsquo;un de ses principaux objectifs, et ce Cold Weather Plan\u00a0est une \u00e9tape tr\u00e8s importante et c&rsquo;est dans la bonne direction.\u00a0\u00bb<\/span><\/span><\/p>\n<p style=\"text-align: justify;\"><span style=\"color: #000000;\"><span style=\"font-size: small;\">R\u00e9sum\u00e9, traduction adaptation de la Terre du Futur<\/span><\/span><\/p>\n<p style=\"text-align: justify;\"><span style=\"color: #000000;\"><span style=\"font-size: small;\">source :\u00a0<a href=\"http:\/\/www.express.co.uk\/\">http:\/\/www.express.co.uk<\/a><\/span><\/span><\/p>\n<p class=\"bawpvc-ajax-counter\" data-id=\"619\">(278)<\/p>\n<!--CusAds0-->\n<div style=\"font-size: 0px; height: 0px; line-height: 0px; margin: 0; padding: 0; clear: both;\"><\/div>","protected":false},"excerpt":{"rendered":"<p style=\"text-align: justify;\"><span style=\"color: #000000;\"><span style=\"font-size: small;\"><img decoding=\"async\" class=\" alignleft size-full wp-image-618\" src=\"http:\/\/www.laterredufutur.com\/wordpress\/wp-content\/uploads\/2011\/11\/autoroute-froid.jpg\" border=\"0\" alt=\"neige sur autoroute\" title=\"neige sur autoroute\" width=\"120\" style=\"float: left;\" srcset=\"https:\/\/i0.wp.com\/www.laterredufutur.com\/accueil\/wp-content\/uploads\/2011\/11\/autoroute-froid.jpg?w=468&amp;ssl=1 468w, https:\/\/i0.wp.com\/www.laterredufutur.com\/accueil\/wp-content\/uploads\/2011\/11\/autoroute-froid.jpg?resize=300%2C183&amp;ssl=1 300w\" sizes=\"(max-width: 468px) 100vw, 468px\" \/>L&rsquo;Europe de l&rsquo;ouest connait un automne exceptionnellement doux. La m\u00e9t\u00e9o hivernale nous annonce des temp\u00e9ratures en dessous de z\u00e9ro en Angleterre d&rsquo;ici les 15 prochains jours. <\/span><\/span><\/p>\n<p style=\"text-align: justify;\"><span style=\"color: #000000;\"><span style=\"font-size: small;\">Des experts annoncent des -15\u00b0C pour la mi d\u00e9cembre. L&rsquo;hiver pourrait \u00eatre donc pr\u00e9coce cette ann\u00e9e.\u00a0<br \/>Jonathan Powell de\u00a0Positive Weather Sol\u00adutions\u00a0dit: \u00ab\u00a0Ce n&rsquo;est pas en substance comme l&rsquo;ann\u00e9e derni\u00e8re, mais ces \u00e9pisodes sont attendus pour \u00eatre s\u00e9v\u00e8re, avec des temp\u00e9ratures sib\u00e9riennes.\u00a0\u00bb<\/span><\/span><\/p>\n<p style=\"text-align: justify;\"><span style=\"color: #000000;\"><span style=\"font-size: small;\"> <\/span><\/span><\/p>\n","protected":false},"author":1,"featured_media":618,"comment_status":"open","ping_status":"open","sticky":false,"template":"","format":"standard","meta":{"_exactmetrics_skip_tracking":false,"_exactmetrics_sitenote_active":false,"_exactmetrics_sitenote_note":"","_exactmetrics_sitenote_category":0,"ngg_post_thumbnail":0,"jetpack_post_was_ever_published":false,"_jetpack_newsletter_access":"","_jetpack_dont_email_post_to_subs":false,"_jetpack_newsletter_tier_id":0,"_jetpack_memberships_contains_paywalled_content":false,"_jetpack_memberships_contains_paid_content":false,"footnotes":"","jetpack_publicize_message":"","jetpack_publicize_feature_enabled":true,"jetpack_social_post_already_shared":false,"jetpack_social_options":{"image_generator_settings":{"template":"highway","default_image_id":0,"font":"","enabled":false},"version":2}},"categories":[20],"tags":[780,779,617,802,153,35,724,803,47,226,64,804],"class_list":["post-619","post","type-post","status-publish","format-standard","has-post-thumbnail","hentry","category-climat","tag-actualite","tag-actualites","tag-automne","tag-automne-doux","tag-froid","tag-hiver","tag-met-office","tag-mi-novembre","tag-neige","tag-temperature","tag-temperatures","tag-temperatures-siberiennes","wpcat-20-id"],"jetpack_publicize_connections":[],"jetpack_featured_media_url":"https:\/\/i0.wp.com\/www.laterredufutur.com\/accueil\/wp-content\/uploads\/2011\/11\/autoroute-froid.jpg?fit=468%2C286&ssl=1","jetpack_shortlink":"https:\/\/wp.me\/p631RN-9Z","jetpack-related-posts":[{"id":1171,"url":"https:\/\/www.laterredufutur.com\/accueil\/les-anglais-nous-annoncent-un-hiver-exceptionnellement-froid\/","url_meta":{"origin":619,"position":0},"title":"Les anglais nous annoncent un hiver exceptionnellement froid","author":"Admin","date":"2 d\u00e9cembre 2012","format":false,"excerpt":"Offensive du froid : les Anglais ont-ils raison de penser que cet hiver sera le plus rude depuis 100 ans ?\u00a0Selon les conclusions des pr\u00e9visionnistes anglais de Meteogroup, l'hiver s'annonce particuli\u00e8rement rigoureux avec des temp\u00e9ratures pouvant atteindre le seuil des -20\u00b0 entre les mois de d\u00e9cembre et janvier. Mais quel\u2026","rel":"","context":"Dans &quot;M\u00e9t\u00e9orologie&quot;","block_context":{"text":"M\u00e9t\u00e9orologie","link":"https:\/\/www.laterredufutur.com\/accueil\/sujets\/meteorologie\/"},"img":{"alt_text":"chasse neige","src":"https:\/\/i0.wp.com\/www.laterredufutur.com\/wordpress\/wp-content\/uploads\/2012\/12\/chasse-neige-england.jpg?resize=350%2C200","width":350,"height":200},"classes":[]},{"id":19515,"url":"https:\/\/www.laterredufutur.com\/accueil\/hiver-2019-2020\/","url_meta":{"origin":619,"position":1},"title":"Hiver 2019-2020","author":"Admin","date":"31 ao\u00fbt 2019","format":false,"excerpt":"Et nous voici donc projet\u00e9s dans le nouvel automne m\u00e9t\u00e9orologique. Pour ce qui concerne notre futur hiver 2019-2020, les pr\u00e9visions saisonni\u00e8res habituelles se profilent d\u00e9j\u00e0. Les pr\u00e9visions saisonni\u00e8res de l'hiver dernier ont \u00e9t\u00e9 justes \u00e0 hauteur de 90%. Un record ! La temp\u00e9rature a \u00e9t\u00e9 en moyenne plus de 2\u2026","rel":"","context":"Dans &quot;M\u00e9t\u00e9orologie&quot;","block_context":{"text":"M\u00e9t\u00e9orologie","link":"https:\/\/www.laterredufutur.com\/accueil\/sujets\/meteorologie\/"},"img":{"alt_text":"","src":"https:\/\/i0.wp.com\/www.laterredufutur.com\/accueil\/wp-content\/uploads\/2019\/09\/winter.jpg?fit=960%2C640&ssl=1&resize=350%2C200","width":350,"height":200,"srcset":"https:\/\/i0.wp.com\/www.laterredufutur.com\/accueil\/wp-content\/uploads\/2019\/09\/winter.jpg?fit=960%2C640&ssl=1&resize=350%2C200 1x, https:\/\/i0.wp.com\/www.laterredufutur.com\/accueil\/wp-content\/uploads\/2019\/09\/winter.jpg?fit=960%2C640&ssl=1&resize=525%2C300 1.5x, https:\/\/i0.wp.com\/www.laterredufutur.com\/accueil\/wp-content\/uploads\/2019\/09\/winter.jpg?fit=960%2C640&ssl=1&resize=700%2C400 2x"},"classes":[]},{"id":24298,"url":"https:\/\/www.laterredufutur.com\/accueil\/tendances-saisonnieres-pour-lautomne-2022-hiver-2022-2023-printemps-2023\/","url_meta":{"origin":619,"position":2},"title":"Tendances saisonni\u00e8res pour l&rsquo;automne 2022, hiver 2022-2023, printemps 2023","author":"Admin","date":"15 ao\u00fbt 2022","format":false,"excerpt":"Depuis plus d'un an, Thibaud Meriel nous a donn\u00e9 l'habitude d'apporter ses pr\u00e9visions saisonni\u00e8res \"exp\u00e9rimentales\".\u00a0 Ses tendances s'av\u00e8rent juste \u00e0 un niveau de plus de 70%. Sa m\u00e9thodologie bas\u00e9e sur la m\u00e9thode miroir solaire tant \u00e0 nous \u00e9tonner et dans le m\u00eame temps \u00e0 nous conforter sur une innovation majeure.\u2026","rel":"","context":"Dans &quot;M\u00e9t\u00e9orologie&quot;","block_context":{"text":"M\u00e9t\u00e9orologie","link":"https:\/\/www.laterredufutur.com\/accueil\/sujets\/meteorologie\/"},"img":{"alt_text":"","src":"https:\/\/i0.wp.com\/www.laterredufutur.com\/accueil\/wp-content\/uploads\/2022\/08\/tendances-saisonnieres-janvier-2023.jpg?fit=1200%2C675&ssl=1&resize=350%2C200","width":350,"height":200,"srcset":"https:\/\/i0.wp.com\/www.laterredufutur.com\/accueil\/wp-content\/uploads\/2022\/08\/tendances-saisonnieres-janvier-2023.jpg?fit=1200%2C675&ssl=1&resize=350%2C200 1x, https:\/\/i0.wp.com\/www.laterredufutur.com\/accueil\/wp-content\/uploads\/2022\/08\/tendances-saisonnieres-janvier-2023.jpg?fit=1200%2C675&ssl=1&resize=525%2C300 1.5x, https:\/\/i0.wp.com\/www.laterredufutur.com\/accueil\/wp-content\/uploads\/2022\/08\/tendances-saisonnieres-janvier-2023.jpg?fit=1200%2C675&ssl=1&resize=700%2C400 2x, https:\/\/i0.wp.com\/www.laterredufutur.com\/accueil\/wp-content\/uploads\/2022\/08\/tendances-saisonnieres-janvier-2023.jpg?fit=1200%2C675&ssl=1&resize=1050%2C600 3x"},"classes":[]},{"id":16933,"url":"https:\/\/www.laterredufutur.com\/accueil\/hiver-2018-2019\/","url_meta":{"origin":619,"position":3},"title":"Hiver 2018-2019","author":"Admin","date":"3 septembre 2018","format":false,"excerpt":"L\u2019Hiver 2018-2019 se profile d\u00e9j\u00e0 en terme de m\u00e9t\u00e9orologie pour tous les passionn\u00e9s qui se penchent sur les pr\u00e9visions saisonni\u00e8res. Une science qui n\u2019est qu\u2019\u00e0 ces d\u00e9buts tant elle est compliqu\u00e9e et rarement juste \u00e0 100%. L\u2019hiver dernier notre score se situe dans les 70% de justesse. Pour 2017-2018. L'Hiver\u2026","rel":"","context":"Dans &quot;M\u00e9t\u00e9orologie&quot;","block_context":{"text":"M\u00e9t\u00e9orologie","link":"https:\/\/www.laterredufutur.com\/accueil\/sujets\/meteorologie\/"},"img":{"alt_text":"","src":"https:\/\/i0.wp.com\/www.laterredufutur.com\/accueil\/wp-content\/uploads\/2016\/02\/tempete-bretagne-fevrier2016-1.jpg?fit=640%2C360&ssl=1&resize=350%2C200","width":350,"height":200,"srcset":"https:\/\/i0.wp.com\/www.laterredufutur.com\/accueil\/wp-content\/uploads\/2016\/02\/tempete-bretagne-fevrier2016-1.jpg?fit=640%2C360&ssl=1&resize=350%2C200 1x, https:\/\/i0.wp.com\/www.laterredufutur.com\/accueil\/wp-content\/uploads\/2016\/02\/tempete-bretagne-fevrier2016-1.jpg?fit=640%2C360&ssl=1&resize=525%2C300 1.5x"},"classes":[]},{"id":21289,"url":"https:\/\/www.laterredufutur.com\/accueil\/hiver-2020-2021\/","url_meta":{"origin":619,"position":4},"title":"Hiver 2020-2021","author":"Admin","date":"6 septembre 2020","format":false,"excerpt":"Et nous voici donc projet\u00e9s dans le nouvel automne m\u00e9t\u00e9orologique. Pour ce qui concerne notre futur hiver 2020-2021, les pr\u00e9visions saisonni\u00e8res habituelles se profilent d\u00e9j\u00e0. Les pr\u00e9visions saisonni\u00e8res de l\u2019hiver dernier ont \u00e9t\u00e9 fortement erron\u00e9es contrairement \u00e0 l'hiver pr\u00e9c\u00e9dent qui avaient justes \u00e0 hauteur de 90%. Un record ! La\u2026","rel":"","context":"Dans &quot;M\u00e9t\u00e9orologie&quot;","block_context":{"text":"M\u00e9t\u00e9orologie","link":"https:\/\/www.laterredufutur.com\/accueil\/sujets\/meteorologie\/"},"img":{"alt_text":"","src":"https:\/\/i0.wp.com\/www.laterredufutur.com\/accueil\/wp-content\/uploads\/2020\/09\/ocean-coucher-de-soleil.jpg?fit=960%2C640&ssl=1&resize=350%2C200","width":350,"height":200,"srcset":"https:\/\/i0.wp.com\/www.laterredufutur.com\/accueil\/wp-content\/uploads\/2020\/09\/ocean-coucher-de-soleil.jpg?fit=960%2C640&ssl=1&resize=350%2C200 1x, https:\/\/i0.wp.com\/www.laterredufutur.com\/accueil\/wp-content\/uploads\/2020\/09\/ocean-coucher-de-soleil.jpg?fit=960%2C640&ssl=1&resize=525%2C300 1.5x, https:\/\/i0.wp.com\/www.laterredufutur.com\/accueil\/wp-content\/uploads\/2020\/09\/ocean-coucher-de-soleil.jpg?fit=960%2C640&ssl=1&resize=700%2C400 2x"},"classes":[]},{"id":24476,"url":"https:\/\/www.laterredufutur.com\/accueil\/la-nina-influence-leurope-et-cet-hiver-sannonce-froid-dans-un-contexte-de-crise-energetique\/","url_meta":{"origin":619,"position":5},"title":"La Ni\u00f1a influence l&rsquo;Europe et cet hiver s&rsquo;annonce froid dans un contexte de crise \u00e9nerg\u00e9tique","author":"Admin","date":"8 octobre 2022","format":false,"excerpt":"Selon le Centre europ\u00e9en pour les pr\u00e9visions m\u00e9t\u00e9orologiques \u00e0 moyen terme (CEPMMT), les temp\u00e9ratures risquent de baisser fortement durant les mois de novembre et de d\u00e9cembre. Bien qu\u2019il soit \u201cextr\u00eamement difficile\u201d de pr\u00e9voir la m\u00e9t\u00e9o aussi longtemps \u00e0 l\u2019avance, le ph\u00e9nom\u00e8ne m\u00e9t\u00e9orologique La Ni\u00f1a pourrait bien avoir une incidence sur\u2026","rel":"","context":"Dans &quot;M\u00e9t\u00e9orologie&quot;","block_context":{"text":"M\u00e9t\u00e9orologie","link":"https:\/\/www.laterredufutur.com\/accueil\/sujets\/meteorologie\/"},"img":{"alt_text":"","src":"https:\/\/i0.wp.com\/www.laterredufutur.com\/accueil\/wp-content\/uploads\/2022\/10\/froid-voiture.jpg?fit=1024%2C576&ssl=1&resize=350%2C200","width":350,"height":200,"srcset":"https:\/\/i0.wp.com\/www.laterredufutur.com\/accueil\/wp-content\/uploads\/2022\/10\/froid-voiture.jpg?fit=1024%2C576&ssl=1&resize=350%2C200 1x, https:\/\/i0.wp.com\/www.laterredufutur.com\/accueil\/wp-content\/uploads\/2022\/10\/froid-voiture.jpg?fit=1024%2C576&ssl=1&resize=525%2C300 1.5x, https:\/\/i0.wp.com\/www.laterredufutur.com\/accueil\/wp-content\/uploads\/2022\/10\/froid-voiture.jpg?fit=1024%2C576&ssl=1&resize=700%2C400 2x"},"classes":[]}],"jetpack_sharing_enabled":true,"_links":{"self":[{"href":"https:\/\/www.laterredufutur.com\/accueil\/wp-json\/wp\/v2\/posts\/619","targetHints":{"allow":["GET"]}}],"collection":[{"href":"https:\/\/www.laterredufutur.com\/accueil\/wp-json\/wp\/v2\/posts"}],"about":[{"href":"https:\/\/www.laterredufutur.com\/accueil\/wp-json\/wp\/v2\/types\/post"}],"author":[{"embeddable":true,"href":"https:\/\/www.laterredufutur.com\/accueil\/wp-json\/wp\/v2\/users\/1"}],"replies":[{"embeddable":true,"href":"https:\/\/www.laterredufutur.com\/accueil\/wp-json\/wp\/v2\/comments?post=619"}],"version-history":[{"count":0,"href":"https:\/\/www.laterredufutur.com\/accueil\/wp-json\/wp\/v2\/posts\/619\/revisions"}],"wp:featuredmedia":[{"embeddable":true,"href":"https:\/\/www.laterredufutur.com\/accueil\/wp-json\/wp\/v2\/media\/618"}],"wp:attachment":[{"href":"https:\/\/www.laterredufutur.com\/accueil\/wp-json\/wp\/v2\/media?parent=619"}],"wp:term":[{"taxonomy":"category","embeddable":true,"href":"https:\/\/www.laterredufutur.com\/accueil\/wp-json\/wp\/v2\/categories?post=619"},{"taxonomy":"post_tag","embeddable":true,"href":"https:\/\/www.laterredufutur.com\/accueil\/wp-json\/wp\/v2\/tags?post=619"}],"curies":[{"name":"wp","href":"https:\/\/api.w.org\/{rel}","templated":true}]}}