{"id":5748,"date":"2011-03-28T21:28:35","date_gmt":"2011-03-28T19:28:35","guid":{"rendered":"http:\/\/www.laterredufutur.com\/accueil\/?p=5748"},"modified":"2015-04-15T21:30:33","modified_gmt":"2015-04-15T19:30:33","slug":"bienvenue-dans-lanthropocene-un-nouveau-monde-geologique","status":"publish","type":"post","link":"https:\/\/www.laterredufutur.com\/accueil\/bienvenue-dans-lanthropocene-un-nouveau-monde-geologique\/","title":{"rendered":"Bienvenue dans l&rsquo;Anthropoc\u00e8ne, un nouveau monde g\u00e9ologique"},"content":{"rendered":"<div class=\"1665f18d14f35dd9e7566e1a8ac9a3e9\" data-index=\"1\" style=\"float: none; margin:10px 0 10px 0; text-align:center;\">\n<script async src=\"https:\/\/pagead2.googlesyndication.com\/pagead\/js\/adsbygoogle.js\"><\/script>\r\n<ins class=\"adsbygoogle\"\r\n     style=\"display:block; text-align:center;\"\r\n     data-ad-layout=\"in-article\"\r\n     data-ad-format=\"fluid\"\r\n     data-ad-client=\"ca-pub-2860849627502538\"\r\n     data-ad-slot=\"3019501113\"><\/ins>\r\n<script>\r\n     (adsbygoogle = window.adsbygoogle || []).push({});\r\n<\/script>\n<\/div>\n<p align=\"justify\"><span style=\"font-size: small;\">Les cons\u00e9quences des activit\u00e9s humaines sur la plan\u00e8te sont telles que des scientifiques ont jug\u00e9 bon de changer d&rsquo;\u00e9poque g\u00e9ologique et de proclamer la fin d&rsquo;un monde&#8230;<\/span><\/p>\n<p align=\"justify\"><span style=\"font-size: small;\">Si la g\u00e9ologie s\u2019int\u00e9resse aux transformations actuelles et pass\u00e9es subies par la Terre, la stratigraphie d\u00e9termine quant \u00e0 elle les \u00e2ges g\u00e9ologiques de la plan\u00e8te depuis son origine, gr\u00e2ce \u00e0 l\u2019\u00e9tude de la succession des diff\u00e9rentes strates s\u00e9dimentaires. Les scientifiques ont ainsi pu d\u00e9finir plusieurs \u00e8res et \u00e9poques, dont le passage de l\u2019une \u00e0 l\u2019autre est d\u00e9termin\u00e9 par des extinctions de masse, des \u00e9tapes importantes dans l\u2019\u00e9volution des esp\u00e8ces, ou encore par de profonds changements dans la composition de l\u2019atmosph\u00e8re. Parmi les diverses p\u00e9riodes, on pourrait citer le Cr\u00e9tac\u00e9 qui s\u2019est achev\u00e9 par la disparition massive des dinosaures.<\/span><\/p>\n<p align=\"justify\"><span style=\"font-size: small;\">Adieu, Holoc\u00e8ne !<br \/>\nVous n\u2019en avez sans doute pas entendu parler, mais en 2008, la commission de stratigraphie de la Soci\u00e9t\u00e9 G\u00e9ologique de Londres (soci\u00e9t\u00e9 savante fond\u00e9e en 1807) a propos\u00e9 de discuter internationalement de l\u2019entr\u00e9e dans une nouvelle \u00e9poque g\u00e9ologique : celle de l\u2019Anthropoc\u00e8ne. Pour les vingt-et-un savants de la commission, il ne fait aucun doute qu\u2019aujourd\u2019hui nous vivons dans une nouvelle \u00e9poque et qu\u2019il est temps de tourner la page de l\u2019Holoc\u00e8ne, commenc\u00e9 il y a plus de 10 000 ans et correspondant au N\u00e9olithique des arch\u00e9ologues. D\u00e9j\u00e0 en 2002, Paul Crutzen, climatologue et prix Nobel de chimie, sugg\u00e9rait que nous avions quitt\u00e9 l\u2019Holoc\u00e8ne.<\/span><\/p>\n<p align=\"justify\"><span style=\"font-size: small;\">L\u2019Holoc\u00e8ne (du Grec holos et kainos signifiant \u00ab enti\u00e8rement r\u00e9cent \u00bb) a vu principalement se d\u00e9velopper la civilisation humaine (invention de l\u2019\u00e9criture, naissance de l\u2019agriculture, progr\u00e8s techniques). Mais les \u00e9v\u00e9nements nouveaux (dont le r\u00e9chauffement climatique), d\u00e9clench\u00e9s par les activit\u00e9s humaines depuis la \u00ab R\u00e9volution industrielle \u00bb du d\u00e9but du XIXe si\u00e8cle, poussent les scientifiques \u00e0 croire qu\u2019ils ne peuvent appartenir \u00e0 l\u2019Holoc\u00e8ne mais \u00e0 une nouvelle \u00e9poque climatique et g\u00e9ologique.<\/span><\/p>\n<p align=\"justify\"><span style=\"font-size: small;\">Pour r\u00e9sumer, le Pl\u00e9istoc\u00e8ne correspondrait \u00e0 l\u2019apparition d\u2019Homo Sapiens, l\u2019Holoc\u00e8ne au d\u00e9veloppement des soci\u00e9t\u00e9s humaines et \u00e0 l\u2019explosion des technologies, tandis que l\u2019Anthopoc\u00e8ne rendrait intelligible l\u2019impact qu\u2019ont les hommes sur la plan\u00e8te.<\/span><\/p>\n<p align=\"justify\"><span style=\"font-size: small;\">Pour l\u2019instant, la Commission Internationale de Stratigraphie ne compte pas ouvrir ce d\u00e9bat, comme en t\u00e9moigne la publication de son \u00ab tableau stratigraphique \u00bb pour l\u2019ann\u00e9e 2009, o\u00f9 l\u2019Holoc\u00e8ne figure encore en derni\u00e8re \u00e9poque g\u00e9ologique.<\/span><\/p><div class=\"1665f18d14f35dd9e7566e1a8ac9a3e9\" data-index=\"2\" style=\"float: none; margin:10px 0 10px 0; text-align:center;\">\n<script async src=\"https:\/\/pagead2.googlesyndication.com\/pagead\/js\/adsbygoogle.js\"><\/script>\r\n<ins class=\"adsbygoogle\"\r\n     style=\"display:block; text-align:center;\"\r\n     data-ad-layout=\"in-article\"\r\n     data-ad-format=\"fluid\"\r\n     data-ad-client=\"ca-pub-2860849627502538\"\r\n     data-ad-slot=\"3019501113\"><\/ins>\r\n<script>\r\n     (adsbygoogle = window.adsbygoogle || []).push({});\r\n<\/script>\n<\/div>\n\n<p align=\"justify\"><span style=\"font-size: small;\">L\u2019entr\u00e9e dans cette nouvelle \u00e9poque traduit des bouleversements profonds.<br \/>\nMais tout ceci n\u2019est qu\u2019un vain d\u00e9bat entre savants, n&rsquo;est-ce pas ? Entre \u00ab Holoc\u00e8ne \u00bb et \u00ab Anthropoc\u00e8ne \u00bb, il n\u2019y a qu\u2019un simple changement de vocabulaire, dirons-nous pour nous rassurer. Or celui-ci cache une bien terrible r\u00e9alit\u00e9 et t\u00e9moigne des grands bouleversements plan\u00e9taires qui sont en train de se produire sous nos yeux.<\/span><\/p>\n<p align=\"justify\"><span style=\"font-size: small;\">La commission stratigraphique les \u00e9num\u00e8re, non sans inqui\u00e9tude : la s\u00e9dimentation naturelle est modifi\u00e9e \u00e0 cause des barrages, l\u2019\u00e9rosion des continents est entra\u00een\u00e9e par l\u2019agriculture intensive et les constructions humaines, le taux de gaz carbonique dans l\u2019atmosph\u00e8re a explos\u00e9 depuis les deux derniers si\u00e8cles (pour atteindre un total de 800 milliards de tonnes de CO2) et entra\u00eene un r\u00e9chauffement climatique global. En outre, l\u2019extinction des esp\u00e8ces animales et v\u00e9g\u00e9tales provoqu\u00e9e par l\u2019homme est pr\u00e9occupante (on parle d\u2019une sixi\u00e8me extinction de masse qui serait en fait la premi\u00e8re provoqu\u00e9e par une esp\u00e8ce vivant sur Terre), l\u2019acidit\u00e9 des oc\u00e9ans ne cesse de s\u2019accro\u00eetre, la fonte des glaciers s\u2019acc\u00e9l\u00e8re<\/span><\/p>\n<p align=\"justify\">Ce ne sont l\u00e0 que quelques exemples parmi tant d\u2019autres. Voil\u00e0 pourquoi parler de nouvelle \u00e9poque n\u2019est pas abusif. Celle-ci se caract\u00e9rise par le fait que l\u2019homme \u2013 et par extension la soci\u00e9t\u00e9 industrielle \u2013 est devenu pour la premi\u00e8re fois depuis 10 000 ans un agent g\u00e9ologique qui domine les forces g\u00e9ologiques qui pr\u00e9valaient jusqu\u2019\u00e0 pr\u00e9sent. En d\u2019autres termes, les activit\u00e9s humaines ont un impact plus fort sur la terre et le climat que celui des variations naturelles. L\u2019homme risque \u00ab de modifier consid\u00e9rablement le cours actuel de l\u2019\u00e9volution du climat global, et ce pour des mill\u00e9naires \u00bb, explique Paul Crutzen.<\/p>\n<p align=\"justify\">Cela signifie que l\u2019homme parvient \u00e0 modifier la structure de la biosph\u00e8re et \u00e0 d\u00e9truire son environnement, par son action et ses activit\u00e9s, en bouleversant l\u2019\u00e9quilibre de la biosph\u00e8re, et ce depuis la \u00ab R\u00e9volution industrielle \u00bb. On parle d\u2019anthropisation.<\/p>\n<p align=\"justify\">On comprend donc le choix du nouveau terme \u00ab Anthropoc\u00e8ne \u00bb, dont l\u2019\u00e9tymologie renvoie au grec anthropos, signifiant \u00ab \u00eatre humain \u00bb.<\/p>\n<p align=\"justify\">Ce tournant historique conduira-t-il \u00e0 de nouvelles soci\u00e9t\u00e9s ?<br \/>\nC\u2019est l\u00e0 la question que l\u2019on peut se poser. Parler de tournant historique n\u2019est pas plus abusif que de parler d\u2019une nouvelle \u00e9poque. Pour la premi\u00e8re fois dans sa courte histoire, l\u2019homme est confront\u00e9 aux limites de la biosph\u00e8re. Il devra changer le type de relation qu\u2019il entretient avec la nature. Le respect plut\u00f4t que le gaspillage \u00e0 outrance, la symbiose plut\u00f4t que la destruction. Pour l\u2019heure, l\u2019objectif n\u2019est plus d\u2019enrayer le ph\u00e9nom\u00e8ne, mais de limiter les d\u00e9g\u00e2ts\u2026<\/p>\n<p align=\"justify\">Il reste peu de temps. L\u2019Anthopoc\u00e8ne a d\u00e9but\u00e9 il y a pr\u00e8s de deux si\u00e8cles et ses cons\u00e9quences se font de plus en plus sentir.<\/p>\n<p align=\"justify\"><span style=\"font-size: small;\">source : <a href=\"http:\/\/www.suite101.fr\/\">http:\/\/www.suite101.fr\/<\/a><\/span><\/p>\n<p class=\"bawpvc-ajax-counter\" data-id=\"5748\">(332)<\/p>\n<!--CusAds0-->\n<div style=\"font-size: 0px; height: 0px; line-height: 0px; margin: 0; padding: 0; clear: both;\"><\/div>","protected":false},"excerpt":{"rendered":"<p>Les cons\u00e9quences des activit\u00e9s humaines sur la plan\u00e8te sont telles que des scientifiques ont jug\u00e9 bon de changer d&rsquo;\u00e9poque g\u00e9ologique&#8230;<\/p>\n","protected":false},"author":1,"featured_media":5749,"comment_status":"open","ping_status":"open","sticky":false,"template":"","format":"standard","meta":{"_exactmetrics_skip_tracking":false,"_exactmetrics_sitenote_active":false,"_exactmetrics_sitenote_note":"","_exactmetrics_sitenote_category":0,"ngg_post_thumbnail":0,"jetpack_post_was_ever_published":false,"_jetpack_newsletter_access":"","_jetpack_dont_email_post_to_subs":false,"_jetpack_newsletter_tier_id":0,"_jetpack_memberships_contains_paywalled_content":false,"_jetpack_memberships_contains_paid_content":false,"footnotes":"","jetpack_publicize_message":"Bienvenue dans l'Anthropoc\u00e8ne, un nouveau monde g\u00e9ologique","jetpack_publicize_feature_enabled":true,"jetpack_social_post_already_shared":true,"jetpack_social_options":{"image_generator_settings":{"template":"highway","default_image_id":0,"font":"","enabled":false},"version":2}},"categories":[18],"tags":[4072,1802,355,2750,4074,474,4073],"class_list":["post-5748","post","type-post","status-publish","format-standard","has-post-thumbnail","hentry","category-monde-futur","tag-anthropocene","tag-epoque","tag-evolution","tag-geologique","tag-holocene","tag-humanite","tag-sedimentation","wpcat-18-id"],"jetpack_publicize_connections":[],"jetpack_featured_media_url":"https:\/\/i0.wp.com\/www.laterredufutur.com\/accueil\/wp-content\/uploads\/2015\/04\/Anthropocene.gif?fit=350%2C475&ssl=1","jetpack_shortlink":"https:\/\/wp.me\/p631RN-1uI","jetpack-related-posts":[{"id":10401,"url":"https:\/\/www.laterredufutur.com\/accueil\/lhomme-a-fait-entrer-la-terre-dans-un-nouveau-monde-geologique-appelee-anthropocene\/","url_meta":{"origin":5748,"position":0},"title":"L&rsquo;Homme a fait entrer la Terre dans un nouveau monde g\u00e9ologique appel\u00e9e anthropoc\u00e8ne","author":"Admin","date":"17 janvier 2016","format":false,"excerpt":"Les \u00e9l\u00e9ments attestant de l'influence des activit\u00e9s humaines sur la Terre sont devenus tellement probants qu'on peut affirmer que la plan\u00e8te est entr\u00e9e dans l'anthropoc\u00e8ne, une nouvelle \u00e8re g\u00e9ologique marqu\u00e9e par l'homme, \u00e9crivent des chercheurs dans la derni\u00e8re livraison du journal Science parue jeudi. La naissance d'une telle \u00e9poque marquerait\u2026","rel":"","context":"Dans &quot;Monde Futur&quot;","block_context":{"text":"Monde Futur","link":"https:\/\/www.laterredufutur.com\/accueil\/sujets\/monde-futur\/"},"img":{"alt_text":"","src":"https:\/\/i0.wp.com\/www.laterredufutur.com\/accueil\/wp-content\/uploads\/2016\/01\/anthropocene.jpg?fit=920%2C518&ssl=1&resize=350%2C200","width":350,"height":200,"srcset":"https:\/\/i0.wp.com\/www.laterredufutur.com\/accueil\/wp-content\/uploads\/2016\/01\/anthropocene.jpg?fit=920%2C518&ssl=1&resize=350%2C200 1x, https:\/\/i0.wp.com\/www.laterredufutur.com\/accueil\/wp-content\/uploads\/2016\/01\/anthropocene.jpg?fit=920%2C518&ssl=1&resize=525%2C300 1.5x, https:\/\/i0.wp.com\/www.laterredufutur.com\/accueil\/wp-content\/uploads\/2016\/01\/anthropocene.jpg?fit=920%2C518&ssl=1&resize=700%2C400 2x"},"classes":[]},{"id":13161,"url":"https:\/\/www.laterredufutur.com\/accueil\/lhomme-a-t-il-forge-lanthropocene-nouvelle-epoque-geologique-sur-la-terre\/","url_meta":{"origin":5748,"position":1},"title":"L&rsquo;Homme a-t-il forg\u00e9 l&rsquo;Anthropoc\u00e8ne, nouvelle \u00e9poque g\u00e9ologique sur la Terre?","author":"Admin","date":"5 septembre 2016","format":false,"excerpt":"La multiplication des cons\u00e9quences de notre action sur la plan\u00e8te, vu par des marqueurs g\u00e9ologiques, motive les scientifiques \u00e0 faire \u00e9voluer l'\u00e9chelle des temps g\u00e9ologiques connue. \"Le signal est tr\u00e8s clair et certains des changements sont effectivement irr\u00e9versibles.\" Le g\u00e9ologue Jan Zalasiewicz coordonne un groupe de 35 scientifiques qui a\u2026","rel":"","context":"Dans &quot;Pollution&quot;","block_context":{"text":"Pollution","link":"https:\/\/www.laterredufutur.com\/accueil\/sujets\/pollution\/"},"img":{"alt_text":"","src":"https:\/\/i0.wp.com\/www.laterredufutur.com\/accueil\/wp-content\/uploads\/2016\/08\/anthropocene.jpg?fit=1200%2C675&ssl=1&resize=350%2C200","width":350,"height":200,"srcset":"https:\/\/i0.wp.com\/www.laterredufutur.com\/accueil\/wp-content\/uploads\/2016\/08\/anthropocene.jpg?fit=1200%2C675&ssl=1&resize=350%2C200 1x, https:\/\/i0.wp.com\/www.laterredufutur.com\/accueil\/wp-content\/uploads\/2016\/08\/anthropocene.jpg?fit=1200%2C675&ssl=1&resize=525%2C300 1.5x, https:\/\/i0.wp.com\/www.laterredufutur.com\/accueil\/wp-content\/uploads\/2016\/08\/anthropocene.jpg?fit=1200%2C675&ssl=1&resize=700%2C400 2x, https:\/\/i0.wp.com\/www.laterredufutur.com\/accueil\/wp-content\/uploads\/2016\/08\/anthropocene.jpg?fit=1200%2C675&ssl=1&resize=1050%2C600 3x"},"classes":[]},{"id":18618,"url":"https:\/\/www.laterredufutur.com\/accueil\/sommes-nous-vraiment-entres-dans-le-monde-de-lanthropocene-un-chercheur-dit-quil-nexiste-pas\/","url_meta":{"origin":5748,"position":2},"title":"Sommes-nous vraiment entr\u00e9s dans le monde de l&rsquo;anthropoc\u00e8ne? Un chercheur dit qu&rsquo;il n&rsquo;existe pas","author":"Admin","date":"18 mars 2019","format":false,"excerpt":"Nous vivons une p\u00e9riode de d\u00e9gradation environnementale sans pr\u00e9c\u00e9dent, de plus en plus souvent appel\u00e9e \"l'anthropoc\u00e8ne\". Alors que le terme est de plus en plus omnipr\u00e9sent, \"je veux expliquer pourquoi, en tant que psychologue et environnementaliste engag\u00e9, je pense que c'est une mani\u00e8re tr\u00e8s probl\u00e9matique de repr\u00e9senter notre situation.\" Matthew\u2026","rel":"","context":"Dans &quot;Monde Futur&quot;","block_context":{"text":"Monde Futur","link":"https:\/\/www.laterredufutur.com\/accueil\/sujets\/monde-futur\/"},"img":{"alt_text":"","src":"https:\/\/i0.wp.com\/www.laterredufutur.com\/accueil\/wp-content\/uploads\/2019\/03\/crane-humaine-terre.jpg?fit=1024%2C415&ssl=1&resize=350%2C200","width":350,"height":200,"srcset":"https:\/\/i0.wp.com\/www.laterredufutur.com\/accueil\/wp-content\/uploads\/2019\/03\/crane-humaine-terre.jpg?fit=1024%2C415&ssl=1&resize=350%2C200 1x, https:\/\/i0.wp.com\/www.laterredufutur.com\/accueil\/wp-content\/uploads\/2019\/03\/crane-humaine-terre.jpg?fit=1024%2C415&ssl=1&resize=525%2C300 1.5x, https:\/\/i0.wp.com\/www.laterredufutur.com\/accueil\/wp-content\/uploads\/2019\/03\/crane-humaine-terre.jpg?fit=1024%2C415&ssl=1&resize=700%2C400 2x"},"classes":[]},{"id":10941,"url":"https:\/\/www.laterredufutur.com\/accueil\/selon-un-eminent-scientifique-les-humains-auront-disparu-dans-moins-de-100-ans\/","url_meta":{"origin":5748,"position":3},"title":"Selon un \u00e9minent scientifique, les humains auront disparu dans moins de 100 ans","author":"Admin","date":"17 f\u00e9vrier 2016","format":false,"excerpt":"Et s'il n'y avait plus rien \u00e0 faire pour sauver l'humanit\u00e9 ? S'il \u00e9tait d\u00e9j\u00e0 trop tard ? The Australian rapporte une interview bien pessimiste du c\u00e9l\u00e8bre scientifique australien Frank Fenner. Pour lui, nous avons d\u00e9j\u00e0 scell\u00e9 le destin de l'Humanit\u00e9 : dans moins de 100 ans, les soci\u00e9t\u00e9s humaines\u2026","rel":"","context":"Dans &quot;Divers&quot;","block_context":{"text":"Divers","link":"https:\/\/www.laterredufutur.com\/accueil\/sujets\/divers\/"},"img":{"alt_text":"","src":"https:\/\/i0.wp.com\/www.laterredufutur.com\/accueil\/wp-content\/uploads\/2016\/02\/theatre-abandonne.jpg?fit=677%2C532&ssl=1&resize=350%2C200","width":350,"height":200,"srcset":"https:\/\/i0.wp.com\/www.laterredufutur.com\/accueil\/wp-content\/uploads\/2016\/02\/theatre-abandonne.jpg?fit=677%2C532&ssl=1&resize=350%2C200 1x, https:\/\/i0.wp.com\/www.laterredufutur.com\/accueil\/wp-content\/uploads\/2016\/02\/theatre-abandonne.jpg?fit=677%2C532&ssl=1&resize=525%2C300 1.5x"},"classes":[]},{"id":15323,"url":"https:\/\/www.laterredufutur.com\/accueil\/les-temperatures-etaient-plus-hautes-pendant-lholocene\/","url_meta":{"origin":5748,"position":4},"title":"Les temp\u00e9ratures \u00e9taient plus hautes pendant l\u2019Holoc\u00e8ne","author":"Admin","date":"16 juin 2017","format":false,"excerpt":"La plan\u00e8te continue lentement de se r\u00e9chauffer et les scientifiques cherchent des exemples produits par le pass\u00e9 pour pr\u00e9dire les changements de climat dans le futur. Les scientifiques ont affirm\u00e9 que d\u00e8s la fin de la derni\u00e8re p\u00e9riode glaciaire (8 000 \u00e0 11 000 ans en arri\u00e8re), les temp\u00e9ratures \u00e9taient\u2026","rel":"","context":"Dans &quot;Divers&quot;","block_context":{"text":"Divers","link":"https:\/\/www.laterredufutur.com\/accueil\/sujets\/divers\/"},"img":{"alt_text":"","src":"https:\/\/i0.wp.com\/www.laterredufutur.com\/accueil\/wp-content\/uploads\/2017\/05\/holocene.gif?resize=350%2C200","width":350,"height":200},"classes":[]},{"id":963,"url":"https:\/\/www.laterredufutur.com\/accueil\/un-monde-en-desarroi\/","url_meta":{"origin":5748,"position":5},"title":"Un monde en d\u00e9sarroi","author":"Admin","date":"12 juillet 2012","format":false,"excerpt":"Notre monde ne serait il pas en d\u00e9sarroi pour se poser des questions aussi d\u00e9rangeantes :\u00a0Climat : effondrement plan\u00e9taire avant 2100 ?\u00a0Etrange article apocalyptique dans la revue \u00ab Nature \u00bb. Il relate une \u00e9tude r\u00e9alis\u00e9e par la Simon Fraser University de Vancouver au Canada. Un chercheur pr\u00e9dit l\u2019effondrement de la\u2026","rel":"","context":"Dans &quot;Monde Futur&quot;","block_context":{"text":"Monde Futur","link":"https:\/\/www.laterredufutur.com\/accueil\/sujets\/monde-futur\/"},"img":{"alt_text":"","src":"","width":0,"height":0},"classes":[]}],"jetpack_sharing_enabled":true,"_links":{"self":[{"href":"https:\/\/www.laterredufutur.com\/accueil\/wp-json\/wp\/v2\/posts\/5748","targetHints":{"allow":["GET"]}}],"collection":[{"href":"https:\/\/www.laterredufutur.com\/accueil\/wp-json\/wp\/v2\/posts"}],"about":[{"href":"https:\/\/www.laterredufutur.com\/accueil\/wp-json\/wp\/v2\/types\/post"}],"author":[{"embeddable":true,"href":"https:\/\/www.laterredufutur.com\/accueil\/wp-json\/wp\/v2\/users\/1"}],"replies":[{"embeddable":true,"href":"https:\/\/www.laterredufutur.com\/accueil\/wp-json\/wp\/v2\/comments?post=5748"}],"version-history":[{"count":1,"href":"https:\/\/www.laterredufutur.com\/accueil\/wp-json\/wp\/v2\/posts\/5748\/revisions"}],"predecessor-version":[{"id":5750,"href":"https:\/\/www.laterredufutur.com\/accueil\/wp-json\/wp\/v2\/posts\/5748\/revisions\/5750"}],"wp:featuredmedia":[{"embeddable":true,"href":"https:\/\/www.laterredufutur.com\/accueil\/wp-json\/wp\/v2\/media\/5749"}],"wp:attachment":[{"href":"https:\/\/www.laterredufutur.com\/accueil\/wp-json\/wp\/v2\/media?parent=5748"}],"wp:term":[{"taxonomy":"category","embeddable":true,"href":"https:\/\/www.laterredufutur.com\/accueil\/wp-json\/wp\/v2\/categories?post=5748"},{"taxonomy":"post_tag","embeddable":true,"href":"https:\/\/www.laterredufutur.com\/accueil\/wp-json\/wp\/v2\/tags?post=5748"}],"curies":[{"name":"wp","href":"https:\/\/api.w.org\/{rel}","templated":true}]}}