{"id":5732,"date":"2011-03-15T21:11:22","date_gmt":"2011-03-15T19:11:22","guid":{"rendered":"http:\/\/www.laterredufutur.com\/accueil\/?p=5732"},"modified":"2015-04-15T21:16:27","modified_gmt":"2015-04-15T19:16:27","slug":"catastrophe-nucleaire-au-japon","status":"publish","type":"post","link":"https:\/\/www.laterredufutur.com\/accueil\/catastrophe-nucleaire-au-japon\/","title":{"rendered":"Catastrophe Nucl\u00e9aire au Japon"},"content":{"rendered":"<div class=\"1665f18d14f35dd9e7566e1a8ac9a3e9\" data-index=\"1\" style=\"float: none; margin:10px 0 10px 0; text-align:center;\">\n<script async src=\"https:\/\/pagead2.googlesyndication.com\/pagead\/js\/adsbygoogle.js\"><\/script>\r\n<ins class=\"adsbygoogle\"\r\n     style=\"display:block; text-align:center;\"\r\n     data-ad-layout=\"in-article\"\r\n     data-ad-format=\"fluid\"\r\n     data-ad-client=\"ca-pub-2860849627502538\"\r\n     data-ad-slot=\"3019501113\"><\/ins>\r\n<script>\r\n     (adsbygoogle = window.adsbygoogle || []).push({});\r\n<\/script>\n<\/div>\n<p align=\"justify\"><span style=\"font-size: small;\">Une explosion a endommag\u00e9 l&rsquo;enceinte de confinement du r\u00e9acteur 2 de la centrale de Fukushima<\/span><\/p>\n<p>Mardi 15 mars 2011 : 8h38: Le risque nucl\u00e9aire est \u00ab\u00a0extr\u00eamement \u00e9lev\u00e9\u00a0\u00bb au Japon, a d\u00e9clar\u00e9 mardi le chef de la diplomatie fran\u00e7aise Alain Jupp\u00e9, apr\u00e8s une discussion avec son homologue nippon au sein du G8 \u00e0 Paris.<br \/>\n8h10:sur RTL, le ministre fran\u00e7ais de l&rsquo;Industrie et de l&rsquo;\u00e9bnergie, Eric Besson, estime que le Japon \u00ab\u00a0est sur le chemin d&rsquo;une catastrophe nucl\u00e9aire\u00a0\u00bb.<br \/>\nLa crise nucl\u00e9aire s&rsquo;est aggrav\u00e9e mardi au Japon apr\u00e8s une nouvelle explosion et un incendie \u00e0 la centrale de Fukushima 1, o\u00f9 les accidents se succ\u00e8dent depuis le violent s\u00e9isme de vendredi qui a probablement fait plus de 10 000 morts.<br \/>\n\u00ab\u00a0Le niveau de radioactivit\u00e9 a consid\u00e9rablement augment\u00e9\u00a0\u00bb sur le site de la centrale, a d\u00e9clar\u00e9 le Premier ministre japonais, Naoto Kan, \u00e0 la t\u00e9l\u00e9vision.<\/p>\n<p><object width=\"640\" height=\"390\"><\/object><\/p>\n<p><span class=\"embed-youtube\" style=\"text-align:center; display: block;\"><iframe loading=\"lazy\" class=\"youtube-player\" width=\"640\" height=\"360\" src=\"https:\/\/www.youtube.com\/embed\/0ZnTMIR2Yuk?version=3&#038;rel=1&#038;showsearch=0&#038;showinfo=1&#038;iv_load_policy=1&#038;fs=1&#038;hl=fr-FR&#038;autohide=2&#038;wmode=transparent\" allowfullscreen=\"true\" style=\"border:0;\" sandbox=\"allow-scripts allow-same-origin allow-popups allow-presentation allow-popups-to-escape-sandbox\"><\/iframe><\/span><\/p>\n<p><object width=\"640\" height=\"390\"><\/object><\/p>\n<p>&nbsp;<\/p>\n<p align=\"justify\"><span style=\"font-size: small;\">Deux nouvelles explosions sont survenues mardi \u00e0 la centrale atomique de Fukushima-Daiichi sur la c\u00f4te nord-est du Japon, provoquant dans la r\u00e9gion, et cela jusqu&rsquo;\u00e0 Tokyo, une hausse du niveau de radioactivit\u00e9.<\/span><\/p>\n<p align=\"justify\"><span style=\"font-size: small;\">La Russie a signal\u00e9 une l\u00e9g\u00e8re hausse de la radioactivit\u00e9 dans ses r\u00e9gions extr\u00eame-orientales mardi, mais la Chine n&rsquo;a pas fait \u00e9tat de niveaux anormaux.<\/span><\/p><div class=\"1665f18d14f35dd9e7566e1a8ac9a3e9\" data-index=\"2\" style=\"float: none; margin:10px 0 10px 0; text-align:center;\">\n<script async src=\"https:\/\/pagead2.googlesyndication.com\/pagead\/js\/adsbygoogle.js\"><\/script>\r\n<ins class=\"adsbygoogle\"\r\n     style=\"display:block; text-align:center;\"\r\n     data-ad-layout=\"in-article\"\r\n     data-ad-format=\"fluid\"\r\n     data-ad-client=\"ca-pub-2860849627502538\"\r\n     data-ad-slot=\"3019501113\"><\/ins>\r\n<script>\r\n     (adsbygoogle = window.adsbygoogle || []).push({});\r\n<\/script>\n<\/div>\n\n<p align=\"justify\"><span style=\"font-size: small;\">Les deux nouvelles explosions signal\u00e9es mardi, dans les r\u00e9acteur n\u00b02 et n\u00b04 de Fukushima-Daiichi, s&rsquo;ajoutent aux deux qui s&rsquo;\u00e9taient d\u00e9j\u00e0 produites depuis samedi dans les r\u00e9acteurs n\u00b01 et n\u00b03. Cette situation provoque une inqui\u00e9tude d&rsquo;autant plus vive au Japon, durement touch\u00e9 par le s\u00e9isme de magnitude 9 et le tsunami d\u00e9vastateur de vendredi, que, selon l&rsquo;AIEA, de la radioactivit\u00e9 a \u00e9t\u00e9 lib\u00e9r\u00e9e \u00ab\u00a0directement\u00a0\u00bb dans l&rsquo;atmosph\u00e8re.<\/span><\/p>\n<p align=\"justify\"><span style=\"font-size: small;\">L&rsquo;explosion au r\u00e9acteur n\u00b04, qui \u00e9tait en maintenance au moment du tsunami et n&rsquo;avait pas pos\u00e9 de probl\u00e8me jusqu&rsquo;\u00e0 mardi, serait due \u00e0 de l&rsquo;hydrog\u00e8ne. Elle a provoqu\u00e9 un incendie dans un bassin de r\u00e9tention de combustible usag\u00e9, qui a \u00e9t\u00e9 \u00e9teint par la suite, indique l&rsquo;exploitant de la centrale, Tepco.<\/span><\/p>\n<p align=\"justify\"><span style=\"font-size: small;\">Une zone d&rsquo;exclusion a\u00e9rienne a \u00e9t\u00e9 instaur\u00e9e dans un rayon de 30 km au-dessus de la centrale de Fukushima-Daiichi.<\/span><\/p>\n<p align=\"justify\"><span style=\"font-size: small;\">Le Premier ministre japonais Naoto Kan a demand\u00e9 \u00e0 la population dans un rayon de 30 km autour de la centrale, situ\u00e9e \u00e0 240 km de Tokyo, de rester chez elle, signe de l&rsquo;aggravation de la situation au Japon, qui conna\u00eet l&rsquo;accident nucl\u00e9aire le plus grave au monde depuis celui de Tchernobyl en 1986.<\/span><\/p>\n<p align=\"justify\"><span style=\"font-size: small;\">A Maebashi, ville \u00e0 100 km au nord de Tokyo, le niveau de radioactivit\u00e9 relev\u00e9 a \u00e9t\u00e9 dix fois sup\u00e9rieur \u00e0 la normale \u00e0 un moment donn\u00e9. A Saitama, plus pr\u00e8s de Tokyo, la radioactivit\u00e9 est bri\u00e8vement mont\u00e9 \u00e0 un niveau 40 fois sup\u00e9rieur \u00e0 la normale, ce qui ne suffit cependant pas pour causer des probl\u00e8mes \u00e0 l&rsquo;homme.<\/span><\/p>\n<p align=\"justify\">Pour rappel, ce documentaire vid\u00e9o sur la catastrophe de Tchernobyl en 1986 :<\/p>\n<p align=\"justify\"><a href=\"http:\/\/www.econologie.com\/documentaire-la-bataille-de-tchernobyl-passe-sous-silence-telechargement-3791.html\">http:\/\/www.econologie.com\/documentaire-la-bataille-de-tchernobyl-passe-sous-silence-telechargement-3791.html<\/a><\/p>\n<p>sources : <a href=\"http:\/\/www.lexpress.fr\/\">http:\/\/www.lexpress.fr\/<\/a>\u00a0\/ <a href=\"http:\/\/fr.news.yahoo.com\/\">http:\/\/fr.news.yahoo.com\/<\/a>\u00a0\/ AFP<\/p>\n<p>&nbsp;<\/p>\n<p class=\"bawpvc-ajax-counter\" data-id=\"5732\">(357)<\/p>\n<!--CusAds0-->\n<div style=\"font-size: 0px; height: 0px; line-height: 0px; margin: 0; padding: 0; clear: both;\"><\/div>","protected":false},"excerpt":{"rendered":"<p>Une explosion a endommag\u00e9 l&rsquo;enceinte de confinement du r\u00e9acteur 2 de la centrale de Fukushima Mardi 15 mars 2011 :&#8230;<\/p>\n","protected":false},"author":1,"featured_media":5733,"comment_status":"open","ping_status":"open","sticky":false,"template":"","format":"standard","meta":{"_exactmetrics_skip_tracking":false,"_exactmetrics_sitenote_active":false,"_exactmetrics_sitenote_note":"","_exactmetrics_sitenote_category":0,"ngg_post_thumbnail":0,"jetpack_post_was_ever_published":false,"_jetpack_newsletter_access":"","_jetpack_dont_email_post_to_subs":false,"_jetpack_newsletter_tier_id":0,"_jetpack_memberships_contains_paywalled_content":false,"_jetpack_memberships_contains_paid_content":false,"footnotes":"","jetpack_publicize_message":"Catastrophe Nucl\u00e9aire au Japon","jetpack_publicize_feature_enabled":true,"jetpack_social_post_already_shared":true,"jetpack_social_options":{"image_generator_settings":{"template":"highway","default_image_id":0,"font":"","enabled":false},"version":2}},"categories":[21,28],"tags":[4060,40,2612,671,335,107,4059,163,63,97,1697,1432,1150,684,1340],"class_list":["post-5732","post","type-post","status-publish","format-standard","has-post-thumbnail","hentry","category-evenement-brutal","category-pollution","tag-atomique","tag-catastrophe","tag-centrale-nucleaire","tag-explosion","tag-fukushima","tag-japon","tag-mars-2011","tag-morts","tag-nuage","tag-nucleaire","tag-ocean-pacifique","tag-radio-activite","tag-tepco","tag-video","tag-youtube","wpcat-21-id","wpcat-28-id"],"jetpack_publicize_connections":[],"jetpack_featured_media_url":"https:\/\/i0.wp.com\/www.laterredufutur.com\/accueil\/wp-content\/uploads\/2015\/04\/le-japon-menace-par-un-accident-nucleaire.jpeg?fit=480%2C329&ssl=1","jetpack_shortlink":"https:\/\/wp.me\/p631RN-1us","jetpack-related-posts":[{"id":10738,"url":"https:\/\/www.laterredufutur.com\/accueil\/du-tsunami-du-11-mars-2011-a-la-catastrophe-nucleaire\/","url_meta":{"origin":5732,"position":0},"title":"Du tsunami du 11 mars 2011 \u00e0 la catastrophe nucl\u00e9aire","author":"Admin","date":"11 mars 2016","format":false,"excerpt":"Le tsunami du 11\u00a0mars 2011 au Japon. D\u00e9j\u00e0 5\u00a0ans, que ce cataclysme a eu lieu. Reportage consacr\u00e9 au tremblement de terre exceptionnel et au raz de mar\u00e9e qui ont frapp\u00e9 l'archipel du Japon. Le vendredi 11 mars, \u00e0 14h43, la terre s'est mise \u00e0 trembler pendant 2 minutes. A l'int\u00e9rieur\u2026","rel":"","context":"Dans &quot;Ev\u00e8nement Brutal&quot;","block_context":{"text":"Ev\u00e8nement Brutal","link":"https:\/\/www.laterredufutur.com\/accueil\/sujets\/evenement-brutal\/"},"img":{"alt_text":"tsunami japon","src":"https:\/\/i0.wp.com\/www.laterredufutur.com\/accueil\/wp-content\/uploads\/2012\/01\/tsunami_japon_032011.jpg?fit=605%2C402&ssl=1&resize=350%2C200","width":350,"height":200,"srcset":"https:\/\/i0.wp.com\/www.laterredufutur.com\/accueil\/wp-content\/uploads\/2012\/01\/tsunami_japon_032011.jpg?fit=605%2C402&ssl=1&resize=350%2C200 1x, https:\/\/i0.wp.com\/www.laterredufutur.com\/accueil\/wp-content\/uploads\/2012\/01\/tsunami_japon_032011.jpg?fit=605%2C402&ssl=1&resize=525%2C300 1.5x"},"classes":[]},{"id":1861,"url":"https:\/\/www.laterredufutur.com\/accueil\/le-prochain-accident-nucleaire-sera-t-il-francais\/","url_meta":{"origin":5732,"position":1},"title":"Le prochain accident nucl\u00e9aire, sera t-il fran\u00e7ais ?","author":"Admin","date":"13 mars 2014","format":false,"excerpt":"Pour le dernier homme vivant \u00e0 Fukushima, le prochain accident nucl\u00e9aire sera en France.\u00a0Pour l'agriculteur japonais Naoto Matsumura, qui vit toujours sur ses terres contamin\u00e9es par l'accident nucl\u00e9aire de Fukushima, la France p\u00e8che par exc\u00e8s de confiance dans la s\u00fbret\u00e9 de ses installations. Ses propos sonnent comme un avertissement. Naoto\u2026","rel":"","context":"Dans &quot;Ev\u00e8nement Brutal&quot;","block_context":{"text":"Ev\u00e8nement Brutal","link":"https:\/\/www.laterredufutur.com\/accueil\/sujets\/evenement-brutal\/"},"img":{"alt_text":"","src":"https:\/\/i0.wp.com\/www.laterredufutur.com\/accueil\/wp-content\/uploads\/2014\/03\/.._spaw_images_9.jpg?fit=350%2C323&ssl=1&resize=350%2C200","width":350,"height":200},"classes":[]},{"id":1327,"url":"https:\/\/www.laterredufutur.com\/accueil\/fukushima-une-population-sacrifiee\/","url_meta":{"origin":5732,"position":2},"title":"Fukushima, Une Population Sacrifi\u00e9e","author":"Admin","date":"4 avril 2013","format":false,"excerpt":"Fukushima, Une Population Sacrifi\u00e9e, Le 11 mars 2011, un tremblement de terre de 9 sur l'\u00e9chelle de Richter a frapp\u00e9 au large du Japon. Un tsunami d\u00e9vastateur s'ensuivi. \u00a0Le Japon a \u00e9t\u00e9 frapp\u00e9 par le plus violent s\u00e9isme de son histoire. Le tremblement de terre, de magnitude 9, s'est produit\u2026","rel":"","context":"Dans &quot;Pollution&quot;","block_context":{"text":"Pollution","link":"https:\/\/www.laterredufutur.com\/accueil\/sujets\/pollution\/"},"img":{"alt_text":"fujushima","src":"https:\/\/i0.wp.com\/www.laterredufutur.com\/accueil\/wp-content\/uploads\/2012\/09\/fukushima-explosion.jpg?fit=480%2C270&ssl=1&resize=350%2C200","width":350,"height":200},"classes":[]},{"id":1275,"url":"https:\/\/www.laterredufutur.com\/accueil\/seisme-tsunami-et-catastrophe-nucleaire-du-11-mars-2011\/","url_meta":{"origin":5732,"position":3},"title":"S\u00e9isme, tsunami et catastrophe nucl\u00e9aire du 11 mars 2011","author":"Admin","date":"10 mars 2013","format":false,"excerpt":"Le 11 mars 2011, un tremblement de terre de 9 sur l'\u00e9chelle de Richter a frapp\u00e9 au large du Japon. Un tsunami d\u00e9vastateur s'ensuivi. \u00a0Le Japon a \u00e9t\u00e9 frapp\u00e9 par le plus violent s\u00e9isme de son histoire. Le tremblement de terre, de magnitude 9, s'est produit au large des c\u00f4tes\u2026","rel":"","context":"Dans &quot;Ev\u00e8nement Brutal&quot;","block_context":{"text":"Ev\u00e8nement Brutal","link":"https:\/\/www.laterredufutur.com\/accueil\/sujets\/evenement-brutal\/"},"img":{"alt_text":"tsunami japon","src":"https:\/\/i0.wp.com\/www.laterredufutur.com\/accueil\/wp-content\/uploads\/2012\/01\/tsunami_japon_032011.jpg?fit=605%2C402&ssl=1&resize=350%2C200","width":350,"height":200,"srcset":"https:\/\/i0.wp.com\/www.laterredufutur.com\/accueil\/wp-content\/uploads\/2012\/01\/tsunami_japon_032011.jpg?fit=605%2C402&ssl=1&resize=350%2C200 1x, https:\/\/i0.wp.com\/www.laterredufutur.com\/accueil\/wp-content\/uploads\/2012\/01\/tsunami_japon_032011.jpg?fit=605%2C402&ssl=1&resize=525%2C300 1.5x"},"classes":[]},{"id":12889,"url":"https:\/\/www.laterredufutur.com\/accueil\/fukushima-le-niveau-de-radioactivite-serait-en-forte-baisse-dans-locean-pacifique\/","url_meta":{"origin":5732,"position":4},"title":"Fukushima : le niveau de radioactivit\u00e9 serait en forte baisse dans l&rsquo;oc\u00e9an pacifique ?","author":"Admin","date":"17 juillet 2016","format":false,"excerpt":"Selon une \u00e9tude internationale publi\u00e9e d\u00e9but juillet 2016, le niveau de radioactivit\u00e9 dans l'oc\u00e9an Pacifique a largement diminu\u00e9, cinq ans apr\u00e8s la catastrophe nucl\u00e9aire de Fukushima. Mais les zones les plus proches de la centrale restent encore tr\u00e8s contamin\u00e9es. Les niveaux de radioactivit\u00e9 \u00e0 travers l'oc\u00e9an Pacifique seraient en train\u2026","rel":"","context":"Dans &quot;Pollution&quot;","block_context":{"text":"Pollution","link":"https:\/\/www.laterredufutur.com\/accueil\/sujets\/pollution\/"},"img":{"alt_text":"","src":"","width":0,"height":0},"classes":[]},{"id":1039,"url":"https:\/\/www.laterredufutur.com\/accueil\/un-nouveau-futur-cataclysme-au-japon\/","url_meta":{"origin":5732,"position":5},"title":"Un nouveau futur cataclysme au Japon ?","author":"Admin","date":"9 septembre 2012","format":false,"excerpt":"Depuis le tsunami du 11 mars 2011, le Japon a connu le pire cataclysme de l'\u00e9poque moderne. Et si ce n'\u00e9tait pas le dernier ? Cette fois-ci, cela serait tout autre chose. Fukushima montre des signes inqui\u00e9tants que m\u00eame l'ensemble des m\u00e9dias fran\u00e7ais en font l'\u00e9chos. C'est une petite piscine\u2026","rel":"","context":"Dans &quot;Pollution&quot;","block_context":{"text":"Pollution","link":"https:\/\/www.laterredufutur.com\/accueil\/sujets\/pollution\/"},"img":{"alt_text":"fukushima","src":"https:\/\/i0.wp.com\/www.laterredufutur.com\/wordpress\/wp-content\/uploads\/2012\/09\/fukushima-radioactivite.jpg?resize=350%2C200","width":350,"height":200},"classes":[]}],"jetpack_sharing_enabled":true,"_links":{"self":[{"href":"https:\/\/www.laterredufutur.com\/accueil\/wp-json\/wp\/v2\/posts\/5732","targetHints":{"allow":["GET"]}}],"collection":[{"href":"https:\/\/www.laterredufutur.com\/accueil\/wp-json\/wp\/v2\/posts"}],"about":[{"href":"https:\/\/www.laterredufutur.com\/accueil\/wp-json\/wp\/v2\/types\/post"}],"author":[{"embeddable":true,"href":"https:\/\/www.laterredufutur.com\/accueil\/wp-json\/wp\/v2\/users\/1"}],"replies":[{"embeddable":true,"href":"https:\/\/www.laterredufutur.com\/accueil\/wp-json\/wp\/v2\/comments?post=5732"}],"version-history":[{"count":2,"href":"https:\/\/www.laterredufutur.com\/accueil\/wp-json\/wp\/v2\/posts\/5732\/revisions"}],"predecessor-version":[{"id":5735,"href":"https:\/\/www.laterredufutur.com\/accueil\/wp-json\/wp\/v2\/posts\/5732\/revisions\/5735"}],"wp:featuredmedia":[{"embeddable":true,"href":"https:\/\/www.laterredufutur.com\/accueil\/wp-json\/wp\/v2\/media\/5733"}],"wp:attachment":[{"href":"https:\/\/www.laterredufutur.com\/accueil\/wp-json\/wp\/v2\/media?parent=5732"}],"wp:term":[{"taxonomy":"category","embeddable":true,"href":"https:\/\/www.laterredufutur.com\/accueil\/wp-json\/wp\/v2\/categories?post=5732"},{"taxonomy":"post_tag","embeddable":true,"href":"https:\/\/www.laterredufutur.com\/accueil\/wp-json\/wp\/v2\/tags?post=5732"}],"curies":[{"name":"wp","href":"https:\/\/api.w.org\/{rel}","templated":true}]}}