{"id":567,"date":"2011-10-13T23:00:00","date_gmt":"2011-10-13T22:00:00","guid":{"rendered":"http:\/\/www.laterredufutur.com\/wordpress\/?p=567"},"modified":"2011-10-13T23:00:00","modified_gmt":"2011-10-13T22:00:00","slug":"cloud-lexperience-qui-tue-les-modeles-climatiques","status":"publish","type":"post","link":"https:\/\/www.laterredufutur.com\/accueil\/cloud-lexperience-qui-tue-les-modeles-climatiques\/","title":{"rendered":"Cloud, l\u2019exp\u00e9rience qui tue les mod\u00e8les climatiques"},"content":{"rendered":"<div class=\"1665f18d14f35dd9e7566e1a8ac9a3e9\" data-index=\"1\" style=\"float: none; margin:10px 0 10px 0; text-align:center;\">\n<script async src=\"https:\/\/pagead2.googlesyndication.com\/pagead\/js\/adsbygoogle.js\"><\/script>\r\n<ins class=\"adsbygoogle\"\r\n     style=\"display:block; text-align:center;\"\r\n     data-ad-layout=\"in-article\"\r\n     data-ad-format=\"fluid\"\r\n     data-ad-client=\"ca-pub-2860849627502538\"\r\n     data-ad-slot=\"3019501113\"><\/ins>\r\n<script>\r\n     (adsbygoogle = window.adsbygoogle || []).push({});\r\n<\/script>\n<\/div>\n<p style=\"text-align: justify;\"><span style=\"color: #000000;\"><span style=\"font-size: small;\"><img data-recalc-dims=\"1\" decoding=\"async\" data-attachment-id=\"520\" data-permalink=\"https:\/\/www.laterredufutur.com\/accueil\/cloud-lexperience-qui-tue-les-modeles-climatiques\/cern2011\/\" data-orig-file=\"https:\/\/i0.wp.com\/www.laterredufutur.com\/accueil\/wp-content\/uploads\/2011\/09\/cern2011.jpg?fit=468%2C322&amp;ssl=1\" data-orig-size=\"468,322\" data-comments-opened=\"1\" data-image-meta=\"{&quot;aperture&quot;:&quot;0&quot;,&quot;credit&quot;:&quot;&quot;,&quot;camera&quot;:&quot;&quot;,&quot;caption&quot;:&quot;&quot;,&quot;created_timestamp&quot;:&quot;0&quot;,&quot;copyright&quot;:&quot;&quot;,&quot;focal_length&quot;:&quot;0&quot;,&quot;iso&quot;:&quot;0&quot;,&quot;shutter_speed&quot;:&quot;0&quot;,&quot;title&quot;:&quot;&quot;,&quot;orientation&quot;:&quot;0&quot;}\" data-image-title=\"cern2011\" data-image-description=\"\" data-image-caption=\"\" data-large-file=\"https:\/\/i0.wp.com\/www.laterredufutur.com\/accueil\/wp-content\/uploads\/2011\/09\/cern2011.jpg?fit=468%2C322&amp;ssl=1\" class=\" alignleft size-full wp-image-520\" src=\"https:\/\/i0.wp.com\/www.laterredufutur.com\/wordpress\/wp-content\/uploads\/2011\/09\/cern2011.jpg?w=120\" border=\"0\" alt=\"cloud\" title=\"cloud\"  style=\"float: left;\" \/>Les derniers r\u00e9sultats de l\u2019exp\u00e9rience CLOUD men\u00e9e au CERN d\u00e9montrent l\u2019invalidit\u00e9 totale de tous les mod\u00e8les climatiques informatiques. <\/span><\/span><\/p>\n<p style=\"text-align: justify; padding: 0px; margin: 0px;\"><span style=\"color: #000000;\"><span style=\"font-size: small;\">En effet cette exp\u00e9rience d\u00e9montre implacablement que les mod\u00e8les climatiques actuels ont aucune validit\u00e9 car ils ignorent les ph\u00e9nom\u00e8nes qui conduisent \u00e0 la formation des nuages.(nucl\u00e9ation)<\/span><\/span><\/p>\n<p style=\"text-align: justify; padding: 0px; margin: 0px;\"><span style=\"color: #000000;\"><span style=\"font-size: small;\">Et l\u2019exp\u00e9rience CLOUD nous enseigne que l\u2019activit\u00e9 galactique est pr\u00e9pond\u00e9rante dans le ph\u00e9nom\u00e8ne de nucl\u00e9ation.<\/span><\/span><\/p>\n<p style=\"text-align: justify; padding: 0px; margin: 0px;\"><span style=\"color: #000000;\"><span style=\"font-size: small;\">Les mod\u00e8les actuels supposent que la nucl\u00e9ation a majoritairement pour cause les a\u00e9rosols d\u2019origine terrestre (acide sulfurique, ammoniac et eau). Ces mod\u00e8les actuels ignorent totalement les relations entre les rayons cosmiques et le climat, sous pr\u00e9texte qu\u2019aucune exp\u00e9rience physique le d\u00e9montre. C\u2019est chose faite, l\u2019exp\u00e9rience r\u00e9alis\u00e9e au CERN \u00e9tabli les interactions entre les rayons d\u2019origine cosmiques et la nucl\u00e9ation. Voil\u00e0 qui ne va pas ravir les tenants de la th\u00e8se du r\u00e9chauffement climatique due \u00e0 l\u2019homme. Documentaire \u00e0 voir ci-apr\u00e8s&#8230; <\/span><\/span><\/p><div class=\"1665f18d14f35dd9e7566e1a8ac9a3e9\" data-index=\"2\" style=\"float: none; margin:10px 0 10px 0; text-align:center;\">\n<script async src=\"https:\/\/pagead2.googlesyndication.com\/pagead\/js\/adsbygoogle.js\"><\/script>\r\n<ins class=\"adsbygoogle\"\r\n     style=\"display:block; text-align:center;\"\r\n     data-ad-layout=\"in-article\"\r\n     data-ad-format=\"fluid\"\r\n     data-ad-client=\"ca-pub-2860849627502538\"\r\n     data-ad-slot=\"3019501113\"><\/ins>\r\n<script>\r\n     (adsbygoogle = window.adsbygoogle || []).push({});\r\n<\/script>\n<\/div>\n\n<p style=\"text-align: justify; padding: 0px; margin: 0px;\">\u00a0<\/p>\n<p style=\"text-align: justify; padding: 0px; margin: 0px;\"><span style=\"color: #000000; font-size: x-small;\">   <\/span><\/p>\n<p style=\"text-align: justify; padding: 0px; margin: 0px;\">\u00a0<\/p>\n<p style=\"text-align: justify; padding: 0px; margin: 0px;\">\u00a0<\/p>\n<p> <iframe loading=\"lazy\" frameborder=\"0\" width=\"450\" height=\"230\" src=\"http:\/\/www.dailymotion.com\/embed\/video\/xktolo\"><\/iframe><br \/><a href=\"http:\/\/www.dailymotion.com\/video\/xktolo_experience-cloud-quand-les-rayons-cosmiques-attaquent-le-rechauffement-climatique-anthropogenique_tech\" target=\"_blank\">Exp&eacute;rience CLOUD: quand les rayons cosmiques&#8230;<\/a> <i>par <a href=\"http:\/\/www.dailymotion.com\/Solidarite_et_Progres\" target=\"_blank\">Cloud<\/a><\/i> <\/p>\n<p style=\"text-align: justify; padding: 0px; margin: 0px;\">\u00a0<\/p>\n<p style=\"text-align: justify; padding: 0px; margin: 0px;\">\u00a0<\/p>\n<p style=\"text-align: justify; padding: 0px; margin: 0px;\"><span style=\"color: #000000; font-size: small;\">source :\u00a0<a href=\"http:\/\/www.agoravox.tv\/\">http:\/\/www.agoravox.tv\/<\/a><\/span><\/p>\n<p class=\"bawpvc-ajax-counter\" data-id=\"567\">(971)<\/p>\n<!--CusAds0-->\n<div style=\"font-size: 0px; height: 0px; line-height: 0px; margin: 0; padding: 0; clear: both;\"><\/div>","protected":false},"excerpt":{"rendered":"<p style=\"text-align: justify;\"><span style=\"color: #000000;\"><span style=\"font-size: small;\"><img decoding=\"async\" class=\" alignleft size-full wp-image-520\" src=\"http:\/\/www.laterredufutur.com\/wordpress\/wp-content\/uploads\/2011\/09\/cern2011.jpg\" border=\"0\" alt=\"cloud\" title=\"cloud\" width=\"120\" style=\"float: left;\" \/>Les derniers r\u00e9sultats de l\u2019exp\u00e9rience CLOUD men\u00e9e au CERN d\u00e9montrent l\u2019invalidit\u00e9 totale de tous les mod\u00e8les climatiques informatiques. <\/span><\/span><\/p>\n<p style=\"text-align: justify; padding: 0px; margin: 0px;\"><span style=\"color: #000000;\"><span style=\"font-size: small;\">En effet cette exp\u00e9rience d\u00e9montre implacablement que les mod\u00e8les climatiques actuels ont aucune validit\u00e9 car ils ignorent les ph\u00e9nom\u00e8nes qui conduisent \u00e0 la formation des nuages.(nucl\u00e9ation)<\/span><\/span><\/p>\n<p style=\"text-align: justify; padding: 0px; margin: 0px;\"><span style=\"color: #000000;\"><span style=\"font-size: small;\">Et l\u2019exp\u00e9rience CLOUD nous enseigne que l\u2019activit\u00e9 galactique est pr\u00e9pond\u00e9rante dans le ph\u00e9nom\u00e8ne de nucl\u00e9ation.<\/span><\/span><\/p>\n<p style=\"text-align: justify; padding: 0px; margin: 0px;\"><span style=\"color: #000000;\"><span style=\"font-size: small;\">Les mod\u00e8les actuels supposent que la nucl\u00e9ation a majoritairement pour cause les a\u00e9rosols d\u2019origine terrestre (acide sulfurique, ammoniac et eau). Ces mod\u00e8les actuels ignorent totalement les relations entre les rayons cosmiques et le climat, sous pr\u00e9texte qu\u2019aucune exp\u00e9rience physique le d\u00e9montre. C\u2019est chose faite, l\u2019exp\u00e9rience r\u00e9alis\u00e9e au CERN \u00e9tabli les interactions entre les rayons d\u2019origine cosmiques et la nucl\u00e9ation. Voil\u00e0 qui ne va pas ravir les tenants de la th\u00e8se du r\u00e9chauffement climatique due \u00e0 l\u2019homme. Documentaire \u00e0 voir ci-apr\u00e8s&#8230; <\/span><\/span><\/p>\n<p style=\"text-align: justify; padding: 0px; margin: 0px;\">\u00a0<\/p>\n<p style=\"text-align: justify; padding: 0px; margin: 0px;\"><span style=\"color: #000000; font-size: x-small;\"> <\/p>\n","protected":false},"author":1,"featured_media":520,"comment_status":"open","ping_status":"open","sticky":false,"template":"","format":"standard","meta":{"_exactmetrics_skip_tracking":false,"_exactmetrics_sitenote_active":false,"_exactmetrics_sitenote_note":"","_exactmetrics_sitenote_category":0,"ngg_post_thumbnail":0,"jetpack_post_was_ever_published":false,"_jetpack_newsletter_access":"","_jetpack_dont_email_post_to_subs":false,"_jetpack_newsletter_tier_id":0,"_jetpack_memberships_contains_paywalled_content":false,"_jetpack_memberships_contains_paid_content":false,"footnotes":"","jetpack_publicize_message":"","jetpack_publicize_feature_enabled":true,"jetpack_social_post_already_shared":false,"jetpack_social_options":{"image_generator_settings":{"template":"highway","default_image_id":0,"font":"","enabled":false},"version":2}},"categories":[20],"tags":[716,560,41,559,333,236,63,62,698,368,169,329],"class_list":["post-567","post","type-post","status-publish","format-standard","has-post-thumbnail","hentry","category-climat","tag-aerosols","tag-cern","tag-climat","tag-cloud","tag-eau","tag-modeles","tag-nuage","tag-pluie","tag-projet","tag-rayons-cosmiques","tag-rechauffement-climatique","tag-secheresse","wpcat-20-id"],"jetpack_publicize_connections":[],"jetpack_featured_media_url":"https:\/\/i0.wp.com\/www.laterredufutur.com\/accueil\/wp-content\/uploads\/2011\/09\/cern2011.jpg?fit=468%2C322&ssl=1","jetpack_shortlink":"https:\/\/wp.me\/p631RN-99","jetpack-related-posts":[{"id":5661,"url":"https:\/\/www.laterredufutur.com\/accueil\/lexperience-cloud\/","url_meta":{"origin":567,"position":0},"title":"L&rsquo;exp\u00e9rience Cloud","author":"Admin","date":"17 janvier 2011","format":false,"excerpt":"L\u2019exp\u00e9rience CLOUD (Rayons cosmiques produisant des gouttelettes ext\u00e9rieures) exploite une chambre \u00e0 brouillard pour \u00e9tudier un lien possible entre les rayons cosmiques galactiques et la formation des nuages. Elle est aliment\u00e9e par le Synchrotron \u00e0 protons du CERN, qui est ainsi le premier acc\u00e9l\u00e9rateur de particules utilis\u00e9 pour \u00e9tudier la\u2026","rel":"","context":"Dans &quot;Climat&quot;","block_context":{"text":"Climat","link":"https:\/\/www.laterredufutur.com\/accueil\/sujets\/climat\/"},"img":{"alt_text":"","src":"","width":0,"height":0},"classes":[]},{"id":464,"url":"https:\/\/www.laterredufutur.com\/accueil\/dereglement-climatique-les-scientifiques-du-cern-qbaillonnesq\/","url_meta":{"origin":567,"position":1},"title":"D\u00e9r\u00e8glement climatique : les scientifiques du CERN \u00ab\u00a0b\u00e2illonn\u00e9s\u00a0\u00bb","author":"Admin","date":"4 ao\u00fbt 2011","format":false,"excerpt":"Du jamais vu. Le big boss du CERN a interdit \u00e0 ses \u00e9quipes de tirer des conclusions scientifiques d'une exp\u00e9rience charg\u00e9e de d\u00e9terminer le r\u00f4le des rayons cosmiques dans la formation des nuages, et donc... du r\u00e9chauffement climatique. Au CERN, le climat se refroidit... \u00a0 \u00a0","rel":"","context":"Dans &quot;Climat&quot;","block_context":{"text":"Climat","link":"https:\/\/www.laterredufutur.com\/accueil\/sujets\/climat\/"},"img":{"alt_text":"","src":"","width":0,"height":0},"classes":[]},{"id":521,"url":"https:\/\/www.laterredufutur.com\/accueil\/le-cern-le-giec-et-cloud\/","url_meta":{"origin":567,"position":2},"title":"Le Cern, le Giec et Cloud","author":"Admin","date":"8 septembre 2011","format":false,"excerpt":"Liens fournis par JulienTDF - En 1997 le physicien danois Henrik Svensmark publiait, en collaboration avec Eigil Friis-Christensen, une th\u00e9orie liant les rayons cosmiques et le changement climatique, sous le terme de cosmoclimatologie. Leur proposition principale est que le rayonnement cosmique influence directement le taux de couverture nuageuse de la\u2026","rel":"","context":"Dans &quot;Climat&quot;","block_context":{"text":"Climat","link":"https:\/\/www.laterredufutur.com\/accueil\/sujets\/climat\/"},"img":{"alt_text":"cloud","src":"https:\/\/i0.wp.com\/www.laterredufutur.com\/accueil\/wp-content\/uploads\/2011\/09\/cern2011.jpg?fit=468%2C322&ssl=1&resize=350%2C200","width":350,"height":200},"classes":[]},{"id":25223,"url":"https:\/\/www.laterredufutur.com\/accueil\/comment-les-arbres-influencent-la-formation-des-nuages\/","url_meta":{"origin":567,"position":3},"title":"Comment les arbres influencent la formation des nuages","author":"Admin","date":"19 septembre 2023","format":false,"excerpt":"Dans le cadre du projet international CLOUD du CERN, des chercheurs du PSI ont identifi\u00e9 les sesquiterp\u00e8nes - des hydrocarbures gazeux lib\u00e9r\u00e9s par les plantes - comme \u00e9tant un facteur majeur dans la formation des nuages. Cette d\u00e9couverte pourrait r\u00e9duire les incertitudes des mod\u00e8les climatiques et permettre de faire des\u2026","rel":"","context":"Dans &quot;Climat&quot;","block_context":{"text":"Climat","link":"https:\/\/www.laterredufutur.com\/accueil\/sujets\/climat\/"},"img":{"alt_text":"","src":"https:\/\/i0.wp.com\/www.laterredufutur.com\/accueil\/wp-content\/uploads\/2021\/02\/foret-suede.jpg?fit=960%2C638&ssl=1&resize=350%2C200","width":350,"height":200,"srcset":"https:\/\/i0.wp.com\/www.laterredufutur.com\/accueil\/wp-content\/uploads\/2021\/02\/foret-suede.jpg?fit=960%2C638&ssl=1&resize=350%2C200 1x, https:\/\/i0.wp.com\/www.laterredufutur.com\/accueil\/wp-content\/uploads\/2021\/02\/foret-suede.jpg?fit=960%2C638&ssl=1&resize=525%2C300 1.5x, https:\/\/i0.wp.com\/www.laterredufutur.com\/accueil\/wp-content\/uploads\/2021\/02\/foret-suede.jpg?fit=960%2C638&ssl=1&resize=700%2C400 2x"},"classes":[]},{"id":1417,"url":"https:\/\/www.laterredufutur.com\/accueil\/changement-climatique-la-connexion-au-cosmos\/","url_meta":{"origin":567,"position":4},"title":"Changement climatique: la connexion au cosmos","author":"Admin","date":"13 juin 2013","format":false,"excerpt":"Le rayonnement cosmique peut \u00eatre un facteur climatique important qui a \u00e9t\u00e9 n\u00e9glig\u00e9. Selon Jasper Kirkby pourrait am\u00e9liorer la formation des nuages \u200b\u200bsur le rayonnement de la Terre depuis l'espace. Le physicien du CERN parle dans une interview sur le myst\u00e8re des grandes lacunes dans les connaissances et la recherche\u2026","rel":"","context":"Dans &quot;Climat&quot;","block_context":{"text":"Climat","link":"https:\/\/www.laterredufutur.com\/accueil\/sujets\/climat\/"},"img":{"alt_text":"","src":"https:\/\/i0.wp.com\/www.laterredufutur.com\/accueil\/wp-content\/uploads\/2013\/06\/kirkby.jpg?fit=236%2C219&ssl=1&resize=350%2C200","width":350,"height":200},"classes":[]},{"id":332,"url":"https:\/\/www.laterredufutur.com\/accueil\/le-co2-est-innocent\/","url_meta":{"origin":567,"position":5},"title":"Le CO2 est innocent","author":"Admin","date":"29 mai 2011","format":false,"excerpt":"La nouvelle la plus importante de ces derniers jours pour l\u2019\u00e9conomie du monde de ces 20 prochaines ann\u00e9es n\u2019est peut-\u00eatre pas le sordide fait divers\u00a0qui met toute la presse en \u00e9bullition en ce moment, dont la dimension spectaculaire s\u2019effacera vite. Par contre, une toute petite information pass\u00e9e jusqu\u2019ici inaper\u00e7ue pourrait,\u2026","rel":"","context":"Dans &quot;Climat&quot;","block_context":{"text":"Climat","link":"https:\/\/www.laterredufutur.com\/accueil\/sujets\/climat\/"},"img":{"alt_text":"","src":"","width":0,"height":0},"classes":[]}],"jetpack_sharing_enabled":true,"_links":{"self":[{"href":"https:\/\/www.laterredufutur.com\/accueil\/wp-json\/wp\/v2\/posts\/567","targetHints":{"allow":["GET"]}}],"collection":[{"href":"https:\/\/www.laterredufutur.com\/accueil\/wp-json\/wp\/v2\/posts"}],"about":[{"href":"https:\/\/www.laterredufutur.com\/accueil\/wp-json\/wp\/v2\/types\/post"}],"author":[{"embeddable":true,"href":"https:\/\/www.laterredufutur.com\/accueil\/wp-json\/wp\/v2\/users\/1"}],"replies":[{"embeddable":true,"href":"https:\/\/www.laterredufutur.com\/accueil\/wp-json\/wp\/v2\/comments?post=567"}],"version-history":[{"count":0,"href":"https:\/\/www.laterredufutur.com\/accueil\/wp-json\/wp\/v2\/posts\/567\/revisions"}],"wp:featuredmedia":[{"embeddable":true,"href":"https:\/\/www.laterredufutur.com\/accueil\/wp-json\/wp\/v2\/media\/520"}],"wp:attachment":[{"href":"https:\/\/www.laterredufutur.com\/accueil\/wp-json\/wp\/v2\/media?parent=567"}],"wp:term":[{"taxonomy":"category","embeddable":true,"href":"https:\/\/www.laterredufutur.com\/accueil\/wp-json\/wp\/v2\/categories?post=567"},{"taxonomy":"post_tag","embeddable":true,"href":"https:\/\/www.laterredufutur.com\/accueil\/wp-json\/wp\/v2\/tags?post=567"}],"curies":[{"name":"wp","href":"https:\/\/api.w.org\/{rel}","templated":true}]}}