{"id":5412,"date":"2010-06-25T19:49:53","date_gmt":"2010-06-25T17:49:53","guid":{"rendered":"http:\/\/www.laterredufutur.com\/accueil\/?p=5412"},"modified":"2015-04-14T20:26:41","modified_gmt":"2015-04-14T18:26:41","slug":"laurent-cabrol-les-ecolos-jouent-a-nous-faire-peur","status":"publish","type":"post","link":"https:\/\/www.laterredufutur.com\/accueil\/laurent-cabrol-les-ecolos-jouent-a-nous-faire-peur\/","title":{"rendered":"Laurent Cabrol : \u201cLes \u00e9colos jouent \u00e0 nous faire peur\u201d"},"content":{"rendered":"<div class=\"1665f18d14f35dd9e7566e1a8ac9a3e9\" data-index=\"1\" style=\"float: none; margin:10px 0 10px 0; text-align:center;\">\n<script async src=\"https:\/\/pagead2.googlesyndication.com\/pagead\/js\/adsbygoogle.js\"><\/script>\r\n<ins class=\"adsbygoogle\"\r\n     style=\"display:block; text-align:center;\"\r\n     data-ad-layout=\"in-article\"\r\n     data-ad-format=\"fluid\"\r\n     data-ad-client=\"ca-pub-2860849627502538\"\r\n     data-ad-slot=\"3019501113\"><\/ins>\r\n<script>\r\n     (adsbygoogle = window.adsbygoogle || []).push({});\r\n<\/script>\n<\/div>\n<p align=\"justify\"><span style=\"font-size: small;\">\u201cC\u2019est un moyen pour eux de prendre le pouvoir\u201d, explique le journaliste. Il d\u00e9fend une \u00e9cologie plus respectueuse de la d\u00e9ontologie scientifique. Et moins radicale politiquement. Entretien.<\/span><\/p>\n<p align=\"justify\"><span style=\"font-size: small;\">Journaliste t\u00e9l\u00e9 et radio, \u201cmonsieur m\u00e9t\u00e9o\u201d depuis vingt ans sur Europe 1, Laurent Cabrol s\u2019est int\u00e9ress\u00e9 \u00e0 la climatologie \u00e0 la suite de la temp\u00eate de 1999. D\u2019abord sensible aux th\u00e8ses du Giec (Groupe d\u2019experts intergouvernemental sur l\u2019\u00e9volution du climat), il s\u2019\u00e9tonne de l\u2019unanimisme qui r\u00e8gne dans un domaine d\u2019ordinaire habitu\u00e9 \u00e0 la prudence. Commence alors une d\u00e9marche d\u2019investigation qui aboutira en 2008 \u00e0 un premier livre, \u00e0 rebours des th\u00e8ses officielles, Et si la terre s\u2019en sortait toute seule ? Il r\u00e9cidive avec un nouvel ouvrage : En vert et contre tous.<\/span><\/p>\n<p align=\"justify\"><span style=\"font-size: small;\">Que diriez-vous sur le fait scientifique du r\u00e9chauffement climatique ? Que la Terre se r\u00e9chauffe constitue pour moi une petite p\u00e9rip\u00e9tie tout \u00e0 fait banale et anodine dans notre monde d\u2019aujourd\u2019hui et dans le monde du climat. Les al\u00e9as climatiques ont toujours exist\u00e9. L\u2019homme a sa part de responsabilit\u00e9, dans une proportion difficile \u00e0 \u00e9valuer, et au m\u00eame titre que le Soleil, les oc\u00e9ans, les a\u00e9rosols ou les nuages.<\/span><\/p>\n<p align=\"justify\"><span style=\"font-size: small;\">Avec autant d\u2019incertitudes sur sa responsabilit\u00e9 exacte, comment peuton en arriver \u00e0 pr\u00f4ner des mesures aussi autoritaires concernant notre changement de vie ? La Terre en a vu d\u2019autres, c\u2019est un organisme vivant et elle porte en elle les moyens de s\u2019en sortir. On ne r\u00e9p\u00e9tera jamais assez que les Vikings ont \u00e9lev\u00e9 du b\u00e9tail au Groenland, ou que les Anglais ont cultiv\u00e9 la vigne au Moyen \u00c2ge.<\/span><\/p>\n<p align=\"justify\"><span style=\"font-size: small;\">Vous pensez donc que si r\u00e9chauffement il y a, \u00e7a ne sera pas forc\u00e9ment catastrophique ? Si changement il y a, il va s\u2019\u00e9tablir avec beaucoup plus de lenteur qu\u2019on ne le dit \u2013 donc ce ne sera pas une catastrophe. En 2003, on nous pr\u00e9disait une canicule tous les trois ans ! En 1974, Ren\u00e9 Dumont nous annon\u00e7ait l\u2019apocalypse, affirmant qu\u2019il n\u2019y aurait plus d\u2019eau potable en l\u2019an 2000 ! Les \u00e9cologistes ont fait du bon travail en nous faisant prendre conscience de l\u2019importance du respect de l\u2019environnement. Mais ils ont aussi toujours eu tendance \u00e0 nous affoler parce que c\u2019est un moyen pour eux de prendre le pouvoir.Et ils prennent le pouvoir sur nos consciences et sur celles de nos enfants \u00e0 qui ils disent : \u201cRegardez ce que vos parents sont en train de faire \u00e0 la plan\u00e8te !\u201d Quand ils nous disent que, puisque l\u2019\u00e9quilibre de la plan\u00e8te n\u2019est pas respect\u00e9, on va devoir changer notre mode de vie, ils vont trop loin. L\u2019homme saura s\u2019adapter.<\/span><\/p><div class=\"1665f18d14f35dd9e7566e1a8ac9a3e9\" data-index=\"2\" style=\"float: none; margin:10px 0 10px 0; text-align:center;\">\n<script async src=\"https:\/\/pagead2.googlesyndication.com\/pagead\/js\/adsbygoogle.js\"><\/script>\r\n<ins class=\"adsbygoogle\"\r\n     style=\"display:block; text-align:center;\"\r\n     data-ad-layout=\"in-article\"\r\n     data-ad-format=\"fluid\"\r\n     data-ad-client=\"ca-pub-2860849627502538\"\r\n     data-ad-slot=\"3019501113\"><\/ins>\r\n<script>\r\n     (adsbygoogle = window.adsbygoogle || []).push({});\r\n<\/script>\n<\/div>\n\n<p align=\"justify\"><span style=\"font-size: small;\">Quel regard portez-vous sur les militants \u00e9cologistes et l\u2019\u00e9cologie politique ? Je les ai rencontr\u00e9s, notamment \u00e0 Copenhague, o\u00f9 j\u2019ai suivi les manifestations en marge du sommet. Ces militants ne veulent pas changer de soci\u00e9t\u00e9 pour \u201csauver la plan\u00e8te\u201d, ils veulent tuer le capitalisme. Je suis intimement convaincu que de nombreux anciens militants d\u2019extr\u00eame gauche ont infiltr\u00e9 les partis \u00e9cologistes, qu\u2019ils ont politis\u00e9s et radicalis\u00e9s. Ils sont contre le capitalisme, contre l\u2019h\u00e9g\u00e9monie am\u00e9ricaine. Par exemple dans le cas des OGM, je suis persuad\u00e9 que si \u00e7a n\u2019avait pas \u00e9t\u00e9 Monsanto, l\u2019opposition aurait \u00e9t\u00e9 moins forte. Au final ils ont exclu la France du champ de la recherche, qui se poursuit ailleurs que chez nous alors que nous \u00e9tions en pointe sur ces questions. C\u2019est scandaleux.<br \/>\nC\u2019est aussi le climat m\u00e9diatique ambiant qui a pouss\u00e9 les responsables \u00e0 inscrire le d\u00e9sastreux principe de pr\u00e9caution dans la Constitution. On retrouve cette motivation d\u2019ordre politique chez certains artistes comme Marion Cotillard, Luc Besson ou encore Leonardo DiCaprio, qui a adh\u00e9r\u00e9 aux th\u00e8ses \u00e9cologistes par opposition \u00e0 la politique de George Bush et son refus de ratifier le protocole de Kyoto.<\/span><\/p>\n<p align=\"justify\"><span style=\"font-size: small;\">Quel est votre regard sur les d\u00e9bats actuels concernant la taxe carbone ou les \u00e9oliennes ? Je suis contre les mesures \u00e0 l\u2019emporte-pi\u00e8ce d\u00e9cid\u00e9es dans l\u2019agitation m\u00e9diatique ou sous la pression des lobbies. La taxe carbone, pour la France seule, \u00e9tait une absurdit\u00e9, comme de vouloir limiter la vitesse \u00e0 110 kilom\u00e8tres-heure sur autoroute, qui nous fait \u00e9conomiser, en un an, le volume de gaz \u00e0 effet de serre que les Chinois lib\u00e8rent en un quart d\u2019heure ! De m\u00eame pour les \u00e9oliennes ; on nous dit que les Fran\u00e7ais sont pour mais seuls les citadins sont interrog\u00e9s ! Tant qu\u2019on ne saura pas convenablement stocker l\u2019\u00e9lectricit\u00e9, qu\u2019on nous fiche la paix avec les \u00e9oliennes ! Par ailleurs on oublie que les p\u00e9riodes de grand froid, o\u00f9 la demande \u00e9nerg\u00e9tique serait forte, correspondent souvent \u00e0 des conditions anticycloniques, avec absence de vent.<\/span><\/p>\n<p align=\"justify\"><span style=\"font-size: small;\">Ne pensez-vous pas qu\u2019il y a un probl\u00e8me de communication entre le monde scientifique et le monde politicom\u00e9diatique ? Le Giec est un organisme qui a \u00e9t\u00e9 fa\u00e7onn\u00e9 pour donner aux politiques les moyens d\u2019agir dans un domaine pr\u00e9cis qui est le r\u00e9chauffement climatique. Il a \u00e9t\u00e9 fait pour \u00e7a et le prix Nobel a renforc\u00e9 sa notori\u00e9t\u00e9. Ensuite, il y a les journalistes eux-m\u00eames : certains sont vraiment fautifs, parce qu\u2019ils connaissent le sujet mais veulent avant tout faire passer leurs id\u00e9es. Et puis il y a les autres, une immense majorit\u00e9, qui sont simplement suiveurs,qui n\u2019ont pas vraiment enqu\u00eat\u00e9. Mais ceux-l\u00e0 vont changer aussi vite dans un sens que dans l\u2019autre et sont d\u2019ailleurs en train de virer de bord. Propos recueillis par Fabrice Madouas et Micka\u00ebl Fonton<\/span><\/p>\n<p align=\"justify\"><span style=\"font-size: small;\">En vert et contre tous, de Laurent Cabrol, Le Cherche-Midi, coll. \u201cDocuments<\/span><br \/>\nsources : <a href=\"http:\/\/leblogdjetliberte.blog.tdg.ch\/\">http:\/\/leblogdjetliberte.blog.tdg.ch\/<\/a>\u00a0\/ <a href=\"http:\/\/blog-va.com\/\">http:\/\/blog-va.com\/<\/a><\/p>\n<p class=\"bawpvc-ajax-counter\" data-id=\"5412\">(310)<\/p>\n<!--CusAds0-->\n<div style=\"font-size: 0px; height: 0px; line-height: 0px; margin: 0; padding: 0; clear: both;\"><\/div>","protected":false},"excerpt":{"rendered":"<p>\u201cC\u2019est un moyen pour eux de prendre le pouvoir\u201d, explique le journaliste. Il d\u00e9fend une \u00e9cologie plus respectueuse de la&#8230;<\/p>\n","protected":false},"author":1,"featured_media":5413,"comment_status":"open","ping_status":"open","sticky":false,"template":"","format":"standard","meta":{"_exactmetrics_skip_tracking":false,"_exactmetrics_sitenote_active":false,"_exactmetrics_sitenote_note":"","_exactmetrics_sitenote_category":0,"ngg_post_thumbnail":0,"jetpack_post_was_ever_published":false,"_jetpack_newsletter_access":"","_jetpack_dont_email_post_to_subs":false,"_jetpack_newsletter_tier_id":0,"_jetpack_memberships_contains_paywalled_content":false,"_jetpack_memberships_contains_paid_content":false,"footnotes":"","jetpack_publicize_message":"","jetpack_publicize_feature_enabled":true,"jetpack_social_post_already_shared":false,"jetpack_social_options":{"image_generator_settings":{"template":"highway","default_image_id":0,"font":"","enabled":false},"version":2}},"categories":[27],"tags":[42,3907,365,172,130,1173,479,2430,169],"class_list":["post-5412","post","type-post","status-publish","format-standard","has-post-thumbnail","hentry","category-ecologie","tag-ecologie","tag-faire-peur","tag-giec","tag-laurent-cabrol","tag-monde","tag-organisme","tag-peur","tag-politique","tag-rechauffement-climatique","wpcat-27-id"],"jetpack_publicize_connections":[],"jetpack_featured_media_url":"https:\/\/i0.wp.com\/www.laterredufutur.com\/accueil\/wp-content\/uploads\/2015\/04\/ecologie.png?fit=250%2C160&ssl=1","jetpack_shortlink":"https:\/\/wp.me\/p631RN-1pi","jetpack-related-posts":[{"id":8477,"url":"https:\/\/www.laterredufutur.com\/accueil\/climat-investigation\/","url_meta":{"origin":5412,"position":0},"title":"Climat Investigation","author":"Admin","date":"2 octobre 2015","format":false,"excerpt":"Les dessous d'un scandale plan\u00e9taire - Le climat est aujourd'hui une guerre, une religion. Tout avis contraire sera \u00e9limin\u00e9. Quelle voix s \u00e9l\u00e8vera pour rompre le silence pour faire \u00e9clater la v\u00e9rit\u00e9, avant le sommet de Paris ? Il n'existe aujourd'hui plus de lien entre le climat et le discours\u2026","rel":"","context":"Dans &quot;Climat&quot;","block_context":{"text":"Climat","link":"https:\/\/www.laterredufutur.com\/accueil\/sujets\/climat\/"},"img":{"alt_text":"","src":"https:\/\/i0.wp.com\/www.laterredufutur.com\/accueil\/wp-content\/uploads\/2015\/10\/philippe-verdier.jpg?fit=1200%2C787&ssl=1&resize=350%2C200","width":350,"height":200,"srcset":"https:\/\/i0.wp.com\/www.laterredufutur.com\/accueil\/wp-content\/uploads\/2015\/10\/philippe-verdier.jpg?fit=1200%2C787&ssl=1&resize=350%2C200 1x, https:\/\/i0.wp.com\/www.laterredufutur.com\/accueil\/wp-content\/uploads\/2015\/10\/philippe-verdier.jpg?fit=1200%2C787&ssl=1&resize=525%2C300 1.5x, https:\/\/i0.wp.com\/www.laterredufutur.com\/accueil\/wp-content\/uploads\/2015\/10\/philippe-verdier.jpg?fit=1200%2C787&ssl=1&resize=700%2C400 2x, https:\/\/i0.wp.com\/www.laterredufutur.com\/accueil\/wp-content\/uploads\/2015\/10\/philippe-verdier.jpg?fit=1200%2C787&ssl=1&resize=1050%2C600 3x"},"classes":[]},{"id":5481,"url":"https:\/\/www.laterredufutur.com\/accueil\/polemiques-sur-le-changement-climatique\/","url_meta":{"origin":5412,"position":1},"title":"Pol\u00e9miques sur le changement climatique","author":"Admin","date":"4 ao\u00fbt 2010","format":false,"excerpt":"Depuis les premiers rapports du GIEC, des interrogations et des contestations ont \u00e9t\u00e9 formul\u00e9es par des scientifiques issus de diff\u00e9rents domaines (G\u00e9ologie, g\u00e9ographie, histoire, physique, astronomie, g\u00e9ophysique, biologie... qui, pour certains d'entre eux appartenaient au GIEC). Jusqu'\u00e0 ces derni\u00e8res ann\u00e9es, leurs propos n'ont pas ou peu \u00e9t\u00e9 relay\u00e9 par les\u2026","rel":"","context":"Dans &quot;Climat&quot;","block_context":{"text":"Climat","link":"https:\/\/www.laterredufutur.com\/accueil\/sujets\/climat\/"},"img":{"alt_text":"","src":"","width":0,"height":0},"classes":[]},{"id":13398,"url":"https:\/\/www.laterredufutur.com\/accueil\/la-tentation-totalitaire-de-lecologie\/","url_meta":{"origin":5412,"position":2},"title":"La tentation totalitaire de l&rsquo;\u00e9cologie","author":"Admin","date":"22 septembre 2016","format":false,"excerpt":"Pour lutter contre le changement climatique, le National Bureau of Economic Research (NBER) propose de transformer l'\u00e9conomie am\u00e9ricaine en \u00e9conomie de guerre.\u00a0Par Drieu Godefridi\u00a0Docteur en philosophie, juriste. Lorsqu\u2019en 2010 je publiais un modeste essai d\u2019\u00e9pist\u00e9mologie caract\u00e9risant le Giec \u2013 groupe d\u2019\u00e9tude de l\u2019ONU sur le climat \u2013 comme organisation politique,\u2026","rel":"","context":"Dans &quot;Ecologie&quot;","block_context":{"text":"Ecologie","link":"https:\/\/www.laterredufutur.com\/accueil\/sujets\/ecologie\/"},"img":{"alt_text":"","src":"https:\/\/i0.wp.com\/www.laterredufutur.com\/accueil\/wp-content\/uploads\/2016\/09\/big-brother.jpg?fit=800%2C533&ssl=1&resize=350%2C200","width":350,"height":200,"srcset":"https:\/\/i0.wp.com\/www.laterredufutur.com\/accueil\/wp-content\/uploads\/2016\/09\/big-brother.jpg?fit=800%2C533&ssl=1&resize=350%2C200 1x, https:\/\/i0.wp.com\/www.laterredufutur.com\/accueil\/wp-content\/uploads\/2016\/09\/big-brother.jpg?fit=800%2C533&ssl=1&resize=525%2C300 1.5x, https:\/\/i0.wp.com\/www.laterredufutur.com\/accueil\/wp-content\/uploads\/2016\/09\/big-brother.jpg?fit=800%2C533&ssl=1&resize=700%2C400 2x"},"classes":[]},{"id":758,"url":"https:\/\/www.laterredufutur.com\/accueil\/leffet-vahrenholt-refroidit-une-allemagne-de-plus-en-plus-sceptique\/","url_meta":{"origin":5412,"position":3},"title":"L&rsquo;effet Vahrenholt refroidit une Allemagne de plus en plus sceptique","author":"Admin","date":"12 f\u00e9vrier 2012","format":false,"excerpt":"Alerte rouge chez les z\u00e9lotes verts de la d\u00e9carbonisation: Le climat change ! Je ne parle pas ici des temp\u00e9ratures glaciales qui, cette ann\u00e9e, ont attendu f\u00e9vrier pour submerger l'Europe, mais du climat intellectuel et politique dans le pays berceau europ\u00e9en de l'\u00e9cologie politique, la verte et riante Allemagne. Rendez\u2026","rel":"","context":"Dans &quot;Climat&quot;","block_context":{"text":"Climat","link":"https:\/\/www.laterredufutur.com\/accueil\/sujets\/climat\/"},"img":{"alt_text":"","src":"https:\/\/i0.wp.com\/www.laterredufutur.com\/accueil\/wp-content\/uploads\/2012\/02\/fritz.jpg?fit=400%2C525&ssl=1&resize=350%2C200","width":350,"height":200},"classes":[]},{"id":1411,"url":"https:\/\/www.laterredufutur.com\/accueil\/fritz-vahrenholt-et-le-climat-une-seconde-opinion\/","url_meta":{"origin":5412,"position":4},"title":"Fritz Vahrenholt et le climat: une seconde opinion","author":"Admin","date":"28 mai 2013","format":false,"excerpt":"Qui connait Fritz Vahrenholt en France? Pas grand monde sans doute. Outre-Rhin par contre c\u2019est une quasi-c\u00e9l\u00e9brit\u00e9: scientifique, militant \u00e9cologiste de la premi\u00e8re heure, membre important du SPD ayant occup\u00e9 plusieurs fonctions li\u00e9es \u00e0 l\u2019environnent, et cela en parall\u00e8le avec une carri\u00e8re professionnelle qui l\u2019a men\u00e9 \u00e0 la t\u00eate de\u2026","rel":"","context":"Dans &quot;Climat&quot;","block_context":{"text":"Climat","link":"https:\/\/www.laterredufutur.com\/accueil\/sujets\/climat\/"},"img":{"alt_text":"","src":"","width":0,"height":0},"classes":[]},{"id":2520,"url":"https:\/\/www.laterredufutur.com\/accueil\/pourquoi-le-giec-doit-etre-demantele\/","url_meta":{"origin":5412,"position":5},"title":"Pourquoi le GIEC doit \u00eatre d\u00e9mantel\u00e9","author":"Admin","date":"24 mars 2015","format":false,"excerpt":"Sous couvert de science, le GIEC d\u00e9fend une id\u00e9ologie \u00e9cologiste plus que contestable Par Drieu Godefridi1. Sous couvert de science, le dernier rapport du GIEC (\u00ab AR5 \u00bb) diffuse la version la plus \u00e9chevel\u00e9e de l\u2019id\u00e9ologie \u00e9cologiste (d\u00e9croissance, \u00e9galitarisme, deep ecology). Le probl\u00e8me r\u00e9side dans la structure m\u00eame de l\u2019organisation\u2026","rel":"","context":"Dans &quot;Climat&quot;","block_context":{"text":"Climat","link":"https:\/\/www.laterredufutur.com\/accueil\/sujets\/climat\/"},"img":{"alt_text":"","src":"","width":0,"height":0},"classes":[]}],"jetpack_sharing_enabled":true,"_links":{"self":[{"href":"https:\/\/www.laterredufutur.com\/accueil\/wp-json\/wp\/v2\/posts\/5412","targetHints":{"allow":["GET"]}}],"collection":[{"href":"https:\/\/www.laterredufutur.com\/accueil\/wp-json\/wp\/v2\/posts"}],"about":[{"href":"https:\/\/www.laterredufutur.com\/accueil\/wp-json\/wp\/v2\/types\/post"}],"author":[{"embeddable":true,"href":"https:\/\/www.laterredufutur.com\/accueil\/wp-json\/wp\/v2\/users\/1"}],"replies":[{"embeddable":true,"href":"https:\/\/www.laterredufutur.com\/accueil\/wp-json\/wp\/v2\/comments?post=5412"}],"version-history":[{"count":1,"href":"https:\/\/www.laterredufutur.com\/accueil\/wp-json\/wp\/v2\/posts\/5412\/revisions"}],"predecessor-version":[{"id":5414,"href":"https:\/\/www.laterredufutur.com\/accueil\/wp-json\/wp\/v2\/posts\/5412\/revisions\/5414"}],"wp:featuredmedia":[{"embeddable":true,"href":"https:\/\/www.laterredufutur.com\/accueil\/wp-json\/wp\/v2\/media\/5413"}],"wp:attachment":[{"href":"https:\/\/www.laterredufutur.com\/accueil\/wp-json\/wp\/v2\/media?parent=5412"}],"wp:term":[{"taxonomy":"category","embeddable":true,"href":"https:\/\/www.laterredufutur.com\/accueil\/wp-json\/wp\/v2\/categories?post=5412"},{"taxonomy":"post_tag","embeddable":true,"href":"https:\/\/www.laterredufutur.com\/accueil\/wp-json\/wp\/v2\/tags?post=5412"}],"curies":[{"name":"wp","href":"https:\/\/api.w.org\/{rel}","templated":true}]}}