{"id":5276,"date":"2010-03-05T18:18:41","date_gmt":"2010-03-05T16:18:41","guid":{"rendered":"http:\/\/www.laterredufutur.com\/accueil\/?p=5276"},"modified":"2015-04-14T18:20:37","modified_gmt":"2015-04-14T16:20:37","slug":"la-norvege-va-tester-une-eolienne-offshore-de-10mw","status":"publish","type":"post","link":"https:\/\/www.laterredufutur.com\/accueil\/la-norvege-va-tester-une-eolienne-offshore-de-10mw\/","title":{"rendered":"La Norv\u00e8ge va tester une \u00e9olienne offshore de 10MW !"},"content":{"rendered":"<div class=\"1665f18d14f35dd9e7566e1a8ac9a3e9\" data-index=\"1\" style=\"float: none; margin:10px 0 10px 0; text-align:center;\">\n<script async src=\"https:\/\/pagead2.googlesyndication.com\/pagead\/js\/adsbygoogle.js\"><\/script>\r\n<ins class=\"adsbygoogle\"\r\n     style=\"display:block; text-align:center;\"\r\n     data-ad-layout=\"in-article\"\r\n     data-ad-format=\"fluid\"\r\n     data-ad-client=\"ca-pub-2860849627502538\"\r\n     data-ad-slot=\"3019501113\"><\/ins>\r\n<script>\r\n     (adsbygoogle = window.adsbygoogle || []).push({});\r\n<\/script>\n<\/div>\n<p align=\"justify\"><span style=\"font-size: small;\">La Norv\u00e8ge a annonc\u00e9 vendredi la construction prochaine de la plus puissante \u00e9olienne au monde dans l&rsquo;objectif d&rsquo;accro\u00eetre la rentabilit\u00e9 des fermes \u00e9oliennes offshore.<br \/>\nLe prototype d&rsquo;une puissance unitaire de 10 MW sera \u00e9quip\u00e9 d&rsquo;un rotor de 145 m de diam\u00e8tre, soit environ 3 fois celle des \u00e9oliennes mises en service aujourd&rsquo;hui, a pr\u00e9cis\u00e9 Enova, l&rsquo;agence du minist\u00e8re norv\u00e9gien de l&rsquo;Energie charg\u00e9e de promouvoir les \u00e9nergies propres.<\/span><\/p>\n<p align=\"justify\"><span style=\"font-size: small;\">Le projet financ\u00e9 \u00e0 hauteur de 137 millions de couronnes (17 millions d&rsquo;euros) sera pris en charge par la soci\u00e9t\u00e9 norv\u00e9gienne Sway. Le prototype sera assembl\u00e9 \u00e0 terre \u00e0 Oeygarden dans le sud-ouest de la Norv\u00e8ge, et test\u00e9 au cours des deux prochaines ann\u00e9es. Sway a d\u00e9velopp\u00e9 un nouveau concept d&rsquo;\u00e9olienne flottante permettant de r\u00e9duire le poids des turbines et le nombre de pi\u00e8ces mobiles.<\/span><\/p>\n<p align=\"justify\"><span style=\"font-size: small;\">L&rsquo;\u00e9olienne, d&rsquo;une hauteur totale de 162,5 m, pourrait fournir de l&rsquo;\u00e9lectricit\u00e9 \u00e0 2000 m\u00e9nages et co\u00fbterait 400 millions de couronnes (50 millions d&rsquo;euros), selon l&rsquo;agence norv\u00e9gienne NTB.<\/span><\/p><div class=\"1665f18d14f35dd9e7566e1a8ac9a3e9\" data-index=\"2\" style=\"float: none; margin:10px 0 10px 0; text-align:center;\">\n<script async src=\"https:\/\/pagead2.googlesyndication.com\/pagead\/js\/adsbygoogle.js\"><\/script>\r\n<ins class=\"adsbygoogle\"\r\n     style=\"display:block; text-align:center;\"\r\n     data-ad-layout=\"in-article\"\r\n     data-ad-format=\"fluid\"\r\n     data-ad-client=\"ca-pub-2860849627502538\"\r\n     data-ad-slot=\"3019501113\"><\/ins>\r\n<script>\r\n     (adsbygoogle = window.adsbygoogle || []).push({});\r\n<\/script>\n<\/div>\n\n<p align=\"justify\"><span style=\"font-size: small;\">\u00ab\u00a0Il existe de nombreuses solutions ing\u00e9nieuses pour exploiter le potentiel des \u00e9nergies renouvelables le long et au large des c\u00f4tes\u00a0\u00bb a d\u00e9clar\u00e9 Nils Kristian Nakstad, directeur chez Enova. \u00ab\u00a0L&rsquo;objectif du programme est de d\u00e9montrer et d&rsquo;introduire des solutions \u00e9nerg\u00e9tiques innovantes sur le march\u00e9, \u00e0 travers des projets qui aident \u00e0 qualifier la technologie en termes de performance \u00e9nerg\u00e9tique et d&rsquo;int\u00e9gration op\u00e9rationnelle.\u00a0\u00bb<\/span><\/p>\n<p align=\"justify\"><span style=\"font-size: small;\">Cette avanc\u00e9e devrait att\u00e9nuer les critiques des ONG environnementales qui d\u00e9noncent l&rsquo;insuffisance du pays en mati\u00e8re d&rsquo;\u00e9nergie \u00e9olienne.<\/span><\/p>\n<p align=\"justify\"><span style=\"font-size: small;\">source : <a href=\"http:\/\/www.enerzine.com\/\">http:\/\/www.enerzine.com\/<\/a><\/span><\/p>\n<p align=\"center\"><img data-recalc-dims=\"1\" decoding=\"async\" src=\"https:\/\/i0.wp.com\/www.laterredufutur.com\/spaw\/images\/eolienne-flottante.jpg\" alt=\"\" \/><\/p>\n<p class=\"bawpvc-ajax-counter\" data-id=\"5276\">(274)<\/p>\n<!--CusAds0-->\n<div style=\"font-size: 0px; height: 0px; line-height: 0px; margin: 0; padding: 0; clear: both;\"><\/div>","protected":false},"excerpt":{"rendered":"<p>La Norv\u00e8ge a annonc\u00e9 vendredi la construction prochaine de la plus puissante \u00e9olienne au monde dans l&rsquo;objectif d&rsquo;accro\u00eetre la rentabilit\u00e9&#8230;<\/p>\n","protected":false},"author":1,"featured_media":5277,"comment_status":"open","ping_status":"open","sticky":false,"template":"","format":"standard","meta":{"_exactmetrics_skip_tracking":false,"_exactmetrics_sitenote_active":false,"_exactmetrics_sitenote_note":"","_exactmetrics_sitenote_category":0,"ngg_post_thumbnail":0,"jetpack_post_was_ever_published":false,"_jetpack_newsletter_access":"","_jetpack_dont_email_post_to_subs":false,"_jetpack_newsletter_tier_id":0,"_jetpack_memberships_contains_paywalled_content":false,"_jetpack_memberships_contains_paid_content":false,"footnotes":"","jetpack_publicize_message":"","jetpack_publicize_feature_enabled":true,"jetpack_social_post_already_shared":false,"jetpack_social_options":{"image_generator_settings":{"template":"highway","default_image_id":0,"font":"","enabled":false},"version":2}},"categories":[26],"tags":[1168,3853,139,965,1934,1357],"class_list":["post-5276","post","type-post","status-publish","format-standard","has-post-thumbnail","hentry","category-solutions","tag-avancee","tag-energie-eolienne","tag-eolienne","tag-flottante","tag-norvege","tag-ong","wpcat-26-id"],"jetpack_publicize_connections":[],"jetpack_featured_media_url":"https:\/\/i0.wp.com\/www.laterredufutur.com\/accueil\/wp-content\/uploads\/2015\/04\/eolienne-flottante.jpg?fit=200%2C200&ssl=1","jetpack_shortlink":"https:\/\/wp.me\/p631RN-1n6","jetpack-related-posts":[{"id":5030,"url":"https:\/\/www.laterredufutur.com\/accueil\/la-premiere-grande-eolienne-flottante-est-en-service\/","url_meta":{"origin":5276,"position":0},"title":"La premi\u00e8re grande \u00e9olienne flottante est en service","author":"Admin","date":"23 septembre 2009","format":false,"excerpt":"La premi\u00e8re \u00e9olienne flottante de grande envergure a \u00e9t\u00e9 inaugur\u00e9e mardi en mer du Nord au large de la Norv\u00e8ge, un concept qui permet d'\u00e9liminer les nuisances traditionnellement associ\u00e9es \u00e0 cette forme d'\u00e9nergie. Des \u00e9oliennes offshore statiques -reposant sur un support fix\u00e9 aux fonds marins \u00e0 quelques dizaines de m\u00e8tres\u2026","rel":"","context":"Dans &quot;Solutions&quot;","block_context":{"text":"Solutions","link":"https:\/\/www.laterredufutur.com\/accueil\/sujets\/solutions\/"},"img":{"alt_text":"","src":"https:\/\/i0.wp.com\/www.laterredufutur.com\/accueil\/wp-content\/uploads\/2015\/04\/eoliennes.jpg?fit=435%2C290&ssl=1&resize=350%2C200","width":350,"height":200},"classes":[]},{"id":24345,"url":"https:\/\/www.laterredufutur.com\/accueil\/les-turbines-flottantes-rotatives-promettent-une-echelle-et-une-puissance-sans-precedent\/","url_meta":{"origin":5276,"position":1},"title":"Les turbines flottantes rotatives promettent une \u00e9chelle et une puissance sans pr\u00e9c\u00e9dent","author":"Admin","date":"30 ao\u00fbt 2022","format":false,"excerpt":"La soci\u00e9t\u00e9 norv\u00e9gienne World Wide Wind propose une approche radicalement diff\u00e9rente de l'\u00e9nergie \u00e9olienne en mer. Ces \u00e9oliennes flottantes \u00e0 axe vertical (VAWT) comportent deux jeux de pales, r\u00e9gl\u00e9es pour tourner en sens inverse, et promettent de doubler la production des plus grandes turbines actuelles. L'implantation de parcs \u00e9oliens au\u2026","rel":"","context":"Dans &quot;Solutions&quot;","block_context":{"text":"Solutions","link":"https:\/\/www.laterredufutur.com\/accueil\/sujets\/solutions\/"},"img":{"alt_text":"","src":"https:\/\/i0.wp.com\/www.laterredufutur.com\/accueil\/wp-content\/uploads\/2022\/08\/eolienne-mer-du-nord-1.jpg?fit=1024%2C1024&ssl=1&resize=350%2C200","width":350,"height":200,"srcset":"https:\/\/i0.wp.com\/www.laterredufutur.com\/accueil\/wp-content\/uploads\/2022\/08\/eolienne-mer-du-nord-1.jpg?fit=1024%2C1024&ssl=1&resize=350%2C200 1x, https:\/\/i0.wp.com\/www.laterredufutur.com\/accueil\/wp-content\/uploads\/2022\/08\/eolienne-mer-du-nord-1.jpg?fit=1024%2C1024&ssl=1&resize=525%2C300 1.5x, https:\/\/i0.wp.com\/www.laterredufutur.com\/accueil\/wp-content\/uploads\/2022\/08\/eolienne-mer-du-nord-1.jpg?fit=1024%2C1024&ssl=1&resize=700%2C400 2x"},"classes":[]},{"id":1800,"url":"https:\/\/www.laterredufutur.com\/accueil\/eoliennes-volantes-lavenir-de-lenergie-est-dans-le-ciel\/","url_meta":{"origin":5276,"position":2},"title":"Eoliennes volantes : l\u2019avenir de l\u2019\u00e9nergie est dans le ciel !","author":"Admin","date":"9 f\u00e9vrier 2014","format":false,"excerpt":"Lien transmis par Milou - Plus performantes et moins co\u00fbteuses que leurs grandes s\u0153urs terrestres, les \u00e9oliennes volantes repr\u00e9sentent l\u2019avenir de l\u2019\u00e9nergie. Hiss\u00e9es \u00e0 l\u2019aide d\u2019un c\u00e2ble \u00e0 des altitudes oscillant entre 400 et 10.000 m, ces prototypes peuvent g\u00e9n\u00e9rer des quantit\u00e9s d\u2019\u00e9lectricit\u00e9 ph\u00e9nom\u00e9nales. D\u00e9velopp\u00e9e \u00e0 grande \u00e9chelle, cette technologie\u2026","rel":"","context":"Dans &quot;Solutions&quot;","block_context":{"text":"Solutions","link":"https:\/\/www.laterredufutur.com\/accueil\/sujets\/solutions\/"},"img":{"alt_text":"","src":"https:\/\/i0.wp.com\/www.laterredufutur.com\/accueil\/wp-content\/uploads\/2014\/02\/eolienne-volante1.jpg?fit=239%2C211&ssl=1&resize=350%2C200","width":350,"height":200},"classes":[]},{"id":14912,"url":"https:\/\/www.laterredufutur.com\/accueil\/cette-ile-artificielle-pourrait-fournir-de-lelectricite-a-80-millions-deuropeens\/","url_meta":{"origin":5276,"position":3},"title":"Cette \u00eele artificielle pourrait fournir de l&rsquo;\u00e9lectricit\u00e9 \u00e0 80 millions d&rsquo;Europ\u00e9ens","author":"Admin","date":"24 mars 2017","format":false,"excerpt":"Une nouvelle \u00eele de 6,5 km\u00b2 pourrait voir le jour en mer du Nord d'ici 2050. \u00c9quip\u00e9e de turbines, de panneaux solaires et entour\u00e9e d'\u00e9oliennes, cette immense centrale offshore serait en mesure de fournir de l'\u00e9lectricit\u00e9 \u00e0 1 Europ\u00e9en sur 6. Voil\u00e0 peut-\u00eatre l'avenir des centrales \u00e9lectriques. Imaginez une \u00eele\u2026","rel":"","context":"Dans &quot;Solutions&quot;","block_context":{"text":"Solutions","link":"https:\/\/www.laterredufutur.com\/accueil\/sujets\/solutions\/"},"img":{"alt_text":"","src":"https:\/\/i0.wp.com\/www.laterredufutur.com\/accueil\/wp-content\/uploads\/2017\/03\/ile-energie-mer-du-nord.png?fit=1000%2C562&ssl=1&resize=350%2C200","width":350,"height":200,"srcset":"https:\/\/i0.wp.com\/www.laterredufutur.com\/accueil\/wp-content\/uploads\/2017\/03\/ile-energie-mer-du-nord.png?fit=1000%2C562&ssl=1&resize=350%2C200 1x, https:\/\/i0.wp.com\/www.laterredufutur.com\/accueil\/wp-content\/uploads\/2017\/03\/ile-energie-mer-du-nord.png?fit=1000%2C562&ssl=1&resize=525%2C300 1.5x, https:\/\/i0.wp.com\/www.laterredufutur.com\/accueil\/wp-content\/uploads\/2017\/03\/ile-energie-mer-du-nord.png?fit=1000%2C562&ssl=1&resize=700%2C400 2x"},"classes":[]},{"id":13482,"url":"https:\/\/www.laterredufutur.com\/accueil\/un-seul-typhon-suffirait-a-cette-eolienne-pour-fournir-50-ans-delectricite-au-japon\/","url_meta":{"origin":5276,"position":4},"title":"Un seul typhon suffirait \u00e0 cette \u00e9olienne pour fournir 50 ans d\u2019\u00e9lectricit\u00e9 au Japon","author":"Admin","date":"9 octobre 2016","format":false,"excerpt":"Les typhons sont g\u00e9n\u00e9ralement synonymes de destruction environnementale et humaine. Un ing\u00e9nieur japonais a d\u00e9cid\u00e9 de changer la donne et d\u2019utiliser leur puissance pour produire de l\u2019\u00e9nergie gr\u00e2ce \u00e0 cette nouvelle \u00e9olienne. Depuis la catastrophe de Fukushima survenue en 2011, le Japon fait face \u00e0 une p\u00e9nurie d\u2019\u00e9nergie. Pour y\u2026","rel":"","context":"Dans &quot;Solutions&quot;","block_context":{"text":"Solutions","link":"https:\/\/www.laterredufutur.com\/accueil\/sujets\/solutions\/"},"img":{"alt_text":"","src":"https:\/\/i0.wp.com\/www.laterredufutur.com\/accueil\/wp-content\/uploads\/2016\/10\/turbine-typhon.jpg?fit=1024%2C415&ssl=1&resize=350%2C200","width":350,"height":200,"srcset":"https:\/\/i0.wp.com\/www.laterredufutur.com\/accueil\/wp-content\/uploads\/2016\/10\/turbine-typhon.jpg?fit=1024%2C415&ssl=1&resize=350%2C200 1x, https:\/\/i0.wp.com\/www.laterredufutur.com\/accueil\/wp-content\/uploads\/2016\/10\/turbine-typhon.jpg?fit=1024%2C415&ssl=1&resize=525%2C300 1.5x, https:\/\/i0.wp.com\/www.laterredufutur.com\/accueil\/wp-content\/uploads\/2016\/10\/turbine-typhon.jpg?fit=1024%2C415&ssl=1&resize=700%2C400 2x"},"classes":[]},{"id":812,"url":"https:\/\/www.laterredufutur.com\/accueil\/les-eoliennes-volantes\/","url_meta":{"origin":5276,"position":5},"title":"Les Eoliennes Volantes","author":"Admin","date":"18 mars 2012","format":false,"excerpt":"Installer une \u00e9olienne n\u2019est pas toujours \u00e9vident. Il faut d\u2019abord s\u2019assurer d\u2019une certaine continuit\u00e9 et intensit\u00e9 du vent pour que l\u2019installation soit productive. Les anti-\u00e9olien avancent \u00e9galement l\u2019argument de la pollution visuelle. Bref, pas facile de passer \u00e0 l\u2019\u00e9nergie verte\u2026 Plusieurs soci\u00e9t\u00e9s californiennes envisagent d\u2019aller chercher le vent o\u00f9 il\u2026","rel":"","context":"Dans &quot;Solutions&quot;","block_context":{"text":"Solutions","link":"https:\/\/www.laterredufutur.com\/accueil\/sujets\/solutions\/"},"img":{"alt_text":"","src":"","width":0,"height":0},"classes":[]}],"jetpack_sharing_enabled":true,"_links":{"self":[{"href":"https:\/\/www.laterredufutur.com\/accueil\/wp-json\/wp\/v2\/posts\/5276","targetHints":{"allow":["GET"]}}],"collection":[{"href":"https:\/\/www.laterredufutur.com\/accueil\/wp-json\/wp\/v2\/posts"}],"about":[{"href":"https:\/\/www.laterredufutur.com\/accueil\/wp-json\/wp\/v2\/types\/post"}],"author":[{"embeddable":true,"href":"https:\/\/www.laterredufutur.com\/accueil\/wp-json\/wp\/v2\/users\/1"}],"replies":[{"embeddable":true,"href":"https:\/\/www.laterredufutur.com\/accueil\/wp-json\/wp\/v2\/comments?post=5276"}],"version-history":[{"count":1,"href":"https:\/\/www.laterredufutur.com\/accueil\/wp-json\/wp\/v2\/posts\/5276\/revisions"}],"predecessor-version":[{"id":5278,"href":"https:\/\/www.laterredufutur.com\/accueil\/wp-json\/wp\/v2\/posts\/5276\/revisions\/5278"}],"wp:featuredmedia":[{"embeddable":true,"href":"https:\/\/www.laterredufutur.com\/accueil\/wp-json\/wp\/v2\/media\/5277"}],"wp:attachment":[{"href":"https:\/\/www.laterredufutur.com\/accueil\/wp-json\/wp\/v2\/media?parent=5276"}],"wp:term":[{"taxonomy":"category","embeddable":true,"href":"https:\/\/www.laterredufutur.com\/accueil\/wp-json\/wp\/v2\/categories?post=5276"},{"taxonomy":"post_tag","embeddable":true,"href":"https:\/\/www.laterredufutur.com\/accueil\/wp-json\/wp\/v2\/tags?post=5276"}],"curies":[{"name":"wp","href":"https:\/\/api.w.org\/{rel}","templated":true}]}}