{"id":5213,"date":"2010-01-21T16:58:36","date_gmt":"2010-01-21T14:58:36","guid":{"rendered":"http:\/\/www.laterredufutur.com\/accueil1\/?p=5213"},"modified":"2015-04-14T17:00:00","modified_gmt":"2015-04-14T15:00:00","slug":"chutes-de-neige-inhabituelles-en-plein-ete-sur-laustralie","status":"publish","type":"post","link":"https:\/\/www.laterredufutur.com\/accueil\/chutes-de-neige-inhabituelles-en-plein-ete-sur-laustralie\/","title":{"rendered":"Chutes de neige inhabituelles en plein \u00e9t\u00e9 sur l&rsquo;Australie"},"content":{"rendered":"<div class=\"1665f18d14f35dd9e7566e1a8ac9a3e9\" data-index=\"1\" style=\"float: none; margin:10px 0 10px 0; text-align:center;\">\n<script async src=\"https:\/\/pagead2.googlesyndication.com\/pagead\/js\/adsbygoogle.js\"><\/script>\r\n<ins class=\"adsbygoogle\"\r\n     style=\"display:block; text-align:center;\"\r\n     data-ad-layout=\"in-article\"\r\n     data-ad-format=\"fluid\"\r\n     data-ad-client=\"ca-pub-2860849627502538\"\r\n     data-ad-slot=\"3019501113\"><\/ins>\r\n<script>\r\n     (adsbygoogle = window.adsbygoogle || []).push({});\r\n<\/script>\n<\/div>\n<p align=\"justify\"><span style=\"font-size: small;\">Alors que l\u2019\u00e9t\u00e9 austral r\u00e8gne actuellement sur l\u2019Australie, des chutes de neige se sont produites dans les Alpes Australiennes ( partie m\u00e9ridionale de la cordill\u00e8re australienne), Sud-Est de l\u2019Australie.<\/span><\/p>\n<p align=\"justify\"><span style=\"font-size: small;\">C\u2019est un front froid qui a fait chuter les temp\u00e9ratures et g\u00e9n\u00e9r\u00e9 ces chutes de neige d\u00e8s 900 m d\u2019altitude sur le sud de l\u2019\u00e9tat de la Nouvelle Galles du Sud et l\u2019\u00e9tat de Victoria, avec une temp\u00e9rature de 2 \u00e0 4\u00b0C \u00e0 850 hPa.<\/span><\/p>\n<p align=\"justify\"><span style=\"font-size: small;\">Il y a une semaine, on nous parlait que le r\u00e9chauffement climatique y \u00e9tait bien pr\u00e9sent en Australie et sur la M\u00e9t\u00e9o de TF1, aujourd&rsquo;hui il neige en plein \u00e9t\u00e9 austral&#8230;<\/span><\/p><div class=\"1665f18d14f35dd9e7566e1a8ac9a3e9\" data-index=\"2\" style=\"float: none; margin:10px 0 10px 0; text-align:center;\">\n<script async src=\"https:\/\/pagead2.googlesyndication.com\/pagead\/js\/adsbygoogle.js\"><\/script>\r\n<ins class=\"adsbygoogle\"\r\n     style=\"display:block; text-align:center;\"\r\n     data-ad-layout=\"in-article\"\r\n     data-ad-format=\"fluid\"\r\n     data-ad-client=\"ca-pub-2860849627502538\"\r\n     data-ad-slot=\"3019501113\"><\/ins>\r\n<script>\r\n     (adsbygoogle = window.adsbygoogle || []).push({});\r\n<\/script>\n<\/div>\n\n<p align=\"justify\"><span style=\"font-size: small;\">La station m\u00e9t\u00e9orologique de Bombala a enregistr\u00e9 ces premi\u00e8res chutes de neige depuis le d\u00e9but des relev\u00e9s en 1965, et celle de Cooma depuis le d\u00e9but des relev\u00e9s en 1973.<\/span><\/p>\n<p align=\"justify\"><span style=\"font-size: small;\">Un m\u00e9t\u00e9orologiste indique que des chutes de neige \u00e0 une altitude aussi basse sont inhabituelles en cette saison, m\u00eame s\u2019il est vrai que l\u2019on enregistre parfois des chutes de neige m\u00eame en f\u00e9vrier, mais \u00e0 plus haute altitude.<\/span><\/p>\n<p align=\"justify\"><span style=\"font-size: small;\">La diff\u00e9rence de temp\u00e9ratures en une semaine est surprenante.<br \/>\nOn est pass\u00e9 de 45\u00b0C la semaine derni\u00e8re dans ces endroits du sud-est du pays, et maintenant il neige, certes il ne s\u2019agit qu\u2019un d\u2019un l\u00e9ger saupoudrage, mais il neige !<\/span><\/p>\n<p align=\"justify\"><span style=\"font-size: small;\">source : <a href=\"http:\/\/www.meteo-world.com\/\">http:\/\/www.meteo-world.com\/<\/a><\/span><\/p>\n<p class=\"bawpvc-ajax-counter\" data-id=\"5213\">(357)<\/p>\n<!--CusAds0-->\n<div style=\"font-size: 0px; height: 0px; line-height: 0px; margin: 0; padding: 0; clear: both;\"><\/div>","protected":false},"excerpt":{"rendered":"<p>Alors que l\u2019\u00e9t\u00e9 austral r\u00e8gne actuellement sur l\u2019Australie, des chutes de neige se sont produites dans les Alpes Australiennes (&#8230;<\/p>\n","protected":false},"author":1,"featured_media":5214,"comment_status":"open","ping_status":"open","sticky":false,"template":"","format":"standard","meta":{"_exactmetrics_skip_tracking":false,"_exactmetrics_sitenote_active":false,"_exactmetrics_sitenote_note":"","_exactmetrics_sitenote_category":0,"ngg_post_thumbnail":0,"jetpack_post_was_ever_published":false,"_jetpack_newsletter_access":"","_jetpack_dont_email_post_to_subs":false,"_jetpack_newsletter_tier_id":0,"_jetpack_memberships_contains_paywalled_content":false,"_jetpack_memberships_contains_paid_content":false,"footnotes":"","jetpack_publicize_message":"","jetpack_publicize_feature_enabled":true,"jetpack_social_post_already_shared":false,"jetpack_social_options":{"image_generator_settings":{"template":"highway","default_image_id":0,"font":"","enabled":false},"version":2}},"categories":[32],"tags":[221,3815,1972,153,3812,55,47],"class_list":["post-5213","post","type-post","status-publish","format-standard","has-post-thumbnail","hentry","category-meteorologie","tag-australie","tag-chute-de-neige","tag-exceptionnelles","tag-froid","tag-janvier-2010","tag-meteo","tag-neige","wpcat-32-id"],"jetpack_publicize_connections":[],"jetpack_featured_media_url":"https:\/\/i0.wp.com\/www.laterredufutur.com\/accueil\/wp-content\/uploads\/2015\/04\/australie-190110.jpg?fit=640%2C480&ssl=1","jetpack_shortlink":"https:\/\/wp.me\/p631RN-1m5","jetpack-related-posts":[{"id":7733,"url":"https:\/\/www.laterredufutur.com\/accueil\/chutes-de-neige-dans-le-sud-est-de-laustralie-un-phenomene-rare-dans-le-queensland\/","url_meta":{"origin":5213,"position":0},"title":"Chutes de neige dans le sud-est de l&rsquo;Australie, un ph\u00e9nom\u00e8ne rare dans le Queensland","author":"Admin","date":"23 juillet 2015","format":false,"excerpt":"Alors que le sud de l'Europe souffre de la chaleur, de l'autre c\u00f4t\u00e9 du Monde c'est le froid qui r\u00e8gne en maitre. C'est un hiver particuli\u00e8rement rigoureux qui affecte l'h\u00e9misph\u00e8re Sud. Apr\u00e8s les fortes chutes de neige qui ont touch\u00e9 la Nouvelle-Z\u00e9lande, le Week-end du 12 juillet 2015, c'est la\u2026","rel":"","context":"Dans &quot;M\u00e9t\u00e9orologie&quot;","block_context":{"text":"M\u00e9t\u00e9orologie","link":"https:\/\/www.laterredufutur.com\/accueil\/sujets\/meteorologie\/"},"img":{"alt_text":"","src":"https:\/\/i0.wp.com\/www.laterredufutur.com\/accueil\/wp-content\/uploads\/2015\/07\/australie-2015.jpg?fit=440%2C278&ssl=1&resize=350%2C200","width":350,"height":200},"classes":[]},{"id":22842,"url":"https:\/\/www.laterredufutur.com\/accueil\/lair-polaire-glacial-apporte-de-tres-rares-chutes-de-neige-et-des-pluies-glacees-dans-le-sud-du-bresil\/","url_meta":{"origin":5213,"position":1},"title":"L&rsquo;air polaire glacial apporte de tr\u00e8s rares chutes de neige et des pluies glac\u00e9es dans le sud du Br\u00e9sil","author":"Admin","date":"31 juillet 2021","format":false,"excerpt":"Une vague de froid intense a apport\u00e9 de la neige rarissime, des pluies glac\u00e9es et des vents violents dans certaines parties du sud du Br\u00e9sil les 29 et 30 juillet 2021. Cet \u00e9v\u00e9nement survient apr\u00e8s plusieurs vagues de gel destructeur depuis la mi-juin. Selon les m\u00e9t\u00e9orologues de Somar Meteorologia, au\u2026","rel":"","context":"Dans &quot;M\u00e9t\u00e9orologie&quot;","block_context":{"text":"M\u00e9t\u00e9orologie","link":"https:\/\/www.laterredufutur.com\/accueil\/sujets\/meteorologie\/"},"img":{"alt_text":"","src":"https:\/\/i0.wp.com\/www.laterredufutur.com\/accueil\/wp-content\/uploads\/2021\/07\/july-29-2021-gfs.jpg?fit=1000%2C371&ssl=1&resize=350%2C200","width":350,"height":200,"srcset":"https:\/\/i0.wp.com\/www.laterredufutur.com\/accueil\/wp-content\/uploads\/2021\/07\/july-29-2021-gfs.jpg?fit=1000%2C371&ssl=1&resize=350%2C200 1x, https:\/\/i0.wp.com\/www.laterredufutur.com\/accueil\/wp-content\/uploads\/2021\/07\/july-29-2021-gfs.jpg?fit=1000%2C371&ssl=1&resize=525%2C300 1.5x, https:\/\/i0.wp.com\/www.laterredufutur.com\/accueil\/wp-content\/uploads\/2021\/07\/july-29-2021-gfs.jpg?fit=1000%2C371&ssl=1&resize=700%2C400 2x"},"classes":[]},{"id":4063,"url":"https:\/\/www.laterredufutur.com\/accueil\/il-neige-a-buenos-aires\/","url_meta":{"origin":5213,"position":2},"title":"Il neige \u00e0 Buenos Aires !","author":"Admin","date":"10 juillet 2007","format":false,"excerpt":"C'est l'hiver, l\u00e0-bas, mais tout de m\u00eame. Il n'avait pas neig\u00e9 dans la capitale argentine depuis 1918. Pourtant, de la neige fondue est tomb\u00e9e pendant deux heures, lundi, sans tenir au sol. Buenos Aires n'avait pas connu de v\u00e9ritables chutes de neige, depuis le 22 juin 1918. Ces chutes de\u2026","rel":"","context":"Dans &quot;M\u00e9t\u00e9orologie&quot;","block_context":{"text":"M\u00e9t\u00e9orologie","link":"https:\/\/www.laterredufutur.com\/accueil\/sujets\/meteorologie\/"},"img":{"alt_text":"","src":"https:\/\/i0.wp.com\/laterredufutur.com\/spaw\/images\/buenos-aires-choc.jpg?resize=350%2C200","width":350,"height":200},"classes":[]},{"id":5619,"url":"https:\/\/www.laterredufutur.com\/accueil\/usa-le-blizzard-frappe-le-midwest\/","url_meta":{"origin":5213,"position":3},"title":"USA: le blizzard frappe le Midwest","author":"Admin","date":"15 d\u00e9cembre 2010","format":false,"excerpt":"Une forte temp\u00eate qui a frapp\u00e9 plusieurs Etats du Midwest am\u00e9ricain progressait vers la c\u00f4te est samedi, provoquant les fermetures de plusieurs a\u00e9roports et axes routiers importants, perturbant ainsi les d\u00e9placements sur pr\u00e8s de la moiti\u00e9 des Etats-Unis. Des alertes \u00e0 la temp\u00eate de neige ont \u00e9t\u00e9 lanc\u00e9es dans l'Illinois,\u2026","rel":"","context":"Dans &quot;M\u00e9t\u00e9orologie&quot;","block_context":{"text":"M\u00e9t\u00e9orologie","link":"https:\/\/www.laterredufutur.com\/accueil\/sujets\/meteorologie\/"},"img":{"alt_text":"","src":"https:\/\/i0.wp.com\/www.laterredufutur.com\/accueil\/wp-content\/uploads\/2015\/04\/usa2010.jpg?fit=440%2C278&ssl=1&resize=350%2C200","width":350,"height":200},"classes":[]},{"id":5184,"url":"https:\/\/www.laterredufutur.com\/accueil\/la-chine-frappee-de-plein-fouet-par-une-puissante-vague-de-froid\/","url_meta":{"origin":5213,"position":4},"title":"La Chine frapp\u00e9e de plein fouet par une puissante vague de froid","author":"Admin","date":"6 janvier 2010","format":false,"excerpt":"Depuis l'entr\u00e9e dans la nouvelle ann\u00e9e, de puissants courants d'air froid ont frapp\u00e9 de plein fouet, du nord au sud, la plupart des r\u00e9gions chinoises. Les instances gouvernementales ont pris des mesures pour garantir l'ordre de la soci\u00e9t\u00e9, en termes de vie et de production. Dans la nuit du 2\u2026","rel":"","context":"Dans &quot;M\u00e9t\u00e9orologie&quot;","block_context":{"text":"M\u00e9t\u00e9orologie","link":"https:\/\/www.laterredufutur.com\/accueil\/sujets\/meteorologie\/"},"img":{"alt_text":"","src":"https:\/\/i0.wp.com\/www.laterredufutur.com\/accueil\/wp-content\/uploads\/2015\/04\/china-040110.jpg?fit=640%2C435&ssl=1&resize=350%2C200","width":350,"height":200,"srcset":"https:\/\/i0.wp.com\/www.laterredufutur.com\/accueil\/wp-content\/uploads\/2015\/04\/china-040110.jpg?fit=640%2C435&ssl=1&resize=350%2C200 1x, https:\/\/i0.wp.com\/www.laterredufutur.com\/accueil\/wp-content\/uploads\/2015\/04\/china-040110.jpg?fit=640%2C435&ssl=1&resize=525%2C300 1.5x"},"classes":[]},{"id":4697,"url":"https:\/\/www.laterredufutur.com\/accueil\/vagues-de-froid-sur-lhemisphere-nord\/","url_meta":{"origin":5213,"position":5},"title":"Vagues de Froid sur l&rsquo;H\u00e9misph\u00e8re Nord","author":"Admin","date":"11 d\u00e9cembre 2008","format":false,"excerpt":"De la Sib\u00e9rie \u00e0 la Chine, de l'Islande \u00e0 l'Afrique du Nord, du Groenland au Middle West, les vagues de froid semblent avoir envahi une grande partie de l'H\u00e9misph\u00e8re Nord. Ci contre, la situation m\u00e9t\u00e9orologique actuelle qui ne laisse aucun doute sur les vagues de froid actuelles... Ci apr\u00e8s les\u2026","rel":"","context":"Dans &quot;Ev\u00e8nement Brutal&quot;","block_context":{"text":"Ev\u00e8nement Brutal","link":"https:\/\/www.laterredufutur.com\/accueil\/sujets\/evenement-brutal\/"},"img":{"alt_text":"","src":"https:\/\/i0.wp.com\/www.laterredufutur.com\/accueil\/wp-content\/uploads\/2015\/04\/decembre-2008.jpg?fit=660%2C625&ssl=1&resize=350%2C200","width":350,"height":200,"srcset":"https:\/\/i0.wp.com\/www.laterredufutur.com\/accueil\/wp-content\/uploads\/2015\/04\/decembre-2008.jpg?fit=660%2C625&ssl=1&resize=350%2C200 1x, https:\/\/i0.wp.com\/www.laterredufutur.com\/accueil\/wp-content\/uploads\/2015\/04\/decembre-2008.jpg?fit=660%2C625&ssl=1&resize=525%2C300 1.5x"},"classes":[]}],"jetpack_sharing_enabled":true,"_links":{"self":[{"href":"https:\/\/www.laterredufutur.com\/accueil\/wp-json\/wp\/v2\/posts\/5213","targetHints":{"allow":["GET"]}}],"collection":[{"href":"https:\/\/www.laterredufutur.com\/accueil\/wp-json\/wp\/v2\/posts"}],"about":[{"href":"https:\/\/www.laterredufutur.com\/accueil\/wp-json\/wp\/v2\/types\/post"}],"author":[{"embeddable":true,"href":"https:\/\/www.laterredufutur.com\/accueil\/wp-json\/wp\/v2\/users\/1"}],"replies":[{"embeddable":true,"href":"https:\/\/www.laterredufutur.com\/accueil\/wp-json\/wp\/v2\/comments?post=5213"}],"version-history":[{"count":1,"href":"https:\/\/www.laterredufutur.com\/accueil\/wp-json\/wp\/v2\/posts\/5213\/revisions"}],"predecessor-version":[{"id":5215,"href":"https:\/\/www.laterredufutur.com\/accueil\/wp-json\/wp\/v2\/posts\/5213\/revisions\/5215"}],"wp:featuredmedia":[{"embeddable":true,"href":"https:\/\/www.laterredufutur.com\/accueil\/wp-json\/wp\/v2\/media\/5214"}],"wp:attachment":[{"href":"https:\/\/www.laterredufutur.com\/accueil\/wp-json\/wp\/v2\/media?parent=5213"}],"wp:term":[{"taxonomy":"category","embeddable":true,"href":"https:\/\/www.laterredufutur.com\/accueil\/wp-json\/wp\/v2\/categories?post=5213"},{"taxonomy":"post_tag","embeddable":true,"href":"https:\/\/www.laterredufutur.com\/accueil\/wp-json\/wp\/v2\/tags?post=5213"}],"curies":[{"name":"wp","href":"https:\/\/api.w.org\/{rel}","templated":true}]}}