{"id":5199,"date":"2010-01-13T16:43:42","date_gmt":"2010-01-13T14:43:42","guid":{"rendered":"http:\/\/www.laterredufutur.com\/accueil1\/?p=5199"},"modified":"2015-04-14T16:46:01","modified_gmt":"2015-04-14T14:46:01","slug":"un-physicien-de-la-marine-americaine-avertit","status":"publish","type":"post","link":"https:\/\/www.laterredufutur.com\/accueil\/un-physicien-de-la-marine-americaine-avertit\/","title":{"rendered":"Un physicien de la marine am\u00e9ricaine avertit"},"content":{"rendered":"<div class=\"1665f18d14f35dd9e7566e1a8ac9a3e9\" data-index=\"1\" style=\"float: none; margin:10px 0 10px 0; text-align:center;\">\n<script async src=\"https:\/\/pagead2.googlesyndication.com\/pagead\/js\/adsbygoogle.js\"><\/script>\r\n<ins class=\"adsbygoogle\"\r\n     style=\"display:block; text-align:center;\"\r\n     data-ad-layout=\"in-article\"\r\n     data-ad-format=\"fluid\"\r\n     data-ad-client=\"ca-pub-2860849627502538\"\r\n     data-ad-slot=\"3019501113\"><\/ins>\r\n<script>\r\n     (adsbygoogle = window.adsbygoogle || []).push({});\r\n<\/script>\n<\/div>\n<p align=\"justify\"><span style=\"font-size: small;\">Un physicien de la marine am\u00e9ricaine avertit de \u00ab\u00a0plusieurs d\u00e9cennies de temp\u00e9ratures en chute libre\u00a0\u00bb et \u00ab\u00a0d\u2019une famine mondiale\u00a0\u00bb.<\/span><\/p>\n<p align=\"justify\"><span style=\"font-size: small;\">\u00ab\u00a0Le soleil est d\u00e9sormais tr\u00e8s calme et passe au Cycle Solaire 24.<\/span><\/p>\n<p align=\"justify\"><span style=\"font-size: small;\">\u00ab\u00a0Comme la transition actuelle d\u00e9passe maintenant les 568 jours sans taches (solaires), il est de plus en plus clair que le soleil a subi un changement d\u2019\u00e9tat. Il est maintenant \u00e9vident que l\u2019\u00e9tat de Grand Maximum qui a persist\u00e9 durant la plus grande partie du 20\u00e8me si\u00e8cle touche brutalement \u00e0 sa fin.<br \/>\n\u00ab\u00a0(Le soleil) pourrait (1) revenir aux anciens cycles solaires (2) le soleil pourrait se calmer encore davantage au cours d\u2019un \u00ab\u00a0Minimum de Dalton\u00a0\u00bb ou d\u2019un Grand Minimum comme le \u00ab\u00a0Minimum de Maunder\u00a0\u00bb. Il est encore un peu t\u00f4t pour pr\u00e9dire de quel c\u00f4t\u00e9 la balance penchera. Ces deux possibilit\u00e9s sont une grande menace pour notre pays.<\/span><\/p>\n<p><span style=\"font-size: small;\">\u00ab\u00a0Nous sommes d\u00e9sormais \u00e0 la crois\u00e9e des chemins. Deux voies se pr\u00e9sentent \u00e0 nous. Sur les deux il y a un panneau indiquant \u00a0\u00bb Danger \u00a0\u00bb ! D\u2019un c\u00f4t\u00e9 il y a de monstrueuses temp\u00eates solaires. De l\u2019autre, plusieurs d\u00e9cennies des temp\u00e9ratures en chute libre et une famine mondiale.\u00a0\u00bb<\/span><\/p>\n<p align=\"justify\"><span style=\"font-size: small;\">\u00ab\u00a0Le changement climatique est principalement command\u00e9 par la nature. C\u2019\u00e9tait vrai du temps de mon p\u00e8re, de son propre p\u00e8re et de tous ceux qui sont venus avant nous. Gr\u00e2ce \u00e0 la science, pas la pseudo-science, nous avons lentement d\u00e9couvert certains des myst\u00e8res fondamentaux de la nature. Notre galaxie, la Voie Lact\u00e9e, est inond\u00e9e de rayons cosmiques. Ce sont des particules charg\u00e9es tr\u00e8s rapides qui viennent de l\u2019explosion d\u2019\u00e9toiles.<\/span><\/p>\n<p align=\"justify\"><span style=\"font-size: small;\">\u00ab\u00a0Comme elles sont charg\u00e9es, leur d\u00e9placement est fortement influenc\u00e9 par les champs magn\u00e9tiques. Notre soleil produit un champ magn\u00e9tique envelopp\u00e9 dans des vents solaires qui s\u2019\u00e9tendent jusqu\u2019aux confins de notre syst\u00e8me solaire. Ce champ d\u00e9vie nombre de rayons cosmiques de la Terre. Mais lorsque le soleil se calme (t\u00e2ches solaires minimales), ce champ s\u2019effondre vers l\u2019int\u00e9rieur ce qui laisse les rayons cosmiques \u00e0 haut \u00e9nergie p\u00e9n\u00e9trer plus profond\u00e9ment dans notre syst\u00e8me solaire.<\/span><\/p><div class=\"1665f18d14f35dd9e7566e1a8ac9a3e9\" data-index=\"2\" style=\"float: none; margin:10px 0 10px 0; text-align:center;\">\n<script async src=\"https:\/\/pagead2.googlesyndication.com\/pagead\/js\/adsbygoogle.js\"><\/script>\r\n<ins class=\"adsbygoogle\"\r\n     style=\"display:block; text-align:center;\"\r\n     data-ad-layout=\"in-article\"\r\n     data-ad-format=\"fluid\"\r\n     data-ad-client=\"ca-pub-2860849627502538\"\r\n     data-ad-slot=\"3019501113\"><\/ins>\r\n<script>\r\n     (adsbygoogle = window.adsbygoogle || []).push({});\r\n<\/script>\n<\/div>\n\n<p align=\"justify\"><span style=\"font-size: small;\">Comme je le dis dans Magnetic Reversals and Evolutionary Leaps, ces m\u00eames rayons cosmiques peuvent conduire \u00e0 des mutations et bonds \u00e9volutifs.<\/span><\/p>\n<p align=\"justify\"><span style=\"font-size: small;\">\u00ab\u00a0Par cons\u00e9quent, ces rayons cosmiques sont beaucoup plus nombreux \u00e0 frapper la Terre et p\u00e9n\u00e9trer dans l\u2019atmosph\u00e8re inf\u00e9rieure o\u00f9 ils ionisent de petites particules d\u2019humidit\u00e9, les transformant en gouttelettes d\u2019eau, qui deviennent ensuite nuages. Les nuages de basse altitude refl\u00e8tent la lumi\u00e8re de soleil dans l\u2019espace. Une augmentation de la couverture nuageuse de la Terre produit une chute mondiale de la temp\u00e9rature.<\/span><\/p>\n<p align=\"justify\"><span style=\"font-size: small;\">\u00ab\u00a0Si le soleil se calme davantage que lors des pr\u00e9c\u00e9dents cycles solaires, produisant plus de 1028 jours sans taches, alors nous pourrions glisser dans un Minimum de Dalton ou peut-\u00eatre m\u00eame dans un Grand Minimum comme le Minimum de Maunder. Cet \u00e9tat du soleil durera des d\u00e9cennies. Plusieurs sp\u00e9cialistes du soleil ont pr\u00e9dit que cela d\u00e9buterait au Cycle Solaire 25, dans une d\u00e9cennie. Mais quelques uns l\u2019ont pr\u00e9dit pour le Cycle Solaire 24.<\/span><\/p>\n<p align=\"justify\"><span style=\"font-size: small;\">\u00ab\u00a0Un soleil calme fait plonger les temp\u00e9ratures mondiales. Nous aurons \u00e0 subir des temp\u00e9ratures que nous n\u2019avons pas connues en 200 ans d\u2019\u00e2ge, depuis le temps des premiers pionniers.<\/span><\/p>\n<p align=\"justify\"><span style=\"font-size: small;\">\u00ab\u00a0Les temp\u00e9ratures baissent d\u00e9j\u00e0. Les satellites fournissent g\u00e9n\u00e9ralement les mesures de temp\u00e9ratures les plus exactes dans le monde entier. Depuis l\u2019ann\u00e9e record 1998, les temp\u00e9ratures de la troposph\u00e8re inf\u00e9rieure ont baiss\u00e9 mondialement d\u2019environ 1\/2 degr\u00e9 celsius \u00e0 cause du soleil.<\/span><\/p>\n<p align=\"justify\"><span style=\"font-size: small;\">\u00ab\u00a0Cela, en d\u00e9pit du fait que pendant la m\u00eame p\u00e9riode de temps, le dioxyde de carbone atmosph\u00e9rique (\u00e0 Mauna Loa) a mont\u00e9 de 5%, de 367 ppm \u00e0 386 ppm. Le risque principal d\u2019un \u00ab\u00a0Minimum de Dalton\u00a0\u00bb ou d\u2019un \u00ab\u00a0Minimum de Maunder\u00a0\u00bb est la faim et la famine (pour des millions ou centaines de millions dans le monde entier) \u00e0 cause de la p\u00e9riode de pousse raccourcie et des rudes conditions m\u00e9t\u00e9o. Par le pass\u00e9, en plus de grandes famines, ce temps froid et rude a \u00e9galement conduit \u00e0 des \u00e9pid\u00e9mies majeures.<\/span>)<\/p>\n<p align=\"justify\">source : <a href=\"http:\/\/www.newsoftomorrow.org\/\">http:\/\/www.newsoftomorrow.org\/<\/a><\/p>\n<p class=\"bawpvc-ajax-counter\" data-id=\"5199\">(1206)<\/p>\n<!--CusAds0-->\n<div style=\"font-size: 0px; height: 0px; line-height: 0px; margin: 0; padding: 0; clear: both;\"><\/div>","protected":false},"excerpt":{"rendered":"<p>Un physicien de la marine am\u00e9ricaine avertit de \u00ab\u00a0plusieurs d\u00e9cennies de temp\u00e9ratures en chute libre\u00a0\u00bb et \u00ab\u00a0d\u2019une famine mondiale\u00a0\u00bb. \u00ab\u00a0Le&#8230;<\/p>\n","protected":false},"author":1,"featured_media":5200,"comment_status":"open","ping_status":"open","sticky":false,"template":"","format":"standard","meta":{"_exactmetrics_skip_tracking":false,"_exactmetrics_sitenote_active":false,"_exactmetrics_sitenote_note":"","_exactmetrics_sitenote_category":0,"ngg_post_thumbnail":0,"jetpack_post_was_ever_published":false,"_jetpack_newsletter_access":"","_jetpack_dont_email_post_to_subs":false,"_jetpack_newsletter_tier_id":0,"_jetpack_memberships_contains_paywalled_content":false,"_jetpack_memberships_contains_paid_content":false,"footnotes":"","jetpack_publicize_message":"","jetpack_publicize_feature_enabled":true,"jetpack_social_post_already_shared":false,"jetpack_social_options":{"image_generator_settings":{"template":"highway","default_image_id":0,"font":"","enabled":false},"version":2}},"categories":[24],"tags":[1152,3808,434,153,3807,47,2219,368,37],"class_list":["post-5199","post","type-post","status-publish","format-standard","has-post-thumbnail","hentry","category-soleil","tag-activite-solaire","tag-avertit","tag-calme","tag-froid","tag-navy","tag-neige","tag-physicien","tag-rayons-cosmiques","tag-soleil","wpcat-24-id"],"jetpack_publicize_connections":[],"jetpack_featured_media_url":"https:\/\/i0.wp.com\/www.laterredufutur.com\/accueil\/wp-content\/uploads\/2015\/04\/Navy.png?fit=600%2C600&ssl=1","jetpack_shortlink":"https:\/\/wp.me\/p631RN-1lR","jetpack-related-posts":[{"id":4875,"url":"https:\/\/www.laterredufutur.com\/accueil\/un-physicien-de-lus-navy-nous-avertit-dun-refroidissement-climatique\/","url_meta":{"origin":5199,"position":0},"title":"Un physicien de l&rsquo;US Navy nous avertit d&rsquo;un refroidissement climatique","author":"Admin","date":"13 mai 2009","format":false,"excerpt":"Un\u00a0physicien de l'US Navy avertit d'une possibilit\u00e9 de \u00ab plusieurs d\u00e9cennies \u00e9crasantes de temp\u00e9ratures\u00a0en dessous des normes\u00a0et d'une famine globale \u00bb :\u00a0Physicien et ing\u00e9nieur retrait\u00e9 James A. Marusek de la marine am\u00e9ricaine. Nouveau Rapport : Avril 2009 : \u00ab Le soleil est\u00a0actuellement tr\u00e8s\u00a0calme pendant son actuelle\u00a0transition au cycle solaire 24.\u2026","rel":"","context":"Dans &quot;Soleil&quot;","block_context":{"text":"Soleil","link":"https:\/\/www.laterredufutur.com\/accueil\/sujets\/soleil\/"},"img":{"alt_text":"","src":"","width":0,"height":0},"classes":[]},{"id":4838,"url":"https:\/\/www.laterredufutur.com\/accueil\/minimum-solaire-selon-la-nasa\/","url_meta":{"origin":5199,"position":1},"title":"Minimum Solaire selon la Nasa","author":"Admin","date":"15 avril 2009","format":false,"excerpt":"Notre \u00e9toile conna\u00eet une p\u00e9riode de calme in\u00e9gal\u00e9e depuis pr\u00e8s d\u2019un si\u00e8cle, affirment des physiciens de la Nasa. Le signe de cette activit\u00e9 minimale est l\u2019absence de taches sur le Soleil. En 2008 aucune tache n\u2019a \u00e9t\u00e9 observ\u00e9e pendant 266 jours, un record in\u00e9gal\u00e9 depuis 50 ans. Il faut remonter\u2026","rel":"","context":"Dans &quot;Soleil&quot;","block_context":{"text":"Soleil","link":"https:\/\/www.laterredufutur.com\/accueil\/sujets\/soleil\/"},"img":{"alt_text":"","src":"","width":0,"height":0},"classes":[]},{"id":4712,"url":"https:\/\/www.laterredufutur.com\/accueil\/cycle-solaire-24-ou-minimum-de-dalton\/","url_meta":{"origin":5199,"position":2},"title":"Cycle solaire 24 ou minimum de Dalton","author":"Admin","date":"2 janvier 2009","format":false,"excerpt":"Vers un minimum de Dalton, nous avions vu certains points dans cet article. Depuis maintenant 1 an, le cycle solaire N\u00b024 a d\u00e9but\u00e9, il est toujours aussi pr\u00e9sent par son absence et son manque de t\u00e2ches solaires. Le d\u00e9but du cycle solaire 24 semble\u00a0s'\u00eatre mat\u00e9rialis\u00e9\u00a0puis a\u00a0abruptement disparu. La tache solaire\u2026","rel":"","context":"Dans &quot;Soleil&quot;","block_context":{"text":"Soleil","link":"https:\/\/www.laterredufutur.com\/accueil\/sujets\/soleil\/"},"img":{"alt_text":"","src":"https:\/\/i0.wp.com\/www.laterredufutur.com\/spaw\/images\/cycl3x.gif?resize=350%2C200","width":350,"height":200,"srcset":"https:\/\/i0.wp.com\/www.laterredufutur.com\/spaw\/images\/cycl3x.gif?resize=350%2C200 1x, https:\/\/i0.wp.com\/www.laterredufutur.com\/spaw\/images\/cycl3x.gif?resize=525%2C300 1.5x"},"classes":[]},{"id":2173,"url":"https:\/\/www.laterredufutur.com\/accueil\/activite-solaire-vers-un-refroidissement-climatique\/","url_meta":{"origin":5199,"position":3},"title":"Activit\u00e9 solaire : vers un refroidissement climatique ?","author":"Admin","date":"23 septembre 2014","format":false,"excerpt":"L\u2019activit\u00e9 solaire des prochaines d\u00e9cennies va-t-elle conduire \u00e0 un refroidissement ? Un aper\u00e7u des derni\u00e8res publications scientifiques. Par le Dr Sebastian L\u00fcning et le professeur Fritz Vahrenholt Rarement le soleil n\u2019a \u00e9t\u00e9 aussi fort qu\u2019au cours des cinq derni\u00e8res d\u00e9cennies. Est-ce juste une co\u00efncidence que le plus grand r\u00e9chauffement des\u2026","rel":"","context":"Dans &quot;Soleil&quot;","block_context":{"text":"Soleil","link":"https:\/\/www.laterredufutur.com\/accueil\/sujets\/soleil\/"},"img":{"alt_text":"","src":"","width":0,"height":0},"classes":[]},{"id":18593,"url":"https:\/\/www.laterredufutur.com\/accueil\/le-soleil-est-plus-calme-que-la-normale-mais-pas-de-panique\/","url_meta":{"origin":5199,"position":4},"title":"Le soleil est plus calme que la normale, mais pas de panique !","author":"Admin","date":"13 mars 2019","format":false,"excerpt":"Certains craignent que nous nous dirigions vers un autre petit \u00e2ge glaciaire, mais les scientifiques disent que c'est peu probable. Le soleil est calme\u2026 tr\u00e8s calme. En f\u00e9vrier, pour la premi\u00e8re fois depuis ao\u00fbt 2008, le soleil a pass\u00e9 un mois entier sans taches solaires. Les taches solaires sont des\u2026","rel":"","context":"Dans &quot;Soleil&quot;","block_context":{"text":"Soleil","link":"https:\/\/www.laterredufutur.com\/accueil\/sujets\/soleil\/"},"img":{"alt_text":"","src":"https:\/\/i0.wp.com\/www.laterredufutur.com\/accueil\/wp-content\/uploads\/2019\/03\/soleil-1.jpg?fit=780%2C439&ssl=1&resize=350%2C200","width":350,"height":200,"srcset":"https:\/\/i0.wp.com\/www.laterredufutur.com\/accueil\/wp-content\/uploads\/2019\/03\/soleil-1.jpg?fit=780%2C439&ssl=1&resize=350%2C200 1x, https:\/\/i0.wp.com\/www.laterredufutur.com\/accueil\/wp-content\/uploads\/2019\/03\/soleil-1.jpg?fit=780%2C439&ssl=1&resize=525%2C300 1.5x, https:\/\/i0.wp.com\/www.laterredufutur.com\/accueil\/wp-content\/uploads\/2019\/03\/soleil-1.jpg?fit=780%2C439&ssl=1&resize=700%2C400 2x"},"classes":[]},{"id":14899,"url":"https:\/\/www.laterredufutur.com\/accueil\/allons-nous-vers-un-petit-age-glaciaire\/","url_meta":{"origin":5199,"position":5},"title":"Allons nous vers un petit age glaciaire ?","author":"Admin","date":"22 mars 2017","format":false,"excerpt":"Une mini-glaciation de 15 ans pourrait se produire dans l\u2019h\u00e9misph\u00e8re nord dans seulement quatre ans, alors que le soleil se pr\u00e9pare \u00e0 hiberner, d\u00e9clenchant un d\u00e9ferlement d\u2019\u00e9v\u00e9nements cataclysmiques. Apr\u00e8s que des changements inqui\u00e9tants \u00e0 la surface du Soleil aient \u00e9t\u00e9 observ\u00e9s, une \u00e9quipe d\u2019experts avertit que de grands \u00e9v\u00e9nements sismiques,\u2026","rel":"","context":"Dans &quot;Climat&quot;","block_context":{"text":"Climat","link":"https:\/\/www.laterredufutur.com\/accueil\/sujets\/climat\/"},"img":{"alt_text":"","src":"https:\/\/i0.wp.com\/www.laterredufutur.com\/accueil\/wp-content\/uploads\/2016\/12\/vague-de-froid-dec2016-usa-1.jpg?fit=962%2C534&ssl=1&resize=350%2C200","width":350,"height":200,"srcset":"https:\/\/i0.wp.com\/www.laterredufutur.com\/accueil\/wp-content\/uploads\/2016\/12\/vague-de-froid-dec2016-usa-1.jpg?fit=962%2C534&ssl=1&resize=350%2C200 1x, https:\/\/i0.wp.com\/www.laterredufutur.com\/accueil\/wp-content\/uploads\/2016\/12\/vague-de-froid-dec2016-usa-1.jpg?fit=962%2C534&ssl=1&resize=525%2C300 1.5x, https:\/\/i0.wp.com\/www.laterredufutur.com\/accueil\/wp-content\/uploads\/2016\/12\/vague-de-froid-dec2016-usa-1.jpg?fit=962%2C534&ssl=1&resize=700%2C400 2x"},"classes":[]}],"jetpack_sharing_enabled":true,"_links":{"self":[{"href":"https:\/\/www.laterredufutur.com\/accueil\/wp-json\/wp\/v2\/posts\/5199","targetHints":{"allow":["GET"]}}],"collection":[{"href":"https:\/\/www.laterredufutur.com\/accueil\/wp-json\/wp\/v2\/posts"}],"about":[{"href":"https:\/\/www.laterredufutur.com\/accueil\/wp-json\/wp\/v2\/types\/post"}],"author":[{"embeddable":true,"href":"https:\/\/www.laterredufutur.com\/accueil\/wp-json\/wp\/v2\/users\/1"}],"replies":[{"embeddable":true,"href":"https:\/\/www.laterredufutur.com\/accueil\/wp-json\/wp\/v2\/comments?post=5199"}],"version-history":[{"count":1,"href":"https:\/\/www.laterredufutur.com\/accueil\/wp-json\/wp\/v2\/posts\/5199\/revisions"}],"predecessor-version":[{"id":5201,"href":"https:\/\/www.laterredufutur.com\/accueil\/wp-json\/wp\/v2\/posts\/5199\/revisions\/5201"}],"wp:featuredmedia":[{"embeddable":true,"href":"https:\/\/www.laterredufutur.com\/accueil\/wp-json\/wp\/v2\/media\/5200"}],"wp:attachment":[{"href":"https:\/\/www.laterredufutur.com\/accueil\/wp-json\/wp\/v2\/media?parent=5199"}],"wp:term":[{"taxonomy":"category","embeddable":true,"href":"https:\/\/www.laterredufutur.com\/accueil\/wp-json\/wp\/v2\/categories?post=5199"},{"taxonomy":"post_tag","embeddable":true,"href":"https:\/\/www.laterredufutur.com\/accueil\/wp-json\/wp\/v2\/tags?post=5199"}],"curies":[{"name":"wp","href":"https:\/\/api.w.org\/{rel}","templated":true}]}}