{"id":4869,"date":"2009-05-07T20:52:19","date_gmt":"2009-05-07T18:52:19","guid":{"rendered":"http:\/\/www.laterredufutur.com\/accueil1\/?p=4869"},"modified":"2015-04-13T20:53:42","modified_gmt":"2015-04-13T18:53:42","slug":"la-baisse-de-lirradiance-solaire-continue","status":"publish","type":"post","link":"https:\/\/www.laterredufutur.com\/accueil\/la-baisse-de-lirradiance-solaire-continue\/","title":{"rendered":"La baisse de l&rsquo;irradiance solaire continue"},"content":{"rendered":"<div class=\"1665f18d14f35dd9e7566e1a8ac9a3e9\" data-index=\"1\" style=\"float: none; margin:10px 0 10px 0; text-align:center;\">\n<script async src=\"https:\/\/pagead2.googlesyndication.com\/pagead\/js\/adsbygoogle.js\"><\/script>\r\n<ins class=\"adsbygoogle\"\r\n     style=\"display:block; text-align:center;\"\r\n     data-ad-layout=\"in-article\"\r\n     data-ad-format=\"fluid\"\r\n     data-ad-client=\"ca-pub-2860849627502538\"\r\n     data-ad-slot=\"3019501113\"><\/ins>\r\n<script>\r\n     (adsbygoogle = window.adsbygoogle || []).push({});\r\n<\/script>\n<\/div>\n<p align=\"justify\"><span style=\"font-size: small;\">Que le Soleil traverse une p\u00e9riode d&rsquo;activit\u00e9 tr\u00e8s\u00a0faible est maintenant connue\u00a0de tous, ainsi comme, dans d&rsquo;autres articles, il\u00a0a \u00e9t\u00e9 soulign\u00e9\u00a0que la\u00a0dur\u00e9e de ce minimum solaire est vraiment insolite, comme ce n&rsquo;est jamais arriv\u00e9 pendant le XXeme Si\u00e8cle.<\/span><\/p>\n<p align=\"justify\"><span style=\"font-size: small;\">L&rsquo;activit\u00e9 solaire est estim\u00e9e \u00e0 travers le nombre de taches solaires qui apparaissent sur la superficie de notre \u00e9toile, mais lorsqu&rsquo;on a introduit les mesures satellitaires,\u00a0il a\u00a0m\u00eame \u00e9t\u00e9 possible de mesurer directement\u00a0 la \u00ab constante solaire \u00bb,\u00a0et\u00a0\u00e9galement\u00a0l&rsquo;irradiance solaire directe qui arrive sur notre Plan\u00e8te.<\/span><\/p>\n<p align=\"justify\"><span style=\"font-size: small;\">Nous savons que toute l&rsquo;irradiance n&rsquo;arrive pas sur la superficie terrestre, elle est en partie r\u00e9fl\u00e9chie\u00a0par les\u00a0nuages,\u00a0les ultras-violet\u00a0sont absorb\u00e9s\u00a0par la\u00a0couche d&rsquo;Ozone, en partie absorb\u00e9e par la vapeur d&rsquo;eau, pendant qu&rsquo;une autre partie est r\u00e9fl\u00e9chie dans l&rsquo;espace\u00a0d\u00fb \u00e0 l&rsquo;effet d&rsquo;albedo.<\/span><\/p>\n<p align=\"justify\"><span style=\"font-size: small;\">On estime que seulement 1% de l&rsquo;irradiance solaire a une\u00a0incidence et\u00a0doit \u00eatre disponible pour le maintien de la biomasse,\u00a0pour\u00a0la photo synth\u00e8se\u00a0et la chlorofile des plantes\u00a0qui maintiennent la vie.<\/span><\/p>\n<p align=\"justify\"><span style=\"font-size: small;\">Pendant\u00a0longtemps,\u00a0on a cru que l&rsquo;\u00e9nergie envoy\u00e9e\u00a0du Soleil\u00a0\u00e9tait toujours la m\u00eame (on la nomma\u00a0\u00ab la constance solaire \u00bb), mais depuis qu&rsquo;on emploie des capteurs satellitaires, on a d\u00e9couvert\u00a0que ce\u00a0n&rsquo;\u00e9tait pas vraiment \u00e7a.<\/span><\/p>\n<p align=\"justify\"><span style=\"font-size: small;\">Des petites variations de pourcentages ont \u00e9t\u00e9 observ\u00e9es en co\u00efncidence avec le cycle decennale des taches solaires (cycle de Schwabe) : les capteurs, par exemple, ont montr\u00e9 une variation de l&rsquo;irradiance de 1362.1 W\/mq,\u00a0en Juillet 2003, \u00e0 la valeur actuelle de 1360.8 W\/mq, avec une baisse de -0.095%.<\/span><\/p>\n<p align=\"justify\"><span style=\"font-size: small;\">Il faut penser en effet que\u00a0la baisse l&rsquo;irradiance solaire de -0.1%, si\u00a0cela continue sur plusieurs mois, cela pourrait avoir une certaine influence sur le climat terrestre, en provoquant une l\u00e9ger baisse thermique.<\/span><\/p>\n<p align=\"justify\"><span style=\"font-size: small;\">Des \u00e9tudes ont \u00e9t\u00e9 effectu\u00e9es et ont \u00e9tabli que la diff\u00e9rence dans la constance solaire, pendant le minimum de Maunder,\u00a0est intervenue\u00a0au XVII eme si\u00e8cle\u00a0(c&rsquo;est une p\u00e9riode o\u00f9 ne furent observ\u00e9es aucune tache solaire).<\/span><\/p><div class=\"1665f18d14f35dd9e7566e1a8ac9a3e9\" data-index=\"2\" style=\"float: none; margin:10px 0 10px 0; text-align:center;\">\n<script async src=\"https:\/\/pagead2.googlesyndication.com\/pagead\/js\/adsbygoogle.js\"><\/script>\r\n<ins class=\"adsbygoogle\"\r\n     style=\"display:block; text-align:center;\"\r\n     data-ad-layout=\"in-article\"\r\n     data-ad-format=\"fluid\"\r\n     data-ad-client=\"ca-pub-2860849627502538\"\r\n     data-ad-slot=\"3019501113\"><\/ins>\r\n<script>\r\n     (adsbygoogle = window.adsbygoogle || []).push({});\r\n<\/script>\n<\/div>\n\n<p align=\"justify\"><span style=\"font-size: small;\">Tel quantitatif fut peut-\u00eatre d\u00e9cisif pour provoquer un climat moyennement plus froid qu&rsquo;au moins 1,0\u00b0 ; 1,5\u00b0C par rapport aux temp\u00e9ratures actuelles, ainsi que provoquer des forts vagues froid de d&rsquo;hiver sur notre Continent (les Tamigi gelait autrefois chaque 10 ans).<\/span><\/p>\n<p align=\"justify\"><span style=\"font-size: small;\">Actuellement, la constance solaire est \u00e0 la tendance\u00a0\u00e0 la\u00a0baisse, comme bien visible dans le graphique ici m\u00eame. Nous\u00a0sommes arriv\u00e9s \u00e0 un minimum de 1360.79 W\/mq, contre les 1362.10 W\/mq du Juillet 2003, baisse de 1.31 W\/mq, qui est en mesure d&rsquo;annuler partiellement le surplus de 2.0 W\/mq qui est estim\u00e9 pour la pr\u00e9sence de CO2 dans notre atmosph\u00e8re.<\/span><\/p>\n<p align=\"center\"><span style=\"font-size: small;\"><img data-recalc-dims=\"1\" decoding=\"async\" src=\"https:\/\/i0.wp.com\/www.laterredufutur.com\/spaw\/images\/irradience-solaire.gif\" alt=\"\" border=\"0\" \/><\/span><\/p>\n<p align=\"justify\"><span style=\"font-size: small;\">Il est evident, toutefois, qu&rsquo;une augmentation de l&rsquo;activit\u00e9 solaire, comme cela s&rsquo;est produit\u00a0depuis soixante-dix ans, cela pourrait avoir \u00e9t\u00e9 d\u00e9velopp\u00e9 par la constante solaire d&rsquo;environ 1.3-1.5 W\/mq\u00a0cette p\u00e9riode, probablement en contribuant \u00e0 l&rsquo;augmentation thermique actuelle en surplus de l&rsquo;augmentation de la concentration de CO2.<\/span><\/p>\n<p align=\"justify\"><span style=\"font-size: small;\">Il a m\u00eame\u00a0\u00e9t\u00e9 soulign\u00e9 une th\u00e9orie controvers\u00e9e, qu&rsquo;elle montrerait,\u00a0que lors des minima solaire, un vent solaire moins puissant\u00a0permettrait l&rsquo;entr\u00e9e d&rsquo;une majeure partie d&rsquo;une quantit\u00e9 de rayons cosmiques sur notre atmosph\u00e8re.<\/span><\/p>\n<p align=\"justify\"><span style=\"font-size: small;\">Cela apporterait plus de nuages qui r\u00e9fl\u00e9chiraient l&rsquo;irradiance solaire en refroidissant notre Plan\u00e8te.<\/span><\/p>\n<p align=\"justify\"><span style=\"font-size: small;\">Cette\u00a0th\u00e9orie n&rsquo;a pas \u00e9t\u00e9 encore d\u00e9montr\u00e9e ; le fait est que le Global Warming est\u00a0actuellement en phase de stabilisation, malgr\u00e9 l&rsquo;augmentation constante des gaz \u00e0 effet de serre.<\/span><\/p>\n<p align=\"justify\"><span style=\"font-size: small;\">Traduction, r\u00e9sum\u00e9, adaptation de la Terre du Futur<\/span><\/p>\n<p align=\"justify\"><span style=\"font-size: small;\">source : <\/span><a href=\"http:\/\/www.meteogiornale.it\/\"><span style=\"font-size: small;\">http:\/\/www.meteogiornale.it\/<\/span><\/a><\/p>\n<p align=\"justify\"><img data-recalc-dims=\"1\" decoding=\"async\" src=\"https:\/\/i0.wp.com\/www.laterredufutur.com\/spaw\/images\/irradience-solaire-2009.gif\" alt=\"\" \/><\/p>\n<p class=\"bawpvc-ajax-counter\" data-id=\"4869\">(717)<\/p>\n<!--CusAds0-->\n<div style=\"font-size: 0px; height: 0px; line-height: 0px; margin: 0; padding: 0; clear: both;\"><\/div>","protected":false},"excerpt":{"rendered":"<p>Que le Soleil traverse une p\u00e9riode d&rsquo;activit\u00e9 tr\u00e8s\u00a0faible est maintenant connue\u00a0de tous, ainsi comme, dans d&rsquo;autres articles, il\u00a0a \u00e9t\u00e9 soulign\u00e9\u00a0que&#8230;<\/p>\n","protected":false},"author":1,"featured_media":4870,"comment_status":"open","ping_status":"open","sticky":false,"template":"","format":"standard","meta":{"_exactmetrics_skip_tracking":false,"_exactmetrics_sitenote_active":false,"_exactmetrics_sitenote_note":"","_exactmetrics_sitenote_category":0,"ngg_post_thumbnail":0,"jetpack_post_was_ever_published":false,"_jetpack_newsletter_access":"","_jetpack_dont_email_post_to_subs":false,"_jetpack_newsletter_tier_id":0,"_jetpack_memberships_contains_paywalled_content":false,"_jetpack_memberships_contains_paid_content":false,"footnotes":"","jetpack_publicize_message":"","jetpack_publicize_feature_enabled":true,"jetpack_social_post_already_shared":false,"jetpack_social_options":{"image_generator_settings":{"template":"highway","default_image_id":0,"font":"","enabled":false},"version":2}},"categories":[24],"tags":[1152,3384,70,1258,3626,37,1434],"class_list":["post-4869","post","type-post","status-publish","format-standard","has-post-thumbnail","hentry","category-soleil","tag-activite-solaire","tag-baisse","tag-cycle","tag-faible","tag-irradience-solaire","tag-soleil","tag-tendance","wpcat-24-id"],"jetpack_publicize_connections":[],"jetpack_featured_media_url":"https:\/\/i0.wp.com\/www.laterredufutur.com\/accueil\/wp-content\/uploads\/2015\/04\/irradience.gif?fit=250%2C230&ssl=1","jetpack_shortlink":"https:\/\/wp.me\/p631RN-1gx","jetpack-related-posts":[{"id":644,"url":"https:\/\/www.laterredufutur.com\/accueil\/des-scientifiques-russe-predisent-100-ans-de-refroidissement-climatique\/","url_meta":{"origin":4869,"position":0},"title":"Des Scientifiques russes pr\u00e9disent 100 ans de refroidissement climatique","author":"Admin","date":"13 novembre 2011","format":false,"excerpt":"Dans une \u00e9tude r\u00e9cente concernant les cycles solaires, des scientifiques Russes pr\u00e9disent d\u00e9sormais cent ans de refroidissement climatique d\u00fbs \u00e0 l'activit\u00e9 solaire et ses cons\u00e9quences sur d'autres ph\u00e9nom\u00e8nes naturels. Cette pr\u00e9vision provient de l'astrophysicien du Dr. Habibullo Ismailovich Abdussamatov, directeur du laboratoire de recherche spatiale de l\u2019observatoire Pulkovo de l\u2019Acad\u00e9mie\u2026","rel":"","context":"Dans &quot;Soleil&quot;","block_context":{"text":"Soleil","link":"https:\/\/www.laterredufutur.com\/accueil\/sujets\/soleil\/"},"img":{"alt_text":"Tamise","src":"https:\/\/i0.wp.com\/www.laterredufutur.com\/wordpress\/wp-content\/uploads\/2011\/11\/sa_eng.jpg?resize=350%2C200","width":350,"height":200},"classes":[]},{"id":20187,"url":"https:\/\/www.laterredufutur.com\/accueil\/impacts-regionaux-sur-le-climat-dun-futur-futur-grand-minimum-solaire\/","url_meta":{"origin":4869,"position":1},"title":"Impacts r\u00e9gionaux sur le climat d&rsquo;un futur grand minimum solaire","author":"Admin","date":"26 novembre 2019","format":false,"excerpt":"Ici un extrait de la revue Nature. Toute r\u00e9duction de la temp\u00e9rature moyenne globale pr\u00e8s de la surface de la plan\u00e8te due \u00e0 un d\u00e9clin futur de l'activit\u00e9 solaire repr\u00e9sentera probablement une petite fraction du r\u00e9chauffement anthropique pr\u00e9vu. Cependant, la variabilit\u00e9 de l'irradiance solaire ultraviolette est li\u00e9e \u00e0 la modulation\u2026","rel":"","context":"Dans &quot;Climat&quot;","block_context":{"text":"Climat","link":"https:\/\/www.laterredufutur.com\/accueil\/sujets\/climat\/"},"img":{"alt_text":"","src":"https:\/\/i0.wp.com\/www.laterredufutur.com\/accueil\/wp-content\/uploads\/2019\/11\/reponse-hivernale-baisse-activite-solaire.jpg?fit=946%2C544&ssl=1&resize=350%2C200","width":350,"height":200,"srcset":"https:\/\/i0.wp.com\/www.laterredufutur.com\/accueil\/wp-content\/uploads\/2019\/11\/reponse-hivernale-baisse-activite-solaire.jpg?fit=946%2C544&ssl=1&resize=350%2C200 1x, https:\/\/i0.wp.com\/www.laterredufutur.com\/accueil\/wp-content\/uploads\/2019\/11\/reponse-hivernale-baisse-activite-solaire.jpg?fit=946%2C544&ssl=1&resize=525%2C300 1.5x, https:\/\/i0.wp.com\/www.laterredufutur.com\/accueil\/wp-content\/uploads\/2019\/11\/reponse-hivernale-baisse-activite-solaire.jpg?fit=946%2C544&ssl=1&resize=700%2C400 2x"},"classes":[]},{"id":923,"url":"https:\/\/www.laterredufutur.com\/accueil\/reflexion-climatologique\/","url_meta":{"origin":4869,"position":2},"title":"R\u00e9flexion Climatologique","author":"Admin","date":"7 juin 2012","format":false,"excerpt":"Voici une r\u00e9flexion climatologique selon JulienTDF sur les \u00e9l\u00e9ments que nous avons en notre possession en ce d\u00e9but juin 2012. L'oscillation d\u00e9cennale du Pacifique (PDO) a un cycle d'environ 60 ans, il est pass\u00e9 en n\u00e9gatif en 1999 et le restera jusqu'en 2029 environ. L'oscillation d\u00e9cennale de l'Atlantique (AMO) poss\u00e9derait\u2026","rel":"","context":"Dans &quot;Climat&quot;","block_context":{"text":"Climat","link":"https:\/\/www.laterredufutur.com\/accueil\/sujets\/climat\/"},"img":{"alt_text":"","src":"","width":0,"height":0},"classes":[]},{"id":19021,"url":"https:\/\/www.laterredufutur.com\/accueil\/activite-solaire-et-minimum-de-maunder-le-soleil-a-t-il-une-influence-sur-notre-climat\/","url_meta":{"origin":4869,"position":3},"title":"Activit\u00e9 solaire et minimum de Maunder : le Soleil a-t-il une influence sur notre climat ?","author":"Admin","date":"18 avril 2019","format":false,"excerpt":"Voici un document du CNRS, datant de 2009, il est riche d'informations et toujours tr\u00e8s actuel. Laboratoire de Physique et Chimie de l\u2019Environnement et de l\u2019Espace Observatoire des Sciences de l\u2019Univers en r\u00e9gion Centre. Ce dont il sera question ici le cycle solaire la d\u00e9bat autour de la TSI les\u2026","rel":"","context":"Dans &quot;Soleil&quot;","block_context":{"text":"Soleil","link":"https:\/\/www.laterredufutur.com\/accueil\/sujets\/soleil\/"},"img":{"alt_text":"","src":"https:\/\/i0.wp.com\/www.laterredufutur.com\/accueil\/wp-content\/uploads\/2019\/04\/cycle-solaire-11ans-1600-2010-maunder-dalton-maximum-actuel.jpg?fit=1148%2C615&ssl=1&resize=350%2C200","width":350,"height":200,"srcset":"https:\/\/i0.wp.com\/www.laterredufutur.com\/accueil\/wp-content\/uploads\/2019\/04\/cycle-solaire-11ans-1600-2010-maunder-dalton-maximum-actuel.jpg?fit=1148%2C615&ssl=1&resize=350%2C200 1x, https:\/\/i0.wp.com\/www.laterredufutur.com\/accueil\/wp-content\/uploads\/2019\/04\/cycle-solaire-11ans-1600-2010-maunder-dalton-maximum-actuel.jpg?fit=1148%2C615&ssl=1&resize=525%2C300 1.5x, https:\/\/i0.wp.com\/www.laterredufutur.com\/accueil\/wp-content\/uploads\/2019\/04\/cycle-solaire-11ans-1600-2010-maunder-dalton-maximum-actuel.jpg?fit=1148%2C615&ssl=1&resize=700%2C400 2x, https:\/\/i0.wp.com\/www.laterredufutur.com\/accueil\/wp-content\/uploads\/2019\/04\/cycle-solaire-11ans-1600-2010-maunder-dalton-maximum-actuel.jpg?fit=1148%2C615&ssl=1&resize=1050%2C600 3x"},"classes":[]},{"id":17379,"url":"https:\/\/www.laterredufutur.com\/accueil\/un-refroidissement-global-a-lhorizon\/","url_meta":{"origin":4869,"position":4},"title":"Un refroidissement global \u00e0 l&rsquo;horizon?","author":"Admin","date":"2 janvier 2019","format":false,"excerpt":"En ce qui concerne l'influence du soleil sur le climat, une conclusion est certaine: il n'y a pas d'accord scientifique g\u00e9n\u00e9ral sur la\u00a0mani\u00e8re\u00a0et\u00a0dans quelle mesure\u00a0\u00a0l'activit\u00e9 solaire et ses param\u00e8tres sont associ\u00e9s aux (rayons cosmiques galactiques, activit\u00e9 g\u00e9omagn\u00e9tique, flux du vent solaire) des temp\u00e9ratures et des pr\u00e9cipitations de la Terre. Le\u2026","rel":"","context":"Dans &quot;Climat&quot;","block_context":{"text":"Climat","link":"https:\/\/www.laterredufutur.com\/accueil\/sujets\/climat\/"},"img":{"alt_text":"","src":"https:\/\/i0.wp.com\/www.laterredufutur.com\/accueil\/wp-content\/uploads\/2018\/12\/Cooling-Forecast-Solar-Abdussamatov-2012.jpg?fit=651%2C502&ssl=1&resize=350%2C200","width":350,"height":200,"srcset":"https:\/\/i0.wp.com\/www.laterredufutur.com\/accueil\/wp-content\/uploads\/2018\/12\/Cooling-Forecast-Solar-Abdussamatov-2012.jpg?fit=651%2C502&ssl=1&resize=350%2C200 1x, https:\/\/i0.wp.com\/www.laterredufutur.com\/accueil\/wp-content\/uploads\/2018\/12\/Cooling-Forecast-Solar-Abdussamatov-2012.jpg?fit=651%2C502&ssl=1&resize=525%2C300 1.5x"},"classes":[]},{"id":4500,"url":"https:\/\/www.laterredufutur.com\/accueil\/ou-sont-passees-les-taches-solaires\/","url_meta":{"origin":4869,"position":5},"title":"Ou sont pass\u00e9es les taches solaires ?","author":"Admin","date":"14 juillet 2008","format":false,"excerpt":"Depuis d\u00e9but 2008, date officielle du nouveau cycle solaire not\u00e9 num\u00e9ro 24. Il est aussi pr\u00e9sent par son absence. Except\u00e9 le vent solaire qui s'est\u00a0bri\u00e8vement accru d'un trou coronal, il n'y a presque aucune activit\u00e9 solaire significative. \u00a0\u00a9NASA Le soleil reste tr\u00e8s calme. Il est normal que notre soleil ait\u2026","rel":"","context":"Dans &quot;Soleil&quot;","block_context":{"text":"Soleil","link":"https:\/\/www.laterredufutur.com\/accueil\/sujets\/soleil\/"},"img":{"alt_text":"","src":"https:\/\/i0.wp.com\/www.laterredufutur.com\/spaw\/images\/may_08_1.png?resize=350%2C200","width":350,"height":200,"srcset":"https:\/\/i0.wp.com\/www.laterredufutur.com\/spaw\/images\/may_08_1.png?resize=350%2C200 1x, https:\/\/i0.wp.com\/www.laterredufutur.com\/spaw\/images\/may_08_1.png?resize=525%2C300 1.5x"},"classes":[]}],"jetpack_sharing_enabled":true,"_links":{"self":[{"href":"https:\/\/www.laterredufutur.com\/accueil\/wp-json\/wp\/v2\/posts\/4869","targetHints":{"allow":["GET"]}}],"collection":[{"href":"https:\/\/www.laterredufutur.com\/accueil\/wp-json\/wp\/v2\/posts"}],"about":[{"href":"https:\/\/www.laterredufutur.com\/accueil\/wp-json\/wp\/v2\/types\/post"}],"author":[{"embeddable":true,"href":"https:\/\/www.laterredufutur.com\/accueil\/wp-json\/wp\/v2\/users\/1"}],"replies":[{"embeddable":true,"href":"https:\/\/www.laterredufutur.com\/accueil\/wp-json\/wp\/v2\/comments?post=4869"}],"version-history":[{"count":1,"href":"https:\/\/www.laterredufutur.com\/accueil\/wp-json\/wp\/v2\/posts\/4869\/revisions"}],"predecessor-version":[{"id":4871,"href":"https:\/\/www.laterredufutur.com\/accueil\/wp-json\/wp\/v2\/posts\/4869\/revisions\/4871"}],"wp:featuredmedia":[{"embeddable":true,"href":"https:\/\/www.laterredufutur.com\/accueil\/wp-json\/wp\/v2\/media\/4870"}],"wp:attachment":[{"href":"https:\/\/www.laterredufutur.com\/accueil\/wp-json\/wp\/v2\/media?parent=4869"}],"wp:term":[{"taxonomy":"category","embeddable":true,"href":"https:\/\/www.laterredufutur.com\/accueil\/wp-json\/wp\/v2\/categories?post=4869"},{"taxonomy":"post_tag","embeddable":true,"href":"https:\/\/www.laterredufutur.com\/accueil\/wp-json\/wp\/v2\/tags?post=4869"}],"curies":[{"name":"wp","href":"https:\/\/api.w.org\/{rel}","templated":true}]}}