{"id":4774,"date":"2009-02-18T19:18:57","date_gmt":"2009-02-18T17:18:57","guid":{"rendered":"http:\/\/www.laterredufutur.com\/accueil1\/?p=4774"},"modified":"2015-04-13T19:20:25","modified_gmt":"2015-04-13T17:20:25","slug":"les-mines-duranium-francaises-en-accusation","status":"publish","type":"post","link":"https:\/\/www.laterredufutur.com\/accueil\/les-mines-duranium-francaises-en-accusation\/","title":{"rendered":"Les mines d&rsquo;uranium fran\u00e7aises en accusation"},"content":{"rendered":"<div class=\"1665f18d14f35dd9e7566e1a8ac9a3e9\" data-index=\"1\" style=\"float: none; margin:10px 0 10px 0; text-align:center;\">\n<script async src=\"https:\/\/pagead2.googlesyndication.com\/pagead\/js\/adsbygoogle.js\"><\/script>\r\n<ins class=\"adsbygoogle\"\r\n     style=\"display:block; text-align:center;\"\r\n     data-ad-layout=\"in-article\"\r\n     data-ad-format=\"fluid\"\r\n     data-ad-client=\"ca-pub-2860849627502538\"\r\n     data-ad-slot=\"3019501113\"><\/ins>\r\n<script>\r\n     (adsbygoogle = window.adsbygoogle || []).push({});\r\n<\/script>\n<\/div>\n<p align=\"justify\"><span style=\"font-size: small;\">Avant m\u00eame sa diffusion, mercredi 11 f\u00e9vrier, sur France 3, le magazine \u00ab\u00a0Pi\u00e8ces \u00e0 conviction\u00a0\u00bb aura mis en \u00e9moi le monde du nucl\u00e9aire. Intitul\u00e9e Uranium, le scandale de la France contamin\u00e9e, cette enqu\u00eate d\u00e9crit les lacunes entourant la gestion, par Areva, des 210 sites miniers d&rsquo;uranium fran\u00e7ais, dont le dernier a ferm\u00e9 en 2001. Les 166 millions de tonnes de \u00ab\u00a0st\u00e9riles\u00a0\u00bb (roches \u00e0 trop faible teneur en uranium pour \u00eatre exploit\u00e9es), mais aussi les 50 millions de tonnes de r\u00e9sidus issus des usines d&rsquo;extraction, stock\u00e9s sur 17 sites miniers, constituent un h\u00e9ritage encombrant.<\/span><\/p>\n<p align=\"justify\"><span style=\"font-size: small;\">L&rsquo;\u00e9mission d\u00e9crit des situations pr\u00e9occupantes : utilisation de st\u00e9riles radioactifs comme remblais dans des zones fr\u00e9quent\u00e9es par le public ; fuites dans l&rsquo;environnement de radio\u00e9l\u00e9ments issus des r\u00e9sidus ; construction sur des zones \u00ab\u00a0r\u00e9habilit\u00e9es\u00a0\u00bb de b\u00e2timents qui se r\u00e9v\u00e8lent contamin\u00e9s au radon, un gaz radioactif&#8230; Le documentaire s&rsquo;interroge aussi sur l&rsquo;\u00e9tat de sant\u00e9 des mineurs charg\u00e9s de l&rsquo;extraction des roches radioactives : les d\u00e9c\u00e8s par cancer du poumon sont 40 % plus \u00e9lev\u00e9s que dans une population comparable, et ceux par cancer du rein deux fois plus nombreux.<\/span><\/p>\n<p align=\"justify\"><span style=\"font-size: small;\">COMPTEURS GEIGER<\/span><\/p>\n<p align=\"justify\"><span style=\"font-size: small;\">L&rsquo;enqu\u00eate s&rsquo;appuie notamment sur le travail de fourmi de particuliers qui, arm\u00e9s de compteurs Geiger, arpentent les environs des anciennes mines pour identifier les zones o\u00f9 les st\u00e9riles ont \u00e9t\u00e9 r\u00e9utilis\u00e9s par des entrepreneurs de travaux publics. Elle s&rsquo;est aussi beaucoup nourrie de l&rsquo;expertise de la Commission de recherche et d&rsquo;information ind\u00e9pendantes sur la radioactivit\u00e9 (Criirad), un laboratoire de mesure ind\u00e9pendant.<\/span><\/p>\n<p align=\"justify\"><span style=\"font-size: small;\">Les associations ont obtenu quelques succ\u00e8s. Autour du site des Bois-Noirs (Loire et Allier), Areva a d\u00fb traiter plusieurs sites o\u00f9 des b\u00e2timents, construits sur des remblais radioactifs, pr\u00e9sentaient des taux de radon alarmants. Mais elles ont aussi perdu des batailles, comme en 2005, lorsque Areva, accus\u00e9e de polluer l&rsquo;environnement dans le Limousin, a \u00e9t\u00e9 mise hors de cause par la justice.<\/span><\/p>\n<p align=\"justify\"><span style=\"font-size: small;\">Bruno Chareyron, directeur scientifique de la Criirad, est las de ce jeu du chat et de la souris. Il r\u00e9clame une r\u00e9glementation nationale fixant un niveau de risque r\u00e9siduel acceptable. Il estime que, m\u00eame s&rsquo;il s&rsquo;agit le plus souvent de \u00ab\u00a0tr\u00e8s faibles doses\u00a0\u00bb, les m\u00e9thodes de mesure et les seuils retenus par l&rsquo;administration ne sont pas ad\u00e9quats. Ses pr\u00e9conisations ? Informer le public de la pr\u00e9sence de ces mati\u00e8res radioactives ; se donner les moyens de conserver sur le long terme les informations concernant les sites ; traiter ceux-ci, \u00ab\u00a0sachant que leur responsable, Areva, est connu et solvable\u00a0\u00bb.<\/span><\/p><div class=\"1665f18d14f35dd9e7566e1a8ac9a3e9\" data-index=\"2\" style=\"float: none; margin:10px 0 10px 0; text-align:center;\">\n<script async src=\"https:\/\/pagead2.googlesyndication.com\/pagead\/js\/adsbygoogle.js\"><\/script>\r\n<ins class=\"adsbygoogle\"\r\n     style=\"display:block; text-align:center;\"\r\n     data-ad-layout=\"in-article\"\r\n     data-ad-format=\"fluid\"\r\n     data-ad-client=\"ca-pub-2860849627502538\"\r\n     data-ad-slot=\"3019501113\"><\/ins>\r\n<script>\r\n     (adsbygoogle = window.adsbygoogle || []).push({});\r\n<\/script>\n<\/div>\n\n<p align=\"justify\"><span style=\"font-size: small;\">Co\u00efncidence ? Quelques jours avant la diffusion de \u00ab\u00a0Pi\u00e8ces \u00e0 conviction\u00a0\u00bb, l&rsquo;Institut de radioprotection et de s\u00fbret\u00e9 nucl\u00e9aire (IRSN) a mis en ligne une base de donn\u00e9es sur les sites miniers incrimin\u00e9s. L&rsquo;IRSN a aussi publi\u00e9, lundi 9 f\u00e9vrier, un rapport sur les anciens sites miniers du Limousin. A partir de 1984, la Cogema (d\u00e9nomination ant\u00e9rieure d&rsquo;Areva) a mis en place un syst\u00e8me visant \u00e0 encadrer l&rsquo;utilisation des st\u00e9riles, interdisant leur usage dans les b\u00e2timents. Cette d\u00e9marche \u00ab\u00a0pertinente\u00a0\u00bb, note l&rsquo;IRSN, pr\u00e9sentait des limites : \u00ab\u00a0Manque de pr\u00e9cisions concernant certaines cessions, absence de v\u00e9rification sur les lieux de r\u00e9utilisation en particulier.\u00a0\u00bb Pour la p\u00e9riode ant\u00e9rieure, la situation est plus n\u00e9buleuse.<\/span><\/p>\n<p align=\"justify\"><span style=\"font-size: small;\">\u00ab\u00a0Jusqu&rsquo;\u00e0 pr\u00e9sent, nous n&rsquo;avons pas trouv\u00e9 de situation de danger imm\u00e9diat ou majeur\u00a0\u00bb, rassure Andr\u00e9-Claude Lacoste, \u00ab\u00a0patron\u00a0\u00bb de l&rsquo;Autorit\u00e9 de s\u00fbret\u00e9 nucl\u00e9aire (ASN). Il note que les r\u00e9sidus seront incorpor\u00e9s au prochain Plan national de gestion des mati\u00e8res et d\u00e9chets radioactifs. Quant aux st\u00e9riles, ils constituent selon lui un probl\u00e8me \u00ab\u00a0plus diffus\u00a0\u00bb, pour lequel la \u00ab\u00a0m\u00e9moire locale\u00a0\u00bb devra \u00eatre mise \u00e0 contribution.<\/span><\/p>\n<p align=\"justify\"><span style=\"font-size: small;\">Pour sa part, Areva, qui avait saisi le Conseil sup\u00e9rieur de l&rsquo;audiovisuel contre une \u00e9mission suppos\u00e9e \u00ab\u00a0\u00e0 charge\u00a0\u00bb, se d\u00e9fend de n\u00e9gliger ces questions. \u00ab\u00a0On n&rsquo;est pas dans le cach\u00e9, dans le non-su\u00a0\u00bb, assure Yves Dufour, porte-parole des activit\u00e9s mini\u00e8res du groupe. Il en veut pour preuve la mise en place, dans le Limousin, d&rsquo;un groupe d&rsquo;expertise pluraliste (GEP), qui \u00e9tudie la situation depuis 2006.<\/span><\/p>\n<p align=\"justify\"><span style=\"font-size: small;\">Yves Marignac, directeur de Wise-Paris, un expert peu suspect de complaisance vis-\u00e0-vis du nucl\u00e9aire, participe activement au GEP, et note que celui-ci constitue en effet une \u00ab\u00a0premi\u00e8re\u00a0\u00bb. Mais pour les r\u00e9sidus, \u00ab\u00a0il est encore trop t\u00f4t pour dire si nous pourrons d\u00e9gager des solutions satisfaisantes \u00e0 long terme pour ces sites, lorsque l&rsquo;exploitant s&rsquo;effacera\u00a0\u00bb, dit-il.<\/span><\/p>\n<p align=\"justify\"><span style=\"font-size: small;\">source : <a href=\"http:\/\/www.lemonde.fr\/\">http:\/\/www.lemonde.fr\/<\/a><\/span><\/p>\n<p class=\"bawpvc-ajax-counter\" data-id=\"4774\">(395)<\/p>\n<!--CusAds0-->\n<div style=\"font-size: 0px; height: 0px; line-height: 0px; margin: 0; padding: 0; clear: both;\"><\/div>","protected":false},"excerpt":{"rendered":"<p>Avant m\u00eame sa diffusion, mercredi 11 f\u00e9vrier, sur France 3, le magazine \u00ab\u00a0Pi\u00e8ces \u00e0 conviction\u00a0\u00bb aura mis en \u00e9moi le&#8230;<\/p>\n","protected":false},"author":1,"featured_media":4775,"comment_status":"open","ping_status":"open","sticky":false,"template":"","format":"standard","meta":{"_exactmetrics_skip_tracking":false,"_exactmetrics_sitenote_active":false,"_exactmetrics_sitenote_note":"","_exactmetrics_sitenote_category":0,"ngg_post_thumbnail":0,"jetpack_post_was_ever_published":false,"_jetpack_newsletter_access":"","_jetpack_dont_email_post_to_subs":false,"_jetpack_newsletter_tier_id":0,"_jetpack_memberships_contains_paywalled_content":false,"_jetpack_memberships_contains_paid_content":false,"footnotes":"","jetpack_publicize_message":"","jetpack_publicize_feature_enabled":true,"jetpack_social_post_already_shared":false,"jetpack_social_options":{"image_generator_settings":{"template":"highway","default_image_id":0,"font":"","enabled":false},"version":2}},"categories":[28],"tags":[54,3580,56,3579,97,3578,3577],"class_list":["post-4774","post","type-post","status-publish","format-standard","has-post-thumbnail","hentry","category-pollution","tag-carte","tag-dechets-radioactifs","tag-france","tag-matieres","tag-nucleaire","tag-parc","tag-uranium","wpcat-28-id"],"jetpack_publicize_connections":[],"jetpack_featured_media_url":"https:\/\/i0.wp.com\/www.laterredufutur.com\/accueil\/wp-content\/uploads\/2015\/04\/mimosa_carte.gif?fit=455%2C414&ssl=1","jetpack_shortlink":"https:\/\/wp.me\/p631RN-1f0","jetpack-related-posts":[{"id":4494,"url":"https:\/\/www.laterredufutur.com\/accueil\/360-kg-duranium-dans-la-nature\/","url_meta":{"origin":4774,"position":0},"title":"360 kg d&rsquo;uranium dans la nature","author":"Admin","date":"8 juillet 2008","format":false,"excerpt":"Reuters - La consommation d'eau potable, la p\u00eache, la baignade et l'irrigation ont \u00e9t\u00e9 interdites dans trois communes du Vaucluse apr\u00e8s un rejet accidentel d'uranium sur le site nucl\u00e9aire du Tricastin, apprend-on aupr\u00e8s des pr\u00e9fectures du Vaucluse et de la Dr\u00f4me et de l'Autorit\u00e9 de s\u00fbret\u00e9 nucl\u00e9aire (ASN). Le R\u00e9seau\u2026","rel":"","context":"Dans &quot;Pollution&quot;","block_context":{"text":"Pollution","link":"https:\/\/www.laterredufutur.com\/accueil\/sujets\/pollution\/"},"img":{"alt_text":"","src":"https:\/\/i0.wp.com\/www.laterredufutur.com\/accueil\/wp-content\/uploads\/2015\/04\/centrale1.jpg?fit=500%2C333&ssl=1&resize=350%2C200","width":350,"height":200},"classes":[]},{"id":27376,"url":"https:\/\/www.laterredufutur.com\/accueil\/la-chine-developpe-une-prouesse-technologique-recyclage-de-son-propre-uranium\/","url_meta":{"origin":4774,"position":1},"title":"La Chine d\u00e9veloppe une prouesse technologique : Recyclage de son propre uranium","author":"Admin","date":"21 octobre 2025","format":false,"excerpt":"La Chine r\u00e9volutionne le paysage \u00e9nerg\u00e9tique mondial avec ses r\u00e9acteurs nucl\u00e9aires \u00e0 neutrons rapides, promettant une \u00e9nergie plus propre et plus s\u00fbre. La Chine continue de surprendre le monde avec ses avanc\u00e9es spectaculaires dans le domaine de l\u2019\u00e9nergie nucl\u00e9aire. Le pays a r\u00e9cemment annonc\u00e9 des progr\u00e8s notables dans le d\u00e9veloppement\u2026","rel":"","context":"Dans &quot;Solutions&quot;","block_context":{"text":"Solutions","link":"https:\/\/www.laterredufutur.com\/accueil\/sujets\/solutions\/"},"img":{"alt_text":"","src":"https:\/\/i0.wp.com\/www.laterredufutur.com\/accueil\/wp-content\/uploads\/2025\/10\/centrale-electrique.jpg?fit=1024%2C1024&ssl=1&resize=350%2C200","width":350,"height":200,"srcset":"https:\/\/i0.wp.com\/www.laterredufutur.com\/accueil\/wp-content\/uploads\/2025\/10\/centrale-electrique.jpg?fit=1024%2C1024&ssl=1&resize=350%2C200 1x, https:\/\/i0.wp.com\/www.laterredufutur.com\/accueil\/wp-content\/uploads\/2025\/10\/centrale-electrique.jpg?fit=1024%2C1024&ssl=1&resize=525%2C300 1.5x, https:\/\/i0.wp.com\/www.laterredufutur.com\/accueil\/wp-content\/uploads\/2025\/10\/centrale-electrique.jpg?fit=1024%2C1024&ssl=1&resize=700%2C400 2x"},"classes":[]},{"id":22517,"url":"https:\/\/www.laterredufutur.com\/accueil\/inquietudes-a-tchernobyl-nouvelles-reactions-nucleaires-en-cours\/","url_meta":{"origin":4774,"position":2},"title":"Inqui\u00e9tudes \u00e0 Tchernobyl, nouvelles r\u00e9actions nucl\u00e9aires en cours","author":"Admin","date":"13 mai 2021","format":false,"excerpt":"35 ans apr\u00e8s le terrible accident qui a provoqu\u00e9 la destruction de la centrale nucl\u00e9aire de Tchernobyl, des scientifiques ont d\u00e9couvert que des r\u00e9actions nucl\u00e9aires potentiellement dangereuses continuent de se produire \u00e0 l\u2019int\u00e9rieur, rapportait Science Magazine le 5 mai 2021. Suite \u00e0 l\u2019accident de 1986, des morceaux d\u2019uranium sont rest\u00e9s\u2026","rel":"","context":"Dans &quot;Pollution&quot;","block_context":{"text":"Pollution","link":"https:\/\/www.laterredufutur.com\/accueil\/sujets\/pollution\/"},"img":{"alt_text":"","src":"https:\/\/i0.wp.com\/www.laterredufutur.com\/accueil\/wp-content\/uploads\/2021\/05\/Tchernobyl-centrale-nucleaire-arche.jpg?fit=1200%2C675&ssl=1&resize=350%2C200","width":350,"height":200,"srcset":"https:\/\/i0.wp.com\/www.laterredufutur.com\/accueil\/wp-content\/uploads\/2021\/05\/Tchernobyl-centrale-nucleaire-arche.jpg?fit=1200%2C675&ssl=1&resize=350%2C200 1x, https:\/\/i0.wp.com\/www.laterredufutur.com\/accueil\/wp-content\/uploads\/2021\/05\/Tchernobyl-centrale-nucleaire-arche.jpg?fit=1200%2C675&ssl=1&resize=525%2C300 1.5x, https:\/\/i0.wp.com\/www.laterredufutur.com\/accueil\/wp-content\/uploads\/2021\/05\/Tchernobyl-centrale-nucleaire-arche.jpg?fit=1200%2C675&ssl=1&resize=700%2C400 2x, https:\/\/i0.wp.com\/www.laterredufutur.com\/accueil\/wp-content\/uploads\/2021\/05\/Tchernobyl-centrale-nucleaire-arche.jpg?fit=1200%2C675&ssl=1&resize=1050%2C600 3x"},"classes":[]},{"id":21779,"url":"https:\/\/www.laterredufutur.com\/accueil\/la-nasa-etudie-de-futures-fusees-nucleaires\/","url_meta":{"origin":4774,"position":3},"title":"La Nasa \u00e9tudie de futures fus\u00e9es nucl\u00e9aires","author":"Admin","date":"4 janvier 2021","format":false,"excerpt":"L'id\u00e9e des moteurs de fus\u00e9e nucl\u00e9aires remonte aux ann\u00e9es 1940. Malgr\u00e9 toute la controverse qu'ils suscitent sur Terre, les r\u00e9acteurs nucl\u00e9aires peuvent produire l'\u00e9nergie et la propulsion n\u00e9cessaires pour transporter rapidement de gros engins spatiaux vers Mars, et m\u00eame au-del\u00e0. Depuis quelques ann\u00e9es, de nouveaux concepts prometteurs de propulsions nucl\u00e9aires\u2026","rel":"","context":"Dans &quot;Espace&quot;","block_context":{"text":"Espace","link":"https:\/\/www.laterredufutur.com\/accueil\/sujets\/espace\/"},"img":{"alt_text":"","src":"https:\/\/i0.wp.com\/www.laterredufutur.com\/accueil\/wp-content\/uploads\/2019\/10\/fus%C3%A9e-nucl%C3%A9aire-mars-nasa-2.jpg?fit=1200%2C675&ssl=1&resize=350%2C200","width":350,"height":200,"srcset":"https:\/\/i0.wp.com\/www.laterredufutur.com\/accueil\/wp-content\/uploads\/2019\/10\/fus%C3%A9e-nucl%C3%A9aire-mars-nasa-2.jpg?fit=1200%2C675&ssl=1&resize=350%2C200 1x, https:\/\/i0.wp.com\/www.laterredufutur.com\/accueil\/wp-content\/uploads\/2019\/10\/fus%C3%A9e-nucl%C3%A9aire-mars-nasa-2.jpg?fit=1200%2C675&ssl=1&resize=525%2C300 1.5x, https:\/\/i0.wp.com\/www.laterredufutur.com\/accueil\/wp-content\/uploads\/2019\/10\/fus%C3%A9e-nucl%C3%A9aire-mars-nasa-2.jpg?fit=1200%2C675&ssl=1&resize=700%2C400 2x, https:\/\/i0.wp.com\/www.laterredufutur.com\/accueil\/wp-content\/uploads\/2019\/10\/fus%C3%A9e-nucl%C3%A9aire-mars-nasa-2.jpg?fit=1200%2C675&ssl=1&resize=1050%2C600 3x"},"classes":[]},{"id":19256,"url":"https:\/\/www.laterredufutur.com\/accueil\/la-premiere-centrale-nucleaire-flottante-du-monde-a-pris-le-large\/","url_meta":{"origin":4774,"position":4},"title":"La premi\u00e8re centrale nucl\u00e9aire flottante du monde a pris le large","author":"Admin","date":"15 juillet 2019","format":false,"excerpt":"La Russie fait prendre la mer \u00e0 la premi\u00e8re centrale nucl\u00e9aire flottante du monde. Ses r\u00e9acteurs seront bient\u00f4t dot\u00e9s de leur combustible \u00e0 base d'uranium afin, en 2019, d'alimenter en \u00e9lectricit\u00e9 100.000 habitants \u00e0 partir d'un port en Sib\u00e9rie. Les d\u00e9fenseurs de l'environnement d\u00e9noncent les risques d'un tel projet. Est-ce\u2026","rel":"","context":"Dans &quot;Divers&quot;","block_context":{"text":"Divers","link":"https:\/\/www.laterredufutur.com\/accueil\/sujets\/divers\/"},"img":{"alt_text":"","src":"https:\/\/i0.wp.com\/www.laterredufutur.com\/accueil\/wp-content\/uploads\/2019\/06\/centrale-nucleaire-flottante.jpg?fit=850%2C478&ssl=1&resize=350%2C200","width":350,"height":200,"srcset":"https:\/\/i0.wp.com\/www.laterredufutur.com\/accueil\/wp-content\/uploads\/2019\/06\/centrale-nucleaire-flottante.jpg?fit=850%2C478&ssl=1&resize=350%2C200 1x, https:\/\/i0.wp.com\/www.laterredufutur.com\/accueil\/wp-content\/uploads\/2019\/06\/centrale-nucleaire-flottante.jpg?fit=850%2C478&ssl=1&resize=525%2C300 1.5x, https:\/\/i0.wp.com\/www.laterredufutur.com\/accueil\/wp-content\/uploads\/2019\/06\/centrale-nucleaire-flottante.jpg?fit=850%2C478&ssl=1&resize=700%2C400 2x"},"classes":[]},{"id":1709,"url":"https:\/\/www.laterredufutur.com\/accueil\/un-monde-qui-repose-sur-lenergie\/","url_meta":{"origin":4774,"position":5},"title":"Un monde qui repose sur l&rsquo;Energie","author":"Admin","date":"29 d\u00e9cembre 2013","format":false,"excerpt":"Notre civilisation a connu des bons technologiques \u00e0 chaque nouvelle \u00e9nergie trouv\u00e9e. Nous sommes ainsi pass\u00e9s de l'\u00e9nergie des biomasses peu dense pour aller vers celle du nucl\u00e9aire, plus s\u00fbre qu'on pourrait le croire. Les \u00e9nergies de la biomasse, que nous \u00e9valuons \u00e0 4 000 en production d\u2019\u00e9nergie th\u00e9orique, avec\u2026","rel":"","context":"Dans &quot;Monde Futur&quot;","block_context":{"text":"Monde Futur","link":"https:\/\/www.laterredufutur.com\/accueil\/sujets\/monde-futur\/"},"img":{"alt_text":"chaleur soleil","src":"https:\/\/i0.wp.com\/www.laterredufutur.com\/accueil\/wp-content\/uploads\/2013\/07\/chaleur-soleil.jpg?fit=456%2C290&ssl=1&resize=350%2C200","width":350,"height":200},"classes":[]}],"jetpack_sharing_enabled":true,"_links":{"self":[{"href":"https:\/\/www.laterredufutur.com\/accueil\/wp-json\/wp\/v2\/posts\/4774","targetHints":{"allow":["GET"]}}],"collection":[{"href":"https:\/\/www.laterredufutur.com\/accueil\/wp-json\/wp\/v2\/posts"}],"about":[{"href":"https:\/\/www.laterredufutur.com\/accueil\/wp-json\/wp\/v2\/types\/post"}],"author":[{"embeddable":true,"href":"https:\/\/www.laterredufutur.com\/accueil\/wp-json\/wp\/v2\/users\/1"}],"replies":[{"embeddable":true,"href":"https:\/\/www.laterredufutur.com\/accueil\/wp-json\/wp\/v2\/comments?post=4774"}],"version-history":[{"count":1,"href":"https:\/\/www.laterredufutur.com\/accueil\/wp-json\/wp\/v2\/posts\/4774\/revisions"}],"predecessor-version":[{"id":4776,"href":"https:\/\/www.laterredufutur.com\/accueil\/wp-json\/wp\/v2\/posts\/4774\/revisions\/4776"}],"wp:featuredmedia":[{"embeddable":true,"href":"https:\/\/www.laterredufutur.com\/accueil\/wp-json\/wp\/v2\/media\/4775"}],"wp:attachment":[{"href":"https:\/\/www.laterredufutur.com\/accueil\/wp-json\/wp\/v2\/media?parent=4774"}],"wp:term":[{"taxonomy":"category","embeddable":true,"href":"https:\/\/www.laterredufutur.com\/accueil\/wp-json\/wp\/v2\/categories?post=4774"},{"taxonomy":"post_tag","embeddable":true,"href":"https:\/\/www.laterredufutur.com\/accueil\/wp-json\/wp\/v2\/tags?post=4774"}],"curies":[{"name":"wp","href":"https:\/\/api.w.org\/{rel}","templated":true}]}}