{"id":4768,"date":"2009-02-13T19:14:33","date_gmt":"2009-02-13T17:14:33","guid":{"rendered":"http:\/\/www.laterredufutur.com\/accueil1\/?p=4768"},"modified":"2015-04-13T19:16:28","modified_gmt":"2015-04-13T17:16:28","slug":"wanted-lamerique-traque-ses-criminels-environnementaux","status":"publish","type":"post","link":"https:\/\/www.laterredufutur.com\/accueil\/wanted-lamerique-traque-ses-criminels-environnementaux\/","title":{"rendered":"Wanted : l&rsquo;Amerique traque ses criminels environnementaux"},"content":{"rendered":"<div class=\"1665f18d14f35dd9e7566e1a8ac9a3e9\" data-index=\"1\" style=\"float: none; margin:10px 0 10px 0; text-align:center;\">\n<script async src=\"https:\/\/pagead2.googlesyndication.com\/pagead\/js\/adsbygoogle.js\"><\/script>\r\n<ins class=\"adsbygoogle\"\r\n     style=\"display:block; text-align:center;\"\r\n     data-ad-layout=\"in-article\"\r\n     data-ad-format=\"fluid\"\r\n     data-ad-client=\"ca-pub-2860849627502538\"\r\n     data-ad-slot=\"3019501113\"><\/ins>\r\n<script>\r\n     (adsbygoogle = window.adsbygoogle || []).push({});\r\n<\/script>\n<\/div>\n<p>Depuis la cr\u00e9ation du site de la Terre du Futur en 2003, le site pr\u00f4nait pour la cr\u00e9ation de poursuites contre les criminels pollueurs environnementaux. Il semble que nous y sommes arriv\u00e9s aujourd&rsquo;hui.<\/p>\n<p>La solution ne pouvait venir que des USA, grandement responsable de situations \u00e0 travers le monde. L&rsquo;exemple devait \u00e9galement venir de ce pays, \u00e9tant donn\u00e9, qu&rsquo;ils sont la premi\u00e8re puissance \u00e9conomique mondiale.<\/p>\n<p>Depuis d\u00e9cembre 2008, le minist\u00e8re de l&rsquo;Environnement am\u00e9ricain a d\u00e9voil\u00e9 la liste des plus grands criminels contre l&rsquo;environnement du pays, d\u00e9sormais recherch\u00e9s.<\/p>\n<p>Apr\u00e8s les terroristes et les meurtriers, les chasseurs de prime americains poursuivent une nouvelle espece de brigands. Fin 2008, le site de l&rsquo;Environnemental Protection Agency (<a href=\"http:\/\/www.epa.gov\/\">EPA<\/a>) a expos\u00e9 les portraits des criminels de l&rsquo;environnement les plus recherch\u00e9s du pays. Un proced\u00e9 qui peut faire sourire, mais qui est pris tr\u00e8s au serieux par l&rsquo;institution, lanc\u00e9e dans la lutte contre les pollutions et fraudes en Amerique. Car les contaminations des eaux et des sols, l&rsquo;utilisation de produits toxiques interdits, les fraudes fiscales, le blanchiment d&rsquo;argent, le d\u00e9tournement de fonds et la conspiration se multiplient sur le front environnemental.<\/p>\n<p>Age de 48 ans, Raul Chavez-Beltran est l&rsquo;un des 23 \u00ab\u00a0most wanted\u00a0\u00bb de la liste. Cet ancien responsable du district d&rsquo;El Paso, au Texas est accus\u00e9 par le gouvernement d&rsquo;avoir profit\u00e9 de son poste pour importer illegalement et r\u00e9pandre du mercure sur le sol americain. Larkin Baggett, chimiste de l&rsquo;Utah est, quant a lui, coupable de traitement et d&rsquo;\u00e9limination ill\u00e9gaux de d\u00e9chets dangereux, ainsi que du rejet dans les \u00e9gouts d&rsquo;acides de dechets chimiques. D\u00e9crit comme dangereux et arm\u00e9, l&rsquo;homme est en cavale depuis 2007, depuis qu&rsquo;il a fui son proc\u00e9s. Parmi ces criminels de l&rsquo;environnement, deux ont \u00e9t\u00e9 captur\u00e9s en 2008 et remis aux autorit\u00e9s.<\/p><div class=\"1665f18d14f35dd9e7566e1a8ac9a3e9\" data-index=\"2\" style=\"float: none; margin:10px 0 10px 0; text-align:center;\">\n<script async src=\"https:\/\/pagead2.googlesyndication.com\/pagead\/js\/adsbygoogle.js\"><\/script>\r\n<ins class=\"adsbygoogle\"\r\n     style=\"display:block; text-align:center;\"\r\n     data-ad-layout=\"in-article\"\r\n     data-ad-format=\"fluid\"\r\n     data-ad-client=\"ca-pub-2860849627502538\"\r\n     data-ad-slot=\"3019501113\"><\/ins>\r\n<script>\r\n     (adsbygoogle = window.adsbygoogle || []).push({});\r\n<\/script>\n<\/div>\n\n<p><strong>En France, Nice a debut\u00e9 l&rsquo;application stricte de sanctions, en juin 2008<\/strong><\/p>\n<p>D&rsquo;un \u00ab\u00a0ridicule achev\u00e9\u00a0\u00bb, selon certains \u00e9cologistes americains, cette initiative serait la derniere de George Bush en faveur de la protection de l&rsquo;environnement. Mais ces fugitifs, pour la plupart hors du territoire, seraient desormais introuvables, ce qui en ferait des boucs \u00e9missaires tout trouv\u00e9s. \u00ab\u00a0Tandis que de grosses multinationales polluent, 23 personnes sont recherch\u00e9es pour toutes les exactions commises aux Etats-Unis, c&rsquo;est une blague\u00a0\u00bb, s&rsquo;indigne un blogueur sur <a href=\"http:\/\/www.plentymag.com\/thecurrent\/2008\/12\/editorial_epas_fugitive_list_t.php\">Plenty, the world in green<\/a>.<\/p>\n<p>En France, la ville de Nice a inaugur\u00e9 la premiere police verte du pays. La \u00ab\u00a0brigade verte\u00a0\u00bb traite les atteintes a l&rsquo;environnement et au cadre de vie. Educative et r\u00e9pressive, cette police peut verbaliser les habitants\u00a0\u00e0 hauteur de 1 500 euros. Pour un jet de papier ou de m\u00e9got au sol, la loi a pr\u00e9vu une amende allant de 35 a 150 euros. Les d\u00e9jections canines, affichages sauvages, d\u00e9passements des terrasses ou ventes\u00a0\u00e0 la sauvette ne sont pas plus \u00e9pargnes. Apres une phase d&rsquo;information et de pr\u00e9vention, la Mairie de Nice a d\u00e9but\u00e9 l&rsquo;application stricte des sanctions, en juin 2008.<\/p>\n<p>&nbsp;<\/p>\n<p>Tandis que la gouvernance environnementale est une des grandes probl\u00e9matiques de reflexion de l&rsquo;annee 2009, chaque pays con\u00e7oit sa m\u00e9thode de repression des pollueurs. Restent des vides juridiques qu&rsquo;il faut combler, pour que les criminels de l&rsquo;environnement soient passibles de sanctions r\u00e9elles.<\/p>\n<p>&nbsp;<\/p>\n<p>Ecolife,<\/p>\n<p>Marie Varasson<\/p>\n<p>&nbsp;<\/p>\n<p><strong>Pour en savoir plus :<\/strong><\/p>\n<p>Site de l&rsquo;<a href=\"http:\/\/www.epa.gov\/\">US Environmental Protection Agency<\/a><\/p>\n<p>&nbsp;<\/p>\n<p><a href=\"http:\/\/www.ecolife.fr\/wanted_l_amerique_traque_ses_criminels_environnementaux.php\">http:\/\/www.ecolife.fr\/wanted_l_amerique_traque_ses_criminels_environnementaux.php<\/a><\/p>\n<p class=\"bawpvc-ajax-counter\" data-id=\"4768\">(169)<\/p>\n<!--CusAds0-->\n<div style=\"font-size: 0px; height: 0px; line-height: 0px; margin: 0; padding: 0; clear: both;\"><\/div>","protected":false},"excerpt":{"rendered":"<p>Depuis la cr\u00e9ation du site de la Terre du Futur en 2003, le site pr\u00f4nait pour la cr\u00e9ation de poursuites&#8230;<\/p>\n","protected":false},"author":1,"featured_media":4769,"comment_status":"open","ping_status":"open","sticky":false,"template":"","format":"standard","meta":{"_exactmetrics_skip_tracking":false,"_exactmetrics_sitenote_active":false,"_exactmetrics_sitenote_note":"","_exactmetrics_sitenote_category":0,"ngg_post_thumbnail":0,"jetpack_post_was_ever_published":false,"_jetpack_newsletter_access":"","_jetpack_dont_email_post_to_subs":false,"_jetpack_newsletter_tier_id":0,"_jetpack_memberships_contains_paywalled_content":false,"_jetpack_memberships_contains_paid_content":false,"footnotes":"","jetpack_publicize_message":"","jetpack_publicize_feature_enabled":true,"jetpack_social_post_already_shared":false,"jetpack_social_options":{"image_generator_settings":{"template":"highway","default_image_id":0,"font":"","enabled":false},"version":2}},"categories":[28],"tags":[3575,42,2902,43,202,3574],"class_list":["post-4768","post","type-post","status-publish","format-standard","has-post-thumbnail","hentry","category-pollution","tag-criminels","tag-ecologie","tag-pollueurs","tag-pollution","tag-recherche","tag-wanted","wpcat-28-id"],"jetpack_publicize_connections":[],"jetpack_featured_media_url":"https:\/\/i0.wp.com\/www.laterredufutur.com\/accueil\/wp-content\/uploads\/2015\/04\/wanted.jpg?fit=200%2C299&ssl=1","jetpack_shortlink":"https:\/\/wp.me\/p631RN-1eU","jetpack-related-posts":[{"id":3551,"url":"https:\/\/www.laterredufutur.com\/accueil\/pollution-de-nos-assiettes-par-les-pesticides-il-est-temps-dagir\/","url_meta":{"origin":4768,"position":0},"title":"Pollution de nos assiettes par les pesticides, il est temps d&rsquo;agir","author":"Admin","date":"10 juillet 2006","format":false,"excerpt":"Ne serait-il pas temps d'agir de mani\u00e8re concr\u00e8te et efficace contre la pollution av\u00e9r\u00e9e et chronique de nos assiettes ... Des donn\u00e9es non encore publi\u00e9es de la Commission Europ\u00e9enne montrent que la contamination des aliments v\u00e9g\u00e9taux par les r\u00e9sidus de pesticides atteint un niveau record avec 47% des fruits et\u2026","rel":"","context":"Dans &quot;Pollution&quot;","block_context":{"text":"Pollution","link":"https:\/\/www.laterredufutur.com\/accueil\/sujets\/pollution\/"},"img":{"alt_text":"","src":"https:\/\/i0.wp.com\/www.laterredufutur.com\/spaw\/images\/pesticides_lawn.jpg?resize=350%2C200","width":350,"height":200},"classes":[]},{"id":4816,"url":"https:\/\/www.laterredufutur.com\/accueil\/a-new-york-les-anti-kyoto-denoncent-lalarmisme-environnementaliste\/","url_meta":{"origin":4768,"position":1},"title":"A New York, les anti-Kyoto denoncent &lsquo;l&rsquo;alarmisme environnementaliste&rsquo;","author":"Admin","date":"25 mars 2009","format":false,"excerpt":"Elle ne figure pas a l'agenda officiel des grandes reunions sur le climat, mais se targue du titre de \"Conference internationale sur le changement climatique\". Sa deuxieme edition s'est tenue a New York du 8 au 10 mars, avec comme invite de marque le president tcheque Vaclav Klaus, dont le\u2026","rel":"","context":"Dans &quot;Pollution&quot;","block_context":{"text":"Pollution","link":"https:\/\/www.laterredufutur.com\/accueil\/sujets\/pollution\/"},"img":{"alt_text":"","src":"https:\/\/i0.wp.com\/www.laterredufutur.com\/accueil\/wp-content\/uploads\/2015\/04\/new-york-city.jpg?fit=480%2C319&ssl=1&resize=350%2C200","width":350,"height":200},"classes":[]},{"id":22947,"url":"https:\/\/www.laterredufutur.com\/accueil\/aout-2021-les-incendies-ravagent-les-pays-mediterraneens\/","url_meta":{"origin":4768,"position":2},"title":"Ao\u00fbt 2021, les incendies ravagent les pays m\u00e9diterran\u00e9ens","author":"Admin","date":"20 ao\u00fbt 2021","format":false,"excerpt":"Des pays autour de la M\u00e9diterran\u00e9e sont en proie aux flammes. Sur l\u2019ensemble du pourtour m\u00e9diterran\u00e9en, des incendies ont ravag\u00e9 les terres. Le bassin m\u00e9diterran\u00e9en \u00e9tait touch\u00e9 ces deux derni\u00e8res semaines par des incendies, notamment en Gr\u00e8ce, en Turquie et en Alg\u00e9rie. Dans ce dernier pays, quelque 90 personnes sont\u2026","rel":"","context":"Dans &quot;Ev\u00e8nement Brutal&quot;","block_context":{"text":"Ev\u00e8nement Brutal","link":"https:\/\/www.laterredufutur.com\/accueil\/sujets\/evenement-brutal\/"},"img":{"alt_text":"","src":"https:\/\/i0.wp.com\/www.laterredufutur.com\/accueil\/wp-content\/uploads\/2021\/08\/incendie.jpg?fit=1200%2C675&ssl=1&resize=350%2C200","width":350,"height":200,"srcset":"https:\/\/i0.wp.com\/www.laterredufutur.com\/accueil\/wp-content\/uploads\/2021\/08\/incendie.jpg?fit=1200%2C675&ssl=1&resize=350%2C200 1x, https:\/\/i0.wp.com\/www.laterredufutur.com\/accueil\/wp-content\/uploads\/2021\/08\/incendie.jpg?fit=1200%2C675&ssl=1&resize=525%2C300 1.5x, https:\/\/i0.wp.com\/www.laterredufutur.com\/accueil\/wp-content\/uploads\/2021\/08\/incendie.jpg?fit=1200%2C675&ssl=1&resize=700%2C400 2x, https:\/\/i0.wp.com\/www.laterredufutur.com\/accueil\/wp-content\/uploads\/2021\/08\/incendie.jpg?fit=1200%2C675&ssl=1&resize=1050%2C600 3x"},"classes":[]},{"id":22899,"url":"https:\/\/www.laterredufutur.com\/accueil\/quand-la-plus-grande-decharge-de-pneus-au-monde-brule-au-koweit-veritable-catastrophe-environnementale\/","url_meta":{"origin":4768,"position":3},"title":"Quand la plus grande d\u00e9charge de pneus au monde br\u00fble au Koweit, v\u00e9ritable catastrophe environnementale !","author":"Admin","date":"11 ao\u00fbt 2021","format":false,"excerpt":"A l'heure, o\u00f9 on nous parle plus que jamais du nouveau rapport du GIEC et d'un r\u00e9chauffement climatique catastrophique \u00e0 venir, la plus grande d\u00e9charge de pneus au monde br\u00fble au Kowe\u00eft. La superficie totale de la d\u00e9charge est de 600 000 m\u00e8tres carr\u00e9s. La propagation du feu menace le\u2026","rel":"","context":"Dans &quot;Monde Futur&quot;","block_context":{"text":"Monde Futur","link":"https:\/\/www.laterredufutur.com\/accueil\/sujets\/monde-futur\/"},"img":{"alt_text":"","src":"https:\/\/i0.wp.com\/www.laterredufutur.com\/accueil\/wp-content\/uploads\/2021\/08\/pneus-koweit-1.jpg?fit=1000%2C625&ssl=1&resize=350%2C200","width":350,"height":200,"srcset":"https:\/\/i0.wp.com\/www.laterredufutur.com\/accueil\/wp-content\/uploads\/2021\/08\/pneus-koweit-1.jpg?fit=1000%2C625&ssl=1&resize=350%2C200 1x, https:\/\/i0.wp.com\/www.laterredufutur.com\/accueil\/wp-content\/uploads\/2021\/08\/pneus-koweit-1.jpg?fit=1000%2C625&ssl=1&resize=525%2C300 1.5x, https:\/\/i0.wp.com\/www.laterredufutur.com\/accueil\/wp-content\/uploads\/2021\/08\/pneus-koweit-1.jpg?fit=1000%2C625&ssl=1&resize=700%2C400 2x"},"classes":[]},{"id":3454,"url":"https:\/\/www.laterredufutur.com\/accueil\/pekin-vers-un-record-olympique\/","url_meta":{"origin":4768,"position":4},"title":"P\u00e9kin vers un record Olympique !","author":"Admin","date":"9 mai 2006","format":false,"excerpt":"P\u00e9kin sera-t-elle en mesure de proposer un air respirable pour les JO de 2008 ? A 2 ans des Jo, p\u00e9kin est en train de vivre son ann\u00e9e la plus catastrophique au niveau de la pollution atmosph\u00e9rique. Alors que la c\u00f4te d'alerte est fix\u00e9e en Europe \u00e0 50 micro grammes\u2026","rel":"","context":"Dans &quot;Pollution&quot;","block_context":{"text":"Pollution","link":"https:\/\/www.laterredufutur.com\/accueil\/sujets\/pollution\/"},"img":{"alt_text":"","src":"","width":0,"height":0},"classes":[]},{"id":11297,"url":"https:\/\/www.laterredufutur.com\/accueil\/victoire-des-lobbys-les-pollueurs-nauront-plus-rien-a-payer\/","url_meta":{"origin":4768,"position":5},"title":"Victoire des lobbys : les pollueurs n&rsquo;auront plus rien \u00e0 payer","author":"Admin","date":"3 mars 2016","format":false,"excerpt":"Voil\u00e0 une information des plus scandaleuse qui est \u00e0 diffuser au plus grand nombre. Quatre mois apr\u00e8s la COP21, le gouvernement vient de d\u00e9poser un amendement sur le projet de loi biodiversit\u00e9 qui cr\u00e9erait un \"permis de polluer\". En 1999, l'Erika cr\u00e9ait une mar\u00e9e noire historique sur les c\u00f4tes fran\u00e7aises.\u2026","rel":"","context":"Dans &quot;Pollution&quot;","block_context":{"text":"Pollution","link":"https:\/\/www.laterredufutur.com\/accueil\/sujets\/pollution\/"},"img":{"alt_text":"","src":"https:\/\/i0.wp.com\/www.laterredufutur.com\/accueil\/wp-content\/uploads\/2016\/03\/mar%C3%A9e-noire-main-p%C3%A9trole.jpg?fit=630%2C420&ssl=1&resize=350%2C200","width":350,"height":200,"srcset":"https:\/\/i0.wp.com\/www.laterredufutur.com\/accueil\/wp-content\/uploads\/2016\/03\/mar%C3%A9e-noire-main-p%C3%A9trole.jpg?fit=630%2C420&ssl=1&resize=350%2C200 1x, https:\/\/i0.wp.com\/www.laterredufutur.com\/accueil\/wp-content\/uploads\/2016\/03\/mar%C3%A9e-noire-main-p%C3%A9trole.jpg?fit=630%2C420&ssl=1&resize=525%2C300 1.5x"},"classes":[]}],"jetpack_sharing_enabled":true,"_links":{"self":[{"href":"https:\/\/www.laterredufutur.com\/accueil\/wp-json\/wp\/v2\/posts\/4768","targetHints":{"allow":["GET"]}}],"collection":[{"href":"https:\/\/www.laterredufutur.com\/accueil\/wp-json\/wp\/v2\/posts"}],"about":[{"href":"https:\/\/www.laterredufutur.com\/accueil\/wp-json\/wp\/v2\/types\/post"}],"author":[{"embeddable":true,"href":"https:\/\/www.laterredufutur.com\/accueil\/wp-json\/wp\/v2\/users\/1"}],"replies":[{"embeddable":true,"href":"https:\/\/www.laterredufutur.com\/accueil\/wp-json\/wp\/v2\/comments?post=4768"}],"version-history":[{"count":1,"href":"https:\/\/www.laterredufutur.com\/accueil\/wp-json\/wp\/v2\/posts\/4768\/revisions"}],"predecessor-version":[{"id":4770,"href":"https:\/\/www.laterredufutur.com\/accueil\/wp-json\/wp\/v2\/posts\/4768\/revisions\/4770"}],"wp:featuredmedia":[{"embeddable":true,"href":"https:\/\/www.laterredufutur.com\/accueil\/wp-json\/wp\/v2\/media\/4769"}],"wp:attachment":[{"href":"https:\/\/www.laterredufutur.com\/accueil\/wp-json\/wp\/v2\/media?parent=4768"}],"wp:term":[{"taxonomy":"category","embeddable":true,"href":"https:\/\/www.laterredufutur.com\/accueil\/wp-json\/wp\/v2\/categories?post=4768"},{"taxonomy":"post_tag","embeddable":true,"href":"https:\/\/www.laterredufutur.com\/accueil\/wp-json\/wp\/v2\/tags?post=4768"}],"curies":[{"name":"wp","href":"https:\/\/api.w.org\/{rel}","templated":true}]}}