{"id":4756,"date":"2009-02-04T19:06:18","date_gmt":"2009-02-04T17:06:18","guid":{"rendered":"http:\/\/www.laterredufutur.com\/accueil1\/?p=4756"},"modified":"2015-04-13T19:08:37","modified_gmt":"2015-04-13T17:08:37","slug":"la-planete-se-refroidit","status":"publish","type":"post","link":"https:\/\/www.laterredufutur.com\/accueil\/la-planete-se-refroidit\/","title":{"rendered":"La plan\u00e8te se refroidit"},"content":{"rendered":"<div class=\"1665f18d14f35dd9e7566e1a8ac9a3e9\" data-index=\"1\" style=\"float: none; margin:10px 0 10px 0; text-align:center;\">\n<script async src=\"https:\/\/pagead2.googlesyndication.com\/pagead\/js\/adsbygoogle.js\"><\/script>\r\n<ins class=\"adsbygoogle\"\r\n     style=\"display:block; text-align:center;\"\r\n     data-ad-layout=\"in-article\"\r\n     data-ad-format=\"fluid\"\r\n     data-ad-client=\"ca-pub-2860849627502538\"\r\n     data-ad-slot=\"3019501113\"><\/ins>\r\n<script>\r\n     (adsbygoogle = window.adsbygoogle || []).push({});\r\n<\/script>\n<\/div>\n<p align=\"justify\"><span style=\"font-size: small;\">Depuis d\u00e9but d\u00e9cembre, l\u2019Europe et l\u2019Am\u00e9rique du Nord connaissent toutes deux des temp\u00e9ratures tr\u00e8s inf\u00e9rieures \u00e0 la normale. En Europe, le mois de d\u00e9cembre dernier a vu la neige recouvrir Marseille et Milan ; l\u2019a\u00e9roport de Madrid a \u00e9t\u00e9 ferm\u00e9 le 9 d\u00e9cembre dernier par la neige. Aux Etats-Unis, la Nouvelle-Angleterre et la Midwest ont connu ces derniers jours des temp\u00e9ratures record allant jusqu\u2019\u00e0 -35\u00b0C.<\/span><\/p>\n<p align=\"justify\"><span style=\"font-size: small;\">Les statistiques mondiales disponibles montrent qu\u2019il ne s\u2019agit pas l\u00e0 d\u2019une aberration locale. Selon la NASA (qui fait la synth\u00e8se du plus grand nombre d\u2019observations m\u00e9t\u00e9orologiques), l\u2019ann\u00e9e 2008 a \u00e9t\u00e9 la plus froide du si\u00e8cle (cf. <\/span><a href=\"http:\/\/data.giss.nasa.gov\/gistemp\/\"><span style=\"font-size: small;\">http:\/\/data.giss.nasa.gov\/gistemp\/<\/span><\/a><span style=\"font-size: small;\"> pour les donn\u00e9es d\u00e9taill\u00e9es).<\/span><\/p>\n<p>Non seulement le vingt-et-uni\u00e8me si\u00e8cle n\u2019a connu aucun r\u00e9chauffement climatique (l\u2019ann\u00e9e la plus chaude jamais enregistr\u00e9e fut 1998) mais, depuis deux ans, la tendance est clairement au refroidissement.<\/p>\n<p align=\"justify\"><span style=\"font-size: small;\"><strong>La moyenne des temp\u00e9ratures en Am\u00e9rique du Nord depuis 1998 (National Climactic Data Center, Etats-Unis).<br \/>\n<\/strong><br \/>\n<\/span><span style=\"font-size: small;\">Ces observations posent une int\u00e9ressante question : combien de temps faudra-t-il pour que la Terre se refroidisse avant que l\u2019on arr\u00eate de dire qu\u2019elle se r\u00e9chauffe ?<br \/>\n<\/span><\/p>\n<p align=\"center\"><img data-recalc-dims=\"1\" decoding=\"async\" src=\"https:\/\/i0.wp.com\/www.laterredufutur.com\/spaw\/images\/refroidissement_2.jpg\" alt=\"\" \/><\/p>\n<p align=\"justify\"><span style=\"font-size: small;\"><br \/>\nIl y a maintenant plus de dix ans que presque toute la couverture politique et m\u00e9diatique du climat se r\u00e9sume \u00e0 une seule th\u00e8se : \u00ab la plan\u00e8te est entr\u00e9e dans une phase de r\u00e9chauffement sans pr\u00e9c\u00e9dent, due au CO2 produit par l\u2019activit\u00e9 humaine ; tous les savants sont d\u2019accord sur cette interpr\u00e9tation ; il est donc urgent de changer radicalement notre mode de vie pour r\u00e9duire nos \u00e9missions de carbone et sauver la plan\u00e8te \u00bb.<\/p>\n<p>Du fait de ce barrage m\u00e9diatique, peu de gens sont conscients du fait que cette th\u00e8se est scientifiquement assez faible. Certes, elle se fonde sur deux observations indiscutables :<\/p>\n<p>D\u2019abord, la temp\u00e9rature de la plan\u00e8te a fortement augment\u00e9 entre 1975 et 1998, pour atteindre cette derni\u00e8re ann\u00e9e la temp\u00e9rature moyenne la plus \u00e9lev\u00e9e jamais observ\u00e9e depuis que des stations m\u00e9t\u00e9orologiques sont diss\u00e9min\u00e9es \u00e0 travers le monde (c\u2019est-\u00e0-dire depuis la deuxi\u00e8me moiti\u00e9 du dix-neuvi\u00e8me si\u00e8cle).<\/p>\n<p>Ensuite, il est vrai que la proportion de CO2 augmente dans l\u2019atmosph\u00e8re terrestre et que, si tous les autres param\u00e8tres \u00e9taient parfaitement stables, cette augmentation devrait causer un r\u00e9chauffement.<\/p>\n<p>Et pourtant, il est impossible de tirer de ces deux faits les conclusions que les hommes politiques et la presse nous r\u00e9p\u00e8tent chaque jour. Il y a \u00e0 cela plusieurs raisons.<\/p>\n<p>La concentration de CO2 dans l\u2019atmosph\u00e8re reste tr\u00e8s faible. Pour chaque million de particules dans l\u2019air que nous respirons, il y a environ 380 particules de CO2, contre environ 310 il y a cinquante ans.<\/p>\n<p>Personne ne conna\u00eet exactement la sensibilit\u00e9 de la temp\u00e9rature \u00e0 une telle augmentation, mais il para\u00eet difficile de croire qu\u2019elle puisse suffire \u00e0 causer une catastrophe mondiale. D\u2019autant plus qu\u2019un autre gaz qui, lui aussi, r\u00e9chauffe l\u2019atmosph\u00e8re est pr\u00e9sent en bien plus grande quantit\u00e9 : la vapeur d\u2019eau, qui repr\u00e9sente entre 10.000 et 40.000 particules par million de particules d\u2019air \u00e0 la surface de la terre (4.000 si l\u2019on compte les couches sup\u00e9rieures de l\u2019atmosph\u00e8re au-dessus des nuages).<\/p>\n<p>La part des \u00e9missions de CO2 due \u00e0 l\u2019activit\u00e9 humaine est tr\u00e8s faible \u2013 moins de 5 % du total. Le reste est d\u00fb \u00e0 la d\u00e9composition des plantes, \u00e0 l\u2019activit\u00e9 volcanique, \u00e0 la respiration et \u00e0 la digestion des animaux ainsi qu\u2019aux \u00e9changes r\u00e9ciproques de CO2 entre les oc\u00e9ans et l\u2019air.<\/p><div class=\"1665f18d14f35dd9e7566e1a8ac9a3e9\" data-index=\"2\" style=\"float: none; margin:10px 0 10px 0; text-align:center;\">\n<script async src=\"https:\/\/pagead2.googlesyndication.com\/pagead\/js\/adsbygoogle.js\"><\/script>\r\n<ins class=\"adsbygoogle\"\r\n     style=\"display:block; text-align:center;\"\r\n     data-ad-layout=\"in-article\"\r\n     data-ad-format=\"fluid\"\r\n     data-ad-client=\"ca-pub-2860849627502538\"\r\n     data-ad-slot=\"3019501113\"><\/ins>\r\n<script>\r\n     (adsbygoogle = window.adsbygoogle || []).push({});\r\n<\/script>\n<\/div>\n\n<p>Alors que l\u2019augmentation de la concentration en CO2 est observ\u00e9e dans toute l\u2019atmosph\u00e8re, le r\u00e9chauffement \u00ab plan\u00e9taire \u00bb de 1975-1998 fut, malgr\u00e9 son nom, exclusivement un r\u00e9chauffement de l\u2019h\u00e9misph\u00e8re Nord. La plus grande partie du continent Antarctique (sauf la p\u00e9ninsule antarctique qui fait face au Chili) s\u2019est refroidie pendant cette p\u00e9riode. Au contraire, la zone arctique a connu (du moins jusqu\u2019\u00e0 2007) un r\u00e9chauffement sup\u00e9rieur \u00e0 celui du reste de la plan\u00e8te.<\/p>\n<p>Enfin, les donn\u00e9es historiques ne montrent pas une forte corr\u00e9lation entre l\u2019\u00e9volution de la concentration de CO2 et l\u2019\u00e9volution des temp\u00e9ratures. Le CO2 augmente assez fortement et r\u00e9guli\u00e8rement dans l\u2019atmosph\u00e8re depuis 1945. Mais la temp\u00e9rature n\u2019a augment\u00e9 que pendant le tiers de cette p\u00e9riode. De 1945 \u00e0 1975 \u2013 les \u00ab trente glorieuses \u00bb d\u2019une \u00e9conomie aliment\u00e9e au charbon et au p\u00e9trole, sans les technologies de capture du carbone qui se sont impos\u00e9es depuis \u2013 les temp\u00e9ratures ont baiss\u00e9. (Il \u00e9tait de mise, au d\u00e9but des ann\u00e9es 1970, de s\u2019inqui\u00e9ter du refroidissement climatique \u00e0 venir !). De 1975 \u00e0 1998, elles ont rapidement augment\u00e9. Puis, elles se sont stabilis\u00e9es pendant huit ans et, depuis deux ans, sont reparties \u00e0 la baisse, au moment m\u00eame o\u00f9 la croissance \u00e9conomique rapide de la Chine et de l\u2019Inde augmentait de nouveau les \u00e9missions humaines de CO2.<\/p>\n<p>Sur une tr\u00e8s longue p\u00e9riode \u2013 plusieurs centaines de milliers d\u2019ann\u00e9es \u2013 on note bien une corr\u00e9lation entre concentration de CO2 et temp\u00e9ratures. Le graphique suivant a \u00e9t\u00e9 utilis\u00e9 par Al Gore dans son film Une v\u00e9rit\u00e9 qui d\u00e9range.<\/p>\n<p>Mais ceux qui ont vu le film auront peut-\u00eatre remarqu\u00e9 que Gore ne dit jamais explicitement ce qu\u2019il veut nous faire croire (\u00ab le CO2 fait varier la temp\u00e9rature \u00bb). Il tourne autour du pot, disant \u00ab les deux graphiques se ressemblent (\u2026) il y a une forte corr\u00e9lation \u00bb. La raison de cette finesse d\u2019avocat est bien simple : il suffit de regarder le graphique de pr\u00e8s pour noter que les \u00e9volutions de la concentration de CO2 suivent \u2013 entre quatre \u00e0 huit si\u00e8cles plus tard \u2013 les \u00e9volutions des temp\u00e9ratures.<\/p>\n<p>C\u2019est donc le r\u00e9chauffement de la plan\u00e8te qui entra\u00eene, apr\u00e8s un long d\u00e9lai, l\u2019augmentation du CO2 : les oc\u00e9ans plus chauds rel\u00e2chent plus de CO2 qu\u2019ils n\u2019en absorbent, de m\u00eame qu\u2019une canette de coca-cola laiss\u00e9e \u00e0 la chaleur risque d\u2019exploser. Inversement, c\u2019est le refroidissement qui provoque la diminution des concentrations de CO2, progressivement absorb\u00e9 par les oc\u00e9ans refroidis.<\/span><\/p>\n<p align=\"center\"><span style=\"font-size: small;\"><img data-recalc-dims=\"1\" decoding=\"async\" src=\"https:\/\/i0.wp.com\/www.laterredufutur.com\/spaw\/images\/Formula.gif\" alt=\"\" \/><\/span><\/p>\n<p align=\"center\"><a href=\"https:\/\/i0.wp.com\/www.laterredufutur.com\/spaw\/images\/combined.gif\"><span style=\"font-size: small;\"><img data-recalc-dims=\"1\" loading=\"lazy\" decoding=\"async\" src=\"https:\/\/i0.wp.com\/www.laterredufutur.com\/spaw\/images\/combined.gif?resize=700%2C400\" alt=\"\" width=\"700\" height=\"400\" \/><\/span><\/a><\/p>\n<p align=\"center\"><a href=\"https:\/\/i0.wp.com\/www.laterredufutur.com\/spaw\/images\/GrandMinima.gif\"><span style=\"font-size: small;\"><img data-recalc-dims=\"1\" loading=\"lazy\" decoding=\"async\" src=\"https:\/\/i0.wp.com\/www.laterredufutur.com\/spaw\/images\/GrandMinima.gif?resize=700%2C300\" alt=\"\" width=\"700\" height=\"300\" \/><\/span><\/a><\/p>\n<p align=\"justify\"><span style=\"font-size: small;\">source et suite ici : <\/span><a href=\"http:\/\/serumdeliberte.blogspot.com\/2009\/01\/la-planete-terre-se-refroidit.html\"><span style=\"font-size: small;\">http:\/\/serumdeliberte.blogspot.com\/2009\/01\/la-planete-terre-se-refroidit.html<\/span><\/a><\/p>\n<p align=\"justify\"><span style=\"font-size: small;\">sources graphiques : <\/span><a href=\"http:\/\/translate.google.com\/translate?hl=fr&amp;sl=es&amp;u=http:\/\/www.vukcevic.co.uk\/&amp;prev=\/search%3Fq%3D%2Bhttp:\/\/foro.meteored.com\/index.php\/topic,46476.108.html%26hl%3Dfr%26rlz%3D1G1GGLQ_FRFR268%26sa%3DG\"><span style=\"font-size: small;\">ICI<\/span><\/a><span style=\"font-size: small;\">\u00a0et <\/span><a href=\"http:\/\/74.125.43.113\/translate_c?hl=fr&amp;sl=es&amp;u=http:\/\/landscheidt.auditblogs.com\/papers-by-dr-theodor-landscheidt&amp;prev=\/search%3Fq%3D%2Bhttp:\/\/foro.meteored.com\/index.php\/topic,46476.108.html%26hl%3Dfr%26rlz%3D1G1GGLQ_FRFR268%26sa%3DG&amp;usg=ALkJrhgz8eMd18vcX3UBOjIktyaxgGqODQ\"><span style=\"font-size: small;\">ICI<\/span><\/a><\/p>\n<p class=\"bawpvc-ajax-counter\" data-id=\"4756\">(1755)<\/p>\n<!--CusAds0-->\n<div style=\"font-size: 0px; height: 0px; line-height: 0px; margin: 0; padding: 0; clear: both;\"><\/div>","protected":false},"excerpt":{"rendered":"<p>Depuis d\u00e9but d\u00e9cembre, l\u2019Europe et l\u2019Am\u00e9rique du Nord connaissent toutes deux des temp\u00e9ratures tr\u00e8s inf\u00e9rieures \u00e0 la normale. En Europe,&#8230;<\/p>\n","protected":false},"author":1,"featured_media":4757,"comment_status":"open","ping_status":"open","sticky":false,"template":"","format":"standard","meta":{"_exactmetrics_skip_tracking":false,"_exactmetrics_sitenote_active":false,"_exactmetrics_sitenote_note":"","_exactmetrics_sitenote_category":0,"ngg_post_thumbnail":0,"jetpack_post_was_ever_published":false,"_jetpack_newsletter_access":"","_jetpack_dont_email_post_to_subs":false,"_jetpack_newsletter_tier_id":0,"_jetpack_memberships_contains_paywalled_content":false,"_jetpack_memberships_contains_paid_content":false,"footnotes":"","jetpack_publicize_message":"","jetpack_publicize_feature_enabled":true,"jetpack_social_post_already_shared":false,"jetpack_social_options":{"image_generator_settings":{"template":"highway","default_image_id":0,"font":"","enabled":false},"version":2}},"categories":[20,24],"tags":[1152,881,1203,3545,3568,708,64],"class_list":["post-4756","post","type-post","status-publish","format-standard","has-post-thumbnail","hentry","category-climat","category-soleil","tag-activite-solaire","tag-cycles","tag-dalton","tag-faiblesse-solaire","tag-new-dalton","tag-pag","tag-temperatures","wpcat-20-id","wpcat-24-id"],"jetpack_publicize_connections":[],"jetpack_featured_media_url":"https:\/\/i0.wp.com\/www.laterredufutur.com\/accueil\/wp-content\/uploads\/2015\/04\/new-dalton.jpg?fit=200%2C260&ssl=1","jetpack_shortlink":"https:\/\/wp.me\/p631RN-1eI","jetpack-related-posts":[{"id":4648,"url":"https:\/\/www.laterredufutur.com\/accueil\/vers-un-minimum-de-dalton\/","url_meta":{"origin":4756,"position":0},"title":"Vers un minimum de Dalton","author":"Admin","date":"22 octobre 2008","format":false,"excerpt":"image de la Seine gel\u00e9e au XIX eme si\u00e8cle. Il ya une autre fa\u00e7on de voir les cycles solaires. Les cycles solaires commencent r\u00e9ellement par l'inversion magn\u00e9tique poche de la cr\u00eate du cycle pr\u00e9c\u00e9dent. Les taches solaires prennent sept ans pour\u00a0devenir \u00e9videntes \u00e0 la surface du soleil. Presque tous les\u2026","rel":"","context":"Dans &quot;Arch\u00e9ologie&quot;","block_context":{"text":"Arch\u00e9ologie","link":"https:\/\/www.laterredufutur.com\/accueil\/sujets\/archeologie\/"},"img":{"alt_text":"","src":"https:\/\/i0.wp.com\/www.laterredufutur.com\/accueil\/wp-content\/uploads\/2015\/04\/1879-C.jpg?fit=450%2C350&ssl=1&resize=350%2C200","width":350,"height":200},"classes":[]},{"id":7972,"url":"https:\/\/www.laterredufutur.com\/accueil\/lactivite-solaire-actuelle-est-plus-faible-que-celle-du-minimum-de-dalton\/","url_meta":{"origin":4756,"position":1},"title":"L&rsquo;activit\u00e9 solaire actuelle est plus faible que celle du minimum de Dalton","author":"Admin","date":"31 ao\u00fbt 2015","format":false,"excerpt":"Selon la NASA, le cycle des taches solaires que \u00a0nous traversons - le\u00a0cycle 24 - est le plus faible depuis\u00a0le cycle 14, qui a pris fin en 1906. Cela est inexact, nous dit JH Walker.\"Le probl\u00e8me avec le nombre de taches solaires de la NASA est que ceux-ci sont gonfl\u00e9s\u2026","rel":"","context":"Dans &quot;Soleil&quot;","block_context":{"text":"Soleil","link":"https:\/\/www.laterredufutur.com\/accueil\/sujets\/soleil\/"},"img":{"alt_text":"","src":"https:\/\/i0.wp.com\/www.laterredufutur.com\/accueil\/wp-content\/uploads\/2015\/08\/sc5_sc24_Laymans-Count-Comparison.png?fit=1200%2C738&ssl=1&resize=350%2C200","width":350,"height":200,"srcset":"https:\/\/i0.wp.com\/www.laterredufutur.com\/accueil\/wp-content\/uploads\/2015\/08\/sc5_sc24_Laymans-Count-Comparison.png?fit=1200%2C738&ssl=1&resize=350%2C200 1x, https:\/\/i0.wp.com\/www.laterredufutur.com\/accueil\/wp-content\/uploads\/2015\/08\/sc5_sc24_Laymans-Count-Comparison.png?fit=1200%2C738&ssl=1&resize=525%2C300 1.5x, https:\/\/i0.wp.com\/www.laterredufutur.com\/accueil\/wp-content\/uploads\/2015\/08\/sc5_sc24_Laymans-Count-Comparison.png?fit=1200%2C738&ssl=1&resize=700%2C400 2x, https:\/\/i0.wp.com\/www.laterredufutur.com\/accueil\/wp-content\/uploads\/2015\/08\/sc5_sc24_Laymans-Count-Comparison.png?fit=1200%2C738&ssl=1&resize=1050%2C600 3x"},"classes":[]},{"id":8394,"url":"https:\/\/www.laterredufutur.com\/accueil\/quel-impact-de-notre-activite-solaire-actuelle-sur-notre-hiver-2015-2016\/","url_meta":{"origin":4756,"position":2},"title":"Quel impact de notre activit\u00e9 solaire actuelle sur notre hiver 2015-2016 ?","author":"Admin","date":"27 septembre 2015","format":false,"excerpt":"Article issu des Pays Bas. Qui se souvient de D\u00e9cembre 2010 ? Un mois froid et neigeux qui a \u00e9t\u00e9 rarissime dans l'histoire de la m\u00e9t\u00e9o n\u00e9erlandaise mais \u00e9galement avait bloqu\u00e9 la r\u00e9gion parisienne en France. Il a co\u00efncid\u00e9 avec le minimum du cycle solaire (cycle de Schwabe) de 11\u2026","rel":"","context":"Dans &quot;Soleil&quot;","block_context":{"text":"Soleil","link":"https:\/\/www.laterredufutur.com\/accueil\/sujets\/soleil\/"},"img":{"alt_text":"","src":"https:\/\/i0.wp.com\/www.laterredufutur.com\/accueil\/wp-content\/uploads\/2015\/09\/peage-de-saint-arnoult-en-yvelines-pres-de-paris-le-8-decembre-2010.jpg?fit=1200%2C672&ssl=1&resize=350%2C200","width":350,"height":200,"srcset":"https:\/\/i0.wp.com\/www.laterredufutur.com\/accueil\/wp-content\/uploads\/2015\/09\/peage-de-saint-arnoult-en-yvelines-pres-de-paris-le-8-decembre-2010.jpg?fit=1200%2C672&ssl=1&resize=350%2C200 1x, https:\/\/i0.wp.com\/www.laterredufutur.com\/accueil\/wp-content\/uploads\/2015\/09\/peage-de-saint-arnoult-en-yvelines-pres-de-paris-le-8-decembre-2010.jpg?fit=1200%2C672&ssl=1&resize=525%2C300 1.5x, https:\/\/i0.wp.com\/www.laterredufutur.com\/accueil\/wp-content\/uploads\/2015\/09\/peage-de-saint-arnoult-en-yvelines-pres-de-paris-le-8-decembre-2010.jpg?fit=1200%2C672&ssl=1&resize=700%2C400 2x, https:\/\/i0.wp.com\/www.laterredufutur.com\/accueil\/wp-content\/uploads\/2015\/09\/peage-de-saint-arnoult-en-yvelines-pres-de-paris-le-8-decembre-2010.jpg?fit=1200%2C672&ssl=1&resize=1050%2C600 3x"},"classes":[]},{"id":4801,"url":"https:\/\/www.laterredufutur.com\/accueil\/le-cycle-solaire-toujours-aussi-bas\/","url_meta":{"origin":4756,"position":3},"title":"le Cycle solaire toujours aussi bas","author":"Admin","date":"13 mars 2009","format":false,"excerpt":"L'activit\u00e9 solaire, en d\u00e9pit des pr\u00e9visions, continue \u00e0 se maintenir extr\u00eamement basse,\u00a0sa dilatation\u00a0est au\u00a0minimum\u00a0et d\u00e9finir un fait\u00a0exceptionnel est maintenant un euphemisme. Le mois de F\u00e9vrier a\u00a0fini avec une moyenne journali\u00e8re de taches solaires \u00e0 1.4. Le\u00a0r\u00e9sultat du mois de f\u00e9vrier qui s'est termin\u00e9 en de\u00e7a du mois de janvier. Les\u2026","rel":"","context":"Dans &quot;Soleil&quot;","block_context":{"text":"Soleil","link":"https:\/\/www.laterredufutur.com\/accueil\/sujets\/soleil\/"},"img":{"alt_text":"","src":"https:\/\/i0.wp.com\/www.laterredufutur.com\/accueil\/wp-content\/uploads\/2015\/04\/mars2009.jpg?fit=450%2C322&ssl=1&resize=350%2C200","width":350,"height":200},"classes":[]},{"id":4712,"url":"https:\/\/www.laterredufutur.com\/accueil\/cycle-solaire-24-ou-minimum-de-dalton\/","url_meta":{"origin":4756,"position":4},"title":"Cycle solaire 24 ou minimum de Dalton","author":"Admin","date":"2 janvier 2009","format":false,"excerpt":"Vers un minimum de Dalton, nous avions vu certains points dans cet article. Depuis maintenant 1 an, le cycle solaire N\u00b024 a d\u00e9but\u00e9, il est toujours aussi pr\u00e9sent par son absence et son manque de t\u00e2ches solaires. Le d\u00e9but du cycle solaire 24 semble\u00a0s'\u00eatre mat\u00e9rialis\u00e9\u00a0puis a\u00a0abruptement disparu. La tache solaire\u2026","rel":"","context":"Dans &quot;Soleil&quot;","block_context":{"text":"Soleil","link":"https:\/\/www.laterredufutur.com\/accueil\/sujets\/soleil\/"},"img":{"alt_text":"","src":"https:\/\/i0.wp.com\/www.laterredufutur.com\/spaw\/images\/cycl3x.gif?resize=350%2C200","width":350,"height":200,"srcset":"https:\/\/i0.wp.com\/www.laterredufutur.com\/spaw\/images\/cycl3x.gif?resize=350%2C200 1x, https:\/\/i0.wp.com\/www.laterredufutur.com\/spaw\/images\/cycl3x.gif?resize=525%2C300 1.5x"},"classes":[]},{"id":20910,"url":"https:\/\/www.laterredufutur.com\/accueil\/lactivite-solaire-actuelle-reste-tres-faible\/","url_meta":{"origin":4756,"position":5},"title":"L&rsquo;activit\u00e9 solaire actuelle reste tr\u00e8s faible","author":"Admin","date":"19 mai 2020","format":false,"excerpt":"\"Notre soleil s\u2019est bloqu\u00e9, ce qui pourrait provoquer un gel, des tremblements de terre et une famine, selon les scientifiques\" et d'un article du New York Post. Le Dr Tony Phillips, astronome, a d\u00e9clar\u00e9 \u00e0 nos confr\u00e8res am\u00e9ricains : \"nous sommes sur le point d\u2019entrer dans la p\u00e9riode la plus\u2026","rel":"","context":"Dans &quot;Soleil&quot;","block_context":{"text":"Soleil","link":"https:\/\/www.laterredufutur.com\/accueil\/sujets\/soleil\/"},"img":{"alt_text":"","src":"https:\/\/i0.wp.com\/www.laterredufutur.com\/accueil\/wp-content\/uploads\/2020\/05\/ciel-soleil.jpg?fit=1200%2C800&ssl=1&resize=350%2C200","width":350,"height":200,"srcset":"https:\/\/i0.wp.com\/www.laterredufutur.com\/accueil\/wp-content\/uploads\/2020\/05\/ciel-soleil.jpg?fit=1200%2C800&ssl=1&resize=350%2C200 1x, https:\/\/i0.wp.com\/www.laterredufutur.com\/accueil\/wp-content\/uploads\/2020\/05\/ciel-soleil.jpg?fit=1200%2C800&ssl=1&resize=525%2C300 1.5x, https:\/\/i0.wp.com\/www.laterredufutur.com\/accueil\/wp-content\/uploads\/2020\/05\/ciel-soleil.jpg?fit=1200%2C800&ssl=1&resize=700%2C400 2x, https:\/\/i0.wp.com\/www.laterredufutur.com\/accueil\/wp-content\/uploads\/2020\/05\/ciel-soleil.jpg?fit=1200%2C800&ssl=1&resize=1050%2C600 3x"},"classes":[]}],"jetpack_sharing_enabled":true,"_links":{"self":[{"href":"https:\/\/www.laterredufutur.com\/accueil\/wp-json\/wp\/v2\/posts\/4756","targetHints":{"allow":["GET"]}}],"collection":[{"href":"https:\/\/www.laterredufutur.com\/accueil\/wp-json\/wp\/v2\/posts"}],"about":[{"href":"https:\/\/www.laterredufutur.com\/accueil\/wp-json\/wp\/v2\/types\/post"}],"author":[{"embeddable":true,"href":"https:\/\/www.laterredufutur.com\/accueil\/wp-json\/wp\/v2\/users\/1"}],"replies":[{"embeddable":true,"href":"https:\/\/www.laterredufutur.com\/accueil\/wp-json\/wp\/v2\/comments?post=4756"}],"version-history":[{"count":1,"href":"https:\/\/www.laterredufutur.com\/accueil\/wp-json\/wp\/v2\/posts\/4756\/revisions"}],"predecessor-version":[{"id":4758,"href":"https:\/\/www.laterredufutur.com\/accueil\/wp-json\/wp\/v2\/posts\/4756\/revisions\/4758"}],"wp:featuredmedia":[{"embeddable":true,"href":"https:\/\/www.laterredufutur.com\/accueil\/wp-json\/wp\/v2\/media\/4757"}],"wp:attachment":[{"href":"https:\/\/www.laterredufutur.com\/accueil\/wp-json\/wp\/v2\/media?parent=4756"}],"wp:term":[{"taxonomy":"category","embeddable":true,"href":"https:\/\/www.laterredufutur.com\/accueil\/wp-json\/wp\/v2\/categories?post=4756"},{"taxonomy":"post_tag","embeddable":true,"href":"https:\/\/www.laterredufutur.com\/accueil\/wp-json\/wp\/v2\/tags?post=4756"}],"curies":[{"name":"wp","href":"https:\/\/api.w.org\/{rel}","templated":true}]}}