{"id":4527,"date":"2008-07-21T15:34:31","date_gmt":"2008-07-21T13:34:31","guid":{"rendered":"http:\/\/www.laterredufutur.com\/accueil1\/?p=4527"},"modified":"2015-04-13T15:37:21","modified_gmt":"2015-04-13T13:37:21","slug":"la-revolution-ecologique-arrive-aux-usa","status":"publish","type":"post","link":"https:\/\/www.laterredufutur.com\/accueil\/la-revolution-ecologique-arrive-aux-usa\/","title":{"rendered":"La r\u00e9volution \u00e9cologique arrive aux USA"},"content":{"rendered":"<div class=\"1665f18d14f35dd9e7566e1a8ac9a3e9\" data-index=\"1\" style=\"float: none; margin:10px 0 10px 0; text-align:center;\">\n<script async src=\"https:\/\/pagead2.googlesyndication.com\/pagead\/js\/adsbygoogle.js\"><\/script>\r\n<ins class=\"adsbygoogle\"\r\n     style=\"display:block; text-align:center;\"\r\n     data-ad-layout=\"in-article\"\r\n     data-ad-format=\"fluid\"\r\n     data-ad-client=\"ca-pub-2860849627502538\"\r\n     data-ad-slot=\"3019501113\"><\/ins>\r\n<script>\r\n     (adsbygoogle = window.adsbygoogle || []).push({});\r\n<\/script>\n<\/div>\n<p align=\"justify\"><span style=\"font-size: small;\"><em>\u00ab\u00a0Un jour l&rsquo;\u00e9cologie rapportera. Devant des populations occidentales de plus en plus li\u00e9es \u00e0 l&rsquo;\u00e9cologie et de plus en plus conscientes que la plan\u00e8te doit \u00eatre pr\u00e9serv\u00e9e pour nos g\u00e9n\u00e9rations futures, les politiques changeront.<\/em> \u00a0\u00bb C&rsquo;est en ces termes que nous annoncions il y a d\u00e9j\u00e0 plus de 2 ans, des changements radicaux.<\/span><\/p>\n<p align=\"justify\"><span style=\"font-size: small;\">M\u00eame si le r\u00e9chauffement climatique peut \u00eatre une erreur sur sa finalit\u00e9, une r\u00e9volution \u00e9cologique apportera un bien \u00eatre immense concernant des pollutions toujours aussi intensives entre l&rsquo;air, la terre et l&rsquo;eau<\/span><span style=\"font-size: small;\">. Il est grand temps que cette nouvelle politique se mette en place pour le bien \u00eatre de tous. Ici\u00a0un nouveau\u00a0plan de Al Gore\u00a0malgr\u00e8s son documentaire\u00a0dont des erreurs <a href=\"http:\/\/libertesinternets.wordpress.com\/2007\/10\/13\/un-juge-britannique-remet-en-question-certains-des-arguments-dal-gore\/\" target=\"_blank\">selon un juge britannique\u00a0<\/a>. Son nouveau plan aura le m\u00e9rite de vouloir bousculer les USA et leur faire franchir une ligne qu&rsquo;ils ont toujours refus\u00e9 de d\u00e9passer.<\/span><\/p>\n<p align=\"justify\"><span style=\"font-size: small;\">WASHINGTON (AFP) &#8211; L&rsquo;ancien vice-pr\u00e9sident am\u00e9ricain Al Gore, laur\u00e9at du Prix Nobel de la Paix 2007, a pr\u00e9sent\u00e9 jeudi 17 juillet 2008 un plan ambitieux pour que d&rsquo;ici dix ans, 100% de la production d&rsquo;\u00e9lectricit\u00e9 des Etats-Unis provienne des \u00e9nergies renouvelables.<\/span><\/p>\n<p align=\"justify\"><span style=\"font-size: small;\"><br \/>\nL&rsquo;ancien vice-pr\u00e9sident a compar\u00e9 ce programme \u00e0 celui lanc\u00e9 par le pr\u00e9sident John Kennedy pour envoyer un homme sur la Lune. \u00ab\u00a0Nous devons maintenant soulever notre nation pour atteindre un nouvel objectif qui changera l&rsquo;histoire\u00a0\u00bb, a dit M. Gore. \u00ab\u00a0Une fois encore nous avons l&rsquo;occasion de faire faire un pas de g\u00e9ant \u00e0 l&rsquo;humanit\u00e9\u00a0\u00bb, a-t-il ajout\u00e9.<\/span><\/p>\n<p align=\"justify\"><span style=\"font-size: small;\">Ce changement est n\u00e9cessaire parce que \u00ab\u00a0la survie des Etats-Unis d&rsquo;Am\u00e9rique (&#8230;) est en p\u00e9ril\u00a0\u00bb, a-t-il dit lors d&rsquo;un rassemblement organis\u00e9 par l&rsquo;Alliance pour la protection du climat, une organisation qu&rsquo;il a fond\u00e9e et pr\u00e9side.<\/span><\/p>\n<p align=\"justify\"><span style=\"font-size: small;\">\u00ab\u00a0Plus encore, l&rsquo;avenir de la civilisation est en danger\u00a0\u00bb, a-t-il insist\u00e9 devant des milliers de personnes venues l&rsquo;\u00e9couter non loin de la Maison Blanche.\u00a0\u00bbAujourd&rsquo;hui, je lance un d\u00e9fi \u00e0 notre nation pour que d&rsquo;ici 10 ans 100% de notre \u00e9lectricit\u00e9 provienne des \u00e9nergies renouvelables\u00a0\u00bb, a dit Al Gore.<\/span><\/p>\n<p align=\"justify\"><span style=\"font-size: small;\">\u00ab\u00a0Cet objectif est atteignable et bon march\u00e9\u00a0\u00bb, a-t-il estim\u00e9.<\/span><\/p><div class=\"1665f18d14f35dd9e7566e1a8ac9a3e9\" data-index=\"2\" style=\"float: none; margin:10px 0 10px 0; text-align:center;\">\n<script async src=\"https:\/\/pagead2.googlesyndication.com\/pagead\/js\/adsbygoogle.js\"><\/script>\r\n<ins class=\"adsbygoogle\"\r\n     style=\"display:block; text-align:center;\"\r\n     data-ad-layout=\"in-article\"\r\n     data-ad-format=\"fluid\"\r\n     data-ad-client=\"ca-pub-2860849627502538\"\r\n     data-ad-slot=\"3019501113\"><\/ins>\r\n<script>\r\n     (adsbygoogle = window.adsbygoogle || []).push({});\r\n<\/script>\n<\/div>\n\n<p align=\"justify\"><span style=\"font-size: small;\">Le changement climatique \u00ab\u00a0s&rsquo;aggrave beaucoup plus vite que pr\u00e9vu\u00a0\u00bb, a-t-il mis en garde, notant que d&rsquo;ici cinq ans la calotte glaci\u00e8re pourrait compl\u00e8tement dispara\u00eetre durant les mois d&rsquo;\u00e9t\u00e9. \u00ab\u00a0Le plus grand glacier du Groenland, le Jakobshavn, perd 20 millions de tonnes de glace par jour, soit l&rsquo;\u00e9quivalent de la consommation d&rsquo;eau utilis\u00e9e chaque ann\u00e9e par les habitants de New York\u00a0\u00bb, a-t-il soulign\u00e9.<\/span><\/p>\n<p align=\"justify\"><span style=\"font-size: small;\">M. Gore a \u00e9galement soulign\u00e9 les dangers du r\u00e9chauffement climatique pour la s\u00e9curit\u00e9 nationale des Etats-Unis \u00e9voquant \u00ab\u00a0des centaines de millions de r\u00e9fugi\u00e9s\u00a0\u00bb qui pourraient d\u00e9stabiliser nombre de nations dans le monde entier.<\/span><\/p>\n<p align=\"justify\"><span style=\"font-size: small;\">Une des raisons de ces catastrophes pr\u00e9sentes ou \u00e0 venir est la d\u00e9pendance aux \u00e9nergies fossiles. \u00ab\u00a0Cela d\u00e9truit la plan\u00e8te\u00a0\u00bb, a dit M. Gore.<\/span><\/p>\n<p align=\"justify\"><span style=\"font-size: small;\">Il a plaid\u00e9 pour l&rsquo;utilisation massive de l&rsquo;\u00e9nergie solaire, l&rsquo;\u00e9nergie \u00e9olienne et la g\u00e9othermie affirmant que la hausse des prix du p\u00e9trole rendait ces \u00e9nergies \u00e9conomiquement abordables. \u00ab\u00a0Quand la demande pour le p\u00e9trole et le charbon augmente, leur prix grimpe. Quand la demande pour des panneaux solaires augmente, leur prix baisse souvent\u00a0\u00bb, a-t-il assur\u00e9.<\/span><\/p>\n<p align=\"justify\"><span style=\"font-size: small;\">\u00ab\u00a0A ceux qui disent que dix ans ce n&rsquo;est pas assez de temps (pour passer aux \u00e9nergies renouvelables), je leur demande respectueusement de prendre en compte ce que les scientifiques nous disent \u00e0 propos des risques encourus si nous n&rsquo;agissons pas dans les dix ans\u00a0\u00bb, a dit M. Gore.<\/span><\/p>\n<p align=\"justify\"><span style=\"font-size: small;\">\u00ab\u00a0Quand le pr\u00e9sident John Kennedy a mis au d\u00e9fi notre nation de poser un homme sur la Lune et de le ramener sain et sauf sur Terre dans les 10 ans, beaucoup de gens doutaient que lui puisse atteindre cet objectif. Mais huit ans et deux mois plus tard, Neil Armstrong et Buzz Aldrin marchaient sur la surface de la Lune\u00a0\u00bb, a fait remarquer M. Gore.<\/span><\/p>\n<p align=\"justify\"><span style=\"font-size: small;\">Dans son combat, l&rsquo;ancien vice-pr\u00e9sident a re\u00e7u le soutien du candidat d\u00e9mocrate \u00e0 la Maison Blanche Barack Obama. \u00ab\u00a0Je suis enti\u00e8rement d&rsquo;accord avec le vice-pr\u00e9sident Gore\u00a0\u00bb, a dit M. Obama dans un communiqu\u00e9, promettant, s&rsquo;il est \u00e9lu pr\u00e9sident, d&rsquo;investir massivement dans les \u00e9nergies renouvelables.<\/span><\/p>\n<p align=\"justify\"><span style=\"font-size: small;\">\u00ab\u00a0C&rsquo;est une strat\u00e9gie qui cr\u00e9era des millions de nouveaux emplois bien pay\u00e9s et qui ne pourront \u00eatre d\u00e9localis\u00e9s. Une strat\u00e9gie qui laissera \u00e0 nos enfants un monde plus propre et plus s\u00fbr\u00a0\u00bb, a dit M. Obama.<\/span><\/p>\n<p class=\"bawpvc-ajax-counter\" data-id=\"4527\">(201)<\/p>\n<!--CusAds0-->\n<div style=\"font-size: 0px; height: 0px; line-height: 0px; margin: 0; padding: 0; clear: both;\"><\/div>","protected":false},"excerpt":{"rendered":"<p>\u00ab\u00a0Un jour l&rsquo;\u00e9cologie rapportera. Devant des populations occidentales de plus en plus li\u00e9es \u00e0 l&rsquo;\u00e9cologie et de plus en plus&#8230;<\/p>\n","protected":false},"author":1,"featured_media":4528,"comment_status":"open","ping_status":"open","sticky":false,"template":"","format":"standard","meta":{"_exactmetrics_skip_tracking":false,"_exactmetrics_sitenote_active":false,"_exactmetrics_sitenote_note":"","_exactmetrics_sitenote_category":0,"ngg_post_thumbnail":0,"jetpack_post_was_ever_published":false,"_jetpack_newsletter_access":"","_jetpack_dont_email_post_to_subs":false,"_jetpack_newsletter_tier_id":0,"_jetpack_memberships_contains_paywalled_content":false,"_jetpack_memberships_contains_paid_content":false,"footnotes":"","jetpack_publicize_message":"","jetpack_publicize_feature_enabled":true,"jetpack_social_post_already_shared":false,"jetpack_social_options":{"image_generator_settings":{"template":"highway","default_image_id":0,"font":"","enabled":false},"version":2}},"categories":[27],"tags":[384,42,499,233,2118,2284,542,259],"class_list":["post-4527","post","type-post","status-publish","format-standard","has-post-thumbnail","hentry","category-ecologie","tag-civilisation","tag-ecologie","tag-ecologique","tag-histoire","tag-obama","tag-objectif","tag-revolution","tag-usa","wpcat-27-id"],"jetpack_publicize_connections":[],"jetpack_featured_media_url":"https:\/\/i0.wp.com\/www.laterredufutur.com\/accueil\/wp-content\/uploads\/2015\/04\/obama_time.jpg?fit=200%2C268&ssl=1","jetpack_shortlink":"https:\/\/wp.me\/p631RN-1b1","jetpack-related-posts":[{"id":3649,"url":"https:\/\/www.laterredufutur.com\/accueil\/la-revolution-ecologique-aux-usa\/","url_meta":{"origin":4527,"position":0},"title":"La R\u00e9volution \u00e9cologique aux USA","author":"Admin","date":"15 septembre 2006","format":false,"excerpt":"Paul Emile Victor disait en son temps, l'\u00e9coloie rapportera des milliards. Serions nous \u00e0 la veille d'une r\u00e9volution \u00e9cologique ? On parle des accords de\u00a0Kyoto depuis quelques ann\u00e9es. Une r\u00e9elle avanc\u00e9e dans la r\u00e9duction des gaz \u00e0 effet de serre devrait \u00eatre comparable \u00e0 une r\u00e9volution \u00e9cologique majeure et ces\u2026","rel":"","context":"Dans &quot;Ecologie&quot;","block_context":{"text":"Ecologie","link":"https:\/\/www.laterredufutur.com\/accueil\/sujets\/ecologie\/"},"img":{"alt_text":"","src":"https:\/\/i0.wp.com\/laterredufutur.com\/spaw\/images\/20060831.WWW000000325_4638_3.jpeg?resize=350%2C200","width":350,"height":200},"classes":[]},{"id":3382,"url":"https:\/\/www.laterredufutur.com\/accueil\/la-revolution-ecologique\/","url_meta":{"origin":4527,"position":1},"title":"La R\u00e9volution Ecologique","author":"Admin","date":"29 mars 2006","format":false,"excerpt":"Un jour l'\u00e9cologie rapportera. Devant des populations occidentales de plus en plus li\u00e9es \u00e0 l'\u00e9cologie et de plus en plus conscientes que la plan\u00e8te doit \u00eatre pr\u00e9serv\u00e9e pour nos g\u00e9n\u00e9rations futures, les politiques changeront. Les industriels et les financiers pousseront le syst\u00e8me \u00e0 rapporter des b\u00e9n\u00e9fices car la Terre le\u2026","rel":"","context":"Dans &quot;Ecologie&quot;","block_context":{"text":"Ecologie","link":"https:\/\/www.laterredufutur.com\/accueil\/sujets\/ecologie\/"},"img":{"alt_text":"","src":"","width":0,"height":0},"classes":[]},{"id":4691,"url":"https:\/\/www.laterredufutur.com\/accueil\/ecologie-solution-davenir\/","url_meta":{"origin":4527,"position":2},"title":"Ecologie, solution d&rsquo;avenir","author":"Admin","date":"8 d\u00e9cembre 2008","format":false,"excerpt":"Parce que le monde d'hier et d'aujourd'hui a puis\u00e9 dans les exc\u00e8s sans contre partie pour la nature, parce que le monde s'est toujours agrandi sur les territoires vierges pour que nos soci\u00e9t\u00e9s puissent se developper, parce que le monde a \u00e9galement besoin de s'adapter dans un environnement de plus\u2026","rel":"","context":"Dans &quot;Ecologie&quot;","block_context":{"text":"Ecologie","link":"https:\/\/www.laterredufutur.com\/accueil\/sujets\/ecologie\/"},"img":{"alt_text":"","src":"https:\/\/i0.wp.com\/www.laterredufutur.com\/accueil\/wp-content\/uploads\/2015\/04\/lesterbrown.jpg?fit=333%2C500&ssl=1&resize=350%2C200","width":350,"height":200},"classes":[]},{"id":1316,"url":"https:\/\/www.laterredufutur.com\/accueil\/nanolight-un-nouvel-eclairage-pour-et-sur-le-futur\/","url_meta":{"origin":4527,"position":3},"title":"Nanolight, un nouvel \u00e9clairage pour et sur le futur !","author":"Admin","date":"28 mars 2013","format":false,"excerpt":"Une start-up de l\u2019universit\u00e9 de Toronto a d\u00e9velopp\u00e9 l\u2019ampoule du futur. \u00c9conome, omnidirectionnelle, la Nanolight est peut-\u00eatre en passe de s\u2019imposer comme l\u2019ampoule du futur. Elle a pour elle une qualit\u00e9 d\u2019\u00e9clairage similaire \u00e0 nos bonnes vieilles ampoules \u00e0 incandescence tout en consommant 8 fois moins d\u2019\u00e9nergie pour une dur\u00e9e\u2026","rel":"","context":"Dans &quot;Solutions&quot;","block_context":{"text":"Solutions","link":"https:\/\/www.laterredufutur.com\/accueil\/sujets\/solutions\/"},"img":{"alt_text":"ampoule nanolight","src":"https:\/\/i0.wp.com\/www.laterredufutur.com\/accueil\/wp-content\/uploads\/2013\/03\/ampoule-nanolight-led.jpg?fit=620%2C465&ssl=1&resize=350%2C200","width":350,"height":200,"srcset":"https:\/\/i0.wp.com\/www.laterredufutur.com\/accueil\/wp-content\/uploads\/2013\/03\/ampoule-nanolight-led.jpg?fit=620%2C465&ssl=1&resize=350%2C200 1x, https:\/\/i0.wp.com\/www.laterredufutur.com\/accueil\/wp-content\/uploads\/2013\/03\/ampoule-nanolight-led.jpg?fit=620%2C465&ssl=1&resize=525%2C300 1.5x"},"classes":[]},{"id":4663,"url":"https:\/\/www.laterredufutur.com\/accueil\/la-revolution-verte-us\/","url_meta":{"origin":4527,"position":4},"title":"La R\u00e9volution Verte US","author":"Admin","date":"3 novembre 2008","format":false,"excerpt":"R\u00e9publicain ou d\u00e9mocrate, l'homme choisi par les Am\u00e9ricains pour si\u00e9ger \u00e0 la t\u00eate de la nation la plus puissante du monde, mettra de toute fa\u00e7on un terme \u00e0 la politique environnementale inexistante des ann\u00e9es Bush. Tous deux le mart\u00e8lent haut et fort, et ils n'ont pas le choix. Apr\u00e8s huit\u2026","rel":"","context":"Dans &quot;Ecologie&quot;","block_context":{"text":"Ecologie","link":"https:\/\/www.laterredufutur.com\/accueil\/sujets\/ecologie\/"},"img":{"alt_text":"","src":"","width":0,"height":0},"classes":[]},{"id":1367,"url":"https:\/\/www.laterredufutur.com\/accueil\/meme-les-ecologistes-reviennent-du-rechauffement\/","url_meta":{"origin":4527,"position":5},"title":"M\u00eame les \u00e9cologistes reviennent du r\u00e9chauffement","author":"Admin","date":"2 mai 2013","format":false,"excerpt":"Le r\u00e9chauffement se voit remplacer par le \"d\u00e9r\u00e8glement\" climatique, mais par rapport \u00e0 quoi ? Qu'est-ce qu'un climat \"r\u00e9gl\u00e9\" sur Terre ? Depuis quelques jours, toute personne int\u00e9ress\u00e9e par la politique peut remarquer un changement de communication subtil mais d\u00e9terminant au sein d'\u00c9colo, le parti \u00e9cologiste belge. \u00c9colo dans ses\u2026","rel":"","context":"Dans &quot;Ecologie&quot;","block_context":{"text":"Ecologie","link":"https:\/\/www.laterredufutur.com\/accueil\/sujets\/ecologie\/"},"img":{"alt_text":"dereglement climatique","src":"https:\/\/i0.wp.com\/www.laterredufutur.com\/wordpress\/wp-content\/uploads\/2013\/05\/dereglement-climatique-1.jpg?resize=350%2C200","width":350,"height":200},"classes":[]}],"jetpack_sharing_enabled":true,"_links":{"self":[{"href":"https:\/\/www.laterredufutur.com\/accueil\/wp-json\/wp\/v2\/posts\/4527","targetHints":{"allow":["GET"]}}],"collection":[{"href":"https:\/\/www.laterredufutur.com\/accueil\/wp-json\/wp\/v2\/posts"}],"about":[{"href":"https:\/\/www.laterredufutur.com\/accueil\/wp-json\/wp\/v2\/types\/post"}],"author":[{"embeddable":true,"href":"https:\/\/www.laterredufutur.com\/accueil\/wp-json\/wp\/v2\/users\/1"}],"replies":[{"embeddable":true,"href":"https:\/\/www.laterredufutur.com\/accueil\/wp-json\/wp\/v2\/comments?post=4527"}],"version-history":[{"count":1,"href":"https:\/\/www.laterredufutur.com\/accueil\/wp-json\/wp\/v2\/posts\/4527\/revisions"}],"predecessor-version":[{"id":4529,"href":"https:\/\/www.laterredufutur.com\/accueil\/wp-json\/wp\/v2\/posts\/4527\/revisions\/4529"}],"wp:featuredmedia":[{"embeddable":true,"href":"https:\/\/www.laterredufutur.com\/accueil\/wp-json\/wp\/v2\/media\/4528"}],"wp:attachment":[{"href":"https:\/\/www.laterredufutur.com\/accueil\/wp-json\/wp\/v2\/media?parent=4527"}],"wp:term":[{"taxonomy":"category","embeddable":true,"href":"https:\/\/www.laterredufutur.com\/accueil\/wp-json\/wp\/v2\/categories?post=4527"},{"taxonomy":"post_tag","embeddable":true,"href":"https:\/\/www.laterredufutur.com\/accueil\/wp-json\/wp\/v2\/tags?post=4527"}],"curies":[{"name":"wp","href":"https:\/\/api.w.org\/{rel}","templated":true}]}}