{"id":4428,"date":"2008-05-21T20:35:34","date_gmt":"2008-05-21T18:35:34","guid":{"rendered":"http:\/\/www.laterredufutur.com\/accueil1\/?p=4428"},"modified":"2015-04-12T20:37:20","modified_gmt":"2015-04-12T18:37:20","slug":"le-nouveau-satellite-jason-indique-un-refroidissement-global-de-23-ans","status":"publish","type":"post","link":"https:\/\/www.laterredufutur.com\/accueil\/le-nouveau-satellite-jason-indique-un-refroidissement-global-de-23-ans\/","title":{"rendered":"Le nouveau satellite Jason indique un refroidissement global de 23 ans"},"content":{"rendered":"<div class=\"1665f18d14f35dd9e7566e1a8ac9a3e9\" data-index=\"1\" style=\"float: none; margin:10px 0 10px 0; text-align:center;\">\n<script async src=\"https:\/\/pagead2.googlesyndication.com\/pagead\/js\/adsbygoogle.js\"><\/script>\r\n<ins class=\"adsbygoogle\"\r\n     style=\"display:block; text-align:center;\"\r\n     data-ad-layout=\"in-article\"\r\n     data-ad-format=\"fluid\"\r\n     data-ad-client=\"ca-pub-2860849627502538\"\r\n     data-ad-slot=\"3019501113\"><\/ins>\r\n<script>\r\n     (adsbygoogle = window.adsbygoogle || []).push({});\r\n<\/script>\n<\/div>\n<p align=\"justify\"><span style=\"font-size: small;\">Par Dennis T. Avery<\/span><\/p>\n<p align=\"justify\"><span style=\"font-size: small;\">Maintenant ce n&rsquo;est pas simplement les taches solaires qui pr\u00e9voient un refroidissement global de 23 ans. Le nouveau satellite oc\u00e9anographique Jason prouve que 2007 \u00e9tait une\u00a0ann\u00e9e Nina\u00a0\u00ab fra\u00eeche \u00bb mais Jason\u00a0annonce \u00e9galement que quelque chose de plus important est au travail : L&rsquo;oscillation d\u00e9cadaire Pacifique est beaucoup plus grande et plus persistante (PDO), elle s&rsquo;est transform\u00e9e en sa phase fra\u00eeche, cela nous indique\u00a0de nous\u00a0attendre \u00e0 des temp\u00e9ratures globales plus basses jusqu&rsquo;en 2030 environ.<\/span><\/p>\n<p align=\"justify\"><span style=\"font-size: small;\">Pour le si\u00e8cle pass\u00e9 au moins, les temp\u00e9ratures globales ont tendences \u00e0 refl\u00e9ter les\u00a0r\u00e9chauffements\u00a0de 20 \u00e0 30 ans et les\u00a0refroidissement de l&rsquo;oc\u00e9an pacifique du nord. Nous ne savons pas pourquoi, mais le mod\u00e8le du si\u00e8cle dernier est clair : la terre s&rsquo;est r\u00e9chauff\u00e9\u00a0de 1915 \u00e0 1940, alors que le PDO se r\u00e9chauffait \u00e9galement (1925 \u00e0 46). La terre\u00a0s&rsquo;est refroidi de 1940 \u00e0 1975, alors que le PDO se refroidissait (1946 \u00e0 1977). Le r\u00e9chauffement global fort de 1976 \u00e0 1998 a \u00e9t\u00e9 accompagn\u00e9 d&rsquo;un r\u00e9chauffage fort et presque-constant du Pacifique nord. Les anneaux des arbres antiques en Californie et\u00a0au Mexique montrent\u00a011 d\u00e9calages de PDO depuis 1650, faisant\u00a0une moyenne de 23 ans.<\/span><\/p>\n<p align=\"justify\"><span style=\"font-size: small;\">Les chercheurs ont d\u00e9couvert le PDO\u00a0tr\u00e8s r\u00e9cemment en 1996 tandis que la recherche\u00a0du nombre de\u00a0saumons avait diminu\u00e9 brusquement dans le Fleuve Columbia Apr\u00e8s 1977. Le\u00a0record de\u00a0saumons pendant les 100 derni\u00e8res ann\u00e9es est expliqu\u00e9 par une r\u00e9ponse et un d\u00e9calage\u00a0par rapport aux\u00a0courants de l&rsquo;oc\u00e9an pacifique. Le PDO favorise les saumons de la Colombie pendant environ 25 ans, et puis ceux des saumons du Golfe de l&rsquo;Alaska, mais les deux p\u00eaches ne prosp\u00e8rent jamais en m\u00eame temps. Quelque chose dans le PDO favorise le d\u00e9veloppement pr\u00e9coce des saumons d&rsquo;une r\u00e9gion ou de l&rsquo;autre. D&rsquo;autres poissons, tels que le fl\u00e9tan, des sardines, et des anchois suivent les d\u00e9calages semblables en conformit\u00e9 avec le PDO.<\/span><\/p>\n<p align=\"justify\"><span style=\"font-size: small;\">N\u00e9anmoins, 22.5 ans \u00ab doubles cycles de tache solaire \u00bb (Schwabe) ont \u00e9t\u00e9 aussi bien identifi\u00e9s sous des pr\u00e9cipitations sud-africaines, des moussons indiennes, des s\u00e9cheresses australiennes, et des pluies dans le sud-ouest lointain des Etats-Unis. Ces cycles arguent du fait que le soleil commande les temp\u00e9ratures de la Terre.<\/span><\/p><div class=\"1665f18d14f35dd9e7566e1a8ac9a3e9\" data-index=\"2\" style=\"float: none; margin:10px 0 10px 0; text-align:center;\">\n<script async src=\"https:\/\/pagead2.googlesyndication.com\/pagead\/js\/adsbygoogle.js\"><\/script>\r\n<ins class=\"adsbygoogle\"\r\n     style=\"display:block; text-align:center;\"\r\n     data-ad-layout=\"in-article\"\r\n     data-ad-format=\"fluid\"\r\n     data-ad-client=\"ca-pub-2860849627502538\"\r\n     data-ad-slot=\"3019501113\"><\/ins>\r\n<script>\r\n     (adsbygoogle = window.adsbygoogle || []).push({});\r\n<\/script>\n<\/div>\n\n<p align=\"justify\"><span style=\"font-size: small;\">Les exp\u00e9riences r\u00e9centes de Dr. Henrik Svensmark \u00e0 l&rsquo;institut de recherche danois de l&rsquo;espace semblent prouver que les temp\u00e9ratures de la Terre sont\u00a0 affect\u00e9es d&rsquo;une mani\u00e8re primordiale par le bas, les humides nuages qui\u00a0r\u00e9fl\u00e9chissent plus ou moins\u00a0la chaleur solaire dans l&rsquo;espace. Le nombre de tels nuages est affect\u00e9, alternativement, par plus ou peu de rayonnements qui frappent la terre. Le nombre de rayonnements terre \u00e0 terre d\u00e9pend de l&rsquo;ampleur du vent magn\u00e9tique g\u00e9ant\u00a0expuls\u00e9 par le soleil.<\/span><\/p>\n<p align=\"justify\"><span style=\"font-size: small;\">Toute cela d\u00e9fie le \u00ab consensus \u00bb\u00a0humain des \u00e9missions\u00a0de CO2\u00a0responsables de notre r\u00e9chauffement global. Le refroidissement de de 1940 \u00e0 1975 a d\u00e9fi\u00e9 la th\u00e9orie de gaz \u00e0 effet de serre, se produisant pendant la premi\u00e8re grande mont\u00e9e subite des \u00e9missions synth\u00e9tiques de CO2. R\u00e9cemment, le climat a obstin\u00e9ment refus\u00e9 de se r\u00e9chauffer depuis 1998,\u00a0pourtant les \u00e9missions de CO2 humaines\u00a0ont continu\u00e9 \u00e0 monter fortement.<\/span><\/p>\n<p align=\"justify\"><span style=\"font-size: small;\">Le satellite Jason est une version mise \u00e0 jour et plus-pr\u00e9cise du satellite\u00a0 Poseidon qui avait surveill\u00e9 les oc\u00e9ans depuis 1992, prenant les vitesses des vents sur les\u00a0oc\u00e9ans, des amplitudes d&rsquo;onde, et des changements du niveau de la mer. Jason est\u00a0suivi par le laboratoire de la propulsion par r\u00e9action de la NASA et une \u00e9quipe fran\u00e7aise.<\/span><\/p>\n<p align=\"justify\"><span style=\"font-size: small;\">Dennis T. Avery est un membre distingu\u00e9\u00a0de l&rsquo;institut d&rsquo;Hudson \u00e0 Washington.<\/span><\/p>\n<p align=\"center\"><img data-recalc-dims=\"1\" loading=\"lazy\" decoding=\"async\" src=\"https:\/\/i0.wp.com\/www.laterredufutur.com\/spaw\/images\/amo-pdo.jpg?resize=450%2C290\" alt=\"\" width=\"450\" height=\"290\" \/><\/p>\n<p align=\"justify\"><span style=\"font-size: small;\">Tout ceci Fait suite \u00e0 l&rsquo;article sur L&rsquo;AMO. Une\u00a0coencidence entre les 2 oscillations vont faire que les cycles vont se chevaucher pendant une d\u00e9cennie. Il est ind\u00e9niable que les cons\u00e9quences de la pollution \u00e9mise par le CO2 ne peut \u00eatre exclue et dont les cons\u00e9quences sont connues et ont \u00e9t\u00e9 largement expliqu\u00e9es sur la Terre du Futur\u00a0<\/span><\/p>\n<p align=\"justify\"><span style=\"font-size: small;\">source : <a href=\"http:\/\/www.enterstageright.com\/\">http:\/\/www.enterstageright.com\/<\/a><\/span><\/p>\n<p align=\"justify\"><span style=\"font-size: small;\">Traduction, R\u00e9sum\u00e9, et Apdatation de La Terre du Futur<\/span><\/p>\n<p class=\"bawpvc-ajax-counter\" data-id=\"4428\">(1026)<\/p>\n<!--CusAds0-->\n<div style=\"font-size: 0px; height: 0px; line-height: 0px; margin: 0; padding: 0; clear: both;\"><\/div>","protected":false},"excerpt":{"rendered":"<p>Par Dennis T. Avery Maintenant ce n&rsquo;est pas simplement les taches solaires qui pr\u00e9voient un refroidissement global de 23 ans&#8230;.<\/p>\n","protected":false},"author":1,"featured_media":4429,"comment_status":"open","ping_status":"open","sticky":false,"template":"","format":"standard","meta":{"_exactmetrics_skip_tracking":false,"_exactmetrics_sitenote_active":false,"_exactmetrics_sitenote_note":"","_exactmetrics_sitenote_category":0,"ngg_post_thumbnail":0,"jetpack_post_was_ever_published":false,"_jetpack_newsletter_access":"","_jetpack_dont_email_post_to_subs":false,"_jetpack_newsletter_tier_id":0,"_jetpack_memberships_contains_paywalled_content":false,"_jetpack_memberships_contains_paid_content":false,"footnotes":"","jetpack_publicize_message":"","jetpack_publicize_feature_enabled":true,"jetpack_social_post_already_shared":false,"jetpack_social_options":{"image_generator_settings":{"template":"highway","default_image_id":0,"font":"","enabled":false},"version":2}},"categories":[20,22],"tags":[41,881,3399,234,183,46,3398],"class_list":["post-4428","post","type-post","status-publish","format-standard","has-post-thumbnail","hentry","category-climat","category-espace","tag-climat","tag-cycles","tag-decennie","tag-oceans","tag-previsions","tag-refroidissement","tag-satellite-jason","wpcat-20-id","wpcat-22-id"],"jetpack_publicize_connections":[],"jetpack_featured_media_url":"https:\/\/i0.wp.com\/www.laterredufutur.com\/accueil\/wp-content\/uploads\/2015\/04\/satellite-jason.jpg?fit=640%2C640&ssl=1","jetpack_shortlink":"https:\/\/wp.me\/p631RN-19q","jetpack-related-posts":[{"id":10619,"url":"https:\/\/www.laterredufutur.com\/accueil\/lancement-du-satellite-jason-3\/","url_meta":{"origin":4428,"position":0},"title":"Lancement du Satellite Jason-3","author":"Admin","date":"17 janvier 2016","format":false,"excerpt":"Jason-3 est le 3e satellite franco-am\u00e9ricain de la famille des Jason. Il assurera la continuit\u00e9 des donn\u00e9es sur la hauteur des oc\u00e9ans depuis une orbite situ\u00e9e \u00e0 1336 km d'altitude. Lancement le 17 janvier 2016. Fruit d'une \u00e9troite collaboration entre le CNES et la Nasa, il a d\u00e9coll\u00e9\u00a0d'une bas\u00e9e militaire\u2026","rel":"","context":"Dans &quot;Courants Marins&quot;","block_context":{"text":"Courants Marins","link":"https:\/\/www.laterredufutur.com\/accueil\/sujets\/circulation-oceanique\/"},"img":{"alt_text":"","src":"https:\/\/i0.wp.com\/www.laterredufutur.com\/accueil\/wp-content\/uploads\/2015\/04\/satellite-jason.jpg?fit=640%2C640&ssl=1&resize=350%2C200","width":350,"height":200,"srcset":"https:\/\/i0.wp.com\/www.laterredufutur.com\/accueil\/wp-content\/uploads\/2015\/04\/satellite-jason.jpg?fit=640%2C640&ssl=1&resize=350%2C200 1x, https:\/\/i0.wp.com\/www.laterredufutur.com\/accueil\/wp-content\/uploads\/2015\/04\/satellite-jason.jpg?fit=640%2C640&ssl=1&resize=525%2C300 1.5x"},"classes":[]},{"id":3623,"url":"https:\/\/www.laterredufutur.com\/accueil\/de-nouvelles-donnees-montrent-un-refroidissement-oceanique\/","url_meta":{"origin":4428,"position":1},"title":"De nouvelles donn\u00e9es montrent un refroidissement oc\u00e9anique","author":"Admin","date":"6 septembre 2006","format":false,"excerpt":"Par DENNIS AVERY et ALEX AVERY Les oc\u00e9ans du monde se sont refroidis soudainement entre 2003 et 2005, perdant plus de 20\u00a0% de la chaleur du r\u00e9chauffement\u00a0global qu'ils avaient absorb\u00e9s au cours des 50 derni\u00e8res ann\u00e9es. C'est une vaste quantit\u00e9 de\u00a0 chaleur, puisque les oc\u00e9ans contiennent 1.000 fois\u00a0plus de\u00a0chaleur que\u2026","rel":"","context":"Dans &quot;Courants Marins&quot;","block_context":{"text":"Courants Marins","link":"https:\/\/www.laterredufutur.com\/accueil\/sujets\/circulation-oceanique\/"},"img":{"alt_text":"","src":"","width":0,"height":0},"classes":[]},{"id":15342,"url":"https:\/\/www.laterredufutur.com\/accueil\/le-gulf-stream-pourrait-refroidir-leurope-dici-moins-de-10-ans\/","url_meta":{"origin":4428,"position":2},"title":"Le Gulf Stream pourrait refroidir l&rsquo;Europe d&rsquo;ici moins de 10 ans","author":"Admin","date":"5 juin 2017","format":false,"excerpt":"Le d\u00e9r\u00e8glement climatique n\u2019occasionne pas que des pics de chaleur ! L\u2019affaiblissement du Gulf Stream provoquerait une baisse de la temp\u00e9rature en Europe de l\u2019Ouest. Vous pensiez profiter tranquillement du r\u00e9chauffement climatique et attendre que poussent les cocotiers sur les rives de la Mer du Nord ? D\u00e9trompez-vous ! Les\u2026","rel":"","context":"Dans &quot;Courants Marins&quot;","block_context":{"text":"Courants Marins","link":"https:\/\/www.laterredufutur.com\/accueil\/sujets\/circulation-oceanique\/"},"img":{"alt_text":"","src":"https:\/\/i0.wp.com\/www.laterredufutur.com\/accueil\/wp-content\/uploads\/2015\/04\/gulf-stream-avril-2015.jpg?fit=900%2C472&ssl=1&resize=350%2C200","width":350,"height":200,"srcset":"https:\/\/i0.wp.com\/www.laterredufutur.com\/accueil\/wp-content\/uploads\/2015\/04\/gulf-stream-avril-2015.jpg?fit=900%2C472&ssl=1&resize=350%2C200 1x, https:\/\/i0.wp.com\/www.laterredufutur.com\/accueil\/wp-content\/uploads\/2015\/04\/gulf-stream-avril-2015.jpg?fit=900%2C472&ssl=1&resize=525%2C300 1.5x, https:\/\/i0.wp.com\/www.laterredufutur.com\/accueil\/wp-content\/uploads\/2015\/04\/gulf-stream-avril-2015.jpg?fit=900%2C472&ssl=1&resize=700%2C400 2x"},"classes":[]},{"id":4810,"url":"https:\/\/www.laterredufutur.com\/accueil\/le-refroidissement-global-continue\/","url_meta":{"origin":4428,"position":3},"title":"Le refroidissement global continue","author":"Admin","date":"20 mars 2009","format":false,"excerpt":"La stabilisation, voir la diminution\u00a0des temp\u00e9ratures globales continuent sur une tendance depuis dix ans , l'ann\u00e9e 2008 \u00e9tait sensiblement plus froide que 2007, et les temp\u00e9ratures globales pendant toute\u00a0l'ann\u00e9e \u00e9taient en-dessous de la moyenne\u00a0par rapport aux\u00a030 derni\u00e8res ann\u00e9es. Les donn\u00e9es globales\u00a0des temp\u00e9ratures\u00a0relev\u00e9es par les mesures satellitaires de la NASA refutent\u2026","rel":"","context":"Dans &quot;Climat&quot;","block_context":{"text":"Climat","link":"https:\/\/www.laterredufutur.com\/accueil\/sujets\/climat\/"},"img":{"alt_text":"","src":"https:\/\/i0.wp.com\/www.laterredufutur.com\/accueil\/wp-content\/uploads\/2015\/04\/cooling.jpg?fit=428%2C268&ssl=1&resize=350%2C200","width":350,"height":200},"classes":[]},{"id":1537,"url":"https:\/\/www.laterredufutur.com\/accueil\/le-rechauffement-climatique-en-pause-grace-au-refroidissement-du-pacifique\/","url_meta":{"origin":4428,"position":4},"title":"Le r\u00e9chauffement climatique en pause gr\u00e2ce au refroidissement du Pacifique","author":"Admin","date":"8 septembre 2013","format":false,"excerpt":"Depuis 2003, ouverture du site de la Terre du Futur, nous parlons d'une stabilisation des temp\u00e9ratures, voire d'un refroidissement climatique car des r\u00e9troactions n\u00e9gatives du climat devaient \u00eatre attendues. Selon une \u00e9tude publi\u00e9e par Nature, la temp\u00e9rature sur Terre semble se stabiliser depuis une quinzaine d'ann\u00e9es. Si le r\u00e9chauffement global\u2026","rel":"","context":"Dans &quot;Climat&quot;","block_context":{"text":"Climat","link":"https:\/\/www.laterredufutur.com\/accueil\/sujets\/climat\/"},"img":{"alt_text":"ocean pacifique","src":"https:\/\/i0.wp.com\/www.laterredufutur.com\/accueil\/wp-content\/uploads\/2011\/07\/ocean-pacifique.jpg?fit=468%2C312&ssl=1&resize=350%2C200","width":350,"height":200},"classes":[]},{"id":5261,"url":"https:\/\/www.laterredufutur.com\/accueil\/nous-sommes-devant-30-ans-de-refroidissement-climatique\/","url_meta":{"origin":4428,"position":5},"title":"Nous sommes devant 30 ans de refroidissement climatique","author":"Admin","date":"24 f\u00e9vrier 2010","format":false,"excerpt":"Selon des scientifiques reconnus: Nous sommes devant 30 ans de refroidissement climatique. Certains avaient d\u00e9j\u00e0 remarqu\u00e9 que l'ann\u00e9e 2009 s'\u00e9tait inscrit dans une tendance au refroidissement.Selon le ''US National Snow and Ice Data Centre in Colorado'' la glace pr\u00e9sente en \u00e9t\u00e9 dans l'oc\u00e9an arctique a augment\u00e9\u00a0 de 409,000 milles carr\u00e9s,\u2026","rel":"","context":"Dans &quot;Climat&quot;","block_context":{"text":"Climat","link":"https:\/\/www.laterredufutur.com\/accueil\/sujets\/climat\/"},"img":{"alt_text":"","src":"https:\/\/i0.wp.com\/www.laterredufutur.com\/accueil\/wp-content\/uploads\/2015\/04\/Dangerous_cooling.jpg?fit=400%2C200&ssl=1&resize=350%2C200","width":350,"height":200},"classes":[]}],"jetpack_sharing_enabled":true,"_links":{"self":[{"href":"https:\/\/www.laterredufutur.com\/accueil\/wp-json\/wp\/v2\/posts\/4428","targetHints":{"allow":["GET"]}}],"collection":[{"href":"https:\/\/www.laterredufutur.com\/accueil\/wp-json\/wp\/v2\/posts"}],"about":[{"href":"https:\/\/www.laterredufutur.com\/accueil\/wp-json\/wp\/v2\/types\/post"}],"author":[{"embeddable":true,"href":"https:\/\/www.laterredufutur.com\/accueil\/wp-json\/wp\/v2\/users\/1"}],"replies":[{"embeddable":true,"href":"https:\/\/www.laterredufutur.com\/accueil\/wp-json\/wp\/v2\/comments?post=4428"}],"version-history":[{"count":1,"href":"https:\/\/www.laterredufutur.com\/accueil\/wp-json\/wp\/v2\/posts\/4428\/revisions"}],"predecessor-version":[{"id":4430,"href":"https:\/\/www.laterredufutur.com\/accueil\/wp-json\/wp\/v2\/posts\/4428\/revisions\/4430"}],"wp:featuredmedia":[{"embeddable":true,"href":"https:\/\/www.laterredufutur.com\/accueil\/wp-json\/wp\/v2\/media\/4429"}],"wp:attachment":[{"href":"https:\/\/www.laterredufutur.com\/accueil\/wp-json\/wp\/v2\/media?parent=4428"}],"wp:term":[{"taxonomy":"category","embeddable":true,"href":"https:\/\/www.laterredufutur.com\/accueil\/wp-json\/wp\/v2\/categories?post=4428"},{"taxonomy":"post_tag","embeddable":true,"href":"https:\/\/www.laterredufutur.com\/accueil\/wp-json\/wp\/v2\/tags?post=4428"}],"curies":[{"name":"wp","href":"https:\/\/api.w.org\/{rel}","templated":true}]}}