{"id":4372,"date":"2008-04-01T19:29:33","date_gmt":"2008-04-01T17:29:33","guid":{"rendered":"http:\/\/www.laterredufutur.com\/accueil1\/?p=4372"},"modified":"2015-04-12T19:37:05","modified_gmt":"2015-04-12T17:37:05","slug":"les-volcans-du-massif-central-se-reveillaient-ils","status":"publish","type":"post","link":"https:\/\/www.laterredufutur.com\/accueil\/les-volcans-du-massif-central-se-reveillaient-ils\/","title":{"rendered":"Les Volcans du Massif Central se r\u00e9veillaient ils ?"},"content":{"rendered":"<div class=\"1665f18d14f35dd9e7566e1a8ac9a3e9\" data-index=\"1\" style=\"float: none; margin:10px 0 10px 0; text-align:center;\">\n<script async src=\"https:\/\/pagead2.googlesyndication.com\/pagead\/js\/adsbygoogle.js\"><\/script>\r\n<ins class=\"adsbygoogle\"\r\n     style=\"display:block; text-align:center;\"\r\n     data-ad-layout=\"in-article\"\r\n     data-ad-format=\"fluid\"\r\n     data-ad-client=\"ca-pub-2860849627502538\"\r\n     data-ad-slot=\"3019501113\"><\/ins>\r\n<script>\r\n     (adsbygoogle = window.adsbygoogle || []).push({});\r\n<\/script>\n<\/div>\n<p align=\"justify\"><span style=\"font-size: small;\">La synth\u00e8se des donn\u00e9es g\u00e9ologiques montre une \u00e9volution tout \u00e0 fait diff\u00e9rente entre le nord et le sud du Massif Central. Le nord du Massif Central, o\u00f9 s\u2019est d\u00e9roul\u00e9e l&rsquo;excursion de Limagne, est principalement caract\u00e9ris\u00e9 \u00e0 l\u2019Oligoc\u00e8ne par un fort amincissement crustal, la formation de foss\u00e9 d\u2019effondrement au niveau de la mer avec une s\u00e9dimentation \u00e9paisse (jusqu\u2019\u00e0 3000 m) sans volcanisme, suivie de l&rsquo;Oligoc\u00e8ne sup\u00e9rieur au Mioc\u00e8ne inf\u00e9rieur d\u2019un volcanisme localis\u00e9 dans les zones de plus fort amincissement crustal, en Limagne essentiellement (Premier arr\u00eat de l&rsquo;excursion de Limagne).<\/span><\/p>\n<p align=\"justify\"><span style=\"font-size: small;\">Une augmentation de la sismicit\u00e9 fait craindre le pire&#8230;<\/span><\/p>\n<p align=\"center\"><span style=\"color: #0081ff;\"><span style=\"font-size: small;\">Evidemment tout ceci \u00e9tait un magnifique HOAX et un poisson d&rsquo;avril. De tout ceci, seuls les descriptions et la sismicit\u00e9 habituelle du massif central\u00a0sont r\u00e9els.\u00a0D&rsquo;apr\u00e8s un vulcanologue, si le volcanisme du massif central devait se r\u00e9veiller, nous le serions plusieurs dizaines d&rsquo;ann\u00e9es avant. L&rsquo;Equipe de TDF vous souhaite un\u00a0joyeux 1 avril 2008. \u00a0<\/span><\/span><\/p>\n<p align=\"justify\"><span style=\"font-size: small;\">Cet \u00e9pisode est surtout d\u00e9velopp\u00e9 dans la partie nord du Massif Central, lieu de notre excursion, o\u00f9 l\u2019amincissement crustal est localis\u00e9 mais notable, la s\u00e9dimentation parfois \u00e9paisse, au niveau de la mer et sans volcanisme. Le magmatisme associ\u00e9 \u00e0 cet \u00e9pisode ne se d\u00e9veloppe pleinement qu\u2019au moment de l\u2019arr\u00eat de la s\u00e9dimentation, est restreint \u00e0 la partie nord et dure <img data-recalc-dims=\"1\" loading=\"lazy\" decoding=\"async\" src=\"https:\/\/i0.wp.com\/www.laterredufutur.com\/spaw\/images\/tremblementsdeterre.jpg?resize=300%2C275\" alt=\"\" width=\"300\" height=\"275\" align=\"left\" \/>principalement pendant le Mioc\u00e8ne inf\u00e9rieur. Il s\u2019interrompt au Mioc\u00e8ne sup\u00e9rieur.<\/span><\/p>\n<p align=\"justify\"><span style=\"font-size: small;\">C\u2019est cependant dans cette r\u00e9gion m\u00e9ridionale, au Mioc\u00e8ne sup\u00e9rieur, que se produit une importante \u00e9rosion thermo-m\u00e9canique \u00e0 la base de la lithosph\u00e8re, cons\u00e9quence du flux asth\u00e9nosph\u00e9rique engendr\u00e9 par l\u2019enfoncement de la racine lithosph\u00e9rique alpine \u00e0 l\u2019Eo-Oligoc\u00e8ne. C\u2019est l\u2019\u00e9poque de la phase volcanique majeure (Figure 1) et de la formation des grandes provinces volcaniques du sud du Massif Central (Cantal, Deves, Veley, Aubrac, etc).<\/span><\/p>\n<p align=\"justify\"><span style=\"font-size: small;\">En France, le Massif central et la Bretagne ne s&rsquo;ont pas \u00e9pargn\u00e9s.<\/span><\/p>\n<p align=\"justify\"><span style=\"font-size: small;\">On constate, au sud est de Montlu\u00e7on, une activit\u00e9 sismique particuli\u00e8rement importante depuis le d\u00e9but de l&rsquo;ann\u00e9e 2002. Cette activit\u00e9 est caract\u00e9ris\u00e9e par une quarantaine petits s\u00e9ismes d&rsquo;une magnitude inf\u00e9rieure \u00e0 3. Ils sont situ\u00e9s \u00e0 une profondeur de 5 Km le long de failles li\u00e9es au sillon houiller. En portant les coordonn\u00e9es de ces \u00e9v\u00e8nements sur un graphique, on met en \u00e9vidence leur concentration dans le secteur de St Eloy Les Mines&#8230;<\/span><\/p>\n<p align=\"justify\"><span style=\"font-size: small;\">De juillet \u00e0 octobre 2003, les s\u00e9ismes se produisent plus au sud, dans le triangle Manzat &#8211; Pontaumur &#8211; Pongibaud \u00e0 une profondeur de 5 \u00e0 10 Km. En novembre, c&rsquo;est dans le secteur du Gour de Tazenat \u00e0 une profondeur de 5 Km. De juillet \u00e0 novembre 2003, les s\u00e9ismes se produisent dans ce secteur \u00e0 une profondeur de 5 \u00e0 10 Km. d&rsquo;une intensit\u00e9 de 1.7 \u00e0 3.6. Les petits s\u00e9ismes ont lieu vers le viaduc des Fades sur la vall\u00e9e de la Sioule et actuellement dans le secteur de Charbonni\u00e8res Les Vieilles pr\u00e8s du crat\u00e8re de maar du Gour de Tazenat \u00e0 une profondeur de 5 Km. Le Gour de Tazenat est le plus septentrional des volcans de la cha\u00eene des Puys Un t\u00e9moignage m&rsquo;est parvenu d&rsquo;un r\u00e9sidant de Queuille : Il a ressenti les effets du s\u00e9isme du 23 ao\u00fbt \u00e0 partir de 2h 30mn, sous la forme d&rsquo;une succession de 5 \u00ab\u00a0bruits d&rsquo;explosions\u00a0\u00bb espac\u00e9s d&rsquo;une quinzaine de minutes et une autre secousse une heure plus tard. Il n&rsquo;a pas eu la sensation de vibrations du sol. Ce s\u00e9isme a \u00e9t\u00e9 enregistr\u00e9 par le r\u00e9seau de surveillance sismique avec une magnitude de 3.3 et une profondeur d&rsquo;une dizaine de kilom\u00e8tres.<br \/>\n<\/span><\/p><div class=\"1665f18d14f35dd9e7566e1a8ac9a3e9\" data-index=\"2\" style=\"float: none; margin:10px 0 10px 0; text-align:center;\">\n<script async src=\"https:\/\/pagead2.googlesyndication.com\/pagead\/js\/adsbygoogle.js\"><\/script>\r\n<ins class=\"adsbygoogle\"\r\n     style=\"display:block; text-align:center;\"\r\n     data-ad-layout=\"in-article\"\r\n     data-ad-format=\"fluid\"\r\n     data-ad-client=\"ca-pub-2860849627502538\"\r\n     data-ad-slot=\"3019501113\"><\/ins>\r\n<script>\r\n     (adsbygoogle = window.adsbygoogle || []).push({});\r\n<\/script>\n<\/div>\n\n<p align=\"justify\"><span style=\"font-size: small;\">En\u00a0 2006, on a\u00a0 enregistr\u00e9 47 petits s\u00e9ismes r\u00e9partis sur la zone (voir la carte et les donn\u00e9es) la plus forte magnitude est de 2.9. Comme tous les ans nous constatons\u00a0 une augmentation du nombre de secousses au mois d&rsquo;ao\u00fbt !<\/span><\/p>\n<p align=\"justify\"><span style=\"font-size: small;\">En\u00a0 2005, on a enregistr\u00e9 59 s\u00e9ismes.<\/span><\/p>\n<p align=\"justify\"><span style=\"font-size: small;\">Le 8 d\u00e9cembre \u00e0 4h 17mn (heure locale), une magnitude de 3 a \u00e9t\u00e9 enregistr\u00e9e au nord de Pontaumur. Le journal La Montagne du 10 d\u00e9cembre rapporte le t\u00e9moignage d&rsquo;habitants\u00a0 comparant le bruit sourd du s\u00e9isme au passage d&rsquo;un avion \u00e0 r\u00e9action. Aucun d\u00e9g\u00e2t n&rsquo;a \u00e9t\u00e9 d\u00e9clar\u00e9.<\/span><\/p>\n<p align=\"justify\"><span style=\"font-size: small;\">Ces petites secousses ont eu lieu sur l&rsquo;ensemble de la zone mais certains pr\u00e9sentent des alignements remarquables ;\u00a0 en ao\u00fbt, 4 \u00e9taient align\u00e9s entre Queuille et Menat, sur les rives de la Sioule vers Ch\u00e2teauneuf les Bains, d&rsquo;autres vers Vichy ou en Creuse. C&rsquo;est au sud de Montlu\u00e7on qu&rsquo;ont \u00e9t\u00e9 localis\u00e9s le plus d&rsquo;\u00e9v\u00e9nements en 2005.\u00a0 (voir la carte ci-dessous)<\/span><\/p>\n<p align=\"justify\"><span style=\"font-size: small;\">En\u00a0 2004,\u00a0 83 petites secousses se sont\u00a0 produites entre 5 et 10 Km de profondeur.\u00a0 Dont un essaim de 53\u00a0 dans le triangle Queuille &#8211; Manzat &#8211; St Georges de Mons et vers Gour de Tazenat (ancien maar de la Cha\u00eene des Puys ) (D\u00e9but Juin 2 secousses d&rsquo;une magnitude de 3 et 2,9 ont eu lieu au sud de Queuille.)\u00a0<\/span><\/p>\n<p align=\"justify\"><span style=\"font-size: small;\"><strong><img data-recalc-dims=\"1\" loading=\"lazy\" decoding=\"async\" src=\"https:\/\/i0.wp.com\/www.laterredufutur.com\/spaw\/images\/tremblet2.gif?resize=190%2C215\" alt=\"\" width=\"190\" height=\"215\" align=\"left\" \/>Ces tremblements de terre cr\u00e9eraient donc une remont\u00e9e magmatique \u00e0 travers les failles du nord du Massif Central. Certaines calderas endormies comme le Mont Dore pourraient \u00eatre concern\u00e9es.<\/strong><\/span><\/p>\n<p align=\"justify\">L&rsquo;ensemble Monts Dore &#8211; Sancy est un \u00e9difice composite qui forme deux grands stratovolcans d&rsquo;\u00e2ges diff\u00e9rents et couvrant une superficie d&rsquo;environ 500 km2 pour pr\u00e8s de 200 km3 de produits \u00e9mis. Il est recouvert par la cha\u00eene des Puys au Nord et l&rsquo;ensemble du Pavin au Sud et culmine au Puy du Sancy \u00e0 1885m.Les premiers signes d&rsquo;activit\u00e9 volcanique dans cette r\u00e9gion voient la mise en place de basaltes dispers\u00e9s et peu importants \u00e0 partir de 15 Ma et jusqu&rsquo;\u00e0 3 Ma.<\/p>\n<p align=\"justify\">Par la suite, s&rsquo;\u00e9difie le stratovolcan des Monts Dore de 3 \u00e0 1,5 Ma. Comme pour le Cantal, l&rsquo;histoire g\u00e9ologique de ce stratovolcan a suscit\u00e9 de nombreux travaux. Ici cependant, les interrogations restent nombreuses et concernent la chronologie des \u00e9ruptions, l&rsquo;existence et les limites d&rsquo;une caldeira et l&rsquo;importance des avalanches de d\u00e9bris<\/p>\n<p align=\"justify\">A l&rsquo;ext\u00e9rieur de la caldera se mettent en place les d\u00f4mes phonolitiques (roches Tuili\u00e8re et Sanadoire), des coul\u00e9es de trachyand\u00e9site (Banne d&rsquo;Ordanche) et des tufs hyaloclastiques (col de Gu\u00e9ry). En m\u00eame temps se mettent en place, autour de 2 Ma, les d\u00e9p\u00f4ts du plateau de Perrier r\u00e9sultant de gigantesques avalanches de d\u00e9bris partant du Massif de l&rsquo;Aiguiller et qui se sont \u00e9coul\u00e9es vers le NE jusqu&rsquo;\u00e0 l&rsquo;Allier sur plus de 50km.<\/p>\n<p align=\"justify\">Apr\u00e8s une lacune d&rsquo;\u00e9ruption de produits diff\u00e9renci\u00e9s entre 1,5 et 1 Ma se met en place le volcan du Sancy entre 1 et 0,2 Ma, et le Massif Adventif entre 0,5 et 0,2 Ma.<\/p>\n<p align=\"justify\">Un ph\u00e9nom\u00e8ne cyclique qui pourrait donc \u00eatre sur le point de se r\u00e9veiller, les tremblements de terre r\u00e9cents seraient le signal d&rsquo;un r\u00e9veil inopin\u00e9. Les cons\u00e9quences d&rsquo;un tel \u00e9v\u00e8nement sont pour l&rsquo;heure incalculables. Certains sp\u00e9cialistes parlent de quelques mois avant un tel r\u00e9veil&#8230;<\/p>\n<p align=\"justify\"><span style=\"font-size: small;\">sources : <\/span><a href=\"http:\/\/planet-terre.ens-lyon.fr\/\"><span style=\"font-size: small;\">http:\/\/planet-terre.ens-lyon.fr<\/span><\/a><span style=\"font-size: small;\">\u00a0\/ <\/span><a href=\"http:\/\/naturnet.free.fr\/\"><span style=\"font-size: small;\">http:\/\/naturnet.free.fr<\/span><\/a>\u00a0\/ <a href=\"http:\/\/www2.brgm.fr\/\">http:\/\/www2.brgm.fr\/<\/a><\/p>\n<p class=\"bawpvc-ajax-counter\" data-id=\"4372\">(1286)<\/p>\n<!--CusAds0-->\n<div style=\"font-size: 0px; height: 0px; line-height: 0px; margin: 0; padding: 0; clear: both;\"><\/div>","protected":false},"excerpt":{"rendered":"<p>La synth\u00e8se des donn\u00e9es g\u00e9ologiques montre une \u00e9volution tout \u00e0 fait diff\u00e9rente entre le nord et le sud du Massif&#8230;<\/p>\n","protected":false},"author":1,"featured_media":4373,"comment_status":"open","ping_status":"open","sticky":false,"template":"","format":"standard","meta":{"_exactmetrics_skip_tracking":false,"_exactmetrics_sitenote_active":false,"_exactmetrics_sitenote_note":"","_exactmetrics_sitenote_category":0,"ngg_post_thumbnail":0,"jetpack_post_was_ever_published":false,"_jetpack_newsletter_access":"","_jetpack_dont_email_post_to_subs":false,"_jetpack_newsletter_tier_id":0,"_jetpack_memberships_contains_paywalled_content":false,"_jetpack_memberships_contains_paid_content":false,"footnotes":"","jetpack_publicize_message":"","jetpack_publicize_feature_enabled":true,"jetpack_social_post_already_shared":false,"jetpack_social_options":{"image_generator_settings":{"template":"highway","default_image_id":0,"font":"","enabled":false},"version":2}},"categories":[19],"tags":[3360,3361],"class_list":["post-4372","post","type-post","status-publish","format-standard","has-post-thumbnail","hentry","category-seismes-et-volcans","tag-poisson-davril","tag-volcans-dauvergne","wpcat-19-id"],"jetpack_publicize_connections":[],"jetpack_featured_media_url":"https:\/\/i0.wp.com\/www.laterredufutur.com\/accueil\/wp-content\/uploads\/2015\/04\/volcans.jpg?fit=226%2C150&ssl=1","jetpack_shortlink":"https:\/\/wp.me\/p631RN-18w","jetpack-related-posts":[{"id":2762,"url":"https:\/\/www.laterredufutur.com\/accueil\/que-se-passe-t-il-dans-le-massif-central\/","url_meta":{"origin":4372,"position":0},"title":"Que se passe t-il dans le massif central ?","author":"Admin","date":"28 mars 2005","format":false,"excerpt":"On constate, au sud est de Montlu\u00e7on, une activit\u00e9 sismique particuli\u00e8rement importante depuis le d\u00e9but de l'ann\u00e9e 2002. Cette activit\u00e9 est caract\u00e9ris\u00e9e par une quarantaine petits s\u00e9ismes d'une magnitude inf\u00e9rieure \u00e0 3. Ils sont situ\u00e9s \u00e0 une profondeur de 5 Km le long de failles li\u00e9es au sillon houiller. En\u2026","rel":"","context":"Dans &quot;Seismes\/Volcans&quot;","block_context":{"text":"Seismes\/Volcans","link":"https:\/\/www.laterredufutur.com\/accueil\/sujets\/seismes-et-volcans\/"},"img":{"alt_text":"","src":"","width":0,"height":0},"classes":[]},{"id":27615,"url":"https:\/\/www.laterredufutur.com\/accueil\/les-volcans-dauvergne-ne-sont-pas-si-endormis-que-ca\/","url_meta":{"origin":4372,"position":1},"title":"Les volcans d\u2019Auvergne ne sont pas si endormis que \u00e7a","author":"Admin","date":"10 janvier 2026","format":false,"excerpt":"Parmi les nombreux atouts touristiques fran\u00e7ais, le Massif central et ses volcans endormis attirent des millions de touristes chaque ann\u00e9e. Mais la beaut\u00e9 de ces monts o\u00f9 la verdure et la nature ont depuis longtemps repris leurs droits pourrait \u00eatre menac\u00e9e, dans un futur plus ou moins proche. Une \u00e9tude\u2026","rel":"","context":"Dans &quot;Seismes\/Volcans&quot;","block_context":{"text":"Seismes\/Volcans","link":"https:\/\/www.laterredufutur.com\/accueil\/sujets\/seismes-et-volcans\/"},"img":{"alt_text":"","src":"https:\/\/i0.wp.com\/www.laterredufutur.com\/accueil\/wp-content\/uploads\/2026\/01\/P8100084.jpg?fit=1200%2C900&ssl=1&resize=350%2C200","width":350,"height":200,"srcset":"https:\/\/i0.wp.com\/www.laterredufutur.com\/accueil\/wp-content\/uploads\/2026\/01\/P8100084.jpg?fit=1200%2C900&ssl=1&resize=350%2C200 1x, https:\/\/i0.wp.com\/www.laterredufutur.com\/accueil\/wp-content\/uploads\/2026\/01\/P8100084.jpg?fit=1200%2C900&ssl=1&resize=525%2C300 1.5x, https:\/\/i0.wp.com\/www.laterredufutur.com\/accueil\/wp-content\/uploads\/2026\/01\/P8100084.jpg?fit=1200%2C900&ssl=1&resize=700%2C400 2x, https:\/\/i0.wp.com\/www.laterredufutur.com\/accueil\/wp-content\/uploads\/2026\/01\/P8100084.jpg?fit=1200%2C900&ssl=1&resize=1050%2C600 3x"},"classes":[]},{"id":27029,"url":"https:\/\/www.laterredufutur.com\/accueil\/signaux-sismiques-sous-les-volcans-dauvergne\/","url_meta":{"origin":4372,"position":2},"title":"Signaux sismiques sous les volcans d&rsquo;Auvergne","author":"Admin","date":"5 juillet 2025","format":false,"excerpt":"Une \u00e9tude r\u00e9cente montre des signaux sismiques atypiques sous les volcans du Massif central. Ces signaux r\u00e9v\u00e8lent la pr\u00e9sence de magma en profondeur. Mais cela signifie-t-il pour autant que les volcans d\u2019Auvergne ne sont pas endormis ? Un scientifique qui a particip\u00e9 \u00e0 l\u2019\u00e9tude tente d\u2019y r\u00e9pondre. C\u2019est une \u00e9tude\u2026","rel":"","context":"Dans &quot;Seismes\/Volcans&quot;","block_context":{"text":"Seismes\/Volcans","link":"https:\/\/www.laterredufutur.com\/accueil\/sujets\/seismes-et-volcans\/"},"img":{"alt_text":"","src":"https:\/\/i0.wp.com\/www.laterredufutur.com\/accueil\/wp-content\/uploads\/2017\/01\/volcan-auvergne-1.jpg?fit=640%2C480&ssl=1&resize=350%2C200","width":350,"height":200,"srcset":"https:\/\/i0.wp.com\/www.laterredufutur.com\/accueil\/wp-content\/uploads\/2017\/01\/volcan-auvergne-1.jpg?fit=640%2C480&ssl=1&resize=350%2C200 1x, https:\/\/i0.wp.com\/www.laterredufutur.com\/accueil\/wp-content\/uploads\/2017\/01\/volcan-auvergne-1.jpg?fit=640%2C480&ssl=1&resize=525%2C300 1.5x"},"classes":[]},{"id":20178,"url":"https:\/\/www.laterredufutur.com\/accueil\/la-plus-grande-caldeira-du-monde-decouverte-dans-la-mer-des-philippines\/","url_meta":{"origin":4372,"position":3},"title":"La plus grande caldeira du monde d\u00e9couverte dans la mer des Philippines","author":"Admin","date":"18 d\u00e9cembre 2019","format":false,"excerpt":"Une \u00e9quipe de g\u00e9ophysiciens de la mer a r\u00e9cemment publi\u00e9 un article d\u00e9crivant un vaste massif immerg\u00e9 situ\u00e9 \u00e0 l\u2019est de l\u2019\u00eele de Lu\u00e7on, au fond de la mer des Philippines. Sur la base de sa morphologie, les recherches sugg\u00e8rent que le massif montagneux sous-marin repr\u00e9sente les restes d\u2019une caldeira\u2026","rel":"","context":"Dans &quot;Seismes\/Volcans&quot;","block_context":{"text":"Seismes\/Volcans","link":"https:\/\/www.laterredufutur.com\/accueil\/sujets\/seismes-et-volcans\/"},"img":{"alt_text":"","src":"https:\/\/i0.wp.com\/www.laterredufutur.com\/accueil\/wp-content\/uploads\/2019\/11\/caldeira-apolaki.jpg?fit=720%2C468&ssl=1&resize=350%2C200","width":350,"height":200,"srcset":"https:\/\/i0.wp.com\/www.laterredufutur.com\/accueil\/wp-content\/uploads\/2019\/11\/caldeira-apolaki.jpg?fit=720%2C468&ssl=1&resize=350%2C200 1x, https:\/\/i0.wp.com\/www.laterredufutur.com\/accueil\/wp-content\/uploads\/2019\/11\/caldeira-apolaki.jpg?fit=720%2C468&ssl=1&resize=525%2C300 1.5x, https:\/\/i0.wp.com\/www.laterredufutur.com\/accueil\/wp-content\/uploads\/2019\/11\/caldeira-apolaki.jpg?fit=720%2C468&ssl=1&resize=700%2C400 2x"},"classes":[]},{"id":23028,"url":"https:\/\/www.laterredufutur.com\/accueil\/alerte-jaune-le-cumbre-vieja-se-deforme-de-15-centimetre-et-la-magnitude-des-seismes-augmente\/","url_meta":{"origin":4372,"position":4},"title":"Alerte Jaune : Le Cumbre Vieja se d\u00e9forme de 1,5 centim\u00e8tre et la magnitude des s\u00e9ismes augmente","author":"Admin","date":"15 septembre 2021","format":false,"excerpt":"Les \u00eeles Canaries sont expos\u00e9es \u00e0 de nouveaux tsunamis comme celui qu'elles ont subi en 1755 et peuvent m\u00eame en d\u00e9clencher un mondial qui serait 2 000 fois pire que celui de l'Indon\u00e9sie en 2018. La r\u00e9surgence de l'activit\u00e9 volcanique \u00e0 Cumbre Vieja, sur La Palma, augmente les risques. Les\u2026","rel":"","context":"Dans &quot;Seismes\/Volcans&quot;","block_context":{"text":"Seismes\/Volcans","link":"https:\/\/www.laterredufutur.com\/accueil\/sujets\/seismes-et-volcans\/"},"img":{"alt_text":"","src":"https:\/\/i0.wp.com\/www.laterredufutur.com\/accueil\/wp-content\/uploads\/2021\/09\/cumbre-viera-seismes-septembre-2021.jpg?fit=1000%2C617&ssl=1&resize=350%2C200","width":350,"height":200,"srcset":"https:\/\/i0.wp.com\/www.laterredufutur.com\/accueil\/wp-content\/uploads\/2021\/09\/cumbre-viera-seismes-septembre-2021.jpg?fit=1000%2C617&ssl=1&resize=350%2C200 1x, https:\/\/i0.wp.com\/www.laterredufutur.com\/accueil\/wp-content\/uploads\/2021\/09\/cumbre-viera-seismes-septembre-2021.jpg?fit=1000%2C617&ssl=1&resize=525%2C300 1.5x, https:\/\/i0.wp.com\/www.laterredufutur.com\/accueil\/wp-content\/uploads\/2021\/09\/cumbre-viera-seismes-septembre-2021.jpg?fit=1000%2C617&ssl=1&resize=700%2C400 2x"},"classes":[]},{"id":4480,"url":"https:\/\/www.laterredufutur.com\/accueil\/le-volcan-chaiten-continue-a-cracher-ses-cendres\/","url_meta":{"origin":4372,"position":5},"title":"Le volcan Chaiten continue \u00e0 cracher ses cendres","author":"Admin","date":"30 juin 2008","format":false,"excerpt":"Depuis que le\u00a0volcan Chait\u00e9n est entr\u00e9 en \u00e9ruption d\u00e9but mai,\u00a0ses coul\u00e9es \u00e9ruptives continuent et durent dans le temps avec ses projections de cendres dans l'atmosph\u00e8re, c'est pourquoi il est compar\u00e9 au Tambora, l'\u00e9v\u00e9nement de 1815, qui a avait provoqu\u00e9 l'\"ann\u00e9e sans \u00e9t\u00e9. \u00bb 1816 fut l'Ann\u00e9e sans \u00e9t\u00e9, pendant laquelle\u2026","rel":"","context":"Dans &quot;Seismes\/Volcans&quot;","block_context":{"text":"Seismes\/Volcans","link":"https:\/\/www.laterredufutur.com\/accueil\/sujets\/seismes-et-volcans\/"},"img":{"alt_text":"","src":"https:\/\/i0.wp.com\/www.laterredufutur.com\/accueil\/wp-content\/uploads\/2015\/04\/chaiten.jpg?fit=800%2C600&ssl=1&resize=350%2C200","width":350,"height":200,"srcset":"https:\/\/i0.wp.com\/www.laterredufutur.com\/accueil\/wp-content\/uploads\/2015\/04\/chaiten.jpg?fit=800%2C600&ssl=1&resize=350%2C200 1x, https:\/\/i0.wp.com\/www.laterredufutur.com\/accueil\/wp-content\/uploads\/2015\/04\/chaiten.jpg?fit=800%2C600&ssl=1&resize=525%2C300 1.5x, https:\/\/i0.wp.com\/www.laterredufutur.com\/accueil\/wp-content\/uploads\/2015\/04\/chaiten.jpg?fit=800%2C600&ssl=1&resize=700%2C400 2x"},"classes":[]}],"jetpack_sharing_enabled":true,"_links":{"self":[{"href":"https:\/\/www.laterredufutur.com\/accueil\/wp-json\/wp\/v2\/posts\/4372","targetHints":{"allow":["GET"]}}],"collection":[{"href":"https:\/\/www.laterredufutur.com\/accueil\/wp-json\/wp\/v2\/posts"}],"about":[{"href":"https:\/\/www.laterredufutur.com\/accueil\/wp-json\/wp\/v2\/types\/post"}],"author":[{"embeddable":true,"href":"https:\/\/www.laterredufutur.com\/accueil\/wp-json\/wp\/v2\/users\/1"}],"replies":[{"embeddable":true,"href":"https:\/\/www.laterredufutur.com\/accueil\/wp-json\/wp\/v2\/comments?post=4372"}],"version-history":[{"count":1,"href":"https:\/\/www.laterredufutur.com\/accueil\/wp-json\/wp\/v2\/posts\/4372\/revisions"}],"predecessor-version":[{"id":4374,"href":"https:\/\/www.laterredufutur.com\/accueil\/wp-json\/wp\/v2\/posts\/4372\/revisions\/4374"}],"wp:featuredmedia":[{"embeddable":true,"href":"https:\/\/www.laterredufutur.com\/accueil\/wp-json\/wp\/v2\/media\/4373"}],"wp:attachment":[{"href":"https:\/\/www.laterredufutur.com\/accueil\/wp-json\/wp\/v2\/media?parent=4372"}],"wp:term":[{"taxonomy":"category","embeddable":true,"href":"https:\/\/www.laterredufutur.com\/accueil\/wp-json\/wp\/v2\/categories?post=4372"},{"taxonomy":"post_tag","embeddable":true,"href":"https:\/\/www.laterredufutur.com\/accueil\/wp-json\/wp\/v2\/tags?post=4372"}],"curies":[{"name":"wp","href":"https:\/\/api.w.org\/{rel}","templated":true}]}}