{"id":4296,"date":"2008-02-08T16:45:39","date_gmt":"2008-02-08T14:45:39","guid":{"rendered":"http:\/\/www.laterredufutur.com\/accueil1\/?p=4296"},"modified":"2015-04-12T16:47:44","modified_gmt":"2015-04-12T14:47:44","slug":"la-mer-de-marmara-cible-dun-tremblement-devastateur","status":"publish","type":"post","link":"https:\/\/www.laterredufutur.com\/accueil\/la-mer-de-marmara-cible-dun-tremblement-devastateur\/","title":{"rendered":"La Mer de Marmara, cible d&rsquo;un tremblement d\u00e9vastateur"},"content":{"rendered":"<div class=\"1665f18d14f35dd9e7566e1a8ac9a3e9\" data-index=\"1\" style=\"float: none; margin:10px 0 10px 0; text-align:center;\">\n<script async src=\"https:\/\/pagead2.googlesyndication.com\/pagead\/js\/adsbygoogle.js\"><\/script>\r\n<ins class=\"adsbygoogle\"\r\n     style=\"display:block; text-align:center;\"\r\n     data-ad-layout=\"in-article\"\r\n     data-ad-format=\"fluid\"\r\n     data-ad-client=\"ca-pub-2860849627502538\"\r\n     data-ad-slot=\"3019501113\"><\/ins>\r\n<script>\r\n     (adsbygoogle = window.adsbygoogle || []).push({});\r\n<\/script>\n<\/div>\n<p class=\"spip\" align=\"justify\"><span style=\"font-size: small;\">Le g\u00e9ophysicien de l\u2019Universit\u00e9 d\u2019Istanbul, O\u011fuz G\u00fcndo\u011fdu, affirme qu\u2019en cas de tremblement de terre dans la zone de Marmara, les villes et les d\u00e9partements alentour seront touch\u00e9s.<\/span><\/p>\n<p class=\"spip\" align=\"justify\"><span style=\"font-size: small;\">Lors d\u2019un s\u00e9minaire intitul\u00e9\u00a0: \u00ab\u00a0le prochain tremblement de terre dans la zone de Marmara et ses cons\u00e9quences dans la ville de Kocaeli\u00a0\u00bb, le professeur G\u00fcndo\u011fdu a affirm\u00e9 que les tremblements de terre de dur\u00e9e de 15 \u00e0 20 secondes an\u00e9antissaient toute forme de construction.<\/span><\/p>\n<p class=\"spip\" align=\"justify\"><span style=\"font-size: small;\">Rappelant les pertes humaines et \u00e9conomiques du tremblement de terre de Marmara en 1999, G\u00fcndo\u011fdu a mis l\u2019accent sur la n\u00e9cessit\u00e9 des mesures de pr\u00e9vention \u00e0 mettre en \u0153uvre en pr\u00e9vision du prochain tremblement de terre dans la r\u00e9gion.<\/span><\/p>\n<p align=\"justify\"><span style=\"font-size: small;\">G\u00fcndo\u011fdu jugeant qu\u2019il y a un manque de pr\u00e9paration dans ce domaine, a affirm\u00e9 que le \u00ab prochain tremblement aurait lieu dans la zone de Marmara et non \u00e0 Istanbul, mais qu\u2019Istanbul serait \u00e9galement touch\u00e9e et que certains secteurs de cette ville sont pour l\u2019heure inaccessibles aux secours d\u2019urgence \u00bb.<\/span><\/p>\n<p align=\"justify\"><span style=\"font-size: small;\"><img data-recalc-dims=\"1\" loading=\"lazy\" decoding=\"async\" src=\"https:\/\/i0.wp.com\/www.laterredufutur.com\/spaw\/images\/mer-marmara-turquie.jpg?resize=400%2C311\" alt=\"\" width=\"400\" height=\"311\" align=\"left\" \/>G\u00fcndo\u011fdu pr\u00e9dit que dans le cas d\u2019un tremblement de terre dans la zone de Marmara d\u2019une magnitude \u00e9gale ou sup\u00e9rieure \u00e0 7 sur l\u2019\u00e9chelle de Richter, toutes les villes et les d\u00e9partements alentour seraient touch\u00e9s.<\/span><\/p><div class=\"1665f18d14f35dd9e7566e1a8ac9a3e9\" data-index=\"2\" style=\"float: none; margin:10px 0 10px 0; text-align:center;\">\n<script async src=\"https:\/\/pagead2.googlesyndication.com\/pagead\/js\/adsbygoogle.js\"><\/script>\r\n<ins class=\"adsbygoogle\"\r\n     style=\"display:block; text-align:center;\"\r\n     data-ad-layout=\"in-article\"\r\n     data-ad-format=\"fluid\"\r\n     data-ad-client=\"ca-pub-2860849627502538\"\r\n     data-ad-slot=\"3019501113\"><\/ins>\r\n<script>\r\n     (adsbygoogle = window.adsbygoogle || []).push({});\r\n<\/script>\n<\/div>\n\n<p align=\"justify\"><span style=\"font-size: small;\">La ville de Kocaeli qui a d\u00e9j\u00e0 \u00e9t\u00e9 touch\u00e9e par le tremblement de terre du 17 ao\u00fbt 1999, risque encore de nombreux d\u00e9g\u00e2ts. En effet, l\u2019\u00e9tat des habitations soul\u00e8ve des craintes et Kocaeli \u00e9tant une ville industrielle les risques d\u2019incendie sont grands. Ainsi pour G\u00fcndo\u011fdu il faut d\u00e9s aujourd\u2019hui \u00ab prendre des mesures anti-incendies dans cette ville. \u00bb<\/span><\/p>\n<p align=\"justify\"><span style=\"font-size: small;\">De s\u00e9rieuses recherches doivent \u00eatre entreprises \u00e0 Bolu.<\/span><\/p>\n<p align=\"justify\"><span style=\"font-size: small;\">G\u00fcndo\u011fdu rappelle en outre que les cassures de la faille Nord anatolienne apparues apr\u00e8s le tremblement de terre de 1999, continuent \u00e0 constituer un danger important.<\/span><\/p>\n<p align=\"justify\"><span style=\"font-size: small;\">D\u2019apr\u00e8s G\u00fcndo\u011fdu, le danger est que la faille de Bolu se casse et se prolonge jusqu\u2019\u00e0 celle Nord anatolienne induisant une grande d\u00e9charge d\u2019\u00e9nergie.<\/span><\/p>\n<p align=\"justify\"><span style=\"font-size: small;\">\u00ab C\u2019est pour cette raison qu\u2019il est imp\u00e9ratif de faire de s\u00e9rieuses \u00e9tudes \u00e0 Bolu \u00bb, a estim\u00e9 G\u00fcndo\u011fdu, ajoutant que, de leur c\u00f4t\u00e9, ils ont remis un rapport d\u2019\u00e9tudes \u00e0 la Pr\u00e9fecture de Bolu sur ce sujet.<br \/>\n<\/span><\/p>\n<p align=\"justify\"><span style=\"font-size: small;\">source : <a href=\"http:\/\/www.turquie-news.fr\/\">http:\/\/www.turquie-news.fr\/<\/a><\/span><\/p>\n<p class=\"bawpvc-ajax-counter\" data-id=\"4296\">(607)<\/p>\n<!--CusAds0-->\n<div style=\"font-size: 0px; height: 0px; line-height: 0px; margin: 0; padding: 0; clear: both;\"><\/div>","protected":false},"excerpt":{"rendered":"<p>Le g\u00e9ophysicien de l\u2019Universit\u00e9 d\u2019Istanbul, O\u011fuz G\u00fcndo\u011fdu, affirme qu\u2019en cas de tremblement de terre dans la zone de Marmara, les&#8230;<\/p>\n","protected":false},"author":1,"featured_media":4297,"comment_status":"open","ping_status":"open","sticky":false,"template":"","format":"standard","meta":{"_exactmetrics_skip_tracking":false,"_exactmetrics_sitenote_active":false,"_exactmetrics_sitenote_note":"","_exactmetrics_sitenote_category":0,"ngg_post_thumbnail":0,"jetpack_post_was_ever_published":false,"_jetpack_newsletter_access":"","_jetpack_dont_email_post_to_subs":false,"_jetpack_newsletter_tier_id":0,"_jetpack_memberships_contains_paywalled_content":false,"_jetpack_memberships_contains_paid_content":false,"footnotes":"","jetpack_publicize_message":"","jetpack_publicize_feature_enabled":true,"jetpack_social_post_already_shared":false,"jetpack_social_options":{"image_generator_settings":{"template":"highway","default_image_id":0,"font":"","enabled":false},"version":2}},"categories":[19],"tags":[3306,128,673,3307,3304,1378,183,347,3305,3025],"class_list":["post-4296","post","type-post","status-publish","format-standard","has-post-thumbnail","hentry","category-seismes-et-volcans","tag-devastateur","tag-futur","tag-grece","tag-istanbul","tag-marmara","tag-plaque","tag-previsions","tag-seisme","tag-trembelement-de-terre","tag-turquie","wpcat-19-id"],"jetpack_publicize_connections":[],"jetpack_featured_media_url":"https:\/\/i0.wp.com\/www.laterredufutur.com\/accueil\/wp-content\/uploads\/2015\/04\/Marmara.jpg?fit=1100%2C621&ssl=1","jetpack_shortlink":"https:\/\/wp.me\/p631RN-17i","jetpack-related-posts":[{"id":24725,"url":"https:\/\/www.laterredufutur.com\/accueil\/seisme-en-turquie-istanbul-en-ligne-de-mire\/","url_meta":{"origin":4296,"position":0},"title":"S\u00e9isme en Turquie, Istanbul en ligne de mire ?","author":"Admin","date":"7 f\u00e9vrier 2023","format":false,"excerpt":"Environ 24 heures apr\u00e8s que deux tr\u00e8s forts s\u00e9ismes ont frapp\u00e9 le sud-est de la Turquie, les \u00e9quipes de secours tentent toujours de d\u00e9gager les survivants des d\u00e9combres des b\u00e2timents effondr\u00e9s. On sait que plus de 4300 personnes ont \u00e9t\u00e9 tu\u00e9es dans le s\u00e9isme, qui a secou\u00e9 la r\u00e9gion lundi\u2026","rel":"","context":"Dans &quot;Ev\u00e8nement Brutal&quot;","block_context":{"text":"Ev\u00e8nement Brutal","link":"https:\/\/www.laterredufutur.com\/accueil\/sujets\/evenement-brutal\/"},"img":{"alt_text":"","src":"https:\/\/i0.wp.com\/www.laterredufutur.com\/accueil\/wp-content\/uploads\/2023\/02\/seismes-turquie-3.jpg?fit=1024%2C576&ssl=1&resize=350%2C200","width":350,"height":200,"srcset":"https:\/\/i0.wp.com\/www.laterredufutur.com\/accueil\/wp-content\/uploads\/2023\/02\/seismes-turquie-3.jpg?fit=1024%2C576&ssl=1&resize=350%2C200 1x, https:\/\/i0.wp.com\/www.laterredufutur.com\/accueil\/wp-content\/uploads\/2023\/02\/seismes-turquie-3.jpg?fit=1024%2C576&ssl=1&resize=525%2C300 1.5x, https:\/\/i0.wp.com\/www.laterredufutur.com\/accueil\/wp-content\/uploads\/2023\/02\/seismes-turquie-3.jpg?fit=1024%2C576&ssl=1&resize=700%2C400 2x"},"classes":[]},{"id":5149,"url":"https:\/\/www.laterredufutur.com\/accueil\/bob-observe-les-bulles-pour-surveiller-la-faille-au-sud-distanbul\/","url_meta":{"origin":4296,"position":1},"title":"\u00ab BOB \u00bb observe les bulles pour surveiller la faille au sud d&rsquo;Istanbul","author":"Admin","date":"11 d\u00e9cembre 2009","format":false,"excerpt":"La campagne oc\u00e9anographique MARMESONET, men\u00e9e en mer de Marmara du 4 novembre au 14 d\u00e9cembre \u00e0 bord du navire de l'Ifremer Le Suro\u00eet, codirig\u00e9e par Louis Geli, chercheur \u00e0 l'Ifremer et Pierre Henry, directeur de recherche au CNRS (CEREGE, CNRS-INSU), poursuit deux objectifs : d\u00e9terminer s'il existe un lien entre\u2026","rel":"","context":"Dans &quot;Seismes\/Volcans&quot;","block_context":{"text":"Seismes\/Volcans","link":"https:\/\/www.laterredufutur.com\/accueil\/sujets\/seismes-et-volcans\/"},"img":{"alt_text":"","src":"https:\/\/i0.wp.com\/www.laterredufutur.com\/accueil\/wp-content\/uploads\/2015\/04\/mer-marmara-turquie.jpg?fit=400%2C311&ssl=1&resize=350%2C200","width":350,"height":200},"classes":[]},{"id":23755,"url":"https:\/\/www.laterredufutur.com\/accueil\/des-chercheurs-chinois-mettent-en-garde-contre-un-seisme-massif-a-palau-dans-le-pacifique-occidental-dici-deux-ans\/","url_meta":{"origin":4296,"position":2},"title":"Des chercheurs chinois mettent en garde contre un s\u00e9isme massif \u00e0 Palau dans le Pacifique occidental d&rsquo;ici deux ans","author":"Admin","date":"14 f\u00e9vrier 2022","format":false,"excerpt":"Un s\u00e9isme de magnitude 8,0 ou plus devrait frapper la partie sud de l'archipel, le site d'une potentielle base militaire am\u00e9ricaine. L'avertissement est bas\u00e9 sur l'augmentation du stress terrestre et d'autres facteurs externes \u00e9galement observ\u00e9s avant les grands tremblements de terre asiatiques, selon les chercheurs \u00e0 l'origine de l'\u00e9tude. La\u2026","rel":"","context":"Dans &quot;Seismes\/Volcans&quot;","block_context":{"text":"Seismes\/Volcans","link":"https:\/\/www.laterredufutur.com\/accueil\/sujets\/seismes-et-volcans\/"},"img":{"alt_text":"","src":"https:\/\/i0.wp.com\/www.laterredufutur.com\/accueil\/wp-content\/uploads\/2022\/02\/iles-palau-pacifique.jpg?fit=1098%2C732&ssl=1&resize=350%2C200","width":350,"height":200,"srcset":"https:\/\/i0.wp.com\/www.laterredufutur.com\/accueil\/wp-content\/uploads\/2022\/02\/iles-palau-pacifique.jpg?fit=1098%2C732&ssl=1&resize=350%2C200 1x, https:\/\/i0.wp.com\/www.laterredufutur.com\/accueil\/wp-content\/uploads\/2022\/02\/iles-palau-pacifique.jpg?fit=1098%2C732&ssl=1&resize=525%2C300 1.5x, https:\/\/i0.wp.com\/www.laterredufutur.com\/accueil\/wp-content\/uploads\/2022\/02\/iles-palau-pacifique.jpg?fit=1098%2C732&ssl=1&resize=700%2C400 2x, https:\/\/i0.wp.com\/www.laterredufutur.com\/accueil\/wp-content\/uploads\/2022\/02\/iles-palau-pacifique.jpg?fit=1098%2C732&ssl=1&resize=1050%2C600 3x"},"classes":[]},{"id":313,"url":"https:\/\/www.laterredufutur.com\/accueil\/rome-seisme-11mai\/","url_meta":{"origin":4296,"position":3},"title":"Les Romains redoutent un s\u00e9isme le 11 mai","author":"Admin","date":"10 mai 2011","format":false,"excerpt":"Les touristes pourraient trouver les rues de Rome bien calmes mercredi prochain, nombre de ses habitants ayant pr\u00e9vu de d\u00e9serter la capitale italienne o\u00f9 un s\u00e9isme pourrait se produire, selon les pr\u00e9visions d'un sismologue autodidacte d\u00e9c\u00e9d\u00e9 en 1979. \u00a0 Depuis des mois, les travaux de Raffaele Bendandi, qui affirmait que\u2026","rel":"","context":"Dans &quot;Seismes\/Volcans&quot;","block_context":{"text":"Seismes\/Volcans","link":"https:\/\/www.laterredufutur.com\/accueil\/sujets\/seismes-et-volcans\/"},"img":{"alt_text":"rome","src":"https:\/\/i0.wp.com\/www.laterredufutur.com\/wordpress\/wp-content\/uploads\/2011\/05\/rome.jpg?resize=350%2C200","width":350,"height":200},"classes":[]},{"id":1275,"url":"https:\/\/www.laterredufutur.com\/accueil\/seisme-tsunami-et-catastrophe-nucleaire-du-11-mars-2011\/","url_meta":{"origin":4296,"position":4},"title":"S\u00e9isme, tsunami et catastrophe nucl\u00e9aire du 11 mars 2011","author":"Admin","date":"10 mars 2013","format":false,"excerpt":"Le 11 mars 2011, un tremblement de terre de 9 sur l'\u00e9chelle de Richter a frapp\u00e9 au large du Japon. Un tsunami d\u00e9vastateur s'ensuivi. \u00a0Le Japon a \u00e9t\u00e9 frapp\u00e9 par le plus violent s\u00e9isme de son histoire. Le tremblement de terre, de magnitude 9, s'est produit au large des c\u00f4tes\u2026","rel":"","context":"Dans &quot;Ev\u00e8nement Brutal&quot;","block_context":{"text":"Ev\u00e8nement Brutal","link":"https:\/\/www.laterredufutur.com\/accueil\/sujets\/evenement-brutal\/"},"img":{"alt_text":"tsunami japon","src":"https:\/\/i0.wp.com\/www.laterredufutur.com\/accueil\/wp-content\/uploads\/2012\/01\/tsunami_japon_032011.jpg?fit=605%2C402&ssl=1&resize=350%2C200","width":350,"height":200,"srcset":"https:\/\/i0.wp.com\/www.laterredufutur.com\/accueil\/wp-content\/uploads\/2012\/01\/tsunami_japon_032011.jpg?fit=605%2C402&ssl=1&resize=350%2C200 1x, https:\/\/i0.wp.com\/www.laterredufutur.com\/accueil\/wp-content\/uploads\/2012\/01\/tsunami_japon_032011.jpg?fit=605%2C402&ssl=1&resize=525%2C300 1.5x"},"classes":[]},{"id":5052,"url":"https:\/\/www.laterredufutur.com\/accueil\/lactivite-sismique-augmente-dans-les-profondeurs-de-la-californie\/","url_meta":{"origin":4296,"position":5},"title":"L&rsquo;activit\u00e9 sismique augmente dans les profondeurs de la Californie","author":"Admin","date":"9 octobre 2009","format":false,"excerpt":"Des chercheurs ont d\u00e9couvert que le nombre de secousses profondes, sous la faille californienne de San Andreas \u00e9tait en augmentation, et pourrait annoncer un s\u00e9isme dans un avenir proche, selon une \u00e9tude \u00e0 para\u00eetre vendredi dans la revue am\u00e9ricaine Science. Le sismologue Robert Nadeau, de l'Universit\u00e9 de Berkeley, a enregistr\u00e9\u2026","rel":"","context":"Dans &quot;Seismes\/Volcans&quot;","block_context":{"text":"Seismes\/Volcans","link":"https:\/\/www.laterredufutur.com\/accueil\/sujets\/seismes-et-volcans\/"},"img":{"alt_text":"","src":"https:\/\/i0.wp.com\/www.laterredufutur.com\/accueil\/wp-content\/uploads\/2015\/04\/faille-san-adreas.jpg?fit=270%2C372&ssl=1&resize=350%2C200","width":350,"height":200},"classes":[]}],"jetpack_sharing_enabled":true,"_links":{"self":[{"href":"https:\/\/www.laterredufutur.com\/accueil\/wp-json\/wp\/v2\/posts\/4296","targetHints":{"allow":["GET"]}}],"collection":[{"href":"https:\/\/www.laterredufutur.com\/accueil\/wp-json\/wp\/v2\/posts"}],"about":[{"href":"https:\/\/www.laterredufutur.com\/accueil\/wp-json\/wp\/v2\/types\/post"}],"author":[{"embeddable":true,"href":"https:\/\/www.laterredufutur.com\/accueil\/wp-json\/wp\/v2\/users\/1"}],"replies":[{"embeddable":true,"href":"https:\/\/www.laterredufutur.com\/accueil\/wp-json\/wp\/v2\/comments?post=4296"}],"version-history":[{"count":1,"href":"https:\/\/www.laterredufutur.com\/accueil\/wp-json\/wp\/v2\/posts\/4296\/revisions"}],"predecessor-version":[{"id":4298,"href":"https:\/\/www.laterredufutur.com\/accueil\/wp-json\/wp\/v2\/posts\/4296\/revisions\/4298"}],"wp:featuredmedia":[{"embeddable":true,"href":"https:\/\/www.laterredufutur.com\/accueil\/wp-json\/wp\/v2\/media\/4297"}],"wp:attachment":[{"href":"https:\/\/www.laterredufutur.com\/accueil\/wp-json\/wp\/v2\/media?parent=4296"}],"wp:term":[{"taxonomy":"category","embeddable":true,"href":"https:\/\/www.laterredufutur.com\/accueil\/wp-json\/wp\/v2\/categories?post=4296"},{"taxonomy":"post_tag","embeddable":true,"href":"https:\/\/www.laterredufutur.com\/accueil\/wp-json\/wp\/v2\/tags?post=4296"}],"curies":[{"name":"wp","href":"https:\/\/api.w.org\/{rel}","templated":true}]}}