{"id":3835,"date":"2007-01-30T17:43:51","date_gmt":"2007-01-30T15:43:51","guid":{"rendered":"http:\/\/www.laterredufutur.com\/accueil1\/?p=3835"},"modified":"2015-04-11T17:45:57","modified_gmt":"2015-04-11T15:45:57","slug":"le-massacre-des-phoques-continue","status":"publish","type":"post","link":"https:\/\/www.laterredufutur.com\/accueil\/le-massacre-des-phoques-continue\/","title":{"rendered":"Le Massacre des Phoques continue"},"content":{"rendered":"<div class=\"1665f18d14f35dd9e7566e1a8ac9a3e9\" data-index=\"1\" style=\"float: none; margin:10px 0 10px 0; text-align:center;\">\n<script async src=\"https:\/\/pagead2.googlesyndication.com\/pagead\/js\/adsbygoogle.js\"><\/script>\r\n<ins class=\"adsbygoogle\"\r\n     style=\"display:block; text-align:center;\"\r\n     data-ad-layout=\"in-article\"\r\n     data-ad-format=\"fluid\"\r\n     data-ad-client=\"ca-pub-2860849627502538\"\r\n     data-ad-slot=\"3019501113\"><\/ins>\r\n<script>\r\n     (adsbygoogle = window.adsbygoogle || []).push({});\r\n<\/script>\n<\/div>\n<p align=\"justify\"><span style=\"font-size: small;\">L\u2019opposition \u00e0 la chasse aux phoques est devenue quasiment le symbole le plus r\u00e9pandu \u00e0 travers le monde de la d\u00e9fense animale, \u00e0 cause notamment de la publicit\u00e9 que l\u2019ex-actrice Brigitte Bardot a insuffl\u00e9 \u00e0 cette opposition en s\u2019y associant en 1977 et en se rendant elle-m\u00eame sur la banquise \u00e0 cette \u00e9poque. C\u2019est Marguerite Yourcenar qui avait inform\u00e9 Brigitte Bardot du gigantesque massacre des phoques, des blanchons en particulier, \u00e0 la fin de chaque hiver sur la banquise, au nord-est du Canada.<\/span><\/p>\n<p align=\"justify\"><span style=\"font-size: small;\">Pour plusieurs qui ne veulent pas remettre en question l\u2019attitude dominatrice, destructrice des animaux humains \u00e0 l\u2019\u00e9gard des animaux non-humains, il y a empressement \u00e0 r\u00e9duire tout le mouvement de d\u00e9fense animale, qui comporte bien des nuances, voire des diff\u00e9rences majeures en son sein, \u00e0 cette croisade de Brigitte Bardot, voire \u00e0 Brigitte Bardot tout court. Il suffit alors d\u2019attaquer Brigitte Bardot sur ses points faibles, de la ridiculiser, pour s\u2019imaginer clore le d\u00e9bat. Les machos s\u2019en donnent \u00e0 c\u0153ur joie de mani\u00e8re particuli\u00e8rement pu\u00e9rile. On peut certes critiquer Brigitte Bardot. Elle est sans doute dans l\u2019erreur dans l\u2019\u00e9valuation de certaines situations, mais ce n\u2019est pas parce qu\u2019un individu se trompe \u00e0 certains \u00e9gards, qu\u2019il se trompe en tout. N\u2019en d\u00e9plaise aux \u00ab vrais \u00bb hommes, Brigitte Bardot, une femme certes, c\u00e9l\u00e8bre certes, mais un \u00eatre humain avant tout, se porte depuis 30 ans \u00e0 la d\u00e9fense des animaux et la l\u00e9gitimit\u00e9 de cette cause est de plus en plus reconnue m\u00eame si, il ne faut pas se le cacher, il y a grand p\u00e9ril en la demeure avec l\u2019\u00e9cocide en cours.<\/span><\/p>\n<p align=\"justify\"><span style=\"font-size: small;\">En 2005, le gouvernement canadien autorise le meurtre de 319 500 phoques. Sur ce nombre, 90% des individus tu\u00e9s auront entre 12 jours et 12 semaines d\u2019\u00e2ge. Ce ne sont pas des phoques adultes, mais le gouvernement a d\u00e9cr\u00e9t\u00e9 qu\u2019ils l\u2019\u00e9taient du seul fait que leur fourrure blanche s\u2019est mu\u00e9e en une autre fourrure&#8230; Si le gouvernement le dit, il faut le croire, n\u2019est-ce pas? Un phoque ne peut se reproduire qu\u2019\u00e0 partir de l\u2019\u00e2ge d\u2019environ 5 ans&#8230; Bref, on ne tue plus les blanchons, mais on tue encore des individus extr\u00eamement vuln\u00e9rables, des b\u00e9b\u00e9s, beaucoup ne sachant en effet m\u00eame pas encore nager, n\u2019ayant m\u00eame pas encore pris le moindre repas solide. Ce n\u2019est pas de la chasse \u00e0 proprement parler. Les \u00ab chasseurs \u00bb arrivent sur la banquise \u00e0 peu pr\u00e8s comme s\u2019ils p\u00e9n\u00e9traient dans une pouponni\u00e8re\u2026 et ils s\u2019arrogent le droit de tuer ces tout jeunes \u00eatres en leur fracassant le cr\u00e2ne avec diverses sortes d\u2019armes (plusieurs sont ill\u00e9gales), dont le fameux hakapik (gaffe ressemblant \u00e0 un pic \u00e0 glace). Comme tous ces tueurs ne sont pas ma\u00eetres dans l\u2019art de tuer du premier coup, il leur arrive de frapper les phoques \u00e0 r\u00e9p\u00e9tition, parfois au visage, et dans la fr\u00e9n\u00e9sie de tuer pour atteindre les quotas permis, une \u00e9quipe de v\u00e9t\u00e9rinaires ind\u00e9pendants a \u00e9valu\u00e9 que plus de 40% sont d\u00e9pec\u00e9s alors qu\u2019ils sont toujours vivants. Leurs corps auxquels la peau aura \u00e9t\u00e9 arrach\u00e9e sans souci des souffrances atroces subies, agoniseront dans une douleur insoutenable juste \u00e0 l\u2019imaginer.<\/span><\/p>\n<p align=\"justify\"><span style=\"font-size: small;\">Pourtant les promoteurs de cette sanglante barbarie disent que tout se d\u00e9roule \u00ab humainement \u00bb, sans cruaut\u00e9, et que les cas de violation des r\u00e8glements, pourtant bien document\u00e9s par les opposants \u00e0 cette chasse, sont l\u2019exception\u2026 On conc\u00e8de que c\u2019est une pratique brutale, mais pas cruelle\u2026 Le fait de tuer aussi violemment de si jeunes \u00eatres heurte \u00e9videmment les sensibilit\u00e9s, et pour cause, mais le probl\u00e8me n\u2019est pas fondamentalement li\u00e9 au fait que ce soit des b\u00e9b\u00e9s qui sont tu\u00e9s. Le probl\u00e8me est le suivant : on violente, on tue, mais pourquoi?<\/span><\/p>\n<p align=\"justify\"><b><span style=\"font-size: small;\">Pour des raisons irrecevables ou carr\u00e9ment mensong\u00e8res<\/span><\/b><\/p><div class=\"1665f18d14f35dd9e7566e1a8ac9a3e9\" data-index=\"2\" style=\"float: none; margin:10px 0 10px 0; text-align:center;\">\n<script async src=\"https:\/\/pagead2.googlesyndication.com\/pagead\/js\/adsbygoogle.js\"><\/script>\r\n<ins class=\"adsbygoogle\"\r\n     style=\"display:block; text-align:center;\"\r\n     data-ad-layout=\"in-article\"\r\n     data-ad-format=\"fluid\"\r\n     data-ad-client=\"ca-pub-2860849627502538\"\r\n     data-ad-slot=\"3019501113\"><\/ins>\r\n<script>\r\n     (adsbygoogle = window.adsbygoogle || []).push({});\r\n<\/script>\n<\/div>\n\n<p align=\"justify\"><span style=\"font-size: small;\">Les b\u00e9b\u00e9s phoques sont tu\u00e9s principalement pour leur fourrure, un produit de luxe, donc inutile, et pour leur huile, un produit riche en m\u00e9taux lourds et en BPC, qui est utilis\u00e9e entre autres comme suppl\u00e9ments d\u2019om\u00e9ga 3. Cet acide gras se trouve en quantit\u00e9 suffisante dans les graines de lin, l\u2019huile de canola, de noix, de chanvre, les noix de Grenoble et les graines de citrouille, pas besoin de tuer des phoques, ni les poissons\u2026 Leur p\u00e9nis, auquel est attribu\u00e9 des effets aphrodisiaques, fait aussi l\u2019objet d\u2019un commerce avec les pays d\u2019Asie\u2026 Comme on peut ais\u00e9ment le constater, on massacre des \u00eatres vivants pour des produits d\u2019une extr\u00eame inutilit\u00e9, m\u00eame nocifs pour la sant\u00e9\u2026 Outre que cette tuerie ne soit pas du tout li\u00e9e \u00e0 une quelconque n\u00e9cessit\u00e9 de subsistance, c\u2019est\u2026<\/span><\/p>\n<p align=\"justify\"><b><span style=\"font-size: small;\">Une tuerie \u00e9cologiquement non soutenable<\/span><\/b><\/p>\n<p align=\"justify\"><span style=\"font-size: small;\">Ce ne sont pas des objectifs de conservation qui motivent les d\u00e9cisions du gouvernement canadien, et c\u2019est l\u2019argent des contribuables canadiens qui sert \u00e0 rendent ex\u00e9cutoires des d\u00e9cisions auxquelles par ailleurs une majorit\u00e9 de ces contribuables s\u2019opposent.<\/span><\/p>\n<p align=\"justify\"><span style=\"font-size: small;\">Il a en outre \u00e9t\u00e9 estim\u00e9 par des scientifiques travaillant pour le gouvernement \u2013 on ne peut donc accuser ces individus de parti pris anti-chasse \u2013 que m\u00eame si les quotas annuels permis \u00e9taient r\u00e9duits \u00e0 275 000 phoques \u00e0 partir de 2006, en 2011, la population des phoques du Groenland serait n\u00e9anmoins r\u00e9duite de 30%. Qu\u2019en sera-t-il si le gouvernement canadien maintient les quotas \u00e0 plus de 300 000 meurtres annuellement? Les phoques du Groenland risque \u00e0 br\u00e8ve \u00e9ch\u00e9ance de devenir une esp\u00e8ce menac\u00e9e d\u2019extinction.<\/span><\/p>\n<p align=\"justify\"><span style=\"font-size: small;\">Le r\u00e9chauffement global, la diminution des ressources en nourriture, l\u2019empoisonnement par les m\u00e9taux lourds, constituent d\u2019autres r\u00e9elles menaces \u00e0 la survie des phoques. Mais il semble que cela ne soit pas pris en consid\u00e9ration dans les \u00ab calculs \u00bb du gouvernement.<\/span><\/p>\n<p align=\"justify\"><b><span style=\"font-size: small;\">Intimidation, menaces et agressions<\/span><\/b><\/p>\n<p align=\"justify\"><span style=\"font-size: small;\">La premi\u00e8re partie de cette \u00ab chasse \u00bb se d\u00e9roule dans le golfe St-Laurent, au voisinage des Iles-de-la-Madeleine. Elle est maintenant termin\u00e9e. Le d\u00e9compte : 105 000 phoques abattus. Cette ann\u00e9e, presque tous les opposants \u00e0 ce massacre pr\u00e9sents sur la banquise pour documenter et \u00eatre en mesure de r\u00e9pandre la v\u00e9rit\u00e9, de montrer cet enfer rouge glac\u00e9, ont \u00e9t\u00e9 s\u00e9rieusement menac\u00e9s par des chasseurs (Sea Shepherd Conservation Society, HSUS, IFAW). Quelques-uns ont litt\u00e9ralement \u00e9t\u00e9 agress\u00e9s, notamment des membres de l\u2019\u00e9quipage du Farley Mowat de la Sea Shepherd Conservation Society. Quelques chasseurs frustr\u00e9s, violents, ont brandi le hakapik en direction des opposants -cette arme mortelle a m\u00eame utilis\u00e9e au risque de gri\u00e8vement blesser un vid\u00e9aste \u00ab inopportun \u00bb &#8211; ces brutes les ont bouscul\u00e9, frapp\u00e9, d\u2019autres d\u00e9g\u00e9n\u00e9r\u00e9s ont point\u00e9 leurs armes \u00e0 feu en direction des d\u00e9fenseurs des phoques, et certains sont all\u00e9s jusqu\u2019\u00e0 tirer des coups de feu au-dessus de la t\u00eate de ceux qui d\u00e9fendent la vie au risque de la leur. Les d\u00e9fenseurs des phoques, surtout ceux du Farley Mowat, se sont retrouv\u00e9s maintes fois dans des situations p\u00e9rilleuses. On retrouve des compte-rendus fort d\u00e9taill\u00e9s de ces agressions sur le site de la Sea Shepherd Conservation Society. Ce comportement agressif de la part des \u00ab chasseurs \u00bb confirme une fois de plus une v\u00e9rit\u00e9 reconnue : la violence \u00e0 l\u2019encontre des animaux et celle \u00e0 l\u2019encontre des humains vont de pair\u2026 Une soci\u00e9t\u00e9 qui l\u00e9gitime ou tol\u00e8re la violence \u00e0 l\u2019\u00e9gard des animaux ne saurait mettre fin \u00e0 cette violence en son sein m\u00eame.<\/span><\/p>\n<p align=\"justify\"><span style=\"font-size: small;\">Extrait de <\/span><a href=\"http:\/\/www.cmaq.net\/fr\/node.php?id=20663\"><span style=\"font-size: small;\">http:\/\/www.cmaq.net\/<\/span><\/a><\/p>\n<p class=\"bawpvc-ajax-counter\" data-id=\"3835\">(181)<\/p>\n<!--CusAds0-->\n<div style=\"font-size: 0px; height: 0px; line-height: 0px; margin: 0; padding: 0; clear: both;\"><\/div>","protected":false},"excerpt":{"rendered":"<p>L\u2019opposition \u00e0 la chasse aux phoques est devenue quasiment le symbole le plus r\u00e9pandu \u00e0 travers le monde de la&#8230;<\/p>\n","protected":false},"author":1,"featured_media":3836,"comment_status":"open","ping_status":"open","sticky":false,"template":"","format":"standard","meta":{"_exactmetrics_skip_tracking":false,"_exactmetrics_sitenote_active":false,"_exactmetrics_sitenote_note":"","_exactmetrics_sitenote_category":0,"ngg_post_thumbnail":0,"jetpack_post_was_ever_published":false,"_jetpack_newsletter_access":"","_jetpack_dont_email_post_to_subs":false,"_jetpack_newsletter_tier_id":0,"_jetpack_memberships_contains_paywalled_content":false,"_jetpack_memberships_contains_paid_content":false,"footnotes":"","jetpack_publicize_message":"","jetpack_publicize_feature_enabled":true,"jetpack_social_post_already_shared":false,"jetpack_social_options":{"image_generator_settings":{"template":"highway","default_image_id":0,"font":"","enabled":false},"version":2}},"categories":[27],"tags":[2717,3091,3092,3090,3089,3088,3087,3093],"class_list":["post-3835","post","type-post","status-publish","format-standard","has-post-thumbnail","hentry","category-ecologie","tag-bebe","tag-coup","tag-frapper","tag-honteux","tag-massacre","tag-phoque","tag-phoques","tag-tuer","wpcat-27-id"],"jetpack_publicize_connections":[],"jetpack_featured_media_url":"https:\/\/i0.wp.com\/www.laterredufutur.com\/accueil\/wp-content\/uploads\/2015\/04\/phoques.jpg?fit=410%2C279&ssl=1","jetpack_shortlink":"https:\/\/wp.me\/p631RN-ZR","jetpack-related-posts":[{"id":19289,"url":"https:\/\/www.laterredufutur.com\/accueil\/les-ours-polaires-ont-prolifere-depuis-1960-passant-de-5-000-a-plus-de-25-000-animaux\/","url_meta":{"origin":3835,"position":0},"title":"Les ours polaires ont prolif\u00e9r\u00e9 depuis 1960 passant de 5 000 \u00e0 plus de 25 000 animaux !","author":"Admin","date":"19 juillet 2019","format":false,"excerpt":"Le nombre d'ours polaires a augment\u00e9 pour atteindre 28 500, comme le montre le dernier recensement datant de 2017. Le graphique montre une augmentation de 16% de la population d'ours polaires entre 2005 et 2015 et une diminution simultan\u00e9e de la surface de glace de mer arctique estivale de 38%\u2026","rel":"","context":"Dans &quot;Climat&quot;","block_context":{"text":"Climat","link":"https:\/\/www.laterredufutur.com\/accueil\/sujets\/climat\/"},"img":{"alt_text":"","src":"https:\/\/i0.wp.com\/www.laterredufutur.com\/accueil\/wp-content\/uploads\/2019\/06\/ours-blanc-polaire.jpg?fit=1200%2C750&ssl=1&resize=350%2C200","width":350,"height":200,"srcset":"https:\/\/i0.wp.com\/www.laterredufutur.com\/accueil\/wp-content\/uploads\/2019\/06\/ours-blanc-polaire.jpg?fit=1200%2C750&ssl=1&resize=350%2C200 1x, https:\/\/i0.wp.com\/www.laterredufutur.com\/accueil\/wp-content\/uploads\/2019\/06\/ours-blanc-polaire.jpg?fit=1200%2C750&ssl=1&resize=525%2C300 1.5x, https:\/\/i0.wp.com\/www.laterredufutur.com\/accueil\/wp-content\/uploads\/2019\/06\/ours-blanc-polaire.jpg?fit=1200%2C750&ssl=1&resize=700%2C400 2x, https:\/\/i0.wp.com\/www.laterredufutur.com\/accueil\/wp-content\/uploads\/2019\/06\/ours-blanc-polaire.jpg?fit=1200%2C750&ssl=1&resize=1050%2C600 3x"},"classes":[]},{"id":14939,"url":"https:\/\/www.laterredufutur.com\/accueil\/nous-barbares-le-monde-daujourdhui-vu-du-futur\/","url_meta":{"origin":3835,"position":1},"title":"Nous barbares : Le monde d&rsquo;aujourd&rsquo;hui vu du futur","author":"Admin","date":"2 avril 2017","format":false,"excerpt":"Viande, grossesse, pollution: les g\u00e9n\u00e9rations futures nous trouveront d\u00e9go\u00fbtants. Certaines pratiques jug\u00e9es normales \u00e0 une \u00e9poque ne le sont plus forc\u00e9ment des d\u00e9cennies plus tard. Les \u00eatres humains ont de tout temps eu des comportements qu\u2019ils consid\u00e9raient comme normaux \u00e0 leur \u00e9poque, et qui paraissent effrayants \u00e0 ceux qui leurs\u2026","rel":"","context":"Dans &quot;Monde Futur&quot;","block_context":{"text":"Monde Futur","link":"https:\/\/www.laterredufutur.com\/accueil\/sujets\/monde-futur\/"},"img":{"alt_text":"","src":"https:\/\/i0.wp.com\/www.laterredufutur.com\/accueil\/wp-content\/uploads\/2017\/03\/futur.jpg?fit=465%2C350&ssl=1&resize=350%2C200","width":350,"height":200},"classes":[]},{"id":11718,"url":"https:\/\/www.laterredufutur.com\/accueil\/les-japonais-tuent-333-baleines-dont-200-femelles-enceintes\/","url_meta":{"origin":3835,"position":2},"title":"Les Japonais tuent 333 baleines dont 200 femelles enceintes","author":"Admin","date":"8 avril 2016","format":false,"excerpt":"La campagne japonaise de p\u00eache \u00e0 la baleine lors de la derni\u00e8re campagne en Antarctique a \u00e9t\u00e9 jug\u00e9e \u00ababominable\u00bb, selon Sydney. L'agence japonaise charg\u00e9e de la p\u00eache a annonc\u00e9 jeudi le retour dans la matin\u00e9e \u00e0 Shimonoseki (sud-ouest), depuis longtemps un des principaux ports de la p\u00eache \u00e0 la baleine,\u2026","rel":"","context":"Dans &quot;Divers&quot;","block_context":{"text":"Divers","link":"https:\/\/www.laterredufutur.com\/accueil\/sujets\/divers\/"},"img":{"alt_text":"","src":"https:\/\/i0.wp.com\/www.laterredufutur.com\/accueil\/wp-content\/uploads\/2015\/12\/baleine-charcutee-japon.jpg?fit=630%2C360&ssl=1&resize=350%2C200","width":350,"height":200,"srcset":"https:\/\/i0.wp.com\/www.laterredufutur.com\/accueil\/wp-content\/uploads\/2015\/12\/baleine-charcutee-japon.jpg?fit=630%2C360&ssl=1&resize=350%2C200 1x, https:\/\/i0.wp.com\/www.laterredufutur.com\/accueil\/wp-content\/uploads\/2015\/12\/baleine-charcutee-japon.jpg?fit=630%2C360&ssl=1&resize=525%2C300 1.5x"},"classes":[]},{"id":16969,"url":"https:\/\/www.laterredufutur.com\/accueil\/les-elephants-dafrique-sont-actuellement-massacres-a-une-vitesse-sans-precedent\/","url_meta":{"origin":3835,"position":3},"title":"Les \u00e9l\u00e9phants d\u2019Afrique sont actuellement massacr\u00e9s \u00e0 une vitesse sans pr\u00e9c\u00e9dent","author":"Admin","date":"15 septembre 2018","format":false,"excerpt":"C\u2019est une nouvelle terrible. Ces derni\u00e8res semaines, le Bostwana, pays situ\u00e9 dans le sud de l\u2019Afrique abritant de nombreuses r\u00e9serves naturelles, a enregistr\u00e9 la mort de pr\u00e8s de 90 \u00e9l\u00e9phants. Il s\u2019agit sans aucun doute du plus grand massacre d\u2019\u00e9l\u00e9phants dans l\u2019histoire du continent. UN MASSACRE SANS PR\u00c9C\u00c9DENT Il y\u2026","rel":"","context":"Dans &quot;Divers&quot;","block_context":{"text":"Divers","link":"https:\/\/www.laterredufutur.com\/accueil\/sujets\/divers\/"},"img":{"alt_text":"","src":"https:\/\/i0.wp.com\/www.laterredufutur.com\/accueil\/wp-content\/uploads\/2018\/09\/cadavre-elephant-braconnage-bostwana.jpg?fit=730%2C535&ssl=1&resize=350%2C200","width":350,"height":200,"srcset":"https:\/\/i0.wp.com\/www.laterredufutur.com\/accueil\/wp-content\/uploads\/2018\/09\/cadavre-elephant-braconnage-bostwana.jpg?fit=730%2C535&ssl=1&resize=350%2C200 1x, https:\/\/i0.wp.com\/www.laterredufutur.com\/accueil\/wp-content\/uploads\/2018\/09\/cadavre-elephant-braconnage-bostwana.jpg?fit=730%2C535&ssl=1&resize=525%2C300 1.5x, https:\/\/i0.wp.com\/www.laterredufutur.com\/accueil\/wp-content\/uploads\/2018\/09\/cadavre-elephant-braconnage-bostwana.jpg?fit=730%2C535&ssl=1&resize=700%2C400 2x"},"classes":[]},{"id":9728,"url":"https:\/\/www.laterredufutur.com\/accueil\/pendant-la-cop21-deux-navires-partent-du-japon-pour-chasser-la-baleine-en-antarctique\/","url_meta":{"origin":3835,"position":4},"title":"Pendant la COP21, deux navires partent du Japon pour chasser la baleine en Antarctique","author":"Admin","date":"3 d\u00e9cembre 2015","format":false,"excerpt":"Deux baleiniers japonais ont quitt\u00e9 Shimonoseki, un des principaux points de d\u00e9part de la p\u00eache \u00e0 la baleine, mardi 1er d\u00e9cembre, \u00e0 destination de l\u2019Antarctique, selon l\u2019agence gouvernementale japonaise charg\u00e9e de la p\u00eache. Le Japon avait \u00e9t\u00e9 contraint de renoncer \u00e0 la p\u00eache aux c\u00e9tac\u00e9s apr\u00e8s une d\u00e9cision en mars\u2026","rel":"","context":"Dans &quot;Ecologie&quot;","block_context":{"text":"Ecologie","link":"https:\/\/www.laterredufutur.com\/accueil\/sujets\/ecologie\/"},"img":{"alt_text":"","src":"https:\/\/i0.wp.com\/www.laterredufutur.com\/accueil\/wp-content\/uploads\/2015\/12\/baleine-charcutee-japon.jpg?fit=630%2C360&ssl=1&resize=350%2C200","width":350,"height":200,"srcset":"https:\/\/i0.wp.com\/www.laterredufutur.com\/accueil\/wp-content\/uploads\/2015\/12\/baleine-charcutee-japon.jpg?fit=630%2C360&ssl=1&resize=350%2C200 1x, https:\/\/i0.wp.com\/www.laterredufutur.com\/accueil\/wp-content\/uploads\/2015\/12\/baleine-charcutee-japon.jpg?fit=630%2C360&ssl=1&resize=525%2C300 1.5x"},"classes":[]},{"id":17447,"url":"https:\/\/www.laterredufutur.com\/accueil\/des-elephants-naissent-sans-defenses\/","url_meta":{"origin":3835,"position":5},"title":"Des \u00e9l\u00e9phants naissent sans d\u00e9fenses","author":"Admin","date":"31 d\u00e9cembre 2018","format":false,"excerpt":"Les \u00e9l\u00e9phants sont tellement massacr\u00e9s pour leur ivoire qu\u2019ils naissent d\u00e9sormais sans d\u00e9fenses. De r\u00e9centes analyses men\u00e9es dans l\u2019un des parcs nationaux du Mozambique ont d\u00e9montr\u00e9 que la part d\u2019\u00e9l\u00e9phants naissant sans d\u00e9fenses avait augment\u00e9 significativement ces derni\u00e8res ann\u00e9es. Selon les biologistes, il s\u2019agirait d\u2019une cons\u00e9quence directe de la hausse\u2026","rel":"","context":"Dans &quot;Divers&quot;","block_context":{"text":"Divers","link":"https:\/\/www.laterredufutur.com\/accueil\/sujets\/divers\/"},"img":{"alt_text":"","src":"https:\/\/i0.wp.com\/www.laterredufutur.com\/accueil\/wp-content\/uploads\/2018\/12\/elephant-sans-defense.jpg?fit=1190%2C793&ssl=1&resize=350%2C200","width":350,"height":200,"srcset":"https:\/\/i0.wp.com\/www.laterredufutur.com\/accueil\/wp-content\/uploads\/2018\/12\/elephant-sans-defense.jpg?fit=1190%2C793&ssl=1&resize=350%2C200 1x, https:\/\/i0.wp.com\/www.laterredufutur.com\/accueil\/wp-content\/uploads\/2018\/12\/elephant-sans-defense.jpg?fit=1190%2C793&ssl=1&resize=525%2C300 1.5x, https:\/\/i0.wp.com\/www.laterredufutur.com\/accueil\/wp-content\/uploads\/2018\/12\/elephant-sans-defense.jpg?fit=1190%2C793&ssl=1&resize=700%2C400 2x, https:\/\/i0.wp.com\/www.laterredufutur.com\/accueil\/wp-content\/uploads\/2018\/12\/elephant-sans-defense.jpg?fit=1190%2C793&ssl=1&resize=1050%2C600 3x"},"classes":[]}],"jetpack_sharing_enabled":true,"_links":{"self":[{"href":"https:\/\/www.laterredufutur.com\/accueil\/wp-json\/wp\/v2\/posts\/3835","targetHints":{"allow":["GET"]}}],"collection":[{"href":"https:\/\/www.laterredufutur.com\/accueil\/wp-json\/wp\/v2\/posts"}],"about":[{"href":"https:\/\/www.laterredufutur.com\/accueil\/wp-json\/wp\/v2\/types\/post"}],"author":[{"embeddable":true,"href":"https:\/\/www.laterredufutur.com\/accueil\/wp-json\/wp\/v2\/users\/1"}],"replies":[{"embeddable":true,"href":"https:\/\/www.laterredufutur.com\/accueil\/wp-json\/wp\/v2\/comments?post=3835"}],"version-history":[{"count":1,"href":"https:\/\/www.laterredufutur.com\/accueil\/wp-json\/wp\/v2\/posts\/3835\/revisions"}],"predecessor-version":[{"id":3837,"href":"https:\/\/www.laterredufutur.com\/accueil\/wp-json\/wp\/v2\/posts\/3835\/revisions\/3837"}],"wp:featuredmedia":[{"embeddable":true,"href":"https:\/\/www.laterredufutur.com\/accueil\/wp-json\/wp\/v2\/media\/3836"}],"wp:attachment":[{"href":"https:\/\/www.laterredufutur.com\/accueil\/wp-json\/wp\/v2\/media?parent=3835"}],"wp:term":[{"taxonomy":"category","embeddable":true,"href":"https:\/\/www.laterredufutur.com\/accueil\/wp-json\/wp\/v2\/categories?post=3835"},{"taxonomy":"post_tag","embeddable":true,"href":"https:\/\/www.laterredufutur.com\/accueil\/wp-json\/wp\/v2\/tags?post=3835"}],"curies":[{"name":"wp","href":"https:\/\/api.w.org\/{rel}","templated":true}]}}