{"id":3067,"date":"2005-09-30T14:47:22","date_gmt":"2005-09-30T12:47:22","guid":{"rendered":"http:\/\/www.laterredufutur.com\/accueil1\/?p=3067"},"modified":"2015-04-08T14:49:58","modified_gmt":"2015-04-08T12:49:58","slug":"le-petit-age-glaciaire-qui-arrive","status":"publish","type":"post","link":"https:\/\/www.laterredufutur.com\/accueil\/le-petit-age-glaciaire-qui-arrive\/","title":{"rendered":"Le petit age glaciaire qui arrive"},"content":{"rendered":"<div class=\"1665f18d14f35dd9e7566e1a8ac9a3e9\" data-index=\"1\" style=\"float: none; margin:10px 0 10px 0; text-align:center;\">\n<script async src=\"https:\/\/pagead2.googlesyndication.com\/pagead\/js\/adsbygoogle.js\"><\/script>\r\n<ins class=\"adsbygoogle\"\r\n     style=\"display:block; text-align:center;\"\r\n     data-ad-layout=\"in-article\"\r\n     data-ad-format=\"fluid\"\r\n     data-ad-client=\"ca-pub-2860849627502538\"\r\n     data-ad-slot=\"3019501113\"><\/ins>\r\n<script>\r\n     (adsbygoogle = window.adsbygoogle || []).push({});\r\n<\/script>\n<\/div>\n<p align=\"justify\"><span style=\"font-size: small;\">Le Petit \u00e2ge Glaciaire \u00e9tait une p\u00e9riode de climat en changement qui fit baisser la temp\u00e9rature de l&rsquo;oc\u00e9an de 1-3 degr\u00e9s C et fit retraiter le front de l&rsquo;\u00e9t\u00e9 arctique de 4-5 degr\u00e9s de latitude. Le <b>petit \u00e2ge glaciaire<\/b> est une p\u00e9riode climatique froide s&rsquo;appliquant \u00e0 l&rsquo;Europe d&rsquo;environ 1580 \u00e0 1850. Cela correspond \u00e0 un l\u00e9ger refroidissement climatique, de l&rsquo;ordre de moins de 1\u00b0C. Cette diminution peut para\u00eetre faible, mais elle \u00e9tait suffisante pour provoquer des hivers rigoureux et ralentir les activit\u00e9s humaines, comme la production agricole, en particulier au xvii<small><sup>e<\/sup><\/small>\u00a0si\u00e8cle. <span style=\"font-family: Arial;\"><span style=\"font-family: Verdana;\">Apr\u00e8s une longue p\u00e9riode d&rsquo;un climat relativement chaud, une p\u00e9riode plus froide s&rsquo;installe \u00e0 la fin du Moyen-Age et se poursuit jusqu&rsquo;au milieu du 19e si\u00e8cle. Depuis la fin du Petit \u00e2ge glaciaire, les glaciers des Alpes ont fortement recul\u00e9. Mais vivons nous r\u00e9ellement un r\u00e9chauffement plan\u00e9taire ?<\/span><\/span><\/span><\/p>\n<p>Notre \u00e9tude de l\u2019histoire g\u00e9ologique des climats au point pr\u00e9c\u00e9dent (3.4.7) nous a montr\u00e9 que depuis la fin du M\u00e9sozo\u00efque les temp\u00e9ratures terrestres ont progressivement chut\u00e9 et que nous sommes pr\u00e9sentement dans une p\u00e9riode de plan\u00e8te-igloo et m\u00eame, depuis 2 Ma, carr\u00e9ment dans un Grand \u00e2ge glaciaire (voir la r\u00e9partition des stades glaciaires et interglaciaires des derniers 2 Ma).<\/p>\n<p align=\"justify\">La courbe qui suit trace cette chute depuis le d\u00e9but du Tertiaire (Selon University Corporation for Atmospheric Research\/Office for Interdisciplinary Earth Studies (UCAR\/OIES), 1991; cit\u00e9 dans Mackenzie, 1998).<\/p>\n<p align=\"justify\"><img data-recalc-dims=\"1\" decoding=\"async\" src=\"https:\/\/i0.wp.com\/www.laterredufutur.com\/spaw\/images\/courbe.gif\" alt=\"\" \/><\/p>\n<p align=\"justify\">Les deux autres graphiques qui suivent sont tir\u00e9s de UCAR\/OIES (1991) et du rapport d\u2019\u00e9valuation de 1990 de l\u2019Intergovernmental Panel on Climate Change (IPCC) (appellation fran\u00e7aise, GIEC &#8211; Groupe d\u2019experts Intergouvernemental sur l\u2019\u00e9volution du Climat), cit\u00e9s dans Mackenzie, 1998. Le graphique A pr\u00e9sente les fluctuations de temp\u00e9ratures durant les derniers 18 milliers d&rsquo;ann\u00e9es. Depuis 10,000 ans, nous sommes dans un stade interglaciaire, alors qu&rsquo;entre 10,000 et 18,000 ans, nous \u00e9tions en pleine englaciation (la glaciation wisconsinienne), ce qui se refl\u00e8te nettement sur la courbe des temp\u00e9ratures. Le graphique B montre les fluctuations de temp\u00e9rature durant le dernier mill\u00e9naire.<\/p>\n<p align=\"justify\"><img data-recalc-dims=\"1\" loading=\"lazy\" decoding=\"async\" src=\"https:\/\/i0.wp.com\/www.laterredufutur.com\/spaw\/images\/courbe2.gif?resize=500%2C412\" alt=\"\" width=\"500\" height=\"412\" \/><\/p>\n<p align=\"justify\">\n<p align=\"justify\">\u00c0 noter qu&rsquo;entre le milieu du 15<sup><small><span style=\"font-size: small;\">\u00e8me<\/span><\/small><\/sup> si\u00e8cle et le milieu du 19<sup><small><span style=\"font-size: small;\">\u00e8me<\/span><\/small><\/sup> si\u00e8cle, on aurait connu une p\u00e9riode o\u00f9 les conditions climatiques, \u00e0 la grandeur du globe, furent sensiblement plus froides qu&rsquo;aujourd&rsquo;hui, de l&rsquo;ordre de 1\u00b0C. Les climatologues ont appel\u00e9 cette p\u00e9riode le Petit \u00c2ge glaciaire. Les \u00e9crits de la Renaissance font \u00e9tat par contre d&rsquo;une p\u00e9riode relativement chaude durant le Moyen-\u00c2ge.<\/p>\n<p align=\"justify\">Il est \u00e0 noter cependant que dans son dernier rapport d\u2019\u00e9valuation scientifique (2001), l\u2019IPCC (GIEC) modifie ses conclusions au sujet de cette id\u00e9e, sur la base de nouvelles donn\u00e9es exprim\u00e9es par les graphiques suivants qui pr\u00e9sentent les fluctuations durant le dernier mill\u00e9naire dans l\u2019h\u00e9misph\u00e8re nord, telles que reconstitu\u00e9es \u00e0 partir des anneaux des arbres, des coraux, des carottes glaciaires et des documents historiques (courbe bleue), ainsi que des mesures instrumentales (coube rouge) pour le dernier si\u00e8cle. La zone grise exprime la marge d\u2019erreur de deux \u00e9carts-types.<\/p>\n<p align=\"justify\"><img data-recalc-dims=\"1\" loading=\"lazy\" decoding=\"async\" src=\"https:\/\/i0.wp.com\/www.laterredufutur.com\/spaw\/images\/courbe3.gif?resize=400%2C300\" alt=\"\" width=\"400\" height=\"300\" align=\"left\" \/><\/p><div class=\"1665f18d14f35dd9e7566e1a8ac9a3e9\" data-index=\"2\" style=\"float: none; margin:10px 0 10px 0; text-align:center;\">\n<script async src=\"https:\/\/pagead2.googlesyndication.com\/pagead\/js\/adsbygoogle.js\"><\/script>\r\n<ins class=\"adsbygoogle\"\r\n     style=\"display:block; text-align:center;\"\r\n     data-ad-layout=\"in-article\"\r\n     data-ad-format=\"fluid\"\r\n     data-ad-client=\"ca-pub-2860849627502538\"\r\n     data-ad-slot=\"3019501113\"><\/ins>\r\n<script>\r\n     (adsbygoogle = window.adsbygoogle || []).push({});\r\n<\/script>\n<\/div>\n\n<p align=\"justify\">D\u2019une fa\u00e7on g\u00e9n\u00e9rale, on voit sur ce graphique qu&rsquo;il y a une l\u00e9g\u00e8re baisse continue (trait rouge)depuis le 11<sup><small><span style=\"font-size: small;\">\u00e8me<\/span><\/small><\/sup> si\u00e8cle jusqu&rsquo;au 20<sup><small><span style=\"font-size: small;\">\u00e8me<\/span><\/small><\/sup> si\u00e8cle et qu&rsquo;il n\u2019y a pas d\u2019\u00e9vidences que ces p\u00e9riodes chaude du Moyen \u00c2ge et froide du Petit \u00c2ge glaciaire aient affect\u00e9 l\u2019ensemble de la Plan\u00e8te. Le Petit \u00c2ge glaciaire serait plut\u00f4t une variation locale centr\u00e9e sur l\u2019Europe de l\u2019Ouest. Ce dernier graphique montre aussi que le taux d\u2019augmentation et la dur\u00e9e du r\u00e9chauffement au 20<sup><small><span style=\"font-size: small;\">\u00e8me<\/span><\/small><\/sup> si\u00e8cle n\u2019ont aucun pr\u00e9c\u00e9dent durant tout le mill\u00e9naire; ils ne peuvent \u00eatre consid\u00e9r\u00e9s comme une simple r\u00e9cup\u00e9ration de ce qui a \u00e9t\u00e9 appel\u00e9 le Petit \u00e2ge glaciaire, un argument parfois avanc\u00e9 pour expliquer ce r\u00e9chauffement.<\/p>\n<p align=\"justify\"><strong>L\u2019impact sur la circulation de l\u2019oc\u00e9an global (circulation thermohaline)<\/strong><\/p>\n<p align=\"justify\">On a d\u00e9j\u00e0 vu que la circulation de l\u2019oc\u00e9an global forme une boucle qui prend son origine dans l&rsquo;Atlantique-Nord o\u00f9 les eaux froides (refroidies par les vents froids du Canada), sal\u00e9es, denses et bien oxyg\u00e9n\u00e9es plongent vers les profondeurs. Il s\u2019agit d\u2019un cycle de 1000 ans environ. C\u2019est cette plong\u00e9e des eaux froides et denses de l\u2019Atlantique-Nord qui constitue en quelque sorte le moteur de cette circulation en boucle. C\u2019est la remont\u00e9e locale (upwelling) de ces eaux froides riches en nutriments qui alimentent le plancton en surface et qui contribuent ainsi \u00e0 la forte productivit\u00e9 biologique marine dans certaines r\u00e9gions, par exemple au niveau des p\u00eacheries, comme sur les Grands Bancs de Terre-Neuve ou les c\u00f4tes du P\u00e9rou. C\u2019est aussi cette circulation thermohaline (i.e., reli\u00e9e aux gradients de temp\u00e9rature et de salinit\u00e9) qui redistribue la chaleur.<\/p>\n<p align=\"justify\">Un ralentissement, ou \u00e0 la limite un arr\u00eat, dans le transport des masses d\u2019eau oc\u00e9aniques aura certes une influence n\u00e9faste sur la ressource halieutique et les climats en g\u00e9n\u00e9ral. L\u2019effet El Ni\u00f1o est un bon exemple de l\u2019interrelation climat-circulation oc\u00e9anique-ressources marines. Un tel ralentissement peut \u00eatre caus\u00e9, au point de d\u00e9part de la boucle, par un r\u00e9chauffement des eaux de surface dans l\u2019Atlantique-Nord et par une diminution de leur salinit\u00e9 par la fonte des glaces du Groenland et de l\u2019Arctique.<\/p>\n<p align=\"justify\">Le graphique qui suit montre, \u00e0 partir de plusieurs mod\u00e8les, que d\u00e9j\u00e0 la circulation thermohaline d\u00e9cline depuis quelques d\u00e9cennies et que, sauf pour deux mod\u00e8les, cette diminution ira en s\u2019accentuant. Le z\u00e9ro de base correspond \u00e0 la moyenne des ann\u00e9es 1961-1990.<\/p>\n<p align=\"justify\"><img data-recalc-dims=\"1\" loading=\"lazy\" decoding=\"async\" class=\" aligncenter\" src=\"https:\/\/i0.wp.com\/www.laterredufutur.com\/spaw\/images\/courbe4.gif?resize=500%2C330\" alt=\"\" width=\"500\" height=\"330\" \/><\/p>\n<p align=\"justify\">Certains mod\u00e8les vont m\u00eame jusqu\u2019\u00e0 pr\u00e9voir qu\u2019une augmentation de 1% par an de la teneur atmosph\u00e9rique en CO<sub><small><span style=\"font-size: small;\">2<\/span><\/small><\/sub> pendant 100 ans entra\u00eenera une coupure nette de la circulation thermohaline. Un autre mod\u00e8le conclut qu\u2019avec une augmentation de 1% par an, la coupure se produira lorsque la teneur atteindra 4 fois la teneur de base (280 ppm).<\/p>\n<p align=\"justify\">Les mod\u00e8les ne sont pas d&rsquo;accord sur la r\u00e9action future du climat ainsi que la circulation thermohaline de l&rsquo;Atlantique Nord. Depuis la fin du tertiaire nous sommes dans une \u00e9poque interglaciaire, il semble que ce r\u00e9chauffement global actuel induit par l&rsquo;Homme vient interrompre une baisse sensible des temp\u00e9ratures depuis plus de 1000 ans. Mais dans cette envol\u00e9e soudaine des degr\u00e9s, un choc in\u00e9vitable pourrait bien intervenir : celui de la circulation thermohaline. Des rapports tombent et sont toujours ignor\u00e9s. Ainsi le rapport du Pentagone de f\u00e9vrier 2004, et le rapport de Vienne d&rsquo;avril 2005 apportent des faits. Le climat change d&rsquo;une fa\u00e7on invisible et c&rsquo;est bien un refroidissement qui nous attend pour le pourtour de l&rsquo;Atlantique Nord.<\/p>\n<p align=\"justify\">sources : <a href=\"http:\/\/www.civilization.ca\/archeo\/nadlok\/nglos04f.html\">http:\/\/www.civilization.ca\/archeo\/nadlok\/nglos04f.html<\/a>\u00a0\/ <a href=\"http:\/\/fr.wikipedia.org\/wiki\/Petit_%C3%83%C2%A2ge_glaciaire\">http:\/\/fr.wikipedia.org\/wiki\/Petit_\u00c3\u00a2ge_glaciaire<\/a>\u00a0\/ <a href=\"http:\/\/www.umwelt-schweiz.ch\/buwal\/fr\/fachgebiete\/fg_lrparks\/auen\/alpin\/eiszeit\/%20\/\">http:\/\/www.umwelt-schweiz.ch\/buwal\/fr\/fachgebiete\/fg_lrparks\/auen\/alpin\/eiszeit\/%20\/<\/a><a href=\"http:\/\/www.ggl.ulaval.ca\/personnel\/bourque\/s3\/rechauffement.planetaire.html\">http:\/\/www.ggl.ulaval.ca\/personnel\/bourque\/s3\/rechauffement.planetaire.html<\/a>\u00a0\/ <a href=\"http:\/\/www.grida.no\/climate\/ipcc_tar\/wg1\/fig9-21.htm\" target=\"_top\">http:\/\/www.grida.no\/climate\/ipcc_tar\/wg1\/fig9-21.htm<\/a>\u00a0\/<\/p>\n<p class=\"bawpvc-ajax-counter\" data-id=\"3067\">(2426)<\/p>\n<!--CusAds0-->\n<div style=\"font-size: 0px; height: 0px; line-height: 0px; margin: 0; padding: 0; clear: both;\"><\/div>","protected":false},"excerpt":{"rendered":"<p>Le Petit \u00e2ge Glaciaire \u00e9tait une p\u00e9riode de climat en changement qui fit baisser la temp\u00e9rature de l&rsquo;oc\u00e9an de 1-3&#8230;<\/p>\n","protected":false},"author":1,"featured_media":3068,"comment_status":"closed","ping_status":"open","sticky":false,"template":"","format":"standard","meta":{"_exactmetrics_skip_tracking":false,"_exactmetrics_sitenote_active":false,"_exactmetrics_sitenote_note":"","_exactmetrics_sitenote_category":0,"ngg_post_thumbnail":0,"jetpack_post_was_ever_published":false,"_jetpack_newsletter_access":"","_jetpack_dont_email_post_to_subs":false,"_jetpack_newsletter_tier_id":0,"_jetpack_memberships_contains_paywalled_content":false,"_jetpack_memberships_contains_paid_content":false,"footnotes":"","jetpack_publicize_message":"","jetpack_publicize_feature_enabled":true,"jetpack_social_post_already_shared":false,"jetpack_social_options":{"image_generator_settings":{"template":"highway","default_image_id":0,"font":"","enabled":false},"version":2}},"categories":[20,23],"tags":[631,153,511,47,241,708,725,52,170,2690,1240],"class_list":["post-3067","post","type-post","status-publish","format-standard","has-post-thumbnail","hentry","category-climat","category-circulation-oceanique","tag-circulation","tag-froid","tag-homme","tag-neige","tag-ocean","tag-pag","tag-petit-age-glaciaire","tag-rechauffement","tag-refroidissement-climatique","tag-responsabilite","tag-route","wpcat-20-id","wpcat-23-id"],"jetpack_publicize_connections":[],"jetpack_featured_media_url":"https:\/\/i0.wp.com\/www.laterredufutur.com\/accueil\/wp-content\/uploads\/2015\/04\/route-enneigee.jpg?fit=200%2C240&ssl=1","jetpack_shortlink":"https:\/\/wp.me\/p631RN-Nt","jetpack-related-posts":[{"id":17658,"url":"https:\/\/www.laterredufutur.com\/accueil\/des-chercheurs-decouvrent-que-le-petit-age-glaciaire-du-xvii-eme-siecle-refroidit-encore-le-fond-du-pacifique\/","url_meta":{"origin":3067,"position":0},"title":"Des chercheurs d\u00e9couvrent que le \u00ab\u00a0petit age glaciaire\u00a0\u00bb du XVII eme si\u00e8cle refroidit encore le fond du Pacifique","author":"Admin","date":"9 janvier 2019","format":false,"excerpt":"Alors qu'une grande partie des oc\u00e9ans r\u00e9agissent \u00e0 la hausse des temp\u00e9ratures dans le monde d'aujourd'hui, les eaux profondes et sombres du fond de l'oc\u00e9an Pacifique semblent faire exactement le contraire. Une \u00e9tude de Harvard r\u00e9v\u00e8le que certaines r\u00e9gions du grand Pacifique pourraient se refroidir \u00e0 la suite d'un ph\u00e9nom\u00e8ne\u2026","rel":"","context":"Dans &quot;Climat&quot;","block_context":{"text":"Climat","link":"https:\/\/www.laterredufutur.com\/accueil\/sujets\/climat\/"},"img":{"alt_text":"","src":"https:\/\/i0.wp.com\/www.laterredufutur.com\/accueil\/wp-content\/uploads\/2019\/01\/The-Study-of-Harvard-The-Great-Pacific-Study.-Les-mod%C3%A8les-sugg%C3%A8rent-que-dans-les-profondeurs-les-temp%C3%A9ratures-sont-dune-profondeur-denviron-2-kilom%C3%A8tres.jpg?fit=634%2C382&ssl=1&resize=350%2C200","width":350,"height":200,"srcset":"https:\/\/i0.wp.com\/www.laterredufutur.com\/accueil\/wp-content\/uploads\/2019\/01\/The-Study-of-Harvard-The-Great-Pacific-Study.-Les-mod%C3%A8les-sugg%C3%A8rent-que-dans-les-profondeurs-les-temp%C3%A9ratures-sont-dune-profondeur-denviron-2-kilom%C3%A8tres.jpg?fit=634%2C382&ssl=1&resize=350%2C200 1x, https:\/\/i0.wp.com\/www.laterredufutur.com\/accueil\/wp-content\/uploads\/2019\/01\/The-Study-of-Harvard-The-Great-Pacific-Study.-Les-mod%C3%A8les-sugg%C3%A8rent-que-dans-les-profondeurs-les-temp%C3%A9ratures-sont-dune-profondeur-denviron-2-kilom%C3%A8tres.jpg?fit=634%2C382&ssl=1&resize=525%2C300 1.5x"},"classes":[]},{"id":10994,"url":"https:\/\/www.laterredufutur.com\/accueil\/le-petit-age-glaciaire-associe-a-la-peste-et-a-la-chute-des-empires\/","url_meta":{"origin":3067,"position":1},"title":"Le petit age glaciaire associ\u00e9 \u00e0 la peste et \u00e0 la chute des Empires","author":"Admin","date":"18 f\u00e9vrier 2016","format":false,"excerpt":"En 536, la premi\u00e8re des 3 \u00e9ruptions volcaniques massives a provoqu\u00e9 une p\u00e9riode qu\u2019on connait comme le petit \u00e2ge glaciaire. Cette mini \u00e8re glaciaire a co\u00efncid\u00e9 avec une \u00e9pid\u00e9mie de peste, le d\u00e9clin de l\u2019empire Romain et des bouleversements majeurs en Eurasie. D\u00e9sormais, nous avons la premi\u00e8re preuve que cette\u2026","rel":"","context":"Dans &quot;Arch\u00e9ologie&quot;","block_context":{"text":"Arch\u00e9ologie","link":"https:\/\/www.laterredufutur.com\/accueil\/sujets\/archeologie\/"},"img":{"alt_text":"","src":"https:\/\/i0.wp.com\/www.laterredufutur.com\/accueil\/wp-content\/uploads\/2016\/02\/chute-de-rome.jpg?fit=800%2C484&ssl=1&resize=350%2C200","width":350,"height":200,"srcset":"https:\/\/i0.wp.com\/www.laterredufutur.com\/accueil\/wp-content\/uploads\/2016\/02\/chute-de-rome.jpg?fit=800%2C484&ssl=1&resize=350%2C200 1x, https:\/\/i0.wp.com\/www.laterredufutur.com\/accueil\/wp-content\/uploads\/2016\/02\/chute-de-rome.jpg?fit=800%2C484&ssl=1&resize=525%2C300 1.5x, https:\/\/i0.wp.com\/www.laterredufutur.com\/accueil\/wp-content\/uploads\/2016\/02\/chute-de-rome.jpg?fit=800%2C484&ssl=1&resize=700%2C400 2x"},"classes":[]},{"id":11830,"url":"https:\/\/www.laterredufutur.com\/accueil\/le-petit-age-glaciaire-associe-a-la-peste-et-a-la-chute-des-empires-2\/","url_meta":{"origin":3067,"position":2},"title":"Le petit age glaciaire associ\u00e9 \u00e0 la peste et \u00e0 la chute des empires","author":"Admin","date":"29 avril 2016","format":false,"excerpt":"En 536, la premi\u00e8re des 3 \u00e9ruptions volcaniques massives a provoqu\u00e9 une p\u00e9riode que l'on connait comme le petit \u00e2ge glaciaire. Cette mini \u00e8re glaciaire a co\u00efncid\u00e9 avec une \u00e9pid\u00e9mie de peste, le d\u00e9clin de l\u2019Empire romain et des bouleversements majeurs en Eurasie. D\u00e9sormais, nous avons la premi\u00e8re preuve que\u2026","rel":"","context":"Dans &quot;Arch\u00e9ologie&quot;","block_context":{"text":"Arch\u00e9ologie","link":"https:\/\/www.laterredufutur.com\/accueil\/sujets\/archeologie\/"},"img":{"alt_text":"","src":"https:\/\/i0.wp.com\/www.laterredufutur.com\/accueil\/wp-content\/uploads\/2016\/04\/empire-romain-volcan.jpg?fit=1000%2C541&ssl=1&resize=350%2C200","width":350,"height":200,"srcset":"https:\/\/i0.wp.com\/www.laterredufutur.com\/accueil\/wp-content\/uploads\/2016\/04\/empire-romain-volcan.jpg?fit=1000%2C541&ssl=1&resize=350%2C200 1x, https:\/\/i0.wp.com\/www.laterredufutur.com\/accueil\/wp-content\/uploads\/2016\/04\/empire-romain-volcan.jpg?fit=1000%2C541&ssl=1&resize=525%2C300 1.5x, https:\/\/i0.wp.com\/www.laterredufutur.com\/accueil\/wp-content\/uploads\/2016\/04\/empire-romain-volcan.jpg?fit=1000%2C541&ssl=1&resize=700%2C400 2x"},"classes":[]},{"id":4660,"url":"https:\/\/www.laterredufutur.com\/accueil\/le-petit-age-glaciaire-serait-lie-au-ralentissement-du-gulf-stream\/","url_meta":{"origin":3067,"position":3},"title":"Le petit \u00e2ge glaciaire serait li\u00e9 au ralentissement du Gulf Stream","author":"Admin","date":"31 octobre 2008","format":false,"excerpt":"C\u2019est un sc\u00e9nario que certains craignent de voir se r\u00e9aliser avec le r\u00e9chauffement de la plan\u00e8te et la fonte des glaces arctiques : un ralentissement du Gulf Stream dans l\u2019Atlantique et un climat moins temp\u00e9r\u00e9 en Europe. Selon les travaux de l\u2019\u00e9quipe de David Lund, c\u2019est ce qui s\u2019est produit\u2026","rel":"","context":"Dans &quot;Courants Marins&quot;","block_context":{"text":"Courants Marins","link":"https:\/\/www.laterredufutur.com\/accueil\/sujets\/circulation-oceanique\/"},"img":{"alt_text":"","src":"https:\/\/i0.wp.com\/www.laterredufutur.com\/accueil\/wp-content\/uploads\/2015\/04\/gulf-stream1.jpg?fit=300%2C300&ssl=1&resize=350%2C200","width":350,"height":200},"classes":[]},{"id":564,"url":"https:\/\/www.laterredufutur.com\/accueil\/changement-climatique-abrupte\/","url_meta":{"origin":3067,"position":4},"title":"Changement climatique abrupte","author":"Admin","date":"9 octobre 2011","format":false,"excerpt":"Lien apport\u00e9 par Julien - Voici un documentaire qui explique ce qu'est un\u00a0changement climatique abrupte. Dans un monde o\u00f9 l'on parle continuellement de r\u00e9chauffement climatique, ici on revoit l'Histoire depuis l'\u00e9poque du Dryas. Les carottes nous d\u00e9voilent des perturbations oc\u00e9aniques m\u00eame pendant le Petit Age Glaciaire - PAG (XIV eme\u2026","rel":"","context":"Dans &quot;Climat&quot;","block_context":{"text":"Climat","link":"https:\/\/www.laterredufutur.com\/accueil\/sujets\/climat\/"},"img":{"alt_text":"froid","src":"https:\/\/i0.wp.com\/www.laterredufutur.com\/wordpress\/wp-content\/uploads\/2011\/10\/froid-futur.jpg?resize=350%2C200","width":350,"height":200},"classes":[]},{"id":704,"url":"https:\/\/www.laterredufutur.com\/accueil\/les-sst-sont-plus-froides-maintenant-que-lors-de-la-periode-du-rechauffement-medieval\/","url_meta":{"origin":3067,"position":5},"title":"Les SST sont plus froides maintenant que lors de la p\u00e9riode du r\u00e9chauffement m\u00e9di\u00e9val","author":"Admin","date":"5 janvier 2012","format":false,"excerpt":"Lien fourni par JulienTDF - Selon \"The Hockey Schtick \u00bb, certaines v\u00e9rit\u00e9s d\u00e9rangent et brisent la courbe de hockey de Mann qui \u00e9tait d\u00e9j\u00e0 bris\u00e9e en petits morceaux. Un nouveau document d\u00e9montre un refroidissement significatif de l'oc\u00e9an Atlantique au cours du dernier mill\u00e9naire, et cela apporte que l'Optimum climatique m\u00e9di\u00e9val\u2026","rel":"","context":"Dans &quot;Climat&quot;","block_context":{"text":"Climat","link":"https:\/\/www.laterredufutur.com\/accueil\/sujets\/climat\/"},"img":{"alt_text":"ocean pacifique","src":"https:\/\/i0.wp.com\/www.laterredufutur.com\/accueil\/wp-content\/uploads\/2011\/07\/ocean-pacifique.jpg?fit=468%2C312&ssl=1&resize=350%2C200","width":350,"height":200},"classes":[]}],"jetpack_sharing_enabled":true,"_links":{"self":[{"href":"https:\/\/www.laterredufutur.com\/accueil\/wp-json\/wp\/v2\/posts\/3067","targetHints":{"allow":["GET"]}}],"collection":[{"href":"https:\/\/www.laterredufutur.com\/accueil\/wp-json\/wp\/v2\/posts"}],"about":[{"href":"https:\/\/www.laterredufutur.com\/accueil\/wp-json\/wp\/v2\/types\/post"}],"author":[{"embeddable":true,"href":"https:\/\/www.laterredufutur.com\/accueil\/wp-json\/wp\/v2\/users\/1"}],"replies":[{"embeddable":true,"href":"https:\/\/www.laterredufutur.com\/accueil\/wp-json\/wp\/v2\/comments?post=3067"}],"version-history":[{"count":1,"href":"https:\/\/www.laterredufutur.com\/accueil\/wp-json\/wp\/v2\/posts\/3067\/revisions"}],"predecessor-version":[{"id":3069,"href":"https:\/\/www.laterredufutur.com\/accueil\/wp-json\/wp\/v2\/posts\/3067\/revisions\/3069"}],"wp:featuredmedia":[{"embeddable":true,"href":"https:\/\/www.laterredufutur.com\/accueil\/wp-json\/wp\/v2\/media\/3068"}],"wp:attachment":[{"href":"https:\/\/www.laterredufutur.com\/accueil\/wp-json\/wp\/v2\/media?parent=3067"}],"wp:term":[{"taxonomy":"category","embeddable":true,"href":"https:\/\/www.laterredufutur.com\/accueil\/wp-json\/wp\/v2\/categories?post=3067"},{"taxonomy":"post_tag","embeddable":true,"href":"https:\/\/www.laterredufutur.com\/accueil\/wp-json\/wp\/v2\/tags?post=3067"}],"curies":[{"name":"wp","href":"https:\/\/api.w.org\/{rel}","templated":true}]}}