{"id":3040,"date":"2005-09-14T17:49:33","date_gmt":"2005-09-14T15:49:33","guid":{"rendered":"http:\/\/www.laterredufutur.com\/accueil1\/?p=3040"},"modified":"2015-04-07T17:53:37","modified_gmt":"2015-04-07T15:53:37","slug":"lhistoire-de-la-fin-des-mondes-2","status":"publish","type":"post","link":"https:\/\/www.laterredufutur.com\/accueil\/lhistoire-de-la-fin-des-mondes-2\/","title":{"rendered":"L&rsquo;Histoire de la Fin des Mondes"},"content":{"rendered":"<div class=\"1665f18d14f35dd9e7566e1a8ac9a3e9\" data-index=\"1\" style=\"float: none; margin:10px 0 10px 0; text-align:center;\">\n<script async src=\"https:\/\/pagead2.googlesyndication.com\/pagead\/js\/adsbygoogle.js\"><\/script>\r\n<ins class=\"adsbygoogle\"\r\n     style=\"display:block; text-align:center;\"\r\n     data-ad-layout=\"in-article\"\r\n     data-ad-format=\"fluid\"\r\n     data-ad-client=\"ca-pub-2860849627502538\"\r\n     data-ad-slot=\"3019501113\"><\/ins>\r\n<script>\r\n     (adsbygoogle = window.adsbygoogle || []).push({});\r\n<\/script>\n<\/div>\n<p>Depuis que l\u2019Homo Sapiens Sapiens existe, il a toujours voulu savoir ce que serait son lendemain. Sa peur de lui m\u00eame et de sa propre existence a fait qu&rsquo;il a cr\u00e9\u00e9 un avenir qui pourrait lui \u00eatre fatale. Ainsi la disparition de l&rsquo;esp\u00e8ce Humaine allait vite devenir une de ses pr\u00e9occupations.<\/p>\n<p>Pr\u00e9occup\u00e9 par son propre avenir, il a cr\u00e9\u00e9 des l\u00e9gendes, des religions, des croyances dont certaines apportent comme avenir des suppos\u00e9es r\u00e9v\u00e9lations. Les si\u00e8cles passent avec les mill\u00e9naires et la Fin du Monde est toujours omni pr\u00e9sente. Ainsi avec l&rsquo;an 1000, l&rsquo;Homme et sa peur du devenir : Aux alentours de l&rsquo;An Mil, sous l&rsquo;impulsion du clerg\u00e9, les guerriers se constituent en ordre chr\u00e9tien de chevalerie et en noblesse. Des \u00c9tats nationaux commencent \u00e0 germer sur les d\u00e9combres des empires et des royaumes barbares. Les guerres priv\u00e9es se font plus rares et avec la paix arrive la prosp\u00e9rit\u00e9. Les moines d\u00e9frichent les for\u00eats ; les paysans, sous l&rsquo;impulsion du clerg\u00e9 et des seigneurs, se constituent en paroisses, resserr\u00e9es autour de leur \u00e9glise ; les bourgeois fondent des cit\u00e9s dot\u00e9es de franchises ; les us et coutumes acqui\u00e8rent force de loi et limitent l&rsquo;arbitraire des seigneurs,&#8230; Un nouveau monde \u00e9merge, le n\u00f4tre&#8230;<\/p>\n<p>Au d\u00e9but du XIe si\u00e8cle, c\u00e9dant \u00e0 une peur panique suscit\u00e9e par la prolif\u00e9ration de signes et de proph\u00e9ties annonciateurs de la fin des temps, les paysans d&rsquo;Europe occidentale abandonnent leurs labours et quittent leurs foyers, pour faire p\u00e9nitence \u00e0 l&rsquo;ombre de la Croix, en implorant la gr\u00e2ce du Tout-Puissant. \u00ab\u00a0La croyance en la fin du monde, croyance qui semblait justifi\u00e9e par les pestes, les famines, les calamit\u00e9s de tout genre dont l&rsquo;Europe \u00e9tait d\u00e9sol\u00e9e, r\u00e9pandait une atonie universelle. Tout \u00e9tait glac\u00e9 d&rsquo;effroi \u00e0 l&rsquo;attente du jour fatal, toute entreprise avait cess\u00e9, tout mouvement \u00e9tait arr\u00eat\u00e9 ; il n&rsquo;y avait plus ni espoir, ni avenir. On redoublait de ferveur religieuse, on se pressait dans les couvents, on donnait ses biens \u00e0 l&rsquo;Eglise et de toutes parts on entendait ce cri lugubre : \u00ab\u00a0La fin du monde approche !\u00a0\u00bb\u00a0\u00bb. Voil\u00e0 ce qu&rsquo;\u00e9crivait nagu\u00e8re Th\u00e9ophile Lavall\u00e9e, disciple du grand Michelet.<\/p>\n<p>et pourtant :<\/p>\n<p>En l&rsquo;An Mil, mille ans \u00e9taient \u00e9coul\u00e9s, le ch\u00e2timent annonc\u00e9 devait avoir lieu. Et alors quelle panique, dans la Chr\u00e9tient\u00e9 ! Depuis plus d&rsquo;un demi-si\u00e8cle, les recherches (notamment celles d&rsquo;Edmond Pognon) ont pourtant d\u00e9montr\u00e9 que ces sc\u00e8nes de terreurs collectives \u00e0 l&rsquo;approche du mill\u00e9nium n&rsquo;ont jamais exist\u00e9. Georges Duby parlait \u00e0 leur propos de \u00ab\u00a0mirage historique\u00a0\u00bb. Leurs comptes rendus en termes m\u00e9lodramatiques, o\u00f9 se bousculent pr\u00e9dicateurs fous et masses humaines hurlant \u00e0 la mort, ne sont fond\u00e9s que sur des supputations gratuites. Supputations des r\u00e9dacteurs de certains documents, d&rsquo;abord; supputations des historiens qui ont lu ces documents, ensuite.<\/p>\n<p>Les croyances perdues dans les m\u00e9andres de l\u2019Histoire allaient continuer dans l&rsquo;imaginaire de l&rsquo;Humanit\u00e9.<\/p>\n<p>C\u2019est souvent sur des d\u00e9ductions abusives que se d\u00e9veloppa, au fil du temps, le mythe des terreurs de l&rsquo;An Mil. A chaque p\u00e9riode, son motif. Tout d&rsquo;abord propag\u00e9 par les r\u00e9formateurs catholiques, puis repris par les humanistes qui s&rsquo;invent\u00e8rent un Moyen Age cousu main et repoussant \u00e0 souhait, le filon fut exploit\u00e9 par les Lumi\u00e8res et les r\u00e9volutionnaires de 1791.<\/p>\n<p>Dans l&rsquo;Apocalypse, on pouvait lire que lorsque mille ans se seraient \u00e9coul\u00e9s, Satan serait lib\u00e9r\u00e9 de ses cha\u00eenes, et viendrait alors l&rsquo;Ant\u00e9christ.<\/p>\n<p>L&rsquo;Apocalypse provoquait donc \u00e0 juste titre la crainte, mais aussi dans le m\u00eame temps l&rsquo;esp\u00e9rance. En effet apr\u00e8s cette terrible p\u00e9riode de troubles s&rsquo;ouvrirait une p\u00e9riode de paix, celle qui pr\u00e9c\u00e9derait le Jugement dernier, une \u00e8re moins difficile \u00e0 vivre que ne l&rsquo;\u00e9tait alors le quotidien, ce serait une longue p\u00e9riode o\u00f9 les hommes vivraient enfin heureux, dans la paix et dans l&rsquo;\u00e9galit\u00e9. C&rsquo;est sur cette base que s&rsquo;est d\u00e9velopp\u00e9 ce que l&rsquo;on appelle le mill\u00e9narisme. L&rsquo;homme m\u00e9di\u00e9val \u00e9tait dans un \u00e9tat de faiblesse extr\u00eame face aux forces de la nature, il vivait dans un d\u00e9nuement mat\u00e9riel complet. Les gens avaient donc l&rsquo;espoir que, pass\u00e9 une p\u00e9riode de troubles terribles, l&rsquo;humanit\u00e9 irait soit vers le paradis, soit vers ce monde, d\u00e9livr\u00e9 du mal.<\/p>\n<p>Les historiens du XIXe si\u00e8cle ont imagin\u00e9 que l&rsquo;approche du mill\u00e9naire avait suscit\u00e9 une sorte de panique collective, que les gens mouraient litt\u00e9ralement de peur, qu&rsquo;ils se d\u00e9barrassaient \u00e0 vil prix de tout ce qu&rsquo;ils poss\u00e9daient.<\/p>\n<p>Un moine de l&rsquo;abbaye de Saint-Beno\u00eet-sur- Loire \u00e9crit :<\/p><div class=\"1665f18d14f35dd9e7566e1a8ac9a3e9\" data-index=\"2\" style=\"float: none; margin:10px 0 10px 0; text-align:center;\">\n<script async src=\"https:\/\/pagead2.googlesyndication.com\/pagead\/js\/adsbygoogle.js\"><\/script>\r\n<ins class=\"adsbygoogle\"\r\n     style=\"display:block; text-align:center;\"\r\n     data-ad-layout=\"in-article\"\r\n     data-ad-format=\"fluid\"\r\n     data-ad-client=\"ca-pub-2860849627502538\"\r\n     data-ad-slot=\"3019501113\"><\/ins>\r\n<script>\r\n     (adsbygoogle = window.adsbygoogle || []).push({});\r\n<\/script>\n<\/div>\n\n<p>\u00a0\u00bb On m&rsquo;a appris que, dans l&rsquo;ann\u00e9e 994, des pr\u00eatres dans Paris annon\u00e7aient la fin du monde. \u00a0\u00bb Mais le moine dont nous parlons \u00e9crit aussi \u00a0\u00bb Ce sont des fous, ajoute-t-il. Il n&rsquo;y a qu&rsquo;\u00e0 ouvrir le texte sacr\u00e9, la Bible, pour voir, J\u00e9sus l&rsquo;a dit, qu&rsquo;on ne saura jamais le jour ni l&rsquo;heure. Pr\u00e9dire l&rsquo;avenir, pr\u00e9tendre que cet \u00e9v\u00e9nement terrifiant que tout le monde attend va se produire \u00e0 tel moment, c&rsquo;est aller contre la foi. \u00a0\u00bb<\/p>\n<p>Ces questions ont \u00e9t\u00e9 \u00e9lucid\u00e9es \u00e0 la fin du XIX eme si\u00e8cle.<\/p>\n<p>Les diff\u00e9rentes \u00e9poques et mondes :<\/p>\n<p><img data-recalc-dims=\"1\" decoding=\"async\" class=\" aligncenter\" src=\"https:\/\/i0.wp.com\/www.laterredufutur.com\/spaw\/images\/chrono_global.gif\" alt=\"\" \/><\/p>\n<p>Ici la Chronologie des Mondes<\/p>\n<p>Mais \u00e0 la proche de l&rsquo;An 2000, une certaine peure se sentait dans les esprits. Le Bloc URSS contre USA faisait peur apr\u00e8s une deuxi\u00e8me guerre mondiale qui a finit dans l&rsquo;explosion nucl\u00e9aire de Hiroshima et Nagasaki. Une course du nucl\u00e9aire sans pr\u00e9c\u00e9dent a \u00e9t\u00e9 lanc\u00e9e.<\/p>\n<p>Ainsi de nombreux films Hollywoodiens peignait un avenir sombre et n\u00e9faste. L&rsquo;an 2000 devenait une date fatidique, mais il n&rsquo;en fut rien, le bloc de L&rsquo;URSS s&rsquo;est effondr\u00e9 sur lui m\u00eame. Le bug informatique de l&rsquo;an 2000 n&rsquo;eut jamais lieu. L&rsquo;apocalypse non plus !<\/p>\n<p>Aujourd&rsquo;hui une autre date travaille les esprits, l&rsquo;an 2012 : la fin du calendrier maya marque cette date : Dans les calculs calendaires mayas, la date o\u00f9 la terre entra dans le 5\u00e8me Soleil est le 13 ao\u00fbt 3113 av. JC, \u00e9crit en notation maya 13.0.0.0.0. C\u2019est l\u00e0 que commence le compte long des mayas (leur ann\u00e9e 0).<br \/>\nJos\u00e9 Arg\u00fcelles \u00e9crit dans \u00ab Time and the Technosphere \u00bb :<br \/>\n\u00ab La date du 13 ao\u00fbt 3113 av. JC est tr\u00e8s pr\u00e9cise et tr\u00e8s juste pour marquer le d\u00e9but de l\u2019Histoire : la premi\u00e8re dynastie \u00e9gyptienne date d\u2019environ 3100 av. JC ; la premi\u00e8re \u00ab ville \u00bb, Uruk en M\u00e9sopotamie, 3100 av. JC ; Le Kali Yuga hindou, 3102 av. JC ; et d\u2019une fa\u00e7on tr\u00e8s int\u00e9ressante, la division du temps en 24 heures de 60 minutes \u2013 la division du cercle en 360\u00b0- est due aux Sum\u00e9riens, aux alentours de 3100 av. JC. Si le d\u00e9but de l\u2019Histoire a \u00e9t\u00e9 si justement plac\u00e9, alors la fin de l\u2019histoire, 21 d\u00e9cembre 2012 doit aussi l\u2019\u00eatre.\u00bb<\/p>\n<p>Au del\u00e0 du terrorisme grandissant actuel, au del\u00e0 de la pouss\u00e9e de nouvelles super puissances comme la Chine, l&rsquo;Inde, le Pakistan et le Br\u00e9sil. Au del\u00e0 des probl\u00e8mes climatiques actuels qui deviennent de plus en plus impressionnant, l&rsquo;Humanit\u00e9 n&rsquo;a pas fini son chemin. L&rsquo;Histoire apprend que les emb\u00fbches passent, certaines personnes tr\u00e9passent, mais les choses continuent. Ainsi le monde d&rsquo;aujourd&rsquo;hui est bien diff\u00e9rent d&rsquo;il y a 1000 ans, 500 ou m\u00eame 100 ans. Dans 100 ans, il sera probablement tr\u00e8s diff\u00e9rent d&rsquo;aujourd&rsquo;hui. Avec les changements climatiques qui ont \u00e9t\u00e9 les premiers facteurs de modifications majeurs, des esp\u00e8ces ont disparu au profit de nouvelles esp\u00e8ces. La Vie a toujours \u00e9t\u00e9 plus forte. Ceci est l&rsquo;Histoire de la Terre.<\/p>\n<p>Actuellement, nous vivons la 6eme extinction, des esp\u00e8ces par centaines disparaissent chaque jour \u00e0 travers la plan\u00e8te et l&rsquo;Homme qui est l&rsquo;esp\u00e8ce qui sait le plus s&rsquo;adapter sous toutes les latitudes saura s\u2019adapter \u00e9galement aux modifications actuelles dans une soci\u00e9t\u00e9 qui n&rsquo;a d&rsquo;autres choix que de r\u00e9pondre aux nouvelles questions qui se posent devant elle. La fin du p\u00e9trole semble annonc\u00e9e, et le monde continuera sans cette \u00e9nergie. Les modifications climatiques arrivent \u00e0 l&rsquo;aube du jour, et des solutions se profilent pour subvenir \u00e0 ce nouvel enjeux. L&rsquo;Histoire de l&rsquo;Humanit\u00e9 a \u00e9t\u00e9 battit sur de nombreuses emb\u00fbches. C&rsquo;est ainsi qu&rsquo;il y a 74000 ans, le Volcan de toba a explos\u00e9 en envoyant la plan\u00e8te Terre dans les t\u00e9n\u00e8bres pendant des d\u00e9cennies mais l\u2019Homo Sapiens Sapiens de cette \u00e9poque a surv\u00e9cu.La Fin du Monde n&rsquo;est pas pour aujourd&rsquo;hui, ni pour demain, mais une modification majeure de notre soci\u00e9t\u00e9 par contre est bel et bien en court car c&rsquo;est bien le destin de l&rsquo;Humanit\u00e9 qui est discut\u00e9 ici. Son destin est li\u00e9 \u00e0 lui m\u00eame et il l&rsquo;a mis dans les mains de m\u00e8re nature. L&rsquo;Humanit\u00e9 a connu depuis 200000 ans de nombreuses glaciations et r\u00e9chauffement et il a toujours su s\u2019adapter. Mais notre soci\u00e9t\u00e9 le pourra t-elle ? Il ne faut pas confondre Humanit\u00e9 et Soci\u00e9t\u00e9. 2 termes diff\u00e9rents qui auraient tendance \u00e0 \u00eatre amalgam\u00e9 dans tous les esprits. L&rsquo;Humanit\u00e9 peut tr\u00e8s bien vivre dans une soci\u00e9t\u00e9 extr\u00eamement diff\u00e9rente de celle d&rsquo;aujourd&rsquo;hui. Est ce que cela sera pour autant la Fin du Monde ? Certainement pas ! Mais plut\u00f4t un changement de monde. Nous ne pourrons oublier les diff\u00e9rentes \u00e9poques qui ont construit l&rsquo;Histoire, \u00e0 chaque \u00e9poque ce fut un monde diff\u00e9rent. Ainsi bienvenue dans une nouvelle \u00e9poque.<\/p>\n<p>sources : http:\/\/www.herodote.net\/1000.htm \/ http:\/\/www.zetetique.ldh.org\/anmil.html \/ http:\/\/www.yrub.com\/histoire\/tppeurs.htm \/ http:\/\/www.onlesait.com\/modules.php?name=News&amp;file=article&amp;sid=49 \/ http:\/\/perso.wanadoo.fr\/jean-francois.mangin\/a_intro.htm \/<\/p>\n<p class=\"bawpvc-ajax-counter\" data-id=\"3040\">(365)<\/p>\n<!--CusAds0-->\n<div style=\"font-size: 0px; height: 0px; line-height: 0px; margin: 0; padding: 0; clear: both;\"><\/div>","protected":false},"excerpt":{"rendered":"<p>Depuis que l\u2019Homo Sapiens Sapiens existe, il a toujours voulu savoir ce que serait son lendemain. Sa peur de lui&#8230;<\/p>\n","protected":false},"author":1,"featured_media":3041,"comment_status":"closed","ping_status":"open","sticky":false,"template":"","format":"standard","meta":{"_exactmetrics_skip_tracking":false,"_exactmetrics_sitenote_active":false,"_exactmetrics_sitenote_note":"","_exactmetrics_sitenote_category":0,"ngg_post_thumbnail":0,"jetpack_post_was_ever_published":false,"_jetpack_newsletter_access":"","_jetpack_dont_email_post_to_subs":false,"_jetpack_newsletter_tier_id":0,"_jetpack_memberships_contains_paywalled_content":false,"_jetpack_memberships_contains_paid_content":false,"footnotes":"","jetpack_publicize_message":"","jetpack_publicize_feature_enabled":true,"jetpack_social_post_already_shared":false,"jetpack_social_options":{"image_generator_settings":{"template":"highway","default_image_id":0,"font":"","enabled":false},"version":2}},"categories":[18],"tags":[2670,443,233,2672,130,2671,187],"class_list":["post-3040","post","type-post","status-publish","format-standard","has-post-thumbnail","hentry","category-monde-futur","tag-des-mondes","tag-fin","tag-histoire","tag-mesopotamie","tag-monde","tag-passee","tag-temps","wpcat-18-id"],"jetpack_publicize_connections":[],"jetpack_featured_media_url":"https:\/\/i0.wp.com\/www.laterredufutur.com\/accueil\/wp-content\/uploads\/2015\/04\/Vassal.jpg?fit=671%2C506&ssl=1","jetpack_shortlink":"https:\/\/wp.me\/p631RN-N2","jetpack-related-posts":[{"id":394,"url":"https:\/\/www.laterredufutur.com\/accueil\/lhistoire-de-la-fin-des-mondes\/","url_meta":{"origin":3040,"position":0},"title":"L&rsquo;histoire de la fin des mondes","author":"Admin","date":"25 juin 2011","format":false,"excerpt":"Depuis que l'Hommo Sapiens Sapiens existe, il a toujours voulu savoir ce que serait son lendemain. Sa peur de lui m\u00eame et de sa propre existence a fait qu'il a cr\u00e9\u00e9 un avenir qui pourrait lui \u00eatre fatale. Ainsi la disparition de l'esp\u00e8ce Humaine allait vite devenir une de ses\u2026","rel":"","context":"Dans &quot;Monde Futur&quot;","block_context":{"text":"Monde Futur","link":"https:\/\/www.laterredufutur.com\/accueil\/sujets\/monde-futur\/"},"img":{"alt_text":"","src":"https:\/\/i0.wp.com\/www.laterredufutur.com\/wordpress\/wp-content\/uploads\/2011\/06\/findumonde.jpg?resize=350%2C200","width":350,"height":200},"classes":[]},{"id":391,"url":"https:\/\/www.laterredufutur.com\/accueil\/un-monde-plus-sage\/","url_meta":{"origin":3040,"position":1},"title":"Un monde plus sage","author":"Admin","date":"24 juin 2011","format":false,"excerpt":"La loi de l'\u00e9volution de l'esp\u00e8ce humaine est tout autre de ce que l'on peut imaginer. Tout d'abord, il y a eu plusieurs esp\u00e8ces humaines qui ont disparu avec les mill\u00e9naires. L'Homo \u00e9rectus, l'Homme de N\u00e9andertal, L'Homme de Cro Magnon, l'Homo Goliath, l'Homo habilis, l'Homo Sapiens,\u00a0l'Homme de Flores,\u00a0et L'Homo Hobbit.\u2026","rel":"","context":"Dans &quot;Monde Futur&quot;","block_context":{"text":"Monde Futur","link":"https:\/\/www.laterredufutur.com\/accueil\/sujets\/monde-futur\/"},"img":{"alt_text":"sagesse","src":"https:\/\/i0.wp.com\/www.laterredufutur.com\/wordpress\/wp-content\/uploads\/2011\/06\/sage.jpg?resize=350%2C200","width":350,"height":200},"classes":[]},{"id":5736,"url":"https:\/\/www.laterredufutur.com\/accueil\/un-monde-nevrose-au-dessus-de-la-nature\/","url_meta":{"origin":3040,"position":2},"title":"Un monde n\u00e9vros\u00e9 au dessus de la nature","author":"Admin","date":"18 mars 2011","format":false,"excerpt":"Un monde au dessus de la nature. Quand nous sommes confront\u00e9s \u00e0 des \u00e9l\u00e9ments de la nature, l'Homme se sent toujours surpris et toujours confront\u00e9s \u00e0 des \u00e9l\u00e9ments qui le d\u00e9passent. Il pense qu'il y a une affaire de chance ou de malchance ou bien qu\u2019il a besoin d'aller trouver\u2026","rel":"","context":"Dans &quot;Monde Futur&quot;","block_context":{"text":"Monde Futur","link":"https:\/\/www.laterredufutur.com\/accueil\/sujets\/monde-futur\/"},"img":{"alt_text":"","src":"","width":0,"height":0},"classes":[]},{"id":20205,"url":"https:\/\/www.laterredufutur.com\/accueil\/trois-villes-de-notre-monde-futuriste-decrites-dans-la-science-fiction\/","url_meta":{"origin":3040,"position":3},"title":"Trois villes de notre monde futuriste d\u00e9crites dans la science fiction","author":"Admin","date":"28 d\u00e9cembre 2019","format":false,"excerpt":"Les villes issues de la science-fiction peuvent \u00eatre des extrapolations de villes ou de mondes r\u00e9els cr\u00e9\u00e9s \u00e0 partir de rien, mais dans les deux cas, elles offrent des solutions urbaines qui ont fini par devenir une r\u00e9alit\u00e9. La science-fiction est un genre qui combine divers r\u00e9cits et diff\u00e9rents styles.\u2026","rel":"","context":"Dans &quot;Monde Futur&quot;","block_context":{"text":"Monde Futur","link":"https:\/\/www.laterredufutur.com\/accueil\/sujets\/monde-futur\/"},"img":{"alt_text":"","src":"https:\/\/i0.wp.com\/www.laterredufutur.com\/accueil\/wp-content\/uploads\/2019\/11\/ville-fantastique-dome.jpg?fit=1200%2C573&ssl=1&resize=350%2C200","width":350,"height":200,"srcset":"https:\/\/i0.wp.com\/www.laterredufutur.com\/accueil\/wp-content\/uploads\/2019\/11\/ville-fantastique-dome.jpg?fit=1200%2C573&ssl=1&resize=350%2C200 1x, https:\/\/i0.wp.com\/www.laterredufutur.com\/accueil\/wp-content\/uploads\/2019\/11\/ville-fantastique-dome.jpg?fit=1200%2C573&ssl=1&resize=525%2C300 1.5x, https:\/\/i0.wp.com\/www.laterredufutur.com\/accueil\/wp-content\/uploads\/2019\/11\/ville-fantastique-dome.jpg?fit=1200%2C573&ssl=1&resize=700%2C400 2x, https:\/\/i0.wp.com\/www.laterredufutur.com\/accueil\/wp-content\/uploads\/2019\/11\/ville-fantastique-dome.jpg?fit=1200%2C573&ssl=1&resize=1050%2C600 3x"},"classes":[]},{"id":3037,"url":"https:\/\/www.laterredufutur.com\/accueil\/vers-un-monde-et-une-espece-plus-sage\/","url_meta":{"origin":3040,"position":4},"title":"Vers un monde et une esp\u00e8ce plus sage","author":"Admin","date":"12 septembre 2005","format":false,"excerpt":"La loi de l'\u00e9volution de l'esp\u00e8ce humaine est tout autre de ce que l'on peut imaginer. Tout d'abord, il y a eu plusieurs esp\u00e8ces humaines qui ont disparu avec les mill\u00e9naires. L'Homo \u00e9rectus, l'Homme de N\u00e9andertal, L'Homme de Cro Magnon, l'Homo Goliath, l'Homo habilis, l'Homo Sapiens,\u00a0l'Homme de Flores,\u00a0et L'Homo Hobbit.\u2026","rel":"","context":"Dans &quot;Monde Futur&quot;","block_context":{"text":"Monde Futur","link":"https:\/\/www.laterredufutur.com\/accueil\/sujets\/monde-futur\/"},"img":{"alt_text":"","src":"","width":0,"height":0},"classes":[]},{"id":3280,"url":"https:\/\/www.laterredufutur.com\/accueil\/vers-une-humanite-plus-petite\/","url_meta":{"origin":3040,"position":5},"title":"Vers une humanit\u00e9 plus petite","author":"Admin","date":"23 janvier 2006","format":false,"excerpt":"Dans l'\u00e9volution des esp\u00e8ces, nous avons toujours pens\u00e9 que le futur humain sera plus grand. Et pourtant, l'\u00e9volution des esp\u00e8ces pourrait bien d\u00e9montrer le contraire. Mais quel est exactement notre cousin le plus proche dont nous descendons ? et quelle sera l'\u00e9volution plausible de notre esp\u00e8ce dans un monde devenu\u2026","rel":"","context":"Dans &quot;Monde Futur&quot;","block_context":{"text":"Monde Futur","link":"https:\/\/www.laterredufutur.com\/accueil\/sujets\/monde-futur\/"},"img":{"alt_text":"","src":"https:\/\/i0.wp.com\/www.laterredufutur.com\/accueil\/wp-content\/uploads\/2015\/04\/Hobbit_Erde.jpeg?fit=265%2C297&ssl=1&resize=350%2C200","width":350,"height":200},"classes":[]}],"jetpack_sharing_enabled":true,"_links":{"self":[{"href":"https:\/\/www.laterredufutur.com\/accueil\/wp-json\/wp\/v2\/posts\/3040","targetHints":{"allow":["GET"]}}],"collection":[{"href":"https:\/\/www.laterredufutur.com\/accueil\/wp-json\/wp\/v2\/posts"}],"about":[{"href":"https:\/\/www.laterredufutur.com\/accueil\/wp-json\/wp\/v2\/types\/post"}],"author":[{"embeddable":true,"href":"https:\/\/www.laterredufutur.com\/accueil\/wp-json\/wp\/v2\/users\/1"}],"replies":[{"embeddable":true,"href":"https:\/\/www.laterredufutur.com\/accueil\/wp-json\/wp\/v2\/comments?post=3040"}],"version-history":[{"count":1,"href":"https:\/\/www.laterredufutur.com\/accueil\/wp-json\/wp\/v2\/posts\/3040\/revisions"}],"predecessor-version":[{"id":3042,"href":"https:\/\/www.laterredufutur.com\/accueil\/wp-json\/wp\/v2\/posts\/3040\/revisions\/3042"}],"wp:featuredmedia":[{"embeddable":true,"href":"https:\/\/www.laterredufutur.com\/accueil\/wp-json\/wp\/v2\/media\/3041"}],"wp:attachment":[{"href":"https:\/\/www.laterredufutur.com\/accueil\/wp-json\/wp\/v2\/media?parent=3040"}],"wp:term":[{"taxonomy":"category","embeddable":true,"href":"https:\/\/www.laterredufutur.com\/accueil\/wp-json\/wp\/v2\/categories?post=3040"},{"taxonomy":"post_tag","embeddable":true,"href":"https:\/\/www.laterredufutur.com\/accueil\/wp-json\/wp\/v2\/tags?post=3040"}],"curies":[{"name":"wp","href":"https:\/\/api.w.org\/{rel}","templated":true}]}}