{"id":30326,"date":"2026-09-06T09:35:32","date_gmt":"2026-09-06T07:35:32","guid":{"rendered":"https:\/\/www.laterredufutur.com\/accueil\/?p=30326"},"modified":"2026-09-06T09:38:01","modified_gmt":"2026-09-06T07:38:01","slug":"pacifique-sous-tension-pourquoi-autant-de-typhons-et-douragans-se-forment-ils-en-ce-moment","status":"publish","type":"post","link":"https:\/\/www.laterredufutur.com\/accueil\/pacifique-sous-tension-pourquoi-autant-de-typhons-et-douragans-se-forment-ils-en-ce-moment\/","title":{"rendered":"Pacifique sous tension : pourquoi autant de typhons et d\u2019ouragans se forment-ils en ce moment ?"},"content":{"rendered":"<div class=\"1665f18d14f35dd9e7566e1a8ac9a3e9\" data-index=\"1\" style=\"float: none; margin:10px 0 10px 0; text-align:center;\">\n<script async src=\"https:\/\/pagead2.googlesyndication.com\/pagead\/js\/adsbygoogle.js\"><\/script>\r\n<ins class=\"adsbygoogle\"\r\n     style=\"display:block; text-align:center;\"\r\n     data-ad-layout=\"in-article\"\r\n     data-ad-format=\"fluid\"\r\n     data-ad-client=\"ca-pub-2860849627502538\"\r\n     data-ad-slot=\"3019501113\"><\/ins>\r\n<script>\r\n     (adsbygoogle = window.adsbygoogle || []).push({});\r\n<\/script>\n<\/div>\n<p>Le Pacifique conna\u00eet en ce d\u00e9but septembre 2026 une activit\u00e9 cyclonique particuli\u00e8rement remarquable. D\u2019un bout \u00e0 l\u2019autre du plus vaste oc\u00e9an de la plan\u00e8te, plusieurs syst\u00e8mes tropicaux ont \u00e9volu\u00e9 presque simultan\u00e9ment, certains atteignant des intensit\u00e9s impressionnantes.<\/p>\n<p>Le ph\u00e9nom\u00e8ne est d\u2019autant plus spectaculaire que, pendant ce temps, l\u2019Atlantique reste relativement calme. Cette diff\u00e9rence n\u2019est pas simplement le fruit du hasard : elle s\u2019explique en grande partie par la configuration actuelle de l\u2019oc\u00e9an Pacifique, par El Ni\u00f1o, par la temp\u00e9rature des eaux tropicales et par une circulation atmosph\u00e9rique particuli\u00e8rement favorable aux cyclones.<\/p>\n<p>Mais il faut \u00e9galement regarder cette situation avec nuance : une saison tr\u00e8s active ne signifie pas automatiquement que le changement climatique \u00ab cr\u00e9e \u00bb davantage de typhons. En revanche, lorsqu\u2019un cyclone parvient \u00e0 se d\u00e9velopper, un oc\u00e9an et une atmosph\u00e8re plus chauds peuvent lui fournir davantage d\u2019\u00e9nergie et surtout davantage d\u2019humidit\u00e9.<\/p>\n<p><strong>Plusieurs cyclones simultan\u00e9ment dans le Pacifique<\/strong><\/p>\n<p>Au matin du 6 septembre 2026, l\u2019activit\u00e9 est r\u00e9partie sur une immense partie du Pacifique Nord.<\/p>\n<p>Dans le Pacifique occidental, la temp\u00eate tropicale Krovanh \u00e9volue \u00e0 proximit\u00e9 des \u00eeles Ryukyu, au sud du Japon. Le syst\u00e8me affiche des vents d\u2019environ 65 \u00e0 75 km\/h, avec une pression centrale voisine de 995 hPa. Sa trajectoire s\u2019est r\u00e9v\u00e9l\u00e9e particuli\u00e8rement h\u00e9sitante ces derniers jours, cons\u00e9quence de courants directeurs relativement faibles autour du syst\u00e8me. Il devrait progressivement repartir vers l\u2019est puis le nord-est et perdre de son organisation.&nbsp;<\/p>\n<p>Quelques jours auparavant, le typhon Saudel avait frapp\u00e9 la Chine apr\u00e8s une trajectoire particuli\u00e8rement complexe. Ses pluies torrentielles ont provoqu\u00e9 des inondations dans plusieurs r\u00e9gions c\u00f4ti\u00e8res, notamment dans le Fujian. Plus de 83 000 personnes ont \u00e9t\u00e9 \u00e9vacu\u00e9es rien que dans cette province, tandis que des glissements de terrain, des crues et des d\u00e9g\u00e2ts aux infrastructures ont \u00e9t\u00e9 signal\u00e9s.&nbsp;<\/p>\n<p>Mais c\u2019est plusieurs milliers de kilom\u00e8tres plus \u00e0 l\u2019est que la situation est encore plus \u00e9tonnante.<\/p>\n<p>Le Pacifique central et oriental abrite actuellement Lowell, Karina et Marie. Ce ne sont pas des \u00ab typhons \u00bb au sens m\u00e9t\u00e9orologique r\u00e9gional : \u00e0 l\u2019est de la ligne de changement de date, on les appelle ouragans, m\u00eame s\u2019il s\u2019agit exactement du m\u00eame ph\u00e9nom\u00e8ne physique.<\/p>\n<p>Le plus puissant est Lowell. Apr\u00e8s avoir bri\u00e8vement atteint la cat\u00e9gorie 5 le 2 septembre, il reste, au dernier bulletin disponible, un puissant ouragan de cat\u00e9gorie 4, avec des vents soutenus proches de 215 km\/h et une pression centrale d&rsquo;environ 942 hPa. Des vigilances ont \u00e9t\u00e9 \u00e9mises pour Kauai et certaines \u00eeles du nord-ouest de l&rsquo;archipel hawa\u00efen.&nbsp;<\/p>\n<p>Karina, apr\u00e8s avoir \u00e9galement atteint une intensit\u00e9 tr\u00e8s \u00e9lev\u00e9e quelques jours auparavant, s\u2019affaiblit d\u00e9sormais \u00e0 l\u2019est d\u2019Hawa\u00ef. Ses vents sont descendus autour de 95 km\/h et le syst\u00e8me devrait devenir post-tropical. Plus \u00e0 l\u2019est encore, Marie reste un ouragan avec des vents proches de 150 km\/h, mais devrait lui aussi progressivement s\u2019affaiblir.&nbsp;<\/p>\n<p>Le satellite DSCOVR de la NASA avait d\u2019ailleurs r\u00e9ussi \u00e0 photographier Lowell, Karina et Marie simultan\u00e9ment, une image particuli\u00e8rement spectaculaire de l\u2019activit\u00e9 actuelle du Pacifique.&nbsp;<\/p>\n<p><strong>Pourquoi le Pacifique est-il si actif actuellement ?<\/strong><\/p>\n<p>Un cyclone tropical est, d\u2019une certaine mani\u00e8re, une gigantesque machine thermique.<\/p>\n<p>Pour fonctionner, cette machine a besoin de plusieurs ingr\u00e9dients : une eau suffisamment chaude, g\u00e9n\u00e9ralement au-dessus de 26 \u00e0 27 \u00b0C, une atmosph\u00e8re humide, une instabilit\u00e9 importante et relativement peu de diff\u00e9rences de vitesse ou de direction du vent entre les basses et les hautes couches de l\u2019atmosph\u00e8re.<\/p>\n<p>Le Pacifique occidental dispose r\u00e9guli\u00e8rement d\u2019eaux d\u00e9passant 28 \u00b0C. La mousson asiatique apporte parall\u00e8lement d\u2019importantes quantit\u00e9s de vapeur d\u2019eau. L\u00e0 o\u00f9 les vents de mousson rencontrent les aliz\u00e9s venant du Pacifique, d\u2019immenses amas orageux peuvent se former. Lorsque leur rotation commence \u00e0 s\u2019organiser suffisamment loin de l\u2019\u00e9quateur, la force de Coriolis entre en jeu : la future temp\u00eate tropicale peut commencer \u00e0 tourner sur elle-m\u00eame. La JMA d\u00e9crit justement ce m\u00e9canisme comme l\u2019un des principaux moteurs de la formation des typhons de fin d\u2019\u00e9t\u00e9 dans cette r\u00e9gion.&nbsp;<\/p>\n<p>\u00c0 l\u2019int\u00e9rieur du cyclone, l\u2019eau chaude s\u2019\u00e9vapore. En montant, la vapeur se condense et lib\u00e8re de la chaleur. Cette chaleur accentue les mouvements ascendants, fait diminuer la pression au centre et attire encore davantage d\u2019air humide.<\/p>\n<p>Une sorte de moteur auto-aliment\u00e9 se met alors en place.<\/p>\n<p>Tant que le cyclone reste au-dessus d&rsquo;une eau chaude et que les vents d&rsquo;altitude ne le d\u00e9sorganisent pas, il peut continuer \u00e0 se renforcer.<\/p>\n<p><img data-recalc-dims=\"1\" loading=\"lazy\" decoding=\"async\" data-attachment-id=\"30330\" data-permalink=\"https:\/\/www.laterredufutur.com\/accueil\/pacifique-sous-tension-pourquoi-autant-de-typhons-et-douragans-se-forment-ils-en-ce-moment\/ouragans-pacifique-septembre-2026\/\" data-orig-file=\"https:\/\/i0.wp.com\/www.laterredufutur.com\/accueil\/wp-content\/uploads\/2026\/09\/Ouragans-Pacifique-septembre-2026.jpg?fit=719%2C421&amp;ssl=1\" data-orig-size=\"719,421\" data-comments-opened=\"0\" data-image-meta=\"{&quot;aperture&quot;:&quot;0&quot;,&quot;credit&quot;:&quot;&quot;,&quot;camera&quot;:&quot;&quot;,&quot;caption&quot;:&quot;&quot;,&quot;created_timestamp&quot;:&quot;0&quot;,&quot;copyright&quot;:&quot;&quot;,&quot;focal_length&quot;:&quot;0&quot;,&quot;iso&quot;:&quot;0&quot;,&quot;shutter_speed&quot;:&quot;0&quot;,&quot;title&quot;:&quot;&quot;,&quot;orientation&quot;:&quot;0&quot;,&quot;alt&quot;:&quot;&quot;}\" data-image-title=\"Ouragans Pacifique septembre 2026\" data-image-description=\"\" data-image-caption=\"\" data-large-file=\"https:\/\/i0.wp.com\/www.laterredufutur.com\/accueil\/wp-content\/uploads\/2026\/09\/Ouragans-Pacifique-septembre-2026.jpg?fit=719%2C421&amp;ssl=1\" class=\"aligncenter wp-image-30330 size-full\" src=\"https:\/\/i0.wp.com\/www.laterredufutur.com\/accueil\/wp-content\/uploads\/2026\/09\/Ouragans-Pacifique-septembre-2026.jpg?resize=719%2C421&#038;ssl=1\" alt=\"\" width=\"719\" height=\"421\" srcset=\"https:\/\/i0.wp.com\/www.laterredufutur.com\/accueil\/wp-content\/uploads\/2026\/09\/Ouragans-Pacifique-septembre-2026.jpg?w=719&amp;ssl=1 719w, https:\/\/i0.wp.com\/www.laterredufutur.com\/accueil\/wp-content\/uploads\/2026\/09\/Ouragans-Pacifique-septembre-2026.jpg?resize=300%2C176&amp;ssl=1 300w, https:\/\/i0.wp.com\/www.laterredufutur.com\/accueil\/wp-content\/uploads\/2026\/09\/Ouragans-Pacifique-septembre-2026.jpg?resize=80%2C47&amp;ssl=1 80w, https:\/\/i0.wp.com\/www.laterredufutur.com\/accueil\/wp-content\/uploads\/2026\/09\/Ouragans-Pacifique-septembre-2026.jpg?resize=480%2C281&amp;ssl=1 480w\" sizes=\"auto, (max-width: 719px) 100vw, 719px\" \/><\/p>\n<p><strong>El Ni\u00f1o joue actuellement un r\u00f4le majeur<\/strong><\/p>\n<p>L&rsquo;ann\u00e9e 2026 poss\u00e8de \u00e9galement un \u00e9l\u00e9ment particulier : El Ni\u00f1o s\u2019est install\u00e9 dans le Pacifique \u00e9quatorial.<\/p>\n<p>L\u2019Organisation m\u00e9t\u00e9orologique mondiale annon\u00e7ait d\u00e8s juin que les eaux exceptionnellement chaudes du Pacifique tropical favorisaient son d\u00e9veloppement et que l\u2019\u00e9pisode avait de fortes probabilit\u00e9s de persister pendant l\u2019automne. La JMA consid\u00e8re d\u00e9sormais que les conditions El Ni\u00f1o persistent depuis le printemps 2026.&nbsp;<\/p>\n<p>Or El Ni\u00f1o modifie profond\u00e9ment les courants atmosph\u00e9riques au-dessus du Pacifique.<\/p>\n<p>Dans le Pacifique central et oriental, il tend notamment \u00e0 fournir des eaux plus chaudes et des conditions atmosph\u00e9riques plus favorables \u00e0 la formation des ouragans.<\/p>\n<p>Les chiffres de cette saison sont d\u00e9j\u00e0 parlants.<\/p>\n<p>Au 3 septembre, le Pacifique nord-est avait produit 15 temp\u00eates nomm\u00e9es et six ouragans. L&rsquo;indice ACE, qui mesure l&rsquo;\u00e9nergie cyclonique accumul\u00e9e en tenant compte \u00e0 la fois de la puissance et de la dur\u00e9e des cyclones, atteignait environ 130, soit pr\u00e8s de 50 % au-dessus de la normale \u00e0 cette date.&nbsp;<\/p>\n<p>Pendant ce temps, l&rsquo;Atlantique \u00e9tait presque \u00e0 l&rsquo;oppos\u00e9 : seulement cinq temp\u00eates nomm\u00e9es et aucun ouragan \u00e0 cette m\u00eame date.<\/p>\n<p>C&rsquo;est une configuration assez classique d&rsquo;El Ni\u00f1o : le Pacifique devient plus favorable tandis que l&rsquo;Atlantique peut subir davantage de cisaillement du vent, ce qui complique l&rsquo;organisation des cyclones tropicaux.&nbsp;<\/p>\n<p><img data-recalc-dims=\"1\" loading=\"lazy\" decoding=\"async\" data-attachment-id=\"30227\" data-permalink=\"https:\/\/www.laterredufutur.com\/accueil\/?attachment_id=30227\" data-orig-file=\"https:\/\/i0.wp.com\/www.laterredufutur.com\/accueil\/wp-content\/uploads\/2026\/09\/el-nino-aout-2026.png?fit=1787%2C1054&amp;ssl=1\" data-orig-size=\"1787,1054\" data-comments-opened=\"0\" data-image-meta=\"{&quot;aperture&quot;:&quot;0&quot;,&quot;credit&quot;:&quot;&quot;,&quot;camera&quot;:&quot;&quot;,&quot;caption&quot;:&quot;&quot;,&quot;created_timestamp&quot;:&quot;0&quot;,&quot;copyright&quot;:&quot;&quot;,&quot;focal_length&quot;:&quot;0&quot;,&quot;iso&quot;:&quot;0&quot;,&quot;shutter_speed&quot;:&quot;0&quot;,&quot;title&quot;:&quot;&quot;,&quot;orientation&quot;:&quot;0&quot;,&quot;alt&quot;:&quot;&quot;}\" data-image-title=\"el nino aout 2026\" data-image-description=\"\" data-image-caption=\"\" data-large-file=\"https:\/\/i0.wp.com\/www.laterredufutur.com\/accueil\/wp-content\/uploads\/2026\/09\/el-nino-aout-2026.png?fit=800%2C472&amp;ssl=1\" class=\"aligncenter wp-image-30227 size-large\" src=\"https:\/\/i0.wp.com\/www.laterredufutur.com\/accueil\/wp-content\/uploads\/2026\/09\/el-nino-aout-2026.png?resize=800%2C472&#038;ssl=1\" alt=\"\" width=\"800\" height=\"472\" srcset=\"https:\/\/i0.wp.com\/www.laterredufutur.com\/accueil\/wp-content\/uploads\/2026\/09\/el-nino-aout-2026.png?resize=800%2C472&amp;ssl=1 800w, https:\/\/i0.wp.com\/www.laterredufutur.com\/accueil\/wp-content\/uploads\/2026\/09\/el-nino-aout-2026.png?resize=300%2C177&amp;ssl=1 300w, https:\/\/i0.wp.com\/www.laterredufutur.com\/accueil\/wp-content\/uploads\/2026\/09\/el-nino-aout-2026.png?resize=80%2C47&amp;ssl=1 80w, https:\/\/i0.wp.com\/www.laterredufutur.com\/accueil\/wp-content\/uploads\/2026\/09\/el-nino-aout-2026.png?resize=768%2C453&amp;ssl=1 768w, https:\/\/i0.wp.com\/www.laterredufutur.com\/accueil\/wp-content\/uploads\/2026\/09\/el-nino-aout-2026.png?resize=1536%2C906&amp;ssl=1 1536w, https:\/\/i0.wp.com\/www.laterredufutur.com\/accueil\/wp-content\/uploads\/2026\/09\/el-nino-aout-2026.png?resize=1226%2C723&amp;ssl=1 1226w, https:\/\/i0.wp.com\/www.laterredufutur.com\/accueil\/wp-content\/uploads\/2026\/09\/el-nino-aout-2026.png?resize=928%2C547&amp;ssl=1 928w, https:\/\/i0.wp.com\/www.laterredufutur.com\/accueil\/wp-content\/uploads\/2026\/09\/el-nino-aout-2026.png?resize=480%2C283&amp;ssl=1 480w, https:\/\/i0.wp.com\/www.laterredufutur.com\/accueil\/wp-content\/uploads\/2026\/09\/el-nino-aout-2026.png?w=1787&amp;ssl=1 1787w\" sizes=\"auto, (max-width: 800px) 100vw, 800px\" \/><\/p>\n<p><strong>Le Pacifique occidental affiche lui aussi une saison tr\u00e8s charg\u00e9e<\/strong><\/p>\n<p>Krovanh porte le num\u00e9ro international 2624 : il s&rsquo;agit donc d\u00e9j\u00e0 du 24e cyclone tropical nomm\u00e9 de 2026 dans le bassin Pacifique nord-ouest\/Mer de Chine selon la nomenclature de la JMA.<\/p>\n<p>\u00c0 titre de comparaison, la moyenne climatique 1991-2020 est d&rsquo;environ 25,1 cyclones tropicaux nomm\u00e9s sur une ann\u00e9e enti\u00e8re dans cette r\u00e9gion. Ce simple rapprochement ne permet \u00e9videmment pas de pr\u00e9voir le total final de 2026, mais il montre \u00e0 quel point la saison est d\u00e9j\u00e0 avanc\u00e9e.&nbsp;<\/p>\n<p>Et septembre fait normalement partie du c\u0153ur de la saison.<\/p>\n<p>Ao\u00fbt et septembre sont historiquement les deux mois o\u00f9 les typhons se forment le plus facilement autour des Philippines, de Ta\u00efwan, de la mer de Chine, des Ryukyu et du Japon.&nbsp;<\/p>\n<p><strong>Pourquoi certains cyclones deviennent-ils soudainement monstrueux ?<\/strong><\/p>\n<p>L&rsquo;un des ph\u00e9nom\u00e8nes les plus redout\u00e9s par les m\u00e9t\u00e9orologues est l&rsquo;intensification rapide.<\/p>\n<p>Imaginez un cyclone passant d&rsquo;une temp\u00eate relativement ordinaire \u00e0 un syst\u00e8me majeur en seulement 24 ou 36 heures.<\/p>\n<p>Lorsque l&rsquo;eau chaude ne se limite pas \u00e0 la surface mais s&rsquo;\u00e9tend sur plusieurs dizaines de m\u00e8tres de profondeur, les vents du cyclone ont plus de mal \u00e0 faire remonter de l&rsquo;eau froide depuis les profondeurs.<\/p>\n<p>Le cyclone continue alors de trouver du carburant.<\/p>\n<p>La pression centrale chute, les vents acc\u00e9l\u00e8rent et un \u0153il peut rapidement appara\u00eetre.<\/p>\n<p>C&rsquo;est notamment ce qui permet \u00e0 certains syst\u00e8mes du Pacifique d&rsquo;atteindre les cat\u00e9gories 4 ou 5.<\/p>\n<p>Le cas de Lowell cette semaine est spectaculaire : il a atteint bri\u00e8vement la cat\u00e9gorie 5 pendant que Karina \u00e9voluait \u00e9galement \u00e0 une intensit\u00e9 proche de la cat\u00e9gorie 4. La NASA souligne le caract\u00e8re inhabituel d&rsquo;avoir simultan\u00e9ment des cyclones aussi puissants dans cette partie du Pacifique.&nbsp;<\/p>\n<p><strong>Les vents ne sont pourtant pas toujours le plus grand danger<\/strong><\/p>\n<p>Lorsqu&rsquo;on \u00e9voque un typhon, on pense imm\u00e9diatement aux vents de 150, 200 voire 250 km\/h.<\/p>\n<p>Pourtant, dans de nombreuses catastrophes cycloniques, l&rsquo;eau provoque davantage de victimes et de d\u00e9g\u00e2ts que le vent.<\/p>\n<p>Un cyclone transporte des quantit\u00e9s gigantesques de vapeur d&rsquo;eau. Lorsqu&rsquo;il arrive pr\u00e8s des c\u00f4tes ou rencontre des montagnes, cette humidit\u00e9 peut tomber sous forme de pluies diluviennes.<\/p>\n<p>Les cons\u00e9quences s&rsquo;encha\u00eenent alors : crues \u00e9clairs, d\u00e9bordements de rivi\u00e8res, coul\u00e9es de boue, glissements de terrain, routes coup\u00e9es, effondrements, destructions agricoles et contamination des r\u00e9serves d&rsquo;eau potable.<\/p>\n<p>Saudel vient d&rsquo;en donner un exemple en Chine.<\/p>\n<p>\u00c0 cela s&rsquo;ajoute la surcote marine. Les vents du cyclone poussent litt\u00e9ralement l&rsquo;oc\u00e9an vers la c\u00f4te et la baisse de pression atmosph\u00e9rique contribue \u00e0 faire monter le niveau de la mer sous le syst\u00e8me.<\/p>\n<p>Si la surcote co\u00efncide avec une mar\u00e9e haute, certaines zones littorales peuvent \u00eatre brutalement submerg\u00e9es.<\/p>\n<p><strong>Et le r\u00e9chauffement climatique ?<\/strong><\/p>\n<p>C&rsquo;est probablement la question la plus d\u00e9licate.<\/p>\n<p>Il serait scientifiquement incorrect d&rsquo;affirmer que le changement climatique est responsable de la formation de Krovanh, Lowell ou Marie.<\/p>\n<p>Les cyclones existaient bien avant l&rsquo;\u00e8re industrielle et leur nombre varie \u00e9norm\u00e9ment naturellement d&rsquo;une ann\u00e9e \u00e0 l&rsquo;autre sous l&rsquo;influence d&rsquo;El Ni\u00f1o, de La Ni\u00f1a, de la mousson et de nombreux autres m\u00e9canismes atmosph\u00e9riques.<\/p>\n<p>En revanche, la physique est assez claire sur certaines cons\u00e9quences du r\u00e9chauffement.<\/p>\n<p>Une atmosph\u00e8re plus chaude peut contenir davantage de vapeur d&rsquo;eau : environ 7 % suppl\u00e9mentaires par degr\u00e9 de r\u00e9chauffement, toutes choses \u00e9gales par ailleurs. Cela fournit potentiellement davantage d&rsquo;eau aux pr\u00e9cipitations cycloniques.&nbsp;<\/p>\n<p>Le GIEC estime ainsi avec un niveau de confiance \u00e9lev\u00e9 que le r\u00e9chauffement anthropique augmente les fortes pr\u00e9cipitations associ\u00e9es aux cyclones tropicaux. Il consid\u00e8re \u00e9galement probable que la proportion mondiale de cyclones majeurs ait augment\u00e9 au cours des quatre derni\u00e8res d\u00e9cennies.&nbsp;<\/p>\n<p>En revanche, il reste beaucoup plus difficile d&rsquo;affirmer que le nombre total de cyclones augmentera.<\/p>\n<p>C&rsquo;est une distinction essentielle.<\/p>\n<p>Le futur n&rsquo;est donc pas n\u00e9cessairement celui d&rsquo;une plan\u00e8te avec beaucoup plus de cyclones, mais pourrait \u00eatre celui d&rsquo;une plan\u00e8te o\u00f9 les cyclones les plus puissants deviennent proportionnellement plus importants et o\u00f9 leurs pluies sont plus intenses.&nbsp;<\/p>\n<p>La mont\u00e9e du niveau des oc\u00e9ans ajoute encore un facteur aggravant : pour une m\u00eame temp\u00eate et une m\u00eame surcote, l&rsquo;eau part aujourd&rsquo;hui d&rsquo;un niveau moyen plus \u00e9lev\u00e9 qu&rsquo;autrefois.<\/p>\n<p><strong>Une gigantesque redistribution de l&rsquo;\u00e9nergie tropicale<\/strong><\/p>\n<p>L&rsquo;activit\u00e9 exceptionnelle observ\u00e9e actuellement dans le Pacifique montre surtout \u00e0 quel point l&rsquo;atmosph\u00e8re et les oc\u00e9ans fonctionnent comme un syst\u00e8me global.<\/p>\n<p>El Ni\u00f1o ne cr\u00e9e pas simplement \u00ab plus de mauvais temps \u00bb. Il d\u00e9place les zones dans lesquelles la chaleur, l&rsquo;humidit\u00e9 et les vents sont favorables aux cyclones.<\/p>\n<p>En 2026, une grande partie de cette \u00e9nergie semble clairement concentr\u00e9e sur le Pacifique.<\/p>\n<p>Le contraste avec l&rsquo;Atlantique est spectaculaire.<\/p>\n<p>Et la saison est loin d&rsquo;\u00eatre termin\u00e9e.<\/p>\n<p>Dans le Pacifique occidental, les typhons peuvent encore se former durant tout l&rsquo;automne, parfois m\u00eame jusqu&rsquo;en d\u00e9cembre. Dans le Pacifique central et oriental, septembre reste \u00e9galement l&rsquo;une des p\u00e9riodes statistiquement les plus favorables aux cyclones.<\/p>\n<p>Les prochaines semaines seront donc particuli\u00e8rement int\u00e9ressantes \u00e0 surveiller.<\/p>\n<p>Car derri\u00e8re les images fascinantes de ces immenses spirales nuageuses se cache une r\u00e9alit\u00e9 beaucoup plus concr\u00e8te : plusieurs centaines de millions de personnes vivent sur les c\u00f4tes directement expos\u00e9es du Pacifique.<\/p>\n<p>Dans un monde o\u00f9 l&rsquo;oc\u00e9an emmagasine toujours davantage de chaleur et o\u00f9 le niveau marin continue de monter, la question n&rsquo;est peut-\u00eatre plus seulement de savoir combien de typhons se formeront.<\/p>\n<p>La question essentielle devient progressivement : jusqu&rsquo;o\u00f9 pourront aller les plus puissants d&rsquo;entre eux ?<\/p>\n<p>Adaptation Terra Projects&nbsp;<\/p>\n<p>Sources principales<\/p>\n<p>NASA Earth Observatory, National Hurricane Center\/NOAA, Japan Meteorological Agency, Organisation m\u00e9t\u00e9orologique mondiale et GIEC. Les donn\u00e9es concernant les cyclones actifs correspondent aux bulletins disponibles le 6 septembre 2026.&nbsp;<\/p>\n<p class=\"bawpvc-ajax-counter\" data-id=\"30326\">(7)<\/p>\n<!--CusAds0-->\n<div style=\"font-size: 0px; height: 0px; line-height: 0px; margin: 0; padding: 0; clear: both;\"><\/div>","protected":false},"excerpt":{"rendered":"<p>Le Pacifique conna\u00eet en ce d\u00e9but septembre 2026 une activit\u00e9 cyclonique particuli\u00e8rement remarquable. D\u2019un bout \u00e0 l\u2019autre du plus vaste&#8230;<\/p>\n","protected":false},"author":1,"featured_media":30330,"comment_status":"closed","ping_status":"closed","sticky":false,"template":"","format":"standard","meta":{"_exactmetrics_skip_tracking":false,"ngg_post_thumbnail":0,"_jetpack_newsletter_access":"","_jetpack_dont_email_post_to_subs":false,"_jetpack_newsletter_tier_id":0,"_jetpack_memberships_contains_paywalled_content":false,"_jetpack_feature_clip_id":0,"_jetpack_memberships_contains_paid_content":false,"footnotes":"","jetpack_publicize_message":"","jetpack_publicize_feature_enabled":true,"jetpack_social_post_already_shared":true,"jetpack_social_options":{"image_generator_settings":{"template":"highway","default_image_id":0,"font":"","enabled":false},"version":2},"jetpack_post_was_ever_published":false},"categories":[21,32],"tags":[148,1068,232,243,352,3043],"class_list":["post-30326","post","type-post","status-publish","format-standard","has-post-thumbnail","hentry","category-evenement-brutal","category-meteorologie","tag-el-nino","tag-intensite","tag-ouragans","tag-pacifique","tag-puissance","tag-typhons","wpcat-21-id","wpcat-32-id"],"jetpack_publicize_connections":[],"jetpack_shortlink":"https:\/\/wp.me\/p631RN-7T8","jetpack-related-posts":[{"id":3765,"url":"https:\/\/www.laterredufutur.com\/accueil\/les-typhons-en-2006-el-nino-et-phenomenes-insolites\/","url_meta":{"origin":30326,"position":0},"title":"Les Typhons en 2006, El Nino, et Ph\u00e9nom\u00e8nes Insolites","author":"Admin","date":"5 d\u00e9cembre 2006","format":false,"excerpt":"Autant les ouragans (nom employ\u00e9 pour l'Atlantique), n'ont pas \u00e9t\u00e9 nombreux cette ann\u00e9e 2006. Le responsable de cette faible intensit\u00e9 cyclonique serait El Nino.\u00a0Il cisaillerait les vents dans l'atmosph\u00e8re et ainsi bloquerait la naissance de temp\u00eates trop actives dans l'Altantique. Mais l'ann\u00e9e 2006, aura vu un record de Typhons (nom\u2026","rel":"","context":"Dans &quot;M\u00e9t\u00e9orologie&quot;","block_context":{"text":"M\u00e9t\u00e9orologie","link":"https:\/\/www.laterredufutur.com\/accueil\/sujets\/meteorologie\/"},"img":{"alt_text":"","src":"https:\/\/i0.wp.com\/www.laterredufutur.com\/accueil\/wp-content\/uploads\/2015\/04\/typhons-2006.jpg?fit=410%2C513&ssl=1&resize=350%2C200","width":350,"height":200},"classes":[]},{"id":7996,"url":"https:\/\/www.laterredufutur.com\/accueil\/historique-4-tempetes-tropicales-en-cours-dans-locean-pacifique\/","url_meta":{"origin":30326,"position":1},"title":"Historique : 4 temp\u00eates tropicales en cours dans l&rsquo;oc\u00e9an Pacifique","author":"Admin","date":"2 septembre 2015","format":false,"excerpt":"El Nino est fou cette ann\u00e9e et, par cons\u00e9quent, il y a un nombre \u00e9lev\u00e9 de\u00a0typhons actifs \u00e0 travers le Pacifique. \u00c0 l'heure actuelle, il y a quatre temp\u00eates actives en cours ... apr\u00e8s trois ouragans majeurs qui sont maintenant CAT3 Kilo, CAT2 Ignacio et CAT4 Jimena, une nouvelle d\u00e9pression\u2026","rel":"","context":"Dans &quot;Ev\u00e8nement Brutal&quot;","block_context":{"text":"Ev\u00e8nement Brutal","link":"https:\/\/www.laterredufutur.com\/accueil\/sujets\/evenement-brutal\/"},"img":{"alt_text":"","src":"https:\/\/i0.wp.com\/www.laterredufutur.com\/accueil\/wp-content\/uploads\/2015\/09\/cyclones-pacifique-septembre2015.jpg?fit=1023%2C608&ssl=1&resize=350%2C200","width":350,"height":200,"srcset":"https:\/\/i0.wp.com\/www.laterredufutur.com\/accueil\/wp-content\/uploads\/2015\/09\/cyclones-pacifique-septembre2015.jpg?fit=1023%2C608&ssl=1&resize=350%2C200 1x, https:\/\/i0.wp.com\/www.laterredufutur.com\/accueil\/wp-content\/uploads\/2015\/09\/cyclones-pacifique-septembre2015.jpg?fit=1023%2C608&ssl=1&resize=525%2C300 1.5x, https:\/\/i0.wp.com\/www.laterredufutur.com\/accueil\/wp-content\/uploads\/2015\/09\/cyclones-pacifique-septembre2015.jpg?fit=1023%2C608&ssl=1&resize=700%2C400 2x"},"classes":[]},{"id":3664,"url":"https:\/\/www.laterredufutur.com\/accueil\/el-nino-est-de-retour\/","url_meta":{"origin":30326,"position":2},"title":"El Ni\u00f1o est de retour","author":"Admin","date":"26 septembre 2006","format":false,"excerpt":"NEW YORK - EL Ni\u00f1o,\u00a0le r\u00e9chauffement des eaux \u00e9quatoriales\u00a0de l'oc\u00e9an pacifique qui\u00a0provoque des d\u00e9gats avec des\u00a0r\u00e9percussions atmosph\u00e9riques mondiales,\u00a0vient de se former\u00a0et\u00a0continuera en\u00a02007, a rapport\u00e9 mercredi l'Administration Oc\u00e9anique et Atmosph\u00e9rique Nationale (NOAA)\u00a0. EL Ni\u00f1o\u00a0est d\u00e9j\u00e0 responsable\u00a0d'une saison atlantique\u00a0cyclonique plus\u00a0mod\u00e9r\u00e9e que pr\u00e9vu, a dit un pr\u00e9visionniste de la NOAA. \u00ab EL Ni\u00f1o\u2026","rel":"","context":"Dans &quot;M\u00e9t\u00e9orologie&quot;","block_context":{"text":"M\u00e9t\u00e9orologie","link":"https:\/\/www.laterredufutur.com\/accueil\/sujets\/meteorologie\/"},"img":{"alt_text":"","src":"","width":0,"height":0},"classes":[]},{"id":2218,"url":"https:\/\/www.laterredufutur.com\/accueil\/une-saison-sans-tempete-dans-latlantique\/","url_meta":{"origin":30326,"position":3},"title":"Une saison sans temp\u00eate dans l\u2019Atlantique","author":"Admin","date":"9 octobre 2014","format":false,"excerpt":"La saison des ouragans dans l\u2019oc\u00e9an Atlantique tombe \u00e0 plat. On a enregistr\u00e9 6 syst\u00e8mes tropicaux depuis le 1er juin, dont 4 seulement ont atteint le stade d\u2019ouragans. En moyenne, on enregistre 11 temp\u00eates nomm\u00e9es et 6 ouragans. La temp\u00eate Arthur est la seule \u00e0 avoir atteint l\u2019est du Canada\u2026","rel":"","context":"Dans &quot;Climat&quot;","block_context":{"text":"Climat","link":"https:\/\/www.laterredufutur.com\/accueil\/sujets\/climat\/"},"img":{"alt_text":"","src":"","width":0,"height":0},"classes":[]},{"id":5963,"url":"https:\/\/www.laterredufutur.com\/accueil\/csu-tropical-forecast-nous-prevoit-une-annee-cyclonique-2015-tres-faible\/","url_meta":{"origin":30326,"position":4},"title":"CSU Tropical Forecast nous pr\u00e9voit une ann\u00e9e cyclonique 2015 tr\u00e8s faible","author":"Admin","date":"21 avril 2015","format":false,"excerpt":"ORLANDO -\u00a0Les premi\u00e8res pr\u00e9visions, pour la saison des ouragans 2015, nous pr\u00e9disent une saison consid\u00e9rablement inf\u00e9rieure \u00e0 la moyenne cette ann\u00e9e, avec seulement sept temp\u00eates pr\u00e9vues. Trois temp\u00eates tropicales et un ouragan majeur de cat\u00e9gorie 3 voire de force sup\u00e9rieur. Les pr\u00e9visions saisonni\u00e8res cycloniques de 2015, publi\u00e9es jeudi 16 avril\u2026","rel":"","context":"Dans &quot;Ev\u00e8nement Brutal&quot;","block_context":{"text":"Ev\u00e8nement Brutal","link":"https:\/\/www.laterredufutur.com\/accueil\/sujets\/evenement-brutal\/"},"img":{"alt_text":"","src":"https:\/\/i0.wp.com\/www.laterredufutur.com\/accueil\/wp-content\/uploads\/2015\/04\/previsions-ouragans2015.jpg?fit=676%2C456&ssl=1&resize=350%2C200","width":350,"height":200,"srcset":"https:\/\/i0.wp.com\/www.laterredufutur.com\/accueil\/wp-content\/uploads\/2015\/04\/previsions-ouragans2015.jpg?fit=676%2C456&ssl=1&resize=350%2C200 1x, https:\/\/i0.wp.com\/www.laterredufutur.com\/accueil\/wp-content\/uploads\/2015\/04\/previsions-ouragans2015.jpg?fit=676%2C456&ssl=1&resize=525%2C300 1.5x"},"classes":[]},{"id":11996,"url":"https:\/\/www.laterredufutur.com\/accueil\/del-nino-a-la-nina\/","url_meta":{"origin":30326,"position":5},"title":"D&rsquo;El Nino \u00e0 la Nina","author":"Admin","date":"29 avril 2016","format":false,"excerpt":"La Ni\u00f1a signifie \u00ab La petite fille \u00bb en espagnol. Sa r\u00e9putation est moins spectaculaire que son fr\u00e8re El Ni\u00f1o, surnomm\u00e9 l\u2019\u00ab enfant terrible de la m\u00e9t\u00e9o \u00bb, mais ses impacts peuvent \u00eatre tout aussi importants dans certaines r\u00e9gions du monde. Un ph\u00e9nom\u00e8ne La Ni\u00f1a est caract\u00e9ris\u00e9 par une anomalie\u2026","rel":"","context":"Dans &quot;Climat&quot;","block_context":{"text":"Climat","link":"https:\/\/www.laterredufutur.com\/accueil\/sujets\/climat\/"},"img":{"alt_text":"","src":"https:\/\/i0.wp.com\/www.laterredufutur.com\/accueil\/wp-content\/uploads\/2016\/04\/elnino-lanina.jpg?fit=690%2C388&ssl=1&resize=350%2C200","width":350,"height":200,"srcset":"https:\/\/i0.wp.com\/www.laterredufutur.com\/accueil\/wp-content\/uploads\/2016\/04\/elnino-lanina.jpg?fit=690%2C388&ssl=1&resize=350%2C200 1x, https:\/\/i0.wp.com\/www.laterredufutur.com\/accueil\/wp-content\/uploads\/2016\/04\/elnino-lanina.jpg?fit=690%2C388&ssl=1&resize=525%2C300 1.5x"},"classes":[]}],"jetpack_sharing_enabled":true,"jetpack_featured_media_url":"https:\/\/i0.wp.com\/www.laterredufutur.com\/accueil\/wp-content\/uploads\/2026\/09\/Ouragans-Pacifique-septembre-2026.jpg?fit=719%2C421&ssl=1","_links":{"self":[{"href":"https:\/\/www.laterredufutur.com\/accueil\/wp-json\/wp\/v2\/posts\/30326","targetHints":{"allow":["GET"]}}],"collection":[{"href":"https:\/\/www.laterredufutur.com\/accueil\/wp-json\/wp\/v2\/posts"}],"about":[{"href":"https:\/\/www.laterredufutur.com\/accueil\/wp-json\/wp\/v2\/types\/post"}],"author":[{"embeddable":true,"href":"https:\/\/www.laterredufutur.com\/accueil\/wp-json\/wp\/v2\/users\/1"}],"replies":[{"embeddable":true,"href":"https:\/\/www.laterredufutur.com\/accueil\/wp-json\/wp\/v2\/comments?post=30326"}],"version-history":[{"count":4,"href":"https:\/\/www.laterredufutur.com\/accueil\/wp-json\/wp\/v2\/posts\/30326\/revisions"}],"predecessor-version":[{"id":30331,"href":"https:\/\/www.laterredufutur.com\/accueil\/wp-json\/wp\/v2\/posts\/30326\/revisions\/30331"}],"wp:featuredmedia":[{"embeddable":true,"href":"https:\/\/www.laterredufutur.com\/accueil\/wp-json\/wp\/v2\/media\/30330"}],"wp:attachment":[{"href":"https:\/\/www.laterredufutur.com\/accueil\/wp-json\/wp\/v2\/media?parent=30326"}],"wp:term":[{"taxonomy":"category","embeddable":true,"href":"https:\/\/www.laterredufutur.com\/accueil\/wp-json\/wp\/v2\/categories?post=30326"},{"taxonomy":"post_tag","embeddable":true,"href":"https:\/\/www.laterredufutur.com\/accueil\/wp-json\/wp\/v2\/tags?post=30326"}],"curies":[{"name":"wp","href":"https:\/\/api.w.org\/{rel}","templated":true}]}}