{"id":3013,"date":"2005-08-26T17:17:55","date_gmt":"2005-08-26T15:17:55","guid":{"rendered":"http:\/\/www.laterredufutur.com\/accueil1\/?p=3013"},"modified":"2015-04-07T17:22:18","modified_gmt":"2015-04-07T15:22:18","slug":"le-portugal-sous-les-flammes","status":"publish","type":"post","link":"https:\/\/www.laterredufutur.com\/accueil\/le-portugal-sous-les-flammes\/","title":{"rendered":"Le Portugal sous les flammes"},"content":{"rendered":"<div class=\"1665f18d14f35dd9e7566e1a8ac9a3e9\" data-index=\"1\" style=\"float: none; margin:10px 0 10px 0; text-align:center;\">\n<script async src=\"https:\/\/pagead2.googlesyndication.com\/pagead\/js\/adsbygoogle.js\"><\/script>\r\n<ins class=\"adsbygoogle\"\r\n     style=\"display:block; text-align:center;\"\r\n     data-ad-layout=\"in-article\"\r\n     data-ad-format=\"fluid\"\r\n     data-ad-client=\"ca-pub-2860849627502538\"\r\n     data-ad-slot=\"3019501113\"><\/ins>\r\n<script>\r\n     (adsbygoogle = window.adsbygoogle || []).push({});\r\n<\/script>\n<\/div>\n<p>Depuis le d\u00e9but Aout, le Portugal a subit des incendies qui battent tous les records. Ce triste spectacle a \u00e9t\u00e9 particuli\u00e8rment amplifi\u00e9 par une s\u00e9cheresse sans pr\u00e9c\u00e9dent depuis plusieurs d\u00e9cennies. La Charte a \u00e9t\u00e9 activ\u00e9e le 4 ao\u00fbt 2003 par le Servi\u00e7o Nacional de Bombeiros e Protec\u00e7\u00e3o Civil (utilisateurs autoris\u00e9s) du Portugal \u00e0 16h10 heure de Greenwich. L&rsquo;activation visait la surveillance de feux hors contr\u00f4le au Portugal dans une zone dont le centre se trouve \u00e0 \u00e0 39 \u00b0 30&prime; N, 8 \u00b0 00&prime; W.<br \/>\nLe gouvernement du Portugal a d\u00e9clar\u00e9 les incendies, qui ont d\u00e9but\u00e9 vers le 1-2 ao\u00fbt, une \u00abcalamit\u00e9 publique\u00bb.<br \/>\nLes zones incendi\u00e9es couvrent approximativement 45 mille hectares.<\/p>\n<p>Voici la chronologie en images de cette catastrophe sans pr\u00e9c\u00e9dent&#8230;<\/p>\n<p>Fin Juillet 05 &#8211; la Direction g\u00e9n\u00e9rale des for\u00eats d\u00e9nombrait 20.061 foyers diff\u00e9rents depuis le d\u00e9but de l&rsquo;ann\u00e9e. Parmi ceux-ci, 4353 sont devenus de vrais incendies de for\u00eat. (&lt; 1ha de superficie br\u00fbl\u00e9e).<\/p>\n<p>Plus de 68.166 ha du pays sont ainsi partis en fum\u00e9e depuis le d\u00e9but de l&rsquo;ann\u00e9e 2005, concernant la plupart des d\u00e9partements portugais.<\/p>\n<p>Le plus haut massif portugais, la Serra da Estrela a \u00e9galement \u00e9t\u00e9 durement touch\u00e9. Cette cha\u00eene montagneuse a subi une v\u00e9ritable catastrophe \u00e9cologique. Le c\u0153ur du parc naturel de la montagne a \u00e9t\u00e9 lourdement amput\u00e9 de 2.500 ha, parmi lesquels, la vall\u00e9e glaciaire du zezere, la plus grande vall\u00e9e glaciaire d&rsquo;Europe, qui appartient au r\u00e9seau biog\u00e9n\u00e9tique, et qui contenait de nombreux habitats et esp\u00e8ces prioritaires.<\/p>\n<p><img data-recalc-dims=\"1\" decoding=\"async\" class=\" aligncenter\" src=\"https:\/\/i0.wp.com\/www.laterredufutur.com\/spaw\/images\/portugalfeux1.jpg\" alt=\"\" \/><\/p>\n<p>La destruction en partie de cette vall\u00e9e glaciaire devrait entra\u00eener des modifications climatiques, des perturbations \u00e9cologiques, induisant des cons\u00e9quences n\u00e9fastes de toute sorte, difficiles pour l&rsquo;instant \u00e0 \u00e9valuer.<\/p>\n<p>Le probl\u00e8me des incendies au Portugal demeure depuis vingt ans, sans que l&rsquo;on se soit attaqu\u00e9s au v\u00e9ritable coupable, c&rsquo;est \u00e0 dire aux causes qui permettent aux incendies de se d\u00e9velopper de fa\u00e7on si cons\u00e9quente.<\/p>\n<p>10 08 2005 &#8211; Les pompiers portugais soufflent enfin. Apr\u00e8s une semaine de lutte sans r\u00e9pit, ils sont parvenus \u00e0 venir \u00e0 bout de la dizaine d&rsquo;incendies qui ravageaient le pays.<\/p>\n<p>Les plus importants ont \u00e9t\u00e9 ma\u00eetris\u00e9s dans parc naturel du massif montagneux de la Serra da Estrela, dans le centre. Les feux dans cette zone prot\u00e9g\u00e9e, qui ont consum\u00e9 plus de 2.500 hectares, ont figur\u00e9 parmi les pires de l&rsquo;histoire du parc, disent les responsables du site qui parlent d\u00e9j\u00e0 de \u00ab\u00a0d\u00e9sastre \u00e9cologique\u00a0\u00bb. Avec la baisse des temp\u00e9ratures enregistr\u00e9e ces derniers jours, seul le district de Bragance au nord est en \u00e9tat d&rsquo;alerte \u00ab\u00a0tr\u00e8s \u00e9lev\u00e9\u00a0\u00bb.<\/p>\n<p>La piste criminelle est \u00e9voqu\u00e9e avec insistance par la population et les responsables locaux pour expliquer les incendies qui ont fait partir en fum\u00e9e des milliers d&rsquo;hectares.<\/p>\n<p>15 08 05 AFP &#8211; Les dizaines de feux qui ravagent pour la quatri\u00e8me journ\u00e9e des for\u00eats du centre et du nord du Portugal, continuaient lundi \u00e0 s&rsquo;aggraver alors que les pompiers ne parviennent pas \u00e0 contr\u00f4ler 14 foyers d&rsquo;incendie et que les temp\u00e9ratures doivent monter jusqu&rsquo;\u00e0 40 degr\u00e9s.<\/p>\n<p><img data-recalc-dims=\"1\" decoding=\"async\" class=\" aligncenter\" src=\"https:\/\/i0.wp.com\/www.laterredufutur.com\/spaw\/images\/portugalfeux7.jpg\" alt=\"\" \/><\/p>\n<p>Plus de 1.800 pompiers sont d\u00e9sormais mobilis\u00e9s, contre 800 la veille. Ils disposent de 500 v\u00e9hicules anti-incendies et sont aid\u00e9s par neuf unit\u00e9s de soldats.<\/p>\n<p>L&rsquo;ensemble des 18 districts administratifs portugais, \u00e0 l&rsquo;exception d&rsquo;un, ont \u00e9t\u00e9 plac\u00e9s lundi en alerte \u00ab\u00a0maximale\u00a0\u00bb ou \u00ab\u00a0tr\u00e8s \u00e9lev\u00e9e\u00a0\u00bb (les deux niveaux les plus s\u00e9rieux), a pr\u00e9cis\u00e9 l&rsquo;Agence de pr\u00e9vention des feux de for\u00eat.<\/p>\n<p>Les incendies ont d\u00e9j\u00e0 d\u00e9truit cette ann\u00e9e plus de 118.000 hectares de for\u00eats et de maquis, selon les estimations du gouvernement portugais.<\/p>\n<p>Les experts d\u00e9noncent notamment, outre les n\u00e9gligences, l&rsquo;\u00e9tat d&rsquo;abandon des r\u00e9gions agricoles et, pour ce qui concerne les plantations d&rsquo;arbres, les choix dict\u00e9s par le seul souci de la rentabilit\u00e9, privil\u00e9giant les essences qui poussent vite mais qui sont tr\u00e8s inflammables, comme les eucalyptus et les pins.<\/p>\n<p>16 08 2005 &#8211; Le Portugal, o\u00f9 les temp\u00e9ratures ont fr\u00f4l\u00e9 les 40 degr\u00e9s dans certaines zones ces derniers jours, lutte contre des feux de for\u00eats pour la cinqui\u00e8me journ\u00e9e cons\u00e9cutive. Lundi, plusieurs villages menac\u00e9s par les flammes ont d\u00fb \u00eatre \u00e9vacu\u00e9s.<\/p>\n<p>17 08 05 : AFP &#8211; La situation sur le front des incendies demeurait pr\u00e9occupante mercredi 17 ao\u00fbt au centre du Portugal, \u00e0 Casal de Lapa, o\u00f9 les pompiers luttaient depuis cinq jours pour venir \u00e0 bout d&rsquo;un important feu de for\u00eat, qui a d\u00e9j\u00e0 ravag\u00e9 20.000 hectares et menac\u00e9 plusieurs villages.<br \/>\nL&rsquo;incendie, qui s\u00e9vit depuis samedi et est parvenu \u00e0 proximit\u00e9 de la ville de Pampilhosa da Serra, dans le district de Coimbra, continuait de progresser mercredi matin et de mobiliser quelque 300 pompiers soutenus par 89 v\u00e9hicules et un h\u00e9licopt\u00e8re, selon le dernier bilan du Service national des pompiers.<\/p>\n<p>\u00ab\u00a0M\u00eame les hommes ont pleur\u00e9\u00a0\u00bb, confie Manuel Pimentel au quotidien Correio da Manha. \u00ab\u00a0Nous nous sommes retrouv\u00e9s encercl\u00e9s par les flammes et nous avons commenc\u00e9 \u00e0 fuir \u00e0 travers les bois (&#8230;) Nous avons essay\u00e9 d&rsquo;\u00e9teindre le feu, mais nous avons manqu\u00e9 d&rsquo;eau et les tuyaux ont fondu avec la chaleur\u00a0\u00bb, a poursuivi cet habitant de Vale Pimentel, l&rsquo;un des villages les plus touch\u00e9s par les incendies de ces derniers jours.<\/p><div class=\"1665f18d14f35dd9e7566e1a8ac9a3e9\" data-index=\"2\" style=\"float: none; margin:10px 0 10px 0; text-align:center;\">\n<script async src=\"https:\/\/pagead2.googlesyndication.com\/pagead\/js\/adsbygoogle.js\"><\/script>\r\n<ins class=\"adsbygoogle\"\r\n     style=\"display:block; text-align:center;\"\r\n     data-ad-layout=\"in-article\"\r\n     data-ad-format=\"fluid\"\r\n     data-ad-client=\"ca-pub-2860849627502538\"\r\n     data-ad-slot=\"3019501113\"><\/ins>\r\n<script>\r\n     (adsbygoogle = window.adsbygoogle || []).push({});\r\n<\/script>\n<\/div>\n\n<p>LISBONNE 22 08 2005 (AFP) &#8211; Pr\u00e8s de 2.900 pompiers, appuy\u00e9s de 795 v\u00e9hicules, combattaient dimanche matin 27 foyers hors de contr\u00f4le au Portugal, selon le dernier bilan du Service national des pompiers.<\/p>\n<p>Samedi, le gouvernement portugais a demand\u00e9 des renforts a\u00e9riens aux pays de l&rsquo;Union europ\u00e9enne.<\/p>\n<p>Dans le district de Vila Real (nord), qui enregistrait le plus grand nombre d&rsquo;incendies, le plan r\u00e9gional d&rsquo;urgence a \u00e9t\u00e9 d\u00e9clench\u00e9.<\/p>\n<p>A Pampilhosa da Serra (centre), l&rsquo;incendie qui s&rsquo;est d\u00e9clench\u00e9 vendredi \u00e9tait celui qui mobilisait le plus de moyens avec 222 pompiers sur place.<\/p>\n<p><img data-recalc-dims=\"1\" decoding=\"async\" class=\" aligncenter\" src=\"https:\/\/i0.wp.com\/www.laterredufutur.com\/spaw\/images\/portugalfeux9.jpg\" alt=\"\" \/><\/p>\n<p>Samedi, le gouvernement portugais a demand\u00e9 des renforts a\u00e9riens aux pays de l&rsquo;Union europ\u00e9enne.<\/p>\n<p>Dans la nuit de samedi \u00e0 dimanche, plus de 4.130 pompiers \u00e9taient sur le pied de guerre sur l&rsquo;ensemble du territoire.<\/p>\n<p>Plus de 200 gendarmes (GNR &#8211; garde nationale r\u00e9publicaine) ont \u00e9t\u00e9 mobilis\u00e9s dimanche pour aider les populations sinistr\u00e9es.<\/p>\n<p>\u00ab\u00a0La premi\u00e8re mission de la GNR aujourd&rsquo;hui (dimanche) sera d&rsquo;\u00e9vacuer des personnes, couper les routes menac\u00e9es par les flammes &#8230; et maintenir les chemins d&rsquo;acc\u00e8s d\u00e9gag\u00e9s pour que les voitures des pompiers et les ambulances puissent circuler\u00a0\u00bb, a expliqu\u00e9 un responsable de la GNR cit\u00e9 par l&rsquo;agence de presse Lusa.<\/p>\n<p>Les responsables de la gendarmerie ont par ailleurs appel\u00e9 leurs \u00e9l\u00e9ments, qui se trouvent en vacances dans les r\u00e9gions touch\u00e9es par les incendies, \u00e0 participer \u00e0 l&rsquo;effort des secours.<\/p>\n<p>Sur les 18 districts que compte le Portugal, 16 sont en \u00e9tat d&rsquo;alert \u00ab\u00a0maximum\u00a0\u00bb ou tr\u00e8s \u00e9lev\u00e9e\u00a0\u00bb.<\/p>\n<p>22 08 2005 : Le Portugal tente toujours de ma\u00eetriser la trentaine d&rsquo;incendies de for\u00eat qui font rage dans le nord et le centre du pays.<\/p>\n<p>La situation est toujours critique \u00e0 Coimbra o\u00f9 une douzaine de maisons ont \u00e9t\u00e9 d\u00e9truites dans la nuit de dimanche \u00e0 lundi.<\/p>\n<p>Plus de 3000 pompiers combattent les flammes dans une vingtaine de r\u00e9gions du pays.<\/p>\n<p>Le Portugal songe d&rsquo;ailleurs \u00e0 faire appel au Fonds de solidarit\u00e9 de l&rsquo;Union europ\u00e9enne, destin\u00e9 \u00e0 venir en aide aux r\u00e9gions sinistr\u00e9es \u00e0 la suite d&rsquo;une catastrophe naturelle, technologique ou environnementale majeure.<\/p>\n<p><img data-recalc-dims=\"1\" decoding=\"async\" class=\" aligncenter\" src=\"https:\/\/i0.wp.com\/www.laterredufutur.com\/spaw\/images\/portugalfeux4.jpg\" alt=\"\" \/><\/p>\n<p>Les flammes ont d\u00e9truit jusqu&rsquo;\u00e0 maintenant une cinquantaine de maisons et plus de 140 000 hectares de for\u00eat.<\/p>\n<p><img data-recalc-dims=\"1\" decoding=\"async\" class=\" aligncenter\" src=\"https:\/\/i0.wp.com\/www.laterredufutur.com\/spaw\/images\/portugalfeux6.jpg\" alt=\"\" \/><\/p>\n<p>24 08 05 &#8211; Les services d&rsquo;urgences ont annonc\u00e9 avoir trait\u00e9 entre samedi et lundi soir plus de 500 personnes bless\u00e9es \u00e0 des degr\u00e9s divers \u00e0 travers le pays.<\/p>\n<p>Les incendies, particuli\u00e8rement virulents depuis samedi, ont ravag\u00e9 \u00ab\u00a0au moins\u00a0\u00bb 180.000 hectares depuis janvier, a indiqu\u00e9 le chef de l&rsquo;Autorit\u00e9 nationale pour les incendies forestiers (ANIF), Luis Ferreira do Amaral.<\/p>\n<p><img data-recalc-dims=\"1\" decoding=\"async\" class=\" aligncenter\" src=\"https:\/\/i0.wp.com\/www.laterredufutur.com\/spaw\/images\/portugalfeux3.jpg\" alt=\"\" \/><\/p>\n<p>Portugal Telecom a annonc\u00e9 que plus de 600 km de c\u00e2bles t\u00e9l\u00e9phoniques ont br\u00fbl\u00e9 depuis juillet dans le pays, entra\u00eenant de nombreuses coupures.<\/p>\n<p>\u00ab\u00a0On n&rsquo;a plus grand-chose \u00e0 craindre. Tout a pratiquement br\u00fbl\u00e9. Il ne nous reste plus que nos yeux pour regarder ce paysage noirci\u00a0\u00bb, a confi\u00e9 \u00e0 l&rsquo;AFP, Maria Carvalho da Silva, une vieille habitante du hameau de Terreiro do Santo Antonio, dans le district de Coimbra.<\/p>\n<p><img data-recalc-dims=\"1\" decoding=\"async\" class=\" aligncenter\" src=\"https:\/\/i0.wp.com\/www.laterredufutur.com\/spaw\/images\/portugalfeux5.jpg\" alt=\"\" \/><\/p>\n<p>24 08 05 : MIRANDA DO CORVO, Portugal (Reuters) &#8211; Les feux de for\u00eat ont retrouv\u00e9 une nouvelle vigueur dans le centre du Portugal, dissipant les espoirs de ceux qui croyaient que le bref rafra\u00eechissement du temps allait apporter un r\u00e9pit sur le front des incendies.<\/p>\n<p><img data-recalc-dims=\"1\" decoding=\"async\" class=\" aligncenter\" src=\"https:\/\/i0.wp.com\/www.laterredufutur.com\/spaw\/images\/portugalfeux8.jpg\" alt=\"\" \/><\/p>\n<p>Au total, mercredi soir, sept petits incendies \u00e9chappaient au contr\u00f4le des pompiers.<\/p>\n<p>La baisse des temp\u00e9ratures dans la nuit de mardi \u00e0 mercredi, un \u00e9pais brouillard matinal et l&rsquo;absence de vent avaient laiss\u00e9 esp\u00e9rer que les incendies pourraient \u00eatre ma\u00eetris\u00e9s. Mais les temp\u00e9ratures sont reparties \u00e0 la hausse et des vents forts ont rallum\u00e9 au moins trois sinistres, s&rsquo;\u00e9tendant sur un front de vingt kilom\u00e8tres dans les environs de Miranda do Corvo, petite ville de 7.000 habitants dans les montagnes \u00e0 180 km au nord de Lisbonne, ont pr\u00e9cis\u00e9 les pompiers.<\/p>\n<p><img data-recalc-dims=\"1\" decoding=\"async\" class=\" aligncenter\" src=\"https:\/\/i0.wp.com\/www.laterredufutur.com\/spaw\/images\/portugalfeux10.jpg\" alt=\"\" \/><\/p>\n<p>A l&rsquo;heure o\u00f9 cet article est publi\u00e9, les incendies au Portugal ne sont toujours pas maitris\u00e9s.<\/p>\n<p>sources : Yahoo \/ Wanadoo\/ AFP \/ http:\/\/lcn.canoe.com\/lcn\/infos\/lemonde\/archives\/2005\/08\/20050822-155157.html \/ http:\/\/permanent.nouvelobs.com\/europe\/20050817.OBS6573.html \/ http:\/\/www.lemonde.fr\/web\/depeches\/0,14-0,39-25502847@7-50,0.html \/ http:\/\/www.disasterscharter.org\/disasters\/portugal_f.html \/ http:\/\/www.rtl.be\/Site\/Index.aspx?LG=1&amp;PageID=209&amp;ArticleID=50216 \/ http:\/\/www.romandie.com\/ats\/news2\/050815184041.adnnnkzq.asp \/ http:\/\/www.lemonde.fr\/web\/depeches\/0,14-0,39-25507321@7-50,0.html \/ http:\/\/www.traveljournals.net\/pictures\/8068.html<\/p>\n<p class=\"bawpvc-ajax-counter\" data-id=\"3013\">(630)<\/p>\n<!--CusAds0-->\n<div style=\"font-size: 0px; height: 0px; line-height: 0px; margin: 0; padding: 0; clear: both;\"><\/div>","protected":false},"excerpt":{"rendered":"<p>Depuis le d\u00e9but Aout, le Portugal a subit des incendies qui battent tous les records. Ce triste spectacle a \u00e9t\u00e9&#8230;<\/p>\n","protected":false},"author":1,"featured_media":3014,"comment_status":"closed","ping_status":"open","sticky":false,"template":"","format":"standard","meta":{"_exactmetrics_skip_tracking":false,"_exactmetrics_sitenote_active":false,"_exactmetrics_sitenote_note":"","_exactmetrics_sitenote_category":0,"ngg_post_thumbnail":0,"jetpack_post_was_ever_published":false,"_jetpack_newsletter_access":"","_jetpack_dont_email_post_to_subs":false,"_jetpack_newsletter_tier_id":0,"_jetpack_memberships_contains_paywalled_content":false,"_jetpack_memberships_contains_paid_content":false,"footnotes":"","jetpack_publicize_message":"","jetpack_publicize_feature_enabled":true,"jetpack_social_post_already_shared":false,"jetpack_social_options":{"image_generator_settings":{"template":"highway","default_image_id":0,"font":"","enabled":false},"version":2}},"categories":[21],"tags":[1250,2656,40,1018,1593,2655,167,2635,64],"class_list":["post-3013","post","type-post","status-publish","format-standard","has-post-thumbnail","hentry","category-evenement-brutal","tag-1250","tag-40-degres","tag-catastrophe","tag-feu","tag-feux","tag-foyers","tag-incendie","tag-portugal","tag-temperatures","wpcat-21-id"],"jetpack_publicize_connections":[],"jetpack_featured_media_url":"https:\/\/i0.wp.com\/www.laterredufutur.com\/accueil\/wp-content\/uploads\/2015\/04\/portugalfeux-2005.jpg?fit=384%2C255&ssl=1","jetpack_shortlink":"https:\/\/wp.me\/p631RN-MB","jetpack-related-posts":[{"id":14970,"url":"https:\/\/www.laterredufutur.com\/accueil\/espagne-et-portugal-sous-la-menace-dun-tsunami\/","url_meta":{"origin":3013,"position":0},"title":"Espagne et Portugal sous la menace d&rsquo;un tsunami","author":"Admin","date":"20 avril 2017","format":false,"excerpt":"Dans un documentaire espagnol, une quarantaine de scientifiques pr\u00e9viennent que ce n\u2019est plus qu\u2019une question de temps avant qu\u2019un gigantesque mur d\u2019eau vienne se fracasser les c\u00f4tes espagnoles et portugaises. La catastrophe ferait des milliers de victimes et provoquerait des d\u00e9g\u00e2ts colossaux. Ces scientifiques estiment que les r\u00e9gions concern\u00e9es sont\u2026","rel":"","context":"Dans &quot;Ev\u00e8nement Brutal&quot;","block_context":{"text":"Ev\u00e8nement Brutal","link":"https:\/\/www.laterredufutur.com\/accueil\/sujets\/evenement-brutal\/"},"img":{"alt_text":"","src":"https:\/\/i0.wp.com\/www.laterredufutur.com\/accueil\/wp-content\/uploads\/2017\/04\/tsunami.png?fit=704%2C434&ssl=1&resize=350%2C200","width":350,"height":200,"srcset":"https:\/\/i0.wp.com\/www.laterredufutur.com\/accueil\/wp-content\/uploads\/2017\/04\/tsunami.png?fit=704%2C434&ssl=1&resize=350%2C200 1x, https:\/\/i0.wp.com\/www.laterredufutur.com\/accueil\/wp-content\/uploads\/2017\/04\/tsunami.png?fit=704%2C434&ssl=1&resize=525%2C300 1.5x, https:\/\/i0.wp.com\/www.laterredufutur.com\/accueil\/wp-content\/uploads\/2017\/04\/tsunami.png?fit=704%2C434&ssl=1&resize=700%2C400 2x"},"classes":[]},{"id":6782,"url":"https:\/\/www.laterredufutur.com\/accueil\/canicules-en-serie-sur-la-mediterranee\/","url_meta":{"origin":3013,"position":1},"title":"Canicules en s\u00e9rie sur la M\u00e9diterran\u00e9e","author":"Admin","date":"21 mai 2015","format":false,"excerpt":"Les Chaleurs ont d\u00e9marr\u00e9 fin avril 2015 au Maroc. La canicule est arriv\u00e9e, avec plus de 44 degr\u00e9s attendus au Maroc. Ainsi, jusqu\u2019\u00e0 44\u00b0 ont \u00e9t\u00e9 attendus dans le sud du pays notamment \u00e0 Oued-Eddahab, Aousserd et Dakhla. Dans les autres r\u00e9gions du sud, les temp\u00e9ratures devaient avoisiner les 38\u2026","rel":"","context":"Dans &quot;M\u00e9t\u00e9orologie&quot;","block_context":{"text":"M\u00e9t\u00e9orologie","link":"https:\/\/www.laterredufutur.com\/accueil\/sujets\/meteorologie\/"},"img":{"alt_text":"","src":"https:\/\/i0.wp.com\/www.laterredufutur.com\/accueil\/wp-content\/uploads\/2015\/05\/alerte-canicule.jpg?fit=640%2C694&ssl=1&resize=350%2C200","width":350,"height":200,"srcset":"https:\/\/i0.wp.com\/www.laterredufutur.com\/accueil\/wp-content\/uploads\/2015\/05\/alerte-canicule.jpg?fit=640%2C694&ssl=1&resize=350%2C200 1x, https:\/\/i0.wp.com\/www.laterredufutur.com\/accueil\/wp-content\/uploads\/2015\/05\/alerte-canicule.jpg?fit=640%2C694&ssl=1&resize=525%2C300 1.5x"},"classes":[]},{"id":17060,"url":"https:\/\/www.laterredufutur.com\/accueil\/la-tempete-tropicale-leslie-frappe-le-portugal\/","url_meta":{"origin":3013,"position":2},"title":"La temp\u00eate tropicale Leslie frappe le Portugal","author":"Admin","date":"14 octobre 2018","format":false,"excerpt":"L'ouragan a \u00e9t\u00e9 requalifi\u00e9 en temp\u00eate tropicale. La situation devrait revenir \u00e0 la normale dans les prochaines heures au Portugal. La temp\u00eate Leslie a frapp\u00e9 le Portugal dimanche avec des vents de 176 km\/h, arrachant des arbres et laissant au moins 300.000 foyers sans \u00e9lectricit\u00e9, avant de baisser d'intensit\u00e9 dimanche\u2026","rel":"","context":"Dans &quot;Ev\u00e8nement Brutal&quot;","block_context":{"text":"Ev\u00e8nement Brutal","link":"https:\/\/www.laterredufutur.com\/accueil\/sujets\/evenement-brutal\/"},"img":{"alt_text":"","src":"https:\/\/i0.wp.com\/www.laterredufutur.com\/accueil\/wp-content\/uploads\/2018\/10\/ouragan-leslie-temepte1.jpg?fit=1200%2C678&ssl=1&resize=350%2C200","width":350,"height":200,"srcset":"https:\/\/i0.wp.com\/www.laterredufutur.com\/accueil\/wp-content\/uploads\/2018\/10\/ouragan-leslie-temepte1.jpg?fit=1200%2C678&ssl=1&resize=350%2C200 1x, https:\/\/i0.wp.com\/www.laterredufutur.com\/accueil\/wp-content\/uploads\/2018\/10\/ouragan-leslie-temepte1.jpg?fit=1200%2C678&ssl=1&resize=525%2C300 1.5x, https:\/\/i0.wp.com\/www.laterredufutur.com\/accueil\/wp-content\/uploads\/2018\/10\/ouragan-leslie-temepte1.jpg?fit=1200%2C678&ssl=1&resize=700%2C400 2x, https:\/\/i0.wp.com\/www.laterredufutur.com\/accueil\/wp-content\/uploads\/2018\/10\/ouragan-leslie-temepte1.jpg?fit=1200%2C678&ssl=1&resize=1050%2C600 3x"},"classes":[]},{"id":22947,"url":"https:\/\/www.laterredufutur.com\/accueil\/aout-2021-les-incendies-ravagent-les-pays-mediterraneens\/","url_meta":{"origin":3013,"position":3},"title":"Ao\u00fbt 2021, les incendies ravagent les pays m\u00e9diterran\u00e9ens","author":"Admin","date":"20 ao\u00fbt 2021","format":false,"excerpt":"Des pays autour de la M\u00e9diterran\u00e9e sont en proie aux flammes. Sur l\u2019ensemble du pourtour m\u00e9diterran\u00e9en, des incendies ont ravag\u00e9 les terres. Le bassin m\u00e9diterran\u00e9en \u00e9tait touch\u00e9 ces deux derni\u00e8res semaines par des incendies, notamment en Gr\u00e8ce, en Turquie et en Alg\u00e9rie. Dans ce dernier pays, quelque 90 personnes sont\u2026","rel":"","context":"Dans &quot;Ev\u00e8nement Brutal&quot;","block_context":{"text":"Ev\u00e8nement Brutal","link":"https:\/\/www.laterredufutur.com\/accueil\/sujets\/evenement-brutal\/"},"img":{"alt_text":"","src":"https:\/\/i0.wp.com\/www.laterredufutur.com\/accueil\/wp-content\/uploads\/2021\/08\/incendie.jpg?fit=1200%2C675&ssl=1&resize=350%2C200","width":350,"height":200,"srcset":"https:\/\/i0.wp.com\/www.laterredufutur.com\/accueil\/wp-content\/uploads\/2021\/08\/incendie.jpg?fit=1200%2C675&ssl=1&resize=350%2C200 1x, https:\/\/i0.wp.com\/www.laterredufutur.com\/accueil\/wp-content\/uploads\/2021\/08\/incendie.jpg?fit=1200%2C675&ssl=1&resize=525%2C300 1.5x, https:\/\/i0.wp.com\/www.laterredufutur.com\/accueil\/wp-content\/uploads\/2021\/08\/incendie.jpg?fit=1200%2C675&ssl=1&resize=700%2C400 2x, https:\/\/i0.wp.com\/www.laterredufutur.com\/accueil\/wp-content\/uploads\/2021\/08\/incendie.jpg?fit=1200%2C675&ssl=1&resize=1050%2C600 3x"},"classes":[]},{"id":2986,"url":"https:\/\/www.laterredufutur.com\/accueil\/secheresses-incendies-et-causes\/","url_meta":{"origin":3013,"position":4},"title":"S\u00e9cheresses, Incendies et Causes","author":"Admin","date":"27 juillet 2005","format":false,"excerpt":"Avec les nombreux incendies qui ont frapp\u00e9 l'Espagne, le Portugal,\u00a0le Canada, la Chine, la France, un autre constat est \u00e9galement la s\u00e9cheresse. Beaucoup de ph\u00e9nom\u00e8nes m\u00e9t\u00e9orologiques sont soudains et \u00e9ph\u00e9m\u00e8res, tandis que la s\u00e9cheresse est plus insidieuse, car elle frappe progressivement une r\u00e9gion et maintient son emprise au fil du\u2026","rel":"","context":"Dans &quot;Ev\u00e8nement Brutal&quot;","block_context":{"text":"Ev\u00e8nement Brutal","link":"https:\/\/www.laterredufutur.com\/accueil\/sujets\/evenement-brutal\/"},"img":{"alt_text":"","src":"https:\/\/i0.wp.com\/www.laterredufutur.com\/accueil\/wp-content\/uploads\/2015\/04\/feu-incendie.jpg?fit=384%2C256&ssl=1&resize=350%2C200","width":350,"height":200},"classes":[]},{"id":22678,"url":"https:\/\/www.laterredufutur.com\/accueil\/canicule-et-records-de-chaleurs-dans-louest-de-lamerique-du-nord\/","url_meta":{"origin":3013,"position":5},"title":"Canicule et records de chaleurs dans l&rsquo;ouest de l&rsquo;Am\u00e9rique du Nord","author":"Admin","date":"28 juin 2021","format":false,"excerpt":"46,6 \u00b0C : le Canada enregistre sa temp\u00e9rature la plus \u00e9lev\u00e9e jamais enregistr\u00e9e alors que l'ouest du pays et le nord-ouest du Pacifique am\u00e9ricain affrontent une vague de chaleur battant un record vieux de 84 ans. Lytton, qui se trouve \u00e0 environ 250 km au nord-est de Vancouver, a d\u00e9pass\u00e9\u2026","rel":"","context":"Dans &quot;Ev\u00e8nement Brutal&quot;","block_context":{"text":"Ev\u00e8nement Brutal","link":"https:\/\/www.laterredufutur.com\/accueil\/sujets\/evenement-brutal\/"},"img":{"alt_text":"","src":"https:\/\/i0.wp.com\/www.laterredufutur.com\/accueil\/wp-content\/uploads\/2021\/06\/canada-canicule-juin2021.jpg?fit=696%2C696&ssl=1&resize=350%2C200","width":350,"height":200,"srcset":"https:\/\/i0.wp.com\/www.laterredufutur.com\/accueil\/wp-content\/uploads\/2021\/06\/canada-canicule-juin2021.jpg?fit=696%2C696&ssl=1&resize=350%2C200 1x, https:\/\/i0.wp.com\/www.laterredufutur.com\/accueil\/wp-content\/uploads\/2021\/06\/canada-canicule-juin2021.jpg?fit=696%2C696&ssl=1&resize=525%2C300 1.5x"},"classes":[]}],"jetpack_sharing_enabled":true,"_links":{"self":[{"href":"https:\/\/www.laterredufutur.com\/accueil\/wp-json\/wp\/v2\/posts\/3013","targetHints":{"allow":["GET"]}}],"collection":[{"href":"https:\/\/www.laterredufutur.com\/accueil\/wp-json\/wp\/v2\/posts"}],"about":[{"href":"https:\/\/www.laterredufutur.com\/accueil\/wp-json\/wp\/v2\/types\/post"}],"author":[{"embeddable":true,"href":"https:\/\/www.laterredufutur.com\/accueil\/wp-json\/wp\/v2\/users\/1"}],"replies":[{"embeddable":true,"href":"https:\/\/www.laterredufutur.com\/accueil\/wp-json\/wp\/v2\/comments?post=3013"}],"version-history":[{"count":1,"href":"https:\/\/www.laterredufutur.com\/accueil\/wp-json\/wp\/v2\/posts\/3013\/revisions"}],"predecessor-version":[{"id":3015,"href":"https:\/\/www.laterredufutur.com\/accueil\/wp-json\/wp\/v2\/posts\/3013\/revisions\/3015"}],"wp:featuredmedia":[{"embeddable":true,"href":"https:\/\/www.laterredufutur.com\/accueil\/wp-json\/wp\/v2\/media\/3014"}],"wp:attachment":[{"href":"https:\/\/www.laterredufutur.com\/accueil\/wp-json\/wp\/v2\/media?parent=3013"}],"wp:term":[{"taxonomy":"category","embeddable":true,"href":"https:\/\/www.laterredufutur.com\/accueil\/wp-json\/wp\/v2\/categories?post=3013"},{"taxonomy":"post_tag","embeddable":true,"href":"https:\/\/www.laterredufutur.com\/accueil\/wp-json\/wp\/v2\/tags?post=3013"}],"curies":[{"name":"wp","href":"https:\/\/api.w.org\/{rel}","templated":true}]}}