{"id":29850,"date":"2026-09-01T07:00:11","date_gmt":"2026-09-01T05:00:11","guid":{"rendered":"https:\/\/www.laterredufutur.com\/accueil\/?p=29850"},"modified":"2026-09-01T07:37:58","modified_gmt":"2026-09-01T05:37:58","slug":"des-batiments-vivants-capables-dabsorber-le-co%e2%82%82-et-de-se-renforcer-avec-le-temps","status":"publish","type":"post","link":"https:\/\/www.laterredufutur.com\/accueil\/des-batiments-vivants-capables-dabsorber-le-co%e2%82%82-et-de-se-renforcer-avec-le-temps\/","title":{"rendered":"Des b\u00e2timents vivants capables d\u2019absorber le CO\u2082 et de se renforcer avec le temps"},"content":{"rendered":"<div class=\"1665f18d14f35dd9e7566e1a8ac9a3e9\" data-index=\"1\" style=\"float: none; margin:10px 0 10px 0; text-align:center;\">\n<script async src=\"https:\/\/pagead2.googlesyndication.com\/pagead\/js\/adsbygoogle.js\"><\/script>\r\n<ins class=\"adsbygoogle\"\r\n     style=\"display:block; text-align:center;\"\r\n     data-ad-layout=\"in-article\"\r\n     data-ad-format=\"fluid\"\r\n     data-ad-client=\"ca-pub-2860849627502538\"\r\n     data-ad-slot=\"3019501113\"><\/ins>\r\n<script>\r\n     (adsbygoogle = window.adsbygoogle || []).push({});\r\n<\/script>\n<\/div>\n<p>Et si les b\u00e2timents de demain ne se contentaient plus de r\u00e9duire leurs \u00e9missions de carbone, mais devenaient eux-m\u00eames capables de retirer du CO\u2082 de l\u2019atmosph\u00e8re ? \u00c0 l\u2019\u00c9cole polytechnique f\u00e9d\u00e9rale de Zurich, l\u2019ETH Zurich, des chercheurs ont mis au point un mat\u00e9riau vivant contenant des cyanobact\u00e9ries photosynth\u00e9tiques. Imprimable en trois dimensions, il absorbe du dioxyde de carbone, produit de la biomasse et forme progressivement des min\u00e9raux qui le rendent plus rigide.<\/p>\n<p>Cette innovation pourrait ouvrir la voie \u00e0 des fa\u00e7ades, des rev\u00eatements et des \u00e9l\u00e9ments architecturaux capables de stocker du carbone pendant une partie de la dur\u00e9e de vie d\u2019un b\u00e2timent. Mais malgr\u00e9 des r\u00e9sultats particuli\u00e8rement prometteurs, la technologie reste encore exp\u00e9rimentale.<\/p>\n<h2>Un mat\u00e9riau r\u00e9ellement vivant<\/h2>\n<p>Le mat\u00e9riau d\u00e9velopp\u00e9 par l\u2019\u00e9quipe du professeur Mark Tibbitt est constitu\u00e9 d\u2019un hydrogel, c\u2019est-\u00e0-dire un r\u00e9seau de polym\u00e8res contenant une tr\u00e8s grande quantit\u00e9 d\u2019eau. \u00c0 l\u2019int\u00e9rieur de ce gel, les chercheurs ont int\u00e9gr\u00e9 des cyanobact\u00e9ries vivantes.<\/p>\n<p>Souvent appel\u00e9es \u00ab algues bleu-vert \u00bb, les cyanobact\u00e9ries ne sont pas v\u00e9ritablement des algues : ce sont des bact\u00e9ries capables d\u2019effectuer la photosynth\u00e8se. Elles utilisent la lumi\u00e8re, l\u2019eau et le CO\u2082 pour produire de la mati\u00e8re organique et assurer leur croissance.<\/p>\n<p>Le r\u00f4le de l\u2019hydrogel est essentiel. Il offre aux micro-organismes un environnement humide tout en laissant circuler la lumi\u00e8re, le dioxyde de carbone, l\u2019eau et les nutriments n\u00e9cessaires \u00e0 leur survie. Les cellules restent r\u00e9parties \u00e0 l\u2019int\u00e9rieur de la structure sans s\u2019en \u00e9chapper.<\/p>\n<figure id=\"attachment_29854\" aria-describedby=\"caption-attachment-29854\" style=\"width: 800px\" class=\"wp-caption aligncenter\"><img data-recalc-dims=\"1\" loading=\"lazy\" decoding=\"async\" data-attachment-id=\"29854\" data-permalink=\"https:\/\/www.laterredufutur.com\/accueil\/des-batiments-vivants-capables-dabsorber-le-co%e2%82%82-et-de-se-renforcer-avec-le-temps\/algues-bleu-vert-facade-batiment-1\/\" data-orig-file=\"https:\/\/i0.wp.com\/www.laterredufutur.com\/accueil\/wp-content\/uploads\/2026\/09\/algues-bleu-vert-Facade-batiment-1.jpg?fit=1536%2C1024&amp;ssl=1\" data-orig-size=\"1536,1024\" data-comments-opened=\"0\" data-image-meta=\"{&quot;aperture&quot;:&quot;0&quot;,&quot;credit&quot;:&quot;&quot;,&quot;camera&quot;:&quot;&quot;,&quot;caption&quot;:&quot;&quot;,&quot;created_timestamp&quot;:&quot;0&quot;,&quot;copyright&quot;:&quot;&quot;,&quot;focal_length&quot;:&quot;0&quot;,&quot;iso&quot;:&quot;0&quot;,&quot;shutter_speed&quot;:&quot;0&quot;,&quot;title&quot;:&quot;&quot;,&quot;orientation&quot;:&quot;0&quot;,&quot;alt&quot;:&quot;&quot;}\" data-image-title=\"algues bleu-vert Fa\u00e7ade b\u00e2timent 1\" data-image-description=\"\" data-image-caption=\"&lt;p&gt;Illustration &lt;\/p&gt;\n\" data-large-file=\"https:\/\/i0.wp.com\/www.laterredufutur.com\/accueil\/wp-content\/uploads\/2026\/09\/algues-bleu-vert-Facade-batiment-1.jpg?fit=800%2C533&amp;ssl=1\" class=\"wp-image-29854 size-large\" src=\"https:\/\/i0.wp.com\/www.laterredufutur.com\/accueil\/wp-content\/uploads\/2026\/09\/algues-bleu-vert-Facade-batiment-1.jpg?resize=800%2C533&#038;ssl=1\" alt=\"\" width=\"800\" height=\"533\" srcset=\"https:\/\/i0.wp.com\/www.laterredufutur.com\/accueil\/wp-content\/uploads\/2026\/09\/algues-bleu-vert-Facade-batiment-1.jpg?resize=800%2C533&amp;ssl=1 800w, https:\/\/i0.wp.com\/www.laterredufutur.com\/accueil\/wp-content\/uploads\/2026\/09\/algues-bleu-vert-Facade-batiment-1.jpg?resize=300%2C200&amp;ssl=1 300w, https:\/\/i0.wp.com\/www.laterredufutur.com\/accueil\/wp-content\/uploads\/2026\/09\/algues-bleu-vert-Facade-batiment-1.jpg?resize=80%2C53&amp;ssl=1 80w, https:\/\/i0.wp.com\/www.laterredufutur.com\/accueil\/wp-content\/uploads\/2026\/09\/algues-bleu-vert-Facade-batiment-1.jpg?resize=768%2C512&amp;ssl=1 768w, https:\/\/i0.wp.com\/www.laterredufutur.com\/accueil\/wp-content\/uploads\/2026\/09\/algues-bleu-vert-Facade-batiment-1.jpg?resize=1226%2C817&amp;ssl=1 1226w, https:\/\/i0.wp.com\/www.laterredufutur.com\/accueil\/wp-content\/uploads\/2026\/09\/algues-bleu-vert-Facade-batiment-1.jpg?resize=928%2C619&amp;ssl=1 928w, https:\/\/i0.wp.com\/www.laterredufutur.com\/accueil\/wp-content\/uploads\/2026\/09\/algues-bleu-vert-Facade-batiment-1.jpg?resize=480%2C320&amp;ssl=1 480w, https:\/\/i0.wp.com\/www.laterredufutur.com\/accueil\/wp-content\/uploads\/2026\/09\/algues-bleu-vert-Facade-batiment-1.jpg?w=1536&amp;ssl=1 1536w\" sizes=\"auto, (max-width: 800px) 100vw, 800px\" \/><figcaption id=\"caption-attachment-29854\" class=\"wp-caption-text\">Illustration<\/figcaption><\/figure>\n<h2>Une double capture du carbone<\/h2>\n<p>La principale originalit\u00e9 du mat\u00e9riau r\u00e9side dans sa capacit\u00e9 \u00e0 stocker le carbone de deux mani\u00e8res diff\u00e9rentes.<\/p>\n<p>La premi\u00e8re repose sur la photosynth\u00e8se. Les cyanobact\u00e9ries captent le CO\u2082 atmosph\u00e9rique et le transforment en biomasse, comme le font les plantes et les algues.<\/p>\n<p>La seconde est plus durable : l\u2019activit\u00e9 des bact\u00e9ries modifie chimiquement leur environnement et entra\u00eene la formation de carbonates solides, comparables \u00e0 certains composants du calcaire. Une partie du carbone se retrouve ainsi enferm\u00e9e sous une forme min\u00e9rale plus stable que la biomasse.<\/p>\n<p>Ce ph\u00e9nom\u00e8ne pr\u00e9sente un avantage suppl\u00e9mentaire. En s\u2019accumulant dans l\u2019hydrogel, les min\u00e9raux rigidifient progressivement la structure. Le mat\u00e9riau, initialement souple apr\u00e8s son impression, se durcit donc de l\u2019int\u00e9rieur au fil du temps.<\/p>\n<p>Il ne faut toutefois pas le pr\u00e9senter comme un mat\u00e9riau capable de r\u00e9parer automatiquement n\u2019importe quelle fissure. Les r\u00e9sultats montrent surtout une min\u00e9ralisation progressive et un renforcement m\u00e9canique, et non une v\u00e9ritable autor\u00e9paration comparable \u00e0 celle d\u2019un organisme cicatrisant une blessure.<\/p>\n<h2>Une activit\u00e9 maintenue pendant plus d\u2019un an<\/h2>\n<p>Lors des exp\u00e9riences en laboratoire, les cyanobact\u00e9ries sont rest\u00e9es actives pendant plus de 400 jours. Durant cette p\u00e9riode, le mat\u00e9riau a continu\u00e9 \u00e0 absorber du dioxyde de carbone et \u00e0 produire des min\u00e9raux.<\/p>\n<p>Selon les chercheurs, chaque gramme de mat\u00e9riau a captur\u00e9 environ 26 milligrammes de CO\u2082, principalement sous forme min\u00e9rale. L\u2019ETH Zurich souligne que cette performance est sup\u00e9rieure \u00e0 celle de nombreuses approches biologiques et comparable, voire sup\u00e9rieure, \u00e0 certains proc\u00e9d\u00e9s de carbonatation appliqu\u00e9s au b\u00e9ton recycl\u00e9.<\/p>\n<p>La g\u00e9om\u00e9trie des objets imprim\u00e9s joue n\u00e9anmoins un r\u00f4le majeur. Les chercheurs ont con\u00e7u des formes poreuses et ajour\u00e9es pour permettre \u00e0 la lumi\u00e8re de p\u00e9n\u00e9trer profond\u00e9ment dans la structure. Ces formes facilitent \u00e9galement la circulation des liquides nutritifs par capillarit\u00e9.<\/p>\n<p>Sans humidit\u00e9, sans lumi\u00e8re ou sans nutriments suffisants, les cyanobact\u00e9ries ne pourraient pas rester actives durablement.<\/p>\n<figure id=\"attachment_29855\" aria-describedby=\"caption-attachment-29855\" style=\"width: 800px\" class=\"wp-caption aligncenter\"><img data-recalc-dims=\"1\" loading=\"lazy\" decoding=\"async\" data-attachment-id=\"29855\" data-permalink=\"https:\/\/www.laterredufutur.com\/accueil\/des-batiments-vivants-capables-dabsorber-le-co%e2%82%82-et-de-se-renforcer-avec-le-temps\/algues-bleu-vert-facade-batiment-3\/\" data-orig-file=\"https:\/\/i0.wp.com\/www.laterredufutur.com\/accueil\/wp-content\/uploads\/2026\/09\/algues-bleu-vert-Facade-batiment-3.jpg?fit=1448%2C1086&amp;ssl=1\" data-orig-size=\"1448,1086\" data-comments-opened=\"0\" data-image-meta=\"{&quot;aperture&quot;:&quot;0&quot;,&quot;credit&quot;:&quot;&quot;,&quot;camera&quot;:&quot;&quot;,&quot;caption&quot;:&quot;&quot;,&quot;created_timestamp&quot;:&quot;0&quot;,&quot;copyright&quot;:&quot;&quot;,&quot;focal_length&quot;:&quot;0&quot;,&quot;iso&quot;:&quot;0&quot;,&quot;shutter_speed&quot;:&quot;0&quot;,&quot;title&quot;:&quot;&quot;,&quot;orientation&quot;:&quot;0&quot;,&quot;alt&quot;:&quot;&quot;}\" data-image-title=\"algues bleu-vert Fa\u00e7ade b\u00e2timent 3\" data-image-description=\"\" data-image-caption=\"\" data-large-file=\"https:\/\/i0.wp.com\/www.laterredufutur.com\/accueil\/wp-content\/uploads\/2026\/09\/algues-bleu-vert-Facade-batiment-3.jpg?fit=800%2C600&amp;ssl=1\" class=\"wp-image-29855 size-large\" src=\"https:\/\/i0.wp.com\/www.laterredufutur.com\/accueil\/wp-content\/uploads\/2026\/09\/algues-bleu-vert-Facade-batiment-3.jpg?resize=800%2C600&#038;ssl=1\" alt=\"\" width=\"800\" height=\"600\" srcset=\"https:\/\/i0.wp.com\/www.laterredufutur.com\/accueil\/wp-content\/uploads\/2026\/09\/algues-bleu-vert-Facade-batiment-3.jpg?resize=800%2C600&amp;ssl=1 800w, https:\/\/i0.wp.com\/www.laterredufutur.com\/accueil\/wp-content\/uploads\/2026\/09\/algues-bleu-vert-Facade-batiment-3.jpg?resize=300%2C225&amp;ssl=1 300w, https:\/\/i0.wp.com\/www.laterredufutur.com\/accueil\/wp-content\/uploads\/2026\/09\/algues-bleu-vert-Facade-batiment-3.jpg?resize=80%2C60&amp;ssl=1 80w, https:\/\/i0.wp.com\/www.laterredufutur.com\/accueil\/wp-content\/uploads\/2026\/09\/algues-bleu-vert-Facade-batiment-3.jpg?resize=768%2C576&amp;ssl=1 768w, https:\/\/i0.wp.com\/www.laterredufutur.com\/accueil\/wp-content\/uploads\/2026\/09\/algues-bleu-vert-Facade-batiment-3.jpg?resize=1226%2C920&amp;ssl=1 1226w, https:\/\/i0.wp.com\/www.laterredufutur.com\/accueil\/wp-content\/uploads\/2026\/09\/algues-bleu-vert-Facade-batiment-3.jpg?resize=928%2C696&amp;ssl=1 928w, https:\/\/i0.wp.com\/www.laterredufutur.com\/accueil\/wp-content\/uploads\/2026\/09\/algues-bleu-vert-Facade-batiment-3.jpg?resize=480%2C360&amp;ssl=1 480w, https:\/\/i0.wp.com\/www.laterredufutur.com\/accueil\/wp-content\/uploads\/2026\/09\/algues-bleu-vert-Facade-batiment-3.jpg?w=1448&amp;ssl=1 1448w\" sizes=\"auto, (max-width: 800px) 100vw, 800px\" \/><figcaption id=\"caption-attachment-29855\" class=\"wp-caption-text\">Illustration<\/figcaption><\/figure>\n<h2>Des structures imprim\u00e9es en trois dimensions<\/h2>\n<p>Gr\u00e2ce \u00e0 l\u2019impression 3D, les scientifiques peuvent fabriquer des structures aux formes complexes, notamment des treillis, des coraux artificiels, des r\u00e9cipients ou des objets ressemblant \u00e0 de petits ananas.<\/p>\n<p>Fra\u00eechement imprim\u00e9es, les structures sont encore molles et relativement transparentes. Apr\u00e8s plusieurs semaines, elles deviennent vertes sous l\u2019effet de la multiplication des cyanobact\u00e9ries et de la chlorophylle. La formation progressive des min\u00e9raux leur permet ensuite de mieux conserver leur forme.<\/p>\n<p>Cette fabrication additive permet surtout d\u2019optimiser la surface expos\u00e9e \u00e0 la lumi\u00e8re et \u00e0 l\u2019air. Contrairement \u00e0 un bloc massif classique, les architectures poreuses offrent davantage d\u2019\u00e9changes avec l\u2019environnement, ce qui favorise l\u2019activit\u00e9 biologique.<\/p>\n<h2>Des installations pr\u00e9sent\u00e9es \u00e0 Venise et \u00e0 Milan<\/h2>\n<p>Le concept a d\u00e9j\u00e0 d\u00e9pass\u00e9 l\u2019\u00e9chelle de la petite \u00e9prouvette de laboratoire. Une installation baptis\u00e9e \u00ab Picoplanktonics \u00bb a \u00e9t\u00e9 pr\u00e9sent\u00e9e dans le pavillon canadien de la Biennale d\u2019architecture de Venise.<\/p>\n<p>Elle comprend notamment deux structures vivantes \u00e9voquant des troncs d\u2019arbres, dont la plus grande mesure environ trois m\u00e8tres de hauteur. Selon les estimations de l\u2019\u00e9quipe, chacune pourrait capter jusqu\u2019\u00e0 18 kilogrammes de CO\u2082 par an dans des conditions adapt\u00e9es.<\/p>\n<p>Ces structures doivent toutefois \u00eatre entretenues. L\u2019installation n\u00e9cessite suffisamment de lumi\u00e8re, de chaleur et d\u2019humidit\u00e9, tandis que l\u2019\u00e9tat des micro-organismes doit \u00eatre surveill\u00e9 quotidiennement.<\/p>\n<p>Une autre exp\u00e9rimentation, baptis\u00e9e \u00ab Dafne\u2019s Skin \u00bb, a \u00e9t\u00e9 pr\u00e9sent\u00e9e \u00e0 la Triennale de Milan. Elle explore l\u2019utilisation de micro-organismes vivants sur des enveloppes de b\u00e2timents et sur des surfaces en bois, en transformant le d\u00e9veloppement biologique en \u00e9l\u00e9ment architectural visible.<\/p>\n<h2>Vers des fa\u00e7ades qui absorbent le carbone ?<\/h2>\n<p>\u00c0 terme, les chercheurs envisagent d\u2019utiliser ce mat\u00e9riau comme rev\u00eatement de fa\u00e7ade. Les parois ext\u00e9rieures des b\u00e2timents pourraient alors devenir des surfaces biologiquement actives, capables de fixer du CO\u2082 pendant plusieurs mois ou plusieurs ann\u00e9es.<\/p>\n<p>L\u2019id\u00e9e est particuli\u00e8rement int\u00e9ressante pour le secteur de la construction, o\u00f9 la production du ciment, du b\u00e9ton et de l\u2019acier repr\u00e9sente une source importante d\u2019\u00e9missions de gaz \u00e0 effet de serre.<\/p>\n<p>Le mat\u00e9riau de l\u2019ETH Zurich ne remplacerait probablement pas, dans un premier temps, les structures porteuses traditionnelles. Sa faible rigidit\u00e9 initiale, sa d\u00e9pendance \u00e0 la lumi\u00e8re et \u00e0 l\u2019humidit\u00e9 ainsi que les besoins des micro-organismes limitent encore ses applications.<\/p>\n<p>Il pourrait en revanche \u00eatre utilis\u00e9 sous forme de panneaux, de rev\u00eatements non porteurs, d\u2019\u00e9l\u00e9ments d\u00e9coratifs ou de modules ajout\u00e9s \u00e0 des b\u00e2timents existants.<\/p>\n<figure id=\"attachment_29852\" aria-describedby=\"caption-attachment-29852\" style=\"width: 800px\" class=\"wp-caption aligncenter\"><img data-recalc-dims=\"1\" loading=\"lazy\" decoding=\"async\" data-attachment-id=\"29852\" data-permalink=\"https:\/\/www.laterredufutur.com\/accueil\/des-batiments-vivants-capables-dabsorber-le-co%e2%82%82-et-de-se-renforcer-avec-le-temps\/algues-bleu-vert__facade-batiment-2\/\" data-orig-file=\"https:\/\/i0.wp.com\/www.laterredufutur.com\/accueil\/wp-content\/uploads\/2026\/09\/algues-bleu-vert__Facade-batiment-2.jpg?fit=1536%2C1024&amp;ssl=1\" data-orig-size=\"1536,1024\" data-comments-opened=\"0\" data-image-meta=\"{&quot;aperture&quot;:&quot;0&quot;,&quot;credit&quot;:&quot;&quot;,&quot;camera&quot;:&quot;&quot;,&quot;caption&quot;:&quot;&quot;,&quot;created_timestamp&quot;:&quot;0&quot;,&quot;copyright&quot;:&quot;&quot;,&quot;focal_length&quot;:&quot;0&quot;,&quot;iso&quot;:&quot;0&quot;,&quot;shutter_speed&quot;:&quot;0&quot;,&quot;title&quot;:&quot;&quot;,&quot;orientation&quot;:&quot;0&quot;,&quot;alt&quot;:&quot;&quot;}\" data-image-title=\"algues bleu-vert__Fa\u00e7ade b\u00e2timent 2\" data-image-description=\"\" data-image-caption=\"\" data-large-file=\"https:\/\/i0.wp.com\/www.laterredufutur.com\/accueil\/wp-content\/uploads\/2026\/09\/algues-bleu-vert__Facade-batiment-2.jpg?fit=800%2C533&amp;ssl=1\" class=\"wp-image-29852 size-large\" src=\"https:\/\/i0.wp.com\/www.laterredufutur.com\/accueil\/wp-content\/uploads\/2026\/09\/algues-bleu-vert__Facade-batiment-2.jpg?resize=800%2C533&#038;ssl=1\" alt=\"\" width=\"800\" height=\"533\" srcset=\"https:\/\/i0.wp.com\/www.laterredufutur.com\/accueil\/wp-content\/uploads\/2026\/09\/algues-bleu-vert__Facade-batiment-2.jpg?resize=800%2C533&amp;ssl=1 800w, https:\/\/i0.wp.com\/www.laterredufutur.com\/accueil\/wp-content\/uploads\/2026\/09\/algues-bleu-vert__Facade-batiment-2.jpg?resize=300%2C200&amp;ssl=1 300w, https:\/\/i0.wp.com\/www.laterredufutur.com\/accueil\/wp-content\/uploads\/2026\/09\/algues-bleu-vert__Facade-batiment-2.jpg?resize=80%2C53&amp;ssl=1 80w, https:\/\/i0.wp.com\/www.laterredufutur.com\/accueil\/wp-content\/uploads\/2026\/09\/algues-bleu-vert__Facade-batiment-2.jpg?resize=768%2C512&amp;ssl=1 768w, https:\/\/i0.wp.com\/www.laterredufutur.com\/accueil\/wp-content\/uploads\/2026\/09\/algues-bleu-vert__Facade-batiment-2.jpg?resize=1226%2C817&amp;ssl=1 1226w, https:\/\/i0.wp.com\/www.laterredufutur.com\/accueil\/wp-content\/uploads\/2026\/09\/algues-bleu-vert__Facade-batiment-2.jpg?resize=928%2C619&amp;ssl=1 928w, https:\/\/i0.wp.com\/www.laterredufutur.com\/accueil\/wp-content\/uploads\/2026\/09\/algues-bleu-vert__Facade-batiment-2.jpg?resize=480%2C320&amp;ssl=1 480w, https:\/\/i0.wp.com\/www.laterredufutur.com\/accueil\/wp-content\/uploads\/2026\/09\/algues-bleu-vert__Facade-batiment-2.jpg?w=1536&amp;ssl=1 1536w\" sizes=\"auto, (max-width: 800px) 100vw, 800px\" \/><figcaption id=\"caption-attachment-29852\" class=\"wp-caption-text\">Illustration<\/figcaption><\/figure>\n<h2>Des limites encore importantes<\/h2>\n<p>Avant d\u2019imaginer des villes enti\u00e8rement recouvertes de mat\u00e9riaux vivants, plusieurs difficult\u00e9s devront \u00eatre r\u00e9solues.<\/p>\n<p>Il faudra notamment d\u00e9terminer comment le mat\u00e9riau r\u00e9siste au gel, aux fortes chaleurs, \u00e0 la s\u00e9cheresse, aux UV, \u00e0 la pollution atmosph\u00e9rique et aux variations de luminosit\u00e9. Sa dur\u00e9e de vie r\u00e9elle en ext\u00e9rieur reste \u00e9galement \u00e0 mesurer.<\/p>\n<p>L\u2019approvisionnement en eau et en nutriments repr\u00e9sente un autre d\u00e9fi. M\u00eame si les cyanobact\u00e9ries ont des besoins relativement modestes, une fa\u00e7ade vivante n\u00e9cessiterait probablement un syst\u00e8me d\u2019irrigation, de r\u00e9cup\u00e9ration d\u2019eau ou de circulation nutritive.<\/p>\n<p>La s\u00e9curit\u00e9 biologique, la r\u00e9sistance au feu, la stabilit\u00e9 m\u00e9canique, les co\u00fbts de production et l\u2019int\u00e9gration aux normes du b\u00e2timent devront \u00e9galement faire l\u2019objet d\u2019\u00e9tudes approfondies.<\/p>\n<p>Enfin, le bilan carbone complet devra tenir compte de la fabrication de l\u2019hydrogel, de l\u2019impression 3D, de l\u2019entretien des structures et de leur traitement en fin de vie. Capturer du CO\u2082 pendant l\u2019utilisation ne suffit pas \u00e0 garantir qu\u2019un produit soit r\u00e9ellement neutre ou n\u00e9gatif en carbone sur l\u2019ensemble de son cycle de vie.<\/p>\n<h2>Une nouvelle mani\u00e8re de penser l\u2019architecture<\/h2>\n<p>Cette recherche marque n\u00e9anmoins une \u00e9volution profonde dans la conception des mat\u00e9riaux. Traditionnellement, un mat\u00e9riau de construction est consid\u00e9r\u00e9 comme une mati\u00e8re inerte, con\u00e7ue pour rester stable le plus longtemps possible.<\/p>\n<p>Les mat\u00e9riaux vivants introduisent une autre logique : ils peuvent \u00e9voluer, interagir avec leur environnement et acqu\u00e9rir de nouvelles propri\u00e9t\u00e9s gr\u00e2ce au m\u00e9tabolisme de micro-organismes.<\/p>\n<p>Les futurs b\u00e2timents pourraient ainsi ne plus \u00eatre uniquement des objets passifs consommant de l\u2019\u00e9nergie et des ressources. Certaines parties de leur enveloppe pourraient produire de la biomasse, stocker du carbone, filtrer l\u2019air ou modifier leurs caract\u00e9ristiques en fonction de leur environnement.<\/p>\n<p>Les travaux de l\u2019ETH Zurich ne signifient donc pas que des immeubles vivants capables de sauver le climat seront construits d\u00e8s demain. Ils montrent cependant qu\u2019il devient possible d\u2019associer biologie, architecture et fabrication num\u00e9rique pour cr\u00e9er des mat\u00e9riaux actifs.<\/p>\n<p>\u00c0 l\u2019avenir, nos murs ne seront peut-\u00eatre plus totalement inertes. Certains pourraient respirer, se min\u00e9raliser lentement et participer, \u00e0 leur \u00e9chelle, \u00e0 la capture du carbone atmosph\u00e9rique.<\/p>\n<p>Adaptation Terra Projects&nbsp;<\/p>\n<h5><em>Sources<\/em><\/h5>\n<ul>\n<li><em>Dalia Dranseike, Yifan Cui, Andrea Shin Ling et collaborateurs, \u00ab Dual carbon sequestration with photosynthetic living materials \u00bb, Nature Communications, volume 16, article 3832, 2025.<\/em><\/li>\n<li><em>ETH Zurich, \u00ab A building material that lives and stores carbon \u00bb, 20 juin 2025.<\/em><\/li>\n<li><em>Programme ALIVE \u2014 Advanced Engineering with Living Materials, ETH Zurich.<\/em><\/li>\n<li><em>Projet architectural \u00ab Picoplanktonics \u00bb, Biennale d\u2019architecture de Venise.<\/em><\/li>\n<\/ul>\n<p class=\"bawpvc-ajax-counter\" data-id=\"29850\">(5)<\/p>\n<!--CusAds0-->\n<div style=\"font-size: 0px; height: 0px; line-height: 0px; margin: 0; padding: 0; clear: both;\"><\/div>","protected":false},"excerpt":{"rendered":"<p>Et si les b\u00e2timents de demain ne se contentaient plus de r\u00e9duire leurs \u00e9missions de carbone, mais devenaient eux-m\u00eames capables&#8230;<\/p>\n","protected":false},"author":1,"featured_media":29852,"comment_status":"closed","ping_status":"closed","sticky":false,"template":"","format":"standard","meta":{"_exactmetrics_skip_tracking":false,"ngg_post_thumbnail":0,"_jetpack_newsletter_access":"","_jetpack_dont_email_post_to_subs":false,"_jetpack_newsletter_tier_id":0,"_jetpack_memberships_contains_paywalled_content":false,"_jetpack_feature_clip_id":0,"_jetpack_memberships_contains_paid_content":false,"footnotes":"","jetpack_publicize_message":"","jetpack_publicize_feature_enabled":true,"jetpack_social_post_already_shared":true,"jetpack_social_options":{"image_generator_settings":{"template":"highway","default_image_id":0,"font":"","enabled":false},"version":2},"jetpack_post_was_ever_published":false},"categories":[26],"tags":[7683,8409,2315,93,8410],"class_list":["post-29850","post","type-post","status-publish","format-standard","has-post-thumbnail","hentry","category-solutions","tag-absorbation","tag-algues-bleu-vert","tag-batiment","tag-co2","tag-facade","wpcat-26-id"],"jetpack_publicize_connections":[],"jetpack_shortlink":"https:\/\/wp.me\/p631RN-7Ls","jetpack-related-posts":[{"id":2908,"url":"https:\/\/www.laterredufutur.com\/accueil\/les-puits-de-carbone\/","url_meta":{"origin":29850,"position":0},"title":"Les Puits de Carbone","author":"Admin","date":"13 mai 2005","format":false,"excerpt":"Les puits de carbone : nos meilleurs alli\u00e9s\u2026 mais pourraient-ils un jour devenir une menace ? Les puits de carbone sont des \u00e9cosyst\u00e8mes capables de capter une partie du dioxyde de carbone (CO\u2082) pr\u00e9sent dans l'atmosph\u00e8re et de le stocker pendant des ann\u00e9es, voire des si\u00e8cles. Ils jouent un r\u00f4le\u2026","rel":"","context":"Dans &quot;Ecologie&quot;","block_context":{"text":"Ecologie","link":"https:\/\/www.laterredufutur.com\/accueil\/sujets\/ecologie\/"},"img":{"alt_text":"","src":"https:\/\/i0.wp.com\/www.laterredufutur.com\/accueil\/wp-content\/uploads\/2005\/05\/puits-de-carbone.png?fit=1200%2C800&ssl=1&resize=350%2C200","width":350,"height":200,"srcset":"https:\/\/i0.wp.com\/www.laterredufutur.com\/accueil\/wp-content\/uploads\/2005\/05\/puits-de-carbone.png?fit=1200%2C800&ssl=1&resize=350%2C200 1x, https:\/\/i0.wp.com\/www.laterredufutur.com\/accueil\/wp-content\/uploads\/2005\/05\/puits-de-carbone.png?fit=1200%2C800&ssl=1&resize=525%2C300 1.5x, https:\/\/i0.wp.com\/www.laterredufutur.com\/accueil\/wp-content\/uploads\/2005\/05\/puits-de-carbone.png?fit=1200%2C800&ssl=1&resize=700%2C400 2x, https:\/\/i0.wp.com\/www.laterredufutur.com\/accueil\/wp-content\/uploads\/2005\/05\/puits-de-carbone.png?fit=1200%2C800&ssl=1&resize=1050%2C600 3x"},"classes":[]},{"id":13582,"url":"https:\/\/www.laterredufutur.com\/accueil\/nous-devrions-tous-couvrir-nos-habitations-de-vegetations\/","url_meta":{"origin":29850,"position":1},"title":"Nous devrions tous couvrir nos habitations de v\u00e9g\u00e9tations","author":"Admin","date":"16 octobre 2016","format":false,"excerpt":"Les b\u00e2timents couverts d'un tapis de v\u00e9g\u00e9tation et de verdure se multiplient partout dans le monde - regardez Central Park \u00e0 Sydney, Bosco Verticale \u00e0 Milan, ou Oasia H\u00f4tel Downtown \u00e0 Singapour. Mais pour quelles raisons les architectes et les experts en b\u00e2timent passent au vert? Le Cabinet de design\u2026","rel":"","context":"Dans &quot;Ecologie&quot;","block_context":{"text":"Ecologie","link":"https:\/\/www.laterredufutur.com\/accueil\/sujets\/ecologie\/"},"img":{"alt_text":"","src":"https:\/\/i0.wp.com\/www.laterredufutur.com\/accueil\/wp-content\/uploads\/2016\/10\/batiments-verts.jpg?fit=1024%2C415&ssl=1&resize=350%2C200","width":350,"height":200,"srcset":"https:\/\/i0.wp.com\/www.laterredufutur.com\/accueil\/wp-content\/uploads\/2016\/10\/batiments-verts.jpg?fit=1024%2C415&ssl=1&resize=350%2C200 1x, https:\/\/i0.wp.com\/www.laterredufutur.com\/accueil\/wp-content\/uploads\/2016\/10\/batiments-verts.jpg?fit=1024%2C415&ssl=1&resize=525%2C300 1.5x, https:\/\/i0.wp.com\/www.laterredufutur.com\/accueil\/wp-content\/uploads\/2016\/10\/batiments-verts.jpg?fit=1024%2C415&ssl=1&resize=700%2C400 2x"},"classes":[]},{"id":4795,"url":"https:\/\/www.laterredufutur.com\/accueil\/le-ciment-qui-absorbe-la-pollution\/","url_meta":{"origin":29850,"position":2},"title":"Le ciment qui absorbe la pollution","author":"Admin","date":"9 mars 2009","format":false,"excerpt":"Fruit de dix ans de recherche, le ciment d\u00e9polluant Calcia a \u00e9t\u00e9 lanc\u00e9 en 2006 sur le march\u00e9 fran\u00e7ais. Ce ciment absorbe les principaux polluants issus de la circulation automobile et du chauffage domestique. Gr\u00e2ce \u00e0 l'\u00e9nergie lumineuse, le photocatalyseur contenu dans le ciment acc\u00e9l\u00e8re la r\u00e9action chimique qui d\u00e9compose\u2026","rel":"","context":"Dans &quot;Pollution&quot;","block_context":{"text":"Pollution","link":"https:\/\/www.laterredufutur.com\/accueil\/sujets\/pollution\/"},"img":{"alt_text":"","src":"","width":0,"height":0},"classes":[]},{"id":27379,"url":"https:\/\/www.laterredufutur.com\/accueil\/decouverte-dun-interrupteur-de-methane-dans-locean-arctique-qui-a-contribue-au-rechauffement-climatique-rapide\/","url_meta":{"origin":29850,"position":3},"title":"D\u00e9couverte d&rsquo;un \u00ab interrupteur \u00bb de m\u00e9thane dans l&rsquo;oc\u00e9an Arctique qui a contribu\u00e9 au r\u00e9chauffement climatique rapide","author":"Admin","date":"23 octobre 2025","format":false,"excerpt":"L\u2019oc\u00e9an Arctique \u00e9tait autrefois une source importante de gaz \u00e0 effet de serre dans l\u2019atmosph\u00e8re \u2014 et il pourrait le redevenir, avertissent les chercheurs. L\u2019oc\u00e9an Arctique \u00e9tait autrefois une source importante de gaz \u00e0 effet de serre dans l\u2019atmosph\u00e8re \u2014 et il pourrait le redevenir, avertissent les chercheurs. Le m\u00e9thane\u2026","rel":"","context":"Dans &quot;Pollution&quot;","block_context":{"text":"Pollution","link":"https:\/\/www.laterredufutur.com\/accueil\/sujets\/pollution\/"},"img":{"alt_text":"","src":"https:\/\/i0.wp.com\/www.laterredufutur.com\/accueil\/wp-content\/uploads\/2016\/09\/tdf-artic.jpg?fit=1200%2C788&ssl=1&resize=350%2C200","width":350,"height":200,"srcset":"https:\/\/i0.wp.com\/www.laterredufutur.com\/accueil\/wp-content\/uploads\/2016\/09\/tdf-artic.jpg?fit=1200%2C788&ssl=1&resize=350%2C200 1x, https:\/\/i0.wp.com\/www.laterredufutur.com\/accueil\/wp-content\/uploads\/2016\/09\/tdf-artic.jpg?fit=1200%2C788&ssl=1&resize=525%2C300 1.5x, https:\/\/i0.wp.com\/www.laterredufutur.com\/accueil\/wp-content\/uploads\/2016\/09\/tdf-artic.jpg?fit=1200%2C788&ssl=1&resize=700%2C400 2x, https:\/\/i0.wp.com\/www.laterredufutur.com\/accueil\/wp-content\/uploads\/2016\/09\/tdf-artic.jpg?fit=1200%2C788&ssl=1&resize=1050%2C600 3x"},"classes":[]},{"id":26063,"url":"https:\/\/www.laterredufutur.com\/accueil\/une-etude-montre-quune-circulation-oceanique-plus-faible-pourrait-favoriser-laccumulation-de-co%e2%82%82-dans-latmosphere\/","url_meta":{"origin":29850,"position":4},"title":"Une \u00e9tude montre qu&rsquo;une circulation oc\u00e9anique plus faible pourrait favoriser l&rsquo;accumulation de CO\u2082 dans l&rsquo;atmosph\u00e8re","author":"Admin","date":"16 juillet 2024","format":false,"excerpt":"\u00c0 mesure que le changement climatique progresse, la circulation de retournement de l'oc\u00e9an devrait s'affaiblir consid\u00e9rablement. Les scientifiques estiment qu'avec un tel ralentissement, l'oc\u00e9an absorbera moins de dioxyde de carbone de l'atmosph\u00e8re. Toutefois, une circulation plus lente devrait \u00e9galement permettre de draguer moins de carbone des profondeurs de l'oc\u00e9an qui,\u2026","rel":"","context":"Dans &quot;Climat&quot;","block_context":{"text":"Climat","link":"https:\/\/www.laterredufutur.com\/accueil\/sujets\/climat\/"},"img":{"alt_text":"","src":"https:\/\/i0.wp.com\/www.laterredufutur.com\/accueil\/wp-content\/uploads\/2022\/10\/ocean-mer.jpg?fit=1024%2C683&ssl=1&resize=350%2C200","width":350,"height":200,"srcset":"https:\/\/i0.wp.com\/www.laterredufutur.com\/accueil\/wp-content\/uploads\/2022\/10\/ocean-mer.jpg?fit=1024%2C683&ssl=1&resize=350%2C200 1x, https:\/\/i0.wp.com\/www.laterredufutur.com\/accueil\/wp-content\/uploads\/2022\/10\/ocean-mer.jpg?fit=1024%2C683&ssl=1&resize=525%2C300 1.5x, https:\/\/i0.wp.com\/www.laterredufutur.com\/accueil\/wp-content\/uploads\/2022\/10\/ocean-mer.jpg?fit=1024%2C683&ssl=1&resize=700%2C400 2x"},"classes":[]},{"id":29563,"url":"https:\/\/www.laterredufutur.com\/accueil\/lors-des-episodes-el-nino-lamazonie-peut-cesser-dabsorber-du-carbone\/","url_meta":{"origin":29850,"position":5},"title":"Lors des \u00e9pisodes El Ni\u00f1o, l\u2019Amazonie peut cesser d\u2019absorber du carbone","author":"Admin","date":"14 ao\u00fbt 2026","format":false,"excerpt":"La for\u00eat amazonienne est souvent pr\u00e9sent\u00e9e comme l\u2019un des grands \u00ab poumons verts \u00bb de la plan\u00e8te. L\u2019expression est imparfaite, mais elle rappelle une r\u00e9alit\u00e9 essentielle : gr\u00e2ce \u00e0 la photosynth\u00e8se, les arbres pr\u00e9l\u00e8vent du dioxyde de carbone dans l\u2019atmosph\u00e8re et en stockent une partie dans leur bois, leurs racines\u2026","rel":"","context":"Dans &quot;Climat&quot;","block_context":{"text":"Climat","link":"https:\/\/www.laterredufutur.com\/accueil\/sujets\/climat\/"},"img":{"alt_text":"","src":"https:\/\/i0.wp.com\/www.laterredufutur.com\/accueil\/wp-content\/uploads\/2026\/08\/Amazonie.jpg?fit=1200%2C675&ssl=1&resize=350%2C200","width":350,"height":200,"srcset":"https:\/\/i0.wp.com\/www.laterredufutur.com\/accueil\/wp-content\/uploads\/2026\/08\/Amazonie.jpg?fit=1200%2C675&ssl=1&resize=350%2C200 1x, https:\/\/i0.wp.com\/www.laterredufutur.com\/accueil\/wp-content\/uploads\/2026\/08\/Amazonie.jpg?fit=1200%2C675&ssl=1&resize=525%2C300 1.5x, https:\/\/i0.wp.com\/www.laterredufutur.com\/accueil\/wp-content\/uploads\/2026\/08\/Amazonie.jpg?fit=1200%2C675&ssl=1&resize=700%2C400 2x, https:\/\/i0.wp.com\/www.laterredufutur.com\/accueil\/wp-content\/uploads\/2026\/08\/Amazonie.jpg?fit=1200%2C675&ssl=1&resize=1050%2C600 3x"},"classes":[]}],"jetpack_sharing_enabled":true,"jetpack_featured_media_url":"https:\/\/i0.wp.com\/www.laterredufutur.com\/accueil\/wp-content\/uploads\/2026\/09\/algues-bleu-vert__Facade-batiment-2.jpg?fit=1536%2C1024&ssl=1","_links":{"self":[{"href":"https:\/\/www.laterredufutur.com\/accueil\/wp-json\/wp\/v2\/posts\/29850","targetHints":{"allow":["GET"]}}],"collection":[{"href":"https:\/\/www.laterredufutur.com\/accueil\/wp-json\/wp\/v2\/posts"}],"about":[{"href":"https:\/\/www.laterredufutur.com\/accueil\/wp-json\/wp\/v2\/types\/post"}],"author":[{"embeddable":true,"href":"https:\/\/www.laterredufutur.com\/accueil\/wp-json\/wp\/v2\/users\/1"}],"replies":[{"embeddable":true,"href":"https:\/\/www.laterredufutur.com\/accueil\/wp-json\/wp\/v2\/comments?post=29850"}],"version-history":[{"count":3,"href":"https:\/\/www.laterredufutur.com\/accueil\/wp-json\/wp\/v2\/posts\/29850\/revisions"}],"predecessor-version":[{"id":29856,"href":"https:\/\/www.laterredufutur.com\/accueil\/wp-json\/wp\/v2\/posts\/29850\/revisions\/29856"}],"wp:featuredmedia":[{"embeddable":true,"href":"https:\/\/www.laterredufutur.com\/accueil\/wp-json\/wp\/v2\/media\/29852"}],"wp:attachment":[{"href":"https:\/\/www.laterredufutur.com\/accueil\/wp-json\/wp\/v2\/media?parent=29850"}],"wp:term":[{"taxonomy":"category","embeddable":true,"href":"https:\/\/www.laterredufutur.com\/accueil\/wp-json\/wp\/v2\/categories?post=29850"},{"taxonomy":"post_tag","embeddable":true,"href":"https:\/\/www.laterredufutur.com\/accueil\/wp-json\/wp\/v2\/tags?post=29850"}],"curies":[{"name":"wp","href":"https:\/\/api.w.org\/{rel}","templated":true}]}}