{"id":28059,"date":"2026-04-28T12:00:20","date_gmt":"2026-04-28T10:00:20","guid":{"rendered":"https:\/\/www.laterredufutur.com\/accueil\/?p=28059"},"modified":"2026-04-17T09:56:44","modified_gmt":"2026-04-17T07:56:44","slug":"un-monde-ou-levolution-humaine-na-pas-ralenti","status":"publish","type":"post","link":"https:\/\/www.laterredufutur.com\/accueil\/un-monde-ou-levolution-humaine-na-pas-ralenti\/","title":{"rendered":"Un monde o\u00f9 l&rsquo;\u00e9volution humaine n\u2019a pas ralenti"},"content":{"rendered":"<div class=\"1665f18d14f35dd9e7566e1a8ac9a3e9\" data-index=\"1\" style=\"float: none; margin:10px 0 10px 0; text-align:center;\">\n<script async src=\"https:\/\/pagead2.googlesyndication.com\/pagead\/js\/adsbygoogle.js\"><\/script>\r\n<ins class=\"adsbygoogle\"\r\n     style=\"display:block; text-align:center;\"\r\n     data-ad-layout=\"in-article\"\r\n     data-ad-format=\"fluid\"\r\n     data-ad-client=\"ca-pub-2860849627502538\"\r\n     data-ad-slot=\"3019501113\"><\/ins>\r\n<script>\r\n     (adsbygoogle = window.adsbygoogle || []).push({});\r\n<\/script>\n<\/div>\n<p>\u00ab L\u2019\u00e9volution humaine n\u2019a pas ralenti ; nous n\u2019avions simplement pas per\u00e7u le signal \u00bb : une vaste \u00e9tude ADN r\u00e9v\u00e8le que la s\u00e9lection naturelle a conduit \u00e0 une augmentation du nombre de roux et \u00e0 une diminution de la calvitie masculine.<\/p>\n<p>Selon une nouvelle \u00e9tude, l&rsquo;\u00e9volution en Eurasie occidentale au cours des 10 000 derni\u00e8res ann\u00e9es a favoris\u00e9 la s\u00e9lection chez l&rsquo;homme d&rsquo;une peau claire, de cheveux roux et d&rsquo;une r\u00e9sistance au VIH et \u00e0 la l\u00e8pre.<\/p>\n<p>Au cours des 10 000 derni\u00e8res ann\u00e9es, la s\u00e9lection naturelle a contribu\u00e9 \u00e0 l\u2019\u00e9volution de pr\u00e8s de 500 g\u00e8nes dans l\u2019 ADN des Eurasiens occidentaux, influen\u00e7ant leur apparence et leur sensibilit\u00e9 \u00e0 diff\u00e9rentes maladies, selon une nouvelle \u00e9tude.<\/p>\n<p>La s\u00e9lection naturelle au sein de ce groupe a entra\u00een\u00e9 une augmentation de la fr\u00e9quence des teints clairs, des cheveux roux et de la r\u00e9sistance au VIH et \u00e0 la l\u00e8pre (\u00e9galement appel\u00e9e maladie de Hansen), tout en diminuant la fr\u00e9quence de la calvitie masculine et la pr\u00e9disposition \u00e0 la polyarthrite rhumato\u00efde, r\u00e9v\u00e8le une nouvelle \u00e9tude portant sur 16 000 g\u00e9nomes. Cette d\u00e9couverte contredit l\u2019id\u00e9e longtemps admise que l\u2019\u00e9volution humaine r\u00e9cente aurait \u00e9t\u00e9 limit\u00e9e.<\/p>\n<p>\u00ab L\u2019\u00e9volution humaine n\u2019a pas ralenti ; nous n\u2019avions tout simplement pas per\u00e7u le signal \u00bb, a d\u00e9clar\u00e9 Ali Akbari, premier auteur de l\u2019\u00e9tude et chercheur \u00e0 l\u2019universit\u00e9 Harvard.<\/p>\n<p>L&rsquo;\u00e9volution peut se produire par divers m\u00e9canismes, notamment la mutation ; la s\u00e9lection naturelle, dans laquelle les traits avantageux pour la survie sont transmis \u00e0 la descendance ; le flux g\u00e9n\u00e9tique, dans lequel le mat\u00e9riel g\u00e9n\u00e9tique est m\u00e9lang\u00e9 entre les populations ; et la d\u00e9rive g\u00e9n\u00e9tique, dans laquelle la fr\u00e9quence d&rsquo;un g\u00e8ne dans une population change en raison du hasard.<\/p>\n<p>Dans une \u00e9tude publi\u00e9e mercredi (15 avril) dans la revue Nature , Akbari et ses coll\u00e8gues ont d\u00e9velopp\u00e9 une nouvelle m\u00e9thode statistique pour identifier la s\u00e9lection naturelle sur une p\u00e9riode de 18 000 ans dans des milliers de g\u00e9nomes anciens et modernes de personnes vivant en Eurasie occidentale, une zone englobant l&rsquo;Europe et des parties de l&rsquo;Asie occidentale, comme la Turquie.<\/p>\n<p>\u00ab Des travaux ant\u00e9rieurs, fond\u00e9s sur les traces laiss\u00e9es par la s\u00e9lection naturelle dans les g\u00e9nomes actuels, laissaient penser que la s\u00e9lection directionnelle \u00e9tait rare \u00bb, a d\u00e9clar\u00e9 Akbari. Mais gr\u00e2ce \u00e0 de vastes ensembles de donn\u00e9es comme celui rassembl\u00e9 par les chercheurs et \u00e0 des m\u00e9thodes permettant de distinguer le signal de la s\u00e9lection naturelle des autres processus \u00e9volutifs, \u00ab nous pouvons d\u00e9sormais d\u00e9tecter des changements petits mais constants au fil du temps \u00bb, a-t-il expliqu\u00e9.<\/p>\n<p>Les chercheurs ont mis en \u00e9vidence une s\u00e9lection naturelle dans 479 variants g\u00e9n\u00e9tiques de l&rsquo;ensemble de donn\u00e9es g\u00e9nomiques de l&rsquo;Eurasie occidentale, dont 60 % correspondent \u00e0 des caract\u00e9ristiques connues chez les populations actuelles. Parmi les variants g\u00e9n\u00e9tiques ayant subi une forte s\u00e9lection positive, certains sont impliqu\u00e9s dans l&rsquo;expression de caract\u00e9ristiques telles que le teint clair , les cheveux roux, la r\u00e9sistance au VIH et \u00e0 la l\u00e8pre, et le groupe sanguin B. Ils ont \u00e9galement d\u00e9couvert des g\u00e8nes associ\u00e9s \u00e0 une moindre probabilit\u00e9 de calvitie masculine et \u00e0 un risque r\u00e9duit de polyarthrite rhumato\u00efde.<\/p><div class=\"1665f18d14f35dd9e7566e1a8ac9a3e9\" data-index=\"2\" style=\"float: none; margin:10px 0 10px 0; text-align:center;\">\n<script async src=\"https:\/\/pagead2.googlesyndication.com\/pagead\/js\/adsbygoogle.js\"><\/script>\r\n<ins class=\"adsbygoogle\"\r\n     style=\"display:block; text-align:center;\"\r\n     data-ad-layout=\"in-article\"\r\n     data-ad-format=\"fluid\"\r\n     data-ad-client=\"ca-pub-2860849627502538\"\r\n     data-ad-slot=\"3019501113\"><\/ins>\r\n<script>\r\n     (adsbygoogle = window.adsbygoogle || []).push({});\r\n<\/script>\n<\/div>\n\n<p>Les r\u00e9sultats sugg\u00e8rent que toutes ces variantes ont \u00e9t\u00e9 utiles \u00e0 l&rsquo;\u00e9volution des populations modernes d&rsquo;Eurasie occidentale, mais l&rsquo;ADN ne permet pas d&rsquo;expliquer pr\u00e9cis\u00e9ment pourquoi ces caract\u00e9ristiques \u00e9taient avantageuses. L&rsquo;augmentation de la fr\u00e9quence des peaux claires refl\u00e8te probablement une s\u00e9lection favorisant une synth\u00e8se accrue de vitamine D dans les r\u00e9gions peu ensoleill\u00e9es, \u00e9crivent les chercheurs dans l&rsquo;\u00e9tude. En revanche, l&rsquo;augmentation du nombre de personnes rousses est plus difficile \u00e0 expliquer. Il est possible que les cheveux roux en eux-m\u00eames n&rsquo;aient pas \u00e9t\u00e9 b\u00e9n\u00e9fiques, mais que les g\u00e8nes responsables de cette caract\u00e9ristique soient \u00e9galement associ\u00e9s \u00e0 une adaptation plus importante.<\/p>\n<p>Les chercheurs ont constat\u00e9 que certains caract\u00e8res ont \u00e9t\u00e9 s\u00e9lectionn\u00e9s positivement ou n\u00e9gativement \u00e0 diff\u00e9rentes \u00e9poques. Pendant plusieurs mill\u00e9naires, la fr\u00e9quence des g\u00e8nes de pr\u00e9disposition \u00e0 la tuberculose a augment\u00e9, puis a diminu\u00e9 il y a environ 3 500 ans. De m\u00eame, la fr\u00e9quence des g\u00e8nes de pr\u00e9disposition \u00e0 la scl\u00e9rose en plaques a augment\u00e9 jusqu&rsquo;\u00e0 il y a environ 2 000 ans, avant de diminuer.<\/p>\n<p>\u00ab Cela refl\u00e8te probablement des changements environnementaux ou des pressions s\u00e9lectives au fil du temps ; par exemple, l&rsquo;introduction de nouveaux agents pathog\u00e8nes \u00bb, a d\u00e9clar\u00e9 Akbari.<\/p>\n<p>Les chercheurs ont mis leurs donn\u00e9es et leurs m\u00e9thodes \u2013 appel\u00e9es AGES (Ancient Genome Selection) \u2013 \u00e0 disposition gratuitement afin que d&rsquo;autres scientifiques puissent approfondir ces travaux. Akbari a indiqu\u00e9 que l&rsquo;\u00e9quipe de recherche pr\u00e9voit d\u00e9sormais d&rsquo;\u00e9tudier d&rsquo;autres groupes en dehors de l&rsquo;Eurasie occidentale pour mieux comprendre l&rsquo;\u00e9volution de la population humaine mondiale. Ils ont d\u00e9j\u00e0 publi\u00e9 une pr\u00e9publication d&rsquo;une \u00e9tude portant sur l&rsquo;Eurasie orientale, et plus pr\u00e9cis\u00e9ment sur des personnes d&rsquo;ascendance est-asiatique ; cette recherche a mis en \u00e9vidence des tendances similaires, a pr\u00e9cis\u00e9 Akbari.<\/p>\n<p>\u00ab Ce qui risque de varier d&rsquo;une r\u00e9gion \u00e0 l&rsquo;autre, ce n&rsquo;est pas tant la pr\u00e9sence ou l&rsquo;absence de s\u00e9lection, mais plut\u00f4t la mani\u00e8re dont les environnements locaux et les changements culturels l&rsquo;ont fa\u00e7onn\u00e9e, notamment des facteurs comme l&rsquo;alimentation, les agents pathog\u00e8nes et le climat \u00bb, a d\u00e9clar\u00e9 Akbari. \u00ab \u00c9tendre cette approche \u00e0 plus grande \u00e9chelle nous permettra de mieux comprendre comment diff\u00e9rentes pressions historiques ont influenc\u00e9 la biologie humaine dans divers contextes. \u00bb<\/p>\n<p>Adaptation <a href=\"https:\/\/www.laterredufutur.com\/accueil\/\" target=\"_blank\">Terra Projects<\/a><\/p>\n<p>Source : <a href=\"https:\/\/www.livescience.com\/archaeology\/human-evolution\/human-evolution-didnt-slow-down-we-were-just-missing-the-signal-large-dna-study-reveals-natural-selection-led-to-more-redheads-and-less-male-pattern-baldness\" target=\"_blank\">https:\/\/www.livescience.com\/<\/a><\/p>\n<p class=\"bawpvc-ajax-counter\" data-id=\"28059\">(10)<\/p>\n<!--CusAds0-->\n<div style=\"font-size: 0px; height: 0px; line-height: 0px; margin: 0; padding: 0; clear: both;\"><\/div>","protected":false},"excerpt":{"rendered":"<p>\u00ab L\u2019\u00e9volution humaine n\u2019a pas ralenti ; nous n\u2019avions simplement pas per\u00e7u le signal \u00bb : une vaste \u00e9tude ADN&#8230;<\/p>\n","protected":false},"author":1,"featured_media":28060,"comment_status":"closed","ping_status":"closed","sticky":false,"template":"","format":"standard","meta":{"_exactmetrics_skip_tracking":false,"_exactmetrics_sitenote_active":false,"_exactmetrics_sitenote_note":"","_exactmetrics_sitenote_category":0,"ngg_post_thumbnail":0,"jetpack_post_was_ever_published":false,"_jetpack_newsletter_access":"","_jetpack_dont_email_post_to_subs":false,"_jetpack_newsletter_tier_id":0,"_jetpack_memberships_contains_paywalled_content":false,"_jetpack_memberships_contains_paid_content":false,"footnotes":"","jetpack_publicize_message":"","jetpack_publicize_feature_enabled":true,"jetpack_social_post_already_shared":true,"jetpack_social_options":{"image_generator_settings":{"template":"highway","default_image_id":0,"font":"","enabled":false},"version":2}},"categories":[18],"tags":[954,355,2674,511,729],"class_list":["post-28059","post","type-post","status-publish","format-standard","has-post-thumbnail","hentry","category-monde-futur","tag-adn","tag-evolution","tag-femme","tag-homme","tag-humain","wpcat-18-id"],"jetpack_publicize_connections":[],"jetpack_featured_media_url":"https:\/\/i0.wp.com\/www.laterredufutur.com\/accueil\/wp-content\/uploads\/2026\/04\/couple-roux-homme-et-femme.jpg?fit=1024%2C1536&ssl=1","jetpack_shortlink":"https:\/\/wp.me\/p631RN-7iz","jetpack-related-posts":[{"id":25316,"url":"https:\/\/www.laterredufutur.com\/accueil\/une-lignee-humaine-inconnue-enfouie-dans-le-genome-de-neandertal\/","url_meta":{"origin":28059,"position":0},"title":"Une lign\u00e9e humaine inconnue enfouie dans le g\u00e9nome de Neandertal","author":"Admin","date":"27 octobre 2023","format":false,"excerpt":"Lorsque l'Homo sapiens a migr\u00e9 en Eurasie il y a plus de 70 000 ans, une grande partie du continent \u00e9tait d\u00e9j\u00e0 habit\u00e9e par les N\u00e9andertaliens, des hominiens qui partageaient un anc\u00eatre avec nous mais qui avaient pass\u00e9 environ un demi-million d'ann\u00e9es \u00e0 diverger. Nous ne savons pas grand-chose de\u2026","rel":"","context":"Dans &quot;Arch\u00e9ologie&quot;","block_context":{"text":"Arch\u00e9ologie","link":"https:\/\/www.laterredufutur.com\/accueil\/sujets\/archeologie\/"},"img":{"alt_text":"","src":"https:\/\/i0.wp.com\/www.laterredufutur.com\/accueil\/wp-content\/uploads\/2015\/11\/ao-neandertal.png?fit=979%2C768&ssl=1&resize=350%2C200","width":350,"height":200,"srcset":"https:\/\/i0.wp.com\/www.laterredufutur.com\/accueil\/wp-content\/uploads\/2015\/11\/ao-neandertal.png?fit=979%2C768&ssl=1&resize=350%2C200 1x, https:\/\/i0.wp.com\/www.laterredufutur.com\/accueil\/wp-content\/uploads\/2015\/11\/ao-neandertal.png?fit=979%2C768&ssl=1&resize=525%2C300 1.5x, https:\/\/i0.wp.com\/www.laterredufutur.com\/accueil\/wp-content\/uploads\/2015\/11\/ao-neandertal.png?fit=979%2C768&ssl=1&resize=700%2C400 2x"},"classes":[]},{"id":4256,"url":"https:\/\/www.laterredufutur.com\/accueil\/acceleration-de-levolution-genetique-chez-les-hommes-modernes\/","url_meta":{"origin":28059,"position":1},"title":"Acc\u00e9l\u00e9ration de l\u2019\u00e9volution g\u00e9n\u00e9tique chez les hommes modernes","author":"Admin","date":"11 janvier 2008","format":false,"excerpt":"Contredisant une theorie courante d\u2019apres laquelle l\u2019evolution s\u2019est ralentie voire meme arretee chez les hommes modernes, une nouvelle etude, fondee sur les donnees de recherches internationales sur le genome, decrit les 40.000 dernieres annees comme une periode surchargee au plan de l\u2019evolution. Celle-ci se serait trouvee acceleree sous l\u2019effet d\u2019une\u2026","rel":"","context":"Dans &quot;Divers&quot;","block_context":{"text":"Divers","link":"https:\/\/www.laterredufutur.com\/accueil\/sujets\/divers\/"},"img":{"alt_text":"","src":"","width":0,"height":0},"classes":[]},{"id":1784,"url":"https:\/\/www.laterredufutur.com\/accueil\/le-monde-du-passe-dans-notre-adn\/","url_meta":{"origin":28059,"position":2},"title":"Le monde du pass\u00e9 dans notre ADN","author":"Admin","date":"30 janvier 2014","format":false,"excerpt":"Depuis quelques mois, les informations sur l'origine de notre esp\u00e8ce, l'Homo Sapiens, font les titres de revues scientifiques. Que se passe t-il ? et qu'en est il r\u00e9ellement ? Du N\u00e9andertal \u00e0 notre ADN, de notre couleur de peau et \u00e0 nos origines, tout est d\u00e9crypt\u00e9 car nous avons atteint\u2026","rel":"","context":"Dans &quot;Monde Futur&quot;","block_context":{"text":"Monde Futur","link":"https:\/\/www.laterredufutur.com\/accueil\/sujets\/monde-futur\/"},"img":{"alt_text":"homo sapiens neandertal","src":"https:\/\/i0.wp.com\/www.laterredufutur.com\/wordpress\/wp-content\/uploads\/2014\/01\/homo-sapiens-neandertal.jpg?resize=350%2C200","width":350,"height":200},"classes":[]},{"id":391,"url":"https:\/\/www.laterredufutur.com\/accueil\/un-monde-plus-sage\/","url_meta":{"origin":28059,"position":3},"title":"Un monde plus sage","author":"Admin","date":"24 juin 2011","format":false,"excerpt":"La loi de l'\u00e9volution de l'esp\u00e8ce humaine est tout autre de ce que l'on peut imaginer. Tout d'abord, il y a eu plusieurs esp\u00e8ces humaines qui ont disparu avec les mill\u00e9naires. L'Homo \u00e9rectus, l'Homme de N\u00e9andertal, L'Homme de Cro Magnon, l'Homo Goliath, l'Homo habilis, l'Homo Sapiens,\u00a0l'Homme de Flores,\u00a0et L'Homo Hobbit.\u2026","rel":"","context":"Dans &quot;Monde Futur&quot;","block_context":{"text":"Monde Futur","link":"https:\/\/www.laterredufutur.com\/accueil\/sujets\/monde-futur\/"},"img":{"alt_text":"sagesse","src":"https:\/\/i0.wp.com\/www.laterredufutur.com\/wordpress\/wp-content\/uploads\/2011\/06\/sage.jpg?resize=350%2C200","width":350,"height":200},"classes":[]},{"id":9545,"url":"https:\/\/www.laterredufutur.com\/accueil\/ladn-ancien-revele-comment-nous-a-change\/","url_meta":{"origin":28059,"position":4},"title":"L&rsquo;ADN ancien r\u00e9v\u00e8le comment l&rsquo;agriculture nous a chang\u00e9s","author":"Admin","date":"7 d\u00e9cembre 2015","format":false,"excerpt":"L'ADN ancien r\u00e9v\u00e8le comment l'agriculture a chang\u00e9 notre taille, la digestion et la couleur de la peau. Ceci est la raison pour laquelle vous pouvez boire du lait. Pour la premi\u00e8re fois, les chercheurs ont analys\u00e9\u00a0de\u00a0l'ADN ancien pr\u00e9lev\u00e9 chez des humains qui ont v\u00e9cu avant, pendant et apr\u00e8s la r\u00e9volution\u2026","rel":"","context":"Dans &quot;Arch\u00e9ologie&quot;","block_context":{"text":"Arch\u00e9ologie","link":"https:\/\/www.laterredufutur.com\/accueil\/sujets\/archeologie\/"},"img":{"alt_text":"","src":"https:\/\/i0.wp.com\/www.laterredufutur.com\/accueil\/wp-content\/uploads\/2015\/11\/squelette-tombe.jpg?fit=1024%2C415&ssl=1&resize=350%2C200","width":350,"height":200,"srcset":"https:\/\/i0.wp.com\/www.laterredufutur.com\/accueil\/wp-content\/uploads\/2015\/11\/squelette-tombe.jpg?fit=1024%2C415&ssl=1&resize=350%2C200 1x, https:\/\/i0.wp.com\/www.laterredufutur.com\/accueil\/wp-content\/uploads\/2015\/11\/squelette-tombe.jpg?fit=1024%2C415&ssl=1&resize=525%2C300 1.5x, https:\/\/i0.wp.com\/www.laterredufutur.com\/accueil\/wp-content\/uploads\/2015\/11\/squelette-tombe.jpg?fit=1024%2C415&ssl=1&resize=700%2C400 2x"},"classes":[]},{"id":3037,"url":"https:\/\/www.laterredufutur.com\/accueil\/vers-un-monde-et-une-espece-plus-sage\/","url_meta":{"origin":28059,"position":5},"title":"Vers un monde et une esp\u00e8ce plus sage","author":"Admin","date":"12 septembre 2005","format":false,"excerpt":"La loi de l'\u00e9volution de l'esp\u00e8ce humaine est tout autre de ce que l'on peut imaginer. Tout d'abord, il y a eu plusieurs esp\u00e8ces humaines qui ont disparu avec les mill\u00e9naires. L'Homo \u00e9rectus, l'Homme de N\u00e9andertal, L'Homme de Cro Magnon, l'Homo Goliath, l'Homo habilis, l'Homo Sapiens,\u00a0l'Homme de Flores,\u00a0et L'Homo Hobbit.\u2026","rel":"","context":"Dans &quot;Monde Futur&quot;","block_context":{"text":"Monde Futur","link":"https:\/\/www.laterredufutur.com\/accueil\/sujets\/monde-futur\/"},"img":{"alt_text":"","src":"","width":0,"height":0},"classes":[]}],"jetpack_sharing_enabled":true,"_links":{"self":[{"href":"https:\/\/www.laterredufutur.com\/accueil\/wp-json\/wp\/v2\/posts\/28059","targetHints":{"allow":["GET"]}}],"collection":[{"href":"https:\/\/www.laterredufutur.com\/accueil\/wp-json\/wp\/v2\/posts"}],"about":[{"href":"https:\/\/www.laterredufutur.com\/accueil\/wp-json\/wp\/v2\/types\/post"}],"author":[{"embeddable":true,"href":"https:\/\/www.laterredufutur.com\/accueil\/wp-json\/wp\/v2\/users\/1"}],"replies":[{"embeddable":true,"href":"https:\/\/www.laterredufutur.com\/accueil\/wp-json\/wp\/v2\/comments?post=28059"}],"version-history":[{"count":2,"href":"https:\/\/www.laterredufutur.com\/accueil\/wp-json\/wp\/v2\/posts\/28059\/revisions"}],"predecessor-version":[{"id":28062,"href":"https:\/\/www.laterredufutur.com\/accueil\/wp-json\/wp\/v2\/posts\/28059\/revisions\/28062"}],"wp:featuredmedia":[{"embeddable":true,"href":"https:\/\/www.laterredufutur.com\/accueil\/wp-json\/wp\/v2\/media\/28060"}],"wp:attachment":[{"href":"https:\/\/www.laterredufutur.com\/accueil\/wp-json\/wp\/v2\/media?parent=28059"}],"wp:term":[{"taxonomy":"category","embeddable":true,"href":"https:\/\/www.laterredufutur.com\/accueil\/wp-json\/wp\/v2\/categories?post=28059"},{"taxonomy":"post_tag","embeddable":true,"href":"https:\/\/www.laterredufutur.com\/accueil\/wp-json\/wp\/v2\/tags?post=28059"}],"curies":[{"name":"wp","href":"https:\/\/api.w.org\/{rel}","templated":true}]}}