{"id":28000,"date":"2026-04-24T12:00:53","date_gmt":"2026-04-24T10:00:53","guid":{"rendered":"https:\/\/www.laterredufutur.com\/accueil\/?p=28000"},"modified":"2026-04-18T15:30:27","modified_gmt":"2026-04-18T13:30:27","slug":"pourquoi-la-temperature-des-oceans-varie-t-elle","status":"publish","type":"post","link":"https:\/\/www.laterredufutur.com\/accueil\/pourquoi-la-temperature-des-oceans-varie-t-elle\/","title":{"rendered":"Pourquoi la temp\u00e9rature des oc\u00e9ans varie-t-elle ?"},"content":{"rendered":"<div class=\"1665f18d14f35dd9e7566e1a8ac9a3e9\" data-index=\"1\" style=\"float: none; margin:10px 0 10px 0; text-align:center;\">\n<script async src=\"https:\/\/pagead2.googlesyndication.com\/pagead\/js\/adsbygoogle.js\"><\/script>\r\n<ins class=\"adsbygoogle\"\r\n     style=\"display:block; text-align:center;\"\r\n     data-ad-layout=\"in-article\"\r\n     data-ad-format=\"fluid\"\r\n     data-ad-client=\"ca-pub-2860849627502538\"\r\n     data-ad-slot=\"3019501113\"><\/ins>\r\n<script>\r\n     (adsbygoogle = window.adsbygoogle || []).push({});\r\n<\/script>\n<\/div>\n<p>Les oc\u00e9ans couvrent plus de 70 % de la surface de la Terre. Ils jouent un r\u00f4le fondamental dans le climat mondial, en stockant et redistribuant la chaleur. Mais leur temp\u00e9rature n\u2019est pas uniforme : elle varie selon de nombreux facteurs, parfois visibles, parfois invisibles.<\/p>\n<p><strong>1. Le Soleil : la principale source de chaleur<\/strong><\/p>\n<p><img data-recalc-dims=\"1\" loading=\"lazy\" decoding=\"async\" data-attachment-id=\"28001\" data-permalink=\"https:\/\/www.laterredufutur.com\/accueil\/pourquoi-la-temperature-des-oceans-varie-t-elle\/repartition-de-la-puissance-des-rayonnements-solaires-sur-la-terre\/\" data-orig-file=\"https:\/\/i0.wp.com\/www.laterredufutur.com\/accueil\/wp-content\/uploads\/2026\/04\/repartition-de-la-puissance-des-rayonnements-solaires-sur-la-Terre.jpg?fit=1080%2C513&amp;ssl=1\" data-orig-size=\"1080,513\" data-comments-opened=\"0\" data-image-meta=\"{&quot;aperture&quot;:&quot;0&quot;,&quot;credit&quot;:&quot;&quot;,&quot;camera&quot;:&quot;&quot;,&quot;caption&quot;:&quot;&quot;,&quot;created_timestamp&quot;:&quot;0&quot;,&quot;copyright&quot;:&quot;&quot;,&quot;focal_length&quot;:&quot;0&quot;,&quot;iso&quot;:&quot;0&quot;,&quot;shutter_speed&quot;:&quot;0&quot;,&quot;title&quot;:&quot;&quot;,&quot;orientation&quot;:&quot;0&quot;}\" data-image-title=\"repartition de la puissance des rayonnements solaires sur la Terre\" data-image-description=\"\" data-image-caption=\"\" data-large-file=\"https:\/\/i0.wp.com\/www.laterredufutur.com\/accueil\/wp-content\/uploads\/2026\/04\/repartition-de-la-puissance-des-rayonnements-solaires-sur-la-Terre.jpg?fit=800%2C380&amp;ssl=1\" class=\"aligncenter wp-image-28001 size-full\" src=\"https:\/\/i0.wp.com\/www.laterredufutur.com\/accueil\/wp-content\/uploads\/2026\/04\/repartition-de-la-puissance-des-rayonnements-solaires-sur-la-Terre.jpg?resize=1080%2C513&#038;ssl=1\" alt=\"\" width=\"1080\" height=\"513\" srcset=\"https:\/\/i0.wp.com\/www.laterredufutur.com\/accueil\/wp-content\/uploads\/2026\/04\/repartition-de-la-puissance-des-rayonnements-solaires-sur-la-Terre.jpg?w=1080&amp;ssl=1 1080w, https:\/\/i0.wp.com\/www.laterredufutur.com\/accueil\/wp-content\/uploads\/2026\/04\/repartition-de-la-puissance-des-rayonnements-solaires-sur-la-Terre.jpg?resize=300%2C143&amp;ssl=1 300w, https:\/\/i0.wp.com\/www.laterredufutur.com\/accueil\/wp-content\/uploads\/2026\/04\/repartition-de-la-puissance-des-rayonnements-solaires-sur-la-Terre.jpg?resize=800%2C380&amp;ssl=1 800w, https:\/\/i0.wp.com\/www.laterredufutur.com\/accueil\/wp-content\/uploads\/2026\/04\/repartition-de-la-puissance-des-rayonnements-solaires-sur-la-Terre.jpg?resize=80%2C38&amp;ssl=1 80w, https:\/\/i0.wp.com\/www.laterredufutur.com\/accueil\/wp-content\/uploads\/2026\/04\/repartition-de-la-puissance-des-rayonnements-solaires-sur-la-Terre.jpg?resize=768%2C365&amp;ssl=1 768w, https:\/\/i0.wp.com\/www.laterredufutur.com\/accueil\/wp-content\/uploads\/2026\/04\/repartition-de-la-puissance-des-rayonnements-solaires-sur-la-Terre.jpg?resize=928%2C441&amp;ssl=1 928w, https:\/\/i0.wp.com\/www.laterredufutur.com\/accueil\/wp-content\/uploads\/2026\/04\/repartition-de-la-puissance-des-rayonnements-solaires-sur-la-Terre.jpg?resize=480%2C228&amp;ssl=1 480w\" sizes=\"auto, (max-width: 1000px) 100vw, 1000px\" \/><br \/>\n<img data-recalc-dims=\"1\" loading=\"lazy\" decoding=\"async\" data-attachment-id=\"28002\" data-permalink=\"https:\/\/www.laterredufutur.com\/accueil\/pourquoi-la-temperature-des-oceans-varie-t-elle\/soltices-et-equinoxes\/\" data-orig-file=\"https:\/\/i0.wp.com\/www.laterredufutur.com\/accueil\/wp-content\/uploads\/2026\/04\/soltices-et-equinoxes.jpg?fit=1080%2C838&amp;ssl=1\" data-orig-size=\"1080,838\" data-comments-opened=\"0\" data-image-meta=\"{&quot;aperture&quot;:&quot;0&quot;,&quot;credit&quot;:&quot;&quot;,&quot;camera&quot;:&quot;&quot;,&quot;caption&quot;:&quot;&quot;,&quot;created_timestamp&quot;:&quot;0&quot;,&quot;copyright&quot;:&quot;&quot;,&quot;focal_length&quot;:&quot;0&quot;,&quot;iso&quot;:&quot;0&quot;,&quot;shutter_speed&quot;:&quot;0&quot;,&quot;title&quot;:&quot;&quot;,&quot;orientation&quot;:&quot;0&quot;}\" data-image-title=\"soltices et equinoxes\" data-image-description=\"\" data-image-caption=\"\" data-large-file=\"https:\/\/i0.wp.com\/www.laterredufutur.com\/accueil\/wp-content\/uploads\/2026\/04\/soltices-et-equinoxes.jpg?fit=800%2C621&amp;ssl=1\" class=\"aligncenter wp-image-28002 size-full\" src=\"https:\/\/i0.wp.com\/www.laterredufutur.com\/accueil\/wp-content\/uploads\/2026\/04\/soltices-et-equinoxes.jpg?resize=1080%2C838&#038;ssl=1\" alt=\"\" width=\"1080\" height=\"838\" srcset=\"https:\/\/i0.wp.com\/www.laterredufutur.com\/accueil\/wp-content\/uploads\/2026\/04\/soltices-et-equinoxes.jpg?w=1080&amp;ssl=1 1080w, https:\/\/i0.wp.com\/www.laterredufutur.com\/accueil\/wp-content\/uploads\/2026\/04\/soltices-et-equinoxes.jpg?resize=300%2C233&amp;ssl=1 300w, https:\/\/i0.wp.com\/www.laterredufutur.com\/accueil\/wp-content\/uploads\/2026\/04\/soltices-et-equinoxes.jpg?resize=800%2C621&amp;ssl=1 800w, https:\/\/i0.wp.com\/www.laterredufutur.com\/accueil\/wp-content\/uploads\/2026\/04\/soltices-et-equinoxes.jpg?resize=77%2C60&amp;ssl=1 77w, https:\/\/i0.wp.com\/www.laterredufutur.com\/accueil\/wp-content\/uploads\/2026\/04\/soltices-et-equinoxes.jpg?resize=768%2C596&amp;ssl=1 768w, https:\/\/i0.wp.com\/www.laterredufutur.com\/accueil\/wp-content\/uploads\/2026\/04\/soltices-et-equinoxes.jpg?resize=928%2C720&amp;ssl=1 928w, https:\/\/i0.wp.com\/www.laterredufutur.com\/accueil\/wp-content\/uploads\/2026\/04\/soltices-et-equinoxes.jpg?resize=480%2C372&amp;ssl=1 480w\" sizes=\"auto, (max-width: 1000px) 100vw, 1000px\" \/><\/p>\n<p>La source principale de chaleur des oc\u00e9ans est le rayonnement solaire.<br \/>\n\u00c0 l\u2019\u00e9quateur, les rayons du Soleil arrivent presque \u00e0 la verticale \u2192 forte \u00e9nergie \u2192 eaux chaudes (souvent &gt; 25\u00b0C).<br \/>\nVers les p\u00f4les, les rayons sont plus inclin\u00e9s \u2192 moins d\u2019\u00e9nergie \u2192 eaux froides.<br \/>\n&#8211; C\u2019est pour cela qu\u2019il existe un gradient thermique global : chaud aux tropiques, froid aux p\u00f4les.<\/p>\n<p>Mais ce n\u2019est pas tout :<br \/>\nLa dur\u00e9e d\u2019ensoleillement (saisons) joue aussi.<br \/>\nLa couverture nuageuse peut limiter le r\u00e9chauffement.<\/p>\n<p><strong>2. Les courants oc\u00e9aniques : les \u201cautoroutes de chaleur\u201d<\/strong><\/p>\n<p><img data-recalc-dims=\"1\" loading=\"lazy\" decoding=\"async\" data-attachment-id=\"28003\" data-permalink=\"https:\/\/www.laterredufutur.com\/accueil\/pourquoi-la-temperature-des-oceans-varie-t-elle\/grand-convoyeur-oceanique-courant-marin\/\" data-orig-file=\"https:\/\/i0.wp.com\/www.laterredufutur.com\/accueil\/wp-content\/uploads\/2026\/04\/grand-convoyeur-oceanique-courant-marin.jpg?fit=1080%2C723&amp;ssl=1\" data-orig-size=\"1080,723\" data-comments-opened=\"0\" data-image-meta=\"{&quot;aperture&quot;:&quot;0&quot;,&quot;credit&quot;:&quot;&quot;,&quot;camera&quot;:&quot;&quot;,&quot;caption&quot;:&quot;&quot;,&quot;created_timestamp&quot;:&quot;0&quot;,&quot;copyright&quot;:&quot;&quot;,&quot;focal_length&quot;:&quot;0&quot;,&quot;iso&quot;:&quot;0&quot;,&quot;shutter_speed&quot;:&quot;0&quot;,&quot;title&quot;:&quot;&quot;,&quot;orientation&quot;:&quot;0&quot;}\" data-image-title=\"grand convoyeur oceanique, courant marin\" data-image-description=\"\" data-image-caption=\"\" data-large-file=\"https:\/\/i0.wp.com\/www.laterredufutur.com\/accueil\/wp-content\/uploads\/2026\/04\/grand-convoyeur-oceanique-courant-marin.jpg?fit=800%2C536&amp;ssl=1\" class=\"aligncenter wp-image-28003 size-full\" src=\"https:\/\/i0.wp.com\/www.laterredufutur.com\/accueil\/wp-content\/uploads\/2026\/04\/grand-convoyeur-oceanique-courant-marin.jpg?resize=1080%2C723&#038;ssl=1\" alt=\"\" width=\"1080\" height=\"723\" srcset=\"https:\/\/i0.wp.com\/www.laterredufutur.com\/accueil\/wp-content\/uploads\/2026\/04\/grand-convoyeur-oceanique-courant-marin.jpg?w=1080&amp;ssl=1 1080w, https:\/\/i0.wp.com\/www.laterredufutur.com\/accueil\/wp-content\/uploads\/2026\/04\/grand-convoyeur-oceanique-courant-marin.jpg?resize=300%2C201&amp;ssl=1 300w, https:\/\/i0.wp.com\/www.laterredufutur.com\/accueil\/wp-content\/uploads\/2026\/04\/grand-convoyeur-oceanique-courant-marin.jpg?resize=800%2C536&amp;ssl=1 800w, https:\/\/i0.wp.com\/www.laterredufutur.com\/accueil\/wp-content\/uploads\/2026\/04\/grand-convoyeur-oceanique-courant-marin.jpg?resize=80%2C54&amp;ssl=1 80w, https:\/\/i0.wp.com\/www.laterredufutur.com\/accueil\/wp-content\/uploads\/2026\/04\/grand-convoyeur-oceanique-courant-marin.jpg?resize=768%2C514&amp;ssl=1 768w, https:\/\/i0.wp.com\/www.laterredufutur.com\/accueil\/wp-content\/uploads\/2026\/04\/grand-convoyeur-oceanique-courant-marin.jpg?resize=928%2C621&amp;ssl=1 928w, https:\/\/i0.wp.com\/www.laterredufutur.com\/accueil\/wp-content\/uploads\/2026\/04\/grand-convoyeur-oceanique-courant-marin.jpg?resize=480%2C321&amp;ssl=1 480w\" sizes=\"auto, (max-width: 1000px) 100vw, 1000px\" \/><\/p>\n<p>Les oc\u00e9ans sont en mouvement permanent gr\u00e2ce aux courants marins.<br \/>\nLes courants chauds (ex : le Gulf Stream) transportent de la chaleur vers les r\u00e9gions froides.<br \/>\nLes courants froids ram\u00e8nent de l\u2019eau froide vers les zones chaudes.<br \/>\n&#8211; Exemple concret :<br \/>\nL\u2019Europe de l\u2019Ouest est plus douce que le Canada \u00e0 la m\u00eame latitude gr\u00e2ce au Gulf Stream.<br \/>\nIl existe aussi une circulation profonde appel\u00e9e<br \/>\n&#8211; circulation thermohaline (li\u00e9e \u00e0 la temp\u00e9rature et \u00e0 la salinit\u00e9), qui agit sur des si\u00e8cles.<\/p>\n<p><img data-recalc-dims=\"1\" loading=\"lazy\" decoding=\"async\" data-attachment-id=\"28004\" data-permalink=\"https:\/\/www.laterredufutur.com\/accueil\/pourquoi-la-temperature-des-oceans-varie-t-elle\/circulation-courants-oceaniques\/\" data-orig-file=\"https:\/\/i0.wp.com\/www.laterredufutur.com\/accueil\/wp-content\/uploads\/2026\/04\/circulation-courants-oceaniques.jpg?fit=1080%2C752&amp;ssl=1\" data-orig-size=\"1080,752\" data-comments-opened=\"0\" data-image-meta=\"{&quot;aperture&quot;:&quot;0&quot;,&quot;credit&quot;:&quot;&quot;,&quot;camera&quot;:&quot;&quot;,&quot;caption&quot;:&quot;&quot;,&quot;created_timestamp&quot;:&quot;0&quot;,&quot;copyright&quot;:&quot;&quot;,&quot;focal_length&quot;:&quot;0&quot;,&quot;iso&quot;:&quot;0&quot;,&quot;shutter_speed&quot;:&quot;0&quot;,&quot;title&quot;:&quot;&quot;,&quot;orientation&quot;:&quot;0&quot;}\" data-image-title=\"circulation courants oceaniques\" data-image-description=\"\" data-image-caption=\"\" data-large-file=\"https:\/\/i0.wp.com\/www.laterredufutur.com\/accueil\/wp-content\/uploads\/2026\/04\/circulation-courants-oceaniques.jpg?fit=800%2C557&amp;ssl=1\" class=\"aligncenter wp-image-28004 size-full\" src=\"https:\/\/i0.wp.com\/www.laterredufutur.com\/accueil\/wp-content\/uploads\/2026\/04\/circulation-courants-oceaniques.jpg?resize=1080%2C752&#038;ssl=1\" alt=\"\" width=\"1080\" height=\"752\" srcset=\"https:\/\/i0.wp.com\/www.laterredufutur.com\/accueil\/wp-content\/uploads\/2026\/04\/circulation-courants-oceaniques.jpg?w=1080&amp;ssl=1 1080w, https:\/\/i0.wp.com\/www.laterredufutur.com\/accueil\/wp-content\/uploads\/2026\/04\/circulation-courants-oceaniques.jpg?resize=300%2C209&amp;ssl=1 300w, https:\/\/i0.wp.com\/www.laterredufutur.com\/accueil\/wp-content\/uploads\/2026\/04\/circulation-courants-oceaniques.jpg?resize=800%2C557&amp;ssl=1 800w, https:\/\/i0.wp.com\/www.laterredufutur.com\/accueil\/wp-content\/uploads\/2026\/04\/circulation-courants-oceaniques.jpg?resize=80%2C56&amp;ssl=1 80w, https:\/\/i0.wp.com\/www.laterredufutur.com\/accueil\/wp-content\/uploads\/2026\/04\/circulation-courants-oceaniques.jpg?resize=768%2C535&amp;ssl=1 768w, https:\/\/i0.wp.com\/www.laterredufutur.com\/accueil\/wp-content\/uploads\/2026\/04\/circulation-courants-oceaniques.jpg?resize=928%2C646&amp;ssl=1 928w, https:\/\/i0.wp.com\/www.laterredufutur.com\/accueil\/wp-content\/uploads\/2026\/04\/circulation-courants-oceaniques.jpg?resize=480%2C334&amp;ssl=1 480w\" sizes=\"auto, (max-width: 1000px) 100vw, 1000px\" \/><\/p>\n<p>Le vent agit comme un gigantesque agitateur :<br \/>\nIl m\u00e9lange les couches d\u2019eau \u2192 redistribue la chaleur.<br \/>\nIl peut provoquer des ph\u00e9nom\u00e8nes comme l\u2019upwelling (remont\u00e9e d\u2019eau froide des profondeurs).<br \/>\n&#8211; R\u00e9sultat :<br \/>\nCertaines zones tropicales peuvent \u00eatre plus fra\u00eeches que pr\u00e9vu.<br \/>\nLes zones de p\u00eache sont souvent li\u00e9es \u00e0 ces remont\u00e9es d\u2019eau riche en nutriments.<\/p><div class=\"1665f18d14f35dd9e7566e1a8ac9a3e9\" data-index=\"2\" style=\"float: none; margin:10px 0 10px 0; text-align:center;\">\n<script async src=\"https:\/\/pagead2.googlesyndication.com\/pagead\/js\/adsbygoogle.js\"><\/script>\r\n<ins class=\"adsbygoogle\"\r\n     style=\"display:block; text-align:center;\"\r\n     data-ad-layout=\"in-article\"\r\n     data-ad-format=\"fluid\"\r\n     data-ad-client=\"ca-pub-2860849627502538\"\r\n     data-ad-slot=\"3019501113\"><\/ins>\r\n<script>\r\n     (adsbygoogle = window.adsbygoogle || []).push({});\r\n<\/script>\n<\/div>\n\n<p><strong>3. La salinit\u00e9 et la densit\u00e9 de l\u2019eau<\/strong><br \/>\nLa temp\u00e9rature des oc\u00e9ans d\u00e9pend aussi de la densit\u00e9 de l\u2019eau, influenc\u00e9e par :<br \/>\nLa salinit\u00e9 (quantit\u00e9 de sel)<br \/>\nLa temp\u00e9rature elle-m\u00eame<br \/>\n&#8211; Une eau froide et sal\u00e9e est plus dense \u2192 elle plonge.<br \/>\n&#8211; Une eau chaude et moins sal\u00e9e reste en surface.<br \/>\nCela cr\u00e9e des couches oc\u00e9aniques et influence la circulation globale.<\/p>\n<p><img data-recalc-dims=\"1\" loading=\"lazy\" decoding=\"async\" data-attachment-id=\"28005\" data-permalink=\"https:\/\/www.laterredufutur.com\/accueil\/pourquoi-la-temperature-des-oceans-varie-t-elle\/echange-chaleur-ocean-atmosphere-glaciers-et-banquise\/\" data-orig-file=\"https:\/\/i0.wp.com\/www.laterredufutur.com\/accueil\/wp-content\/uploads\/2026\/04\/echange-chaleur-ocean-atmosphere-glaciers-et-banquise.jpg?fit=1080%2C636&amp;ssl=1\" data-orig-size=\"1080,636\" data-comments-opened=\"0\" data-image-meta=\"{&quot;aperture&quot;:&quot;0&quot;,&quot;credit&quot;:&quot;&quot;,&quot;camera&quot;:&quot;&quot;,&quot;caption&quot;:&quot;&quot;,&quot;created_timestamp&quot;:&quot;0&quot;,&quot;copyright&quot;:&quot;&quot;,&quot;focal_length&quot;:&quot;0&quot;,&quot;iso&quot;:&quot;0&quot;,&quot;shutter_speed&quot;:&quot;0&quot;,&quot;title&quot;:&quot;&quot;,&quot;orientation&quot;:&quot;0&quot;}\" data-image-title=\"echange chaleur ocean atmosphere glaciers et banquise\" data-image-description=\"\" data-image-caption=\"\" data-large-file=\"https:\/\/i0.wp.com\/www.laterredufutur.com\/accueil\/wp-content\/uploads\/2026\/04\/echange-chaleur-ocean-atmosphere-glaciers-et-banquise.jpg?fit=800%2C471&amp;ssl=1\" class=\"aligncenter wp-image-28005 size-full\" src=\"https:\/\/i0.wp.com\/www.laterredufutur.com\/accueil\/wp-content\/uploads\/2026\/04\/echange-chaleur-ocean-atmosphere-glaciers-et-banquise.jpg?resize=1080%2C636&#038;ssl=1\" alt=\"\" width=\"1080\" height=\"636\" srcset=\"https:\/\/i0.wp.com\/www.laterredufutur.com\/accueil\/wp-content\/uploads\/2026\/04\/echange-chaleur-ocean-atmosphere-glaciers-et-banquise.jpg?w=1080&amp;ssl=1 1080w, https:\/\/i0.wp.com\/www.laterredufutur.com\/accueil\/wp-content\/uploads\/2026\/04\/echange-chaleur-ocean-atmosphere-glaciers-et-banquise.jpg?resize=300%2C177&amp;ssl=1 300w, https:\/\/i0.wp.com\/www.laterredufutur.com\/accueil\/wp-content\/uploads\/2026\/04\/echange-chaleur-ocean-atmosphere-glaciers-et-banquise.jpg?resize=800%2C471&amp;ssl=1 800w, https:\/\/i0.wp.com\/www.laterredufutur.com\/accueil\/wp-content\/uploads\/2026\/04\/echange-chaleur-ocean-atmosphere-glaciers-et-banquise.jpg?resize=80%2C47&amp;ssl=1 80w, https:\/\/i0.wp.com\/www.laterredufutur.com\/accueil\/wp-content\/uploads\/2026\/04\/echange-chaleur-ocean-atmosphere-glaciers-et-banquise.jpg?resize=768%2C452&amp;ssl=1 768w, https:\/\/i0.wp.com\/www.laterredufutur.com\/accueil\/wp-content\/uploads\/2026\/04\/echange-chaleur-ocean-atmosphere-glaciers-et-banquise.jpg?resize=928%2C546&amp;ssl=1 928w, https:\/\/i0.wp.com\/www.laterredufutur.com\/accueil\/wp-content\/uploads\/2026\/04\/echange-chaleur-ocean-atmosphere-glaciers-et-banquise.jpg?resize=480%2C283&amp;ssl=1 480w\" sizes=\"auto, (max-width: 1000px) 100vw, 1000px\" \/><\/p>\n<p>La glace joue un r\u00f4le crucial gr\u00e2ce \u00e0 l\u2019alb\u00e9do (capacit\u00e9 \u00e0 r\u00e9fl\u00e9chir la lumi\u00e8re) :<br \/>\nLa glace r\u00e9fl\u00e9chit le Soleil \u2192 limite le r\u00e9chauffement.<br \/>\nL\u2019eau sombre absorbe la chaleur.<br \/>\n&#8211; Quand la glace fond :<br \/>\nL\u2019oc\u00e9an absorbe plus de chaleur<br \/>\nCela acc\u00e9l\u00e8re le r\u00e9chauffement (effet boule de neige)<\/p>\n<p><strong>4. Les ph\u00e9nom\u00e8nes naturels ponctuels<\/strong><br \/>\nCertains \u00e9v\u00e9nements modifient temporairement la temp\u00e9rature :<br \/>\nEl Ni\u00f1o : r\u00e9chauffement anormal du Pacifique<br \/>\nLa Ni\u00f1a : refroidissement<br \/>\n\u00c9ruptions volcaniques sous-marines<br \/>\nTemp\u00eates et cyclones<br \/>\n&#8211; Ces ph\u00e9nom\u00e8nes peuvent influencer le climat mondial pendant plusieurs mois \u00e0 ann\u00e9es.<\/p>\n<p><strong>5. Le changement climatique : un facteur majeur aujourd\u2019hui<\/strong><\/p>\n<p><img data-recalc-dims=\"1\" loading=\"lazy\" decoding=\"async\" data-attachment-id=\"28006\" data-permalink=\"https:\/\/www.laterredufutur.com\/accueil\/pourquoi-la-temperature-des-oceans-varie-t-elle\/temperature-des-oceans-de-1960-a-2025\/\" data-orig-file=\"https:\/\/i0.wp.com\/www.laterredufutur.com\/accueil\/wp-content\/uploads\/2026\/04\/temperature-des-oceans-de-1960-a-2025.jpg?fit=1080%2C572&amp;ssl=1\" data-orig-size=\"1080,572\" data-comments-opened=\"0\" data-image-meta=\"{&quot;aperture&quot;:&quot;0&quot;,&quot;credit&quot;:&quot;&quot;,&quot;camera&quot;:&quot;&quot;,&quot;caption&quot;:&quot;&quot;,&quot;created_timestamp&quot;:&quot;0&quot;,&quot;copyright&quot;:&quot;&quot;,&quot;focal_length&quot;:&quot;0&quot;,&quot;iso&quot;:&quot;0&quot;,&quot;shutter_speed&quot;:&quot;0&quot;,&quot;title&quot;:&quot;&quot;,&quot;orientation&quot;:&quot;0&quot;}\" data-image-title=\"temperature des oceans de 1960 \u00e0 2025\" data-image-description=\"\" data-image-caption=\"\" data-large-file=\"https:\/\/i0.wp.com\/www.laterredufutur.com\/accueil\/wp-content\/uploads\/2026\/04\/temperature-des-oceans-de-1960-a-2025.jpg?fit=800%2C424&amp;ssl=1\" class=\"aligncenter wp-image-28006 size-full\" src=\"https:\/\/i0.wp.com\/www.laterredufutur.com\/accueil\/wp-content\/uploads\/2026\/04\/temperature-des-oceans-de-1960-a-2025.jpg?resize=1080%2C572&#038;ssl=1\" alt=\"\" width=\"1080\" height=\"572\" srcset=\"https:\/\/i0.wp.com\/www.laterredufutur.com\/accueil\/wp-content\/uploads\/2026\/04\/temperature-des-oceans-de-1960-a-2025.jpg?w=1080&amp;ssl=1 1080w, https:\/\/i0.wp.com\/www.laterredufutur.com\/accueil\/wp-content\/uploads\/2026\/04\/temperature-des-oceans-de-1960-a-2025.jpg?resize=300%2C159&amp;ssl=1 300w, https:\/\/i0.wp.com\/www.laterredufutur.com\/accueil\/wp-content\/uploads\/2026\/04\/temperature-des-oceans-de-1960-a-2025.jpg?resize=800%2C424&amp;ssl=1 800w, https:\/\/i0.wp.com\/www.laterredufutur.com\/accueil\/wp-content\/uploads\/2026\/04\/temperature-des-oceans-de-1960-a-2025.jpg?resize=80%2C42&amp;ssl=1 80w, https:\/\/i0.wp.com\/www.laterredufutur.com\/accueil\/wp-content\/uploads\/2026\/04\/temperature-des-oceans-de-1960-a-2025.jpg?resize=768%2C407&amp;ssl=1 768w, https:\/\/i0.wp.com\/www.laterredufutur.com\/accueil\/wp-content\/uploads\/2026\/04\/temperature-des-oceans-de-1960-a-2025.jpg?resize=928%2C491&amp;ssl=1 928w, https:\/\/i0.wp.com\/www.laterredufutur.com\/accueil\/wp-content\/uploads\/2026\/04\/temperature-des-oceans-de-1960-a-2025.jpg?resize=480%2C254&amp;ssl=1 480w\" sizes=\"auto, (max-width: 1000px) 100vw, 1000px\" \/><\/p>\n<p><img data-recalc-dims=\"1\" loading=\"lazy\" decoding=\"async\" data-attachment-id=\"28007\" data-permalink=\"https:\/\/www.laterredufutur.com\/accueil\/pourquoi-la-temperature-des-oceans-varie-t-elle\/sst-ocean-decembre-2025\/\" data-orig-file=\"https:\/\/i0.wp.com\/www.laterredufutur.com\/accueil\/wp-content\/uploads\/2026\/04\/sst-ocean-decembre-2025.jpg?fit=1080%2C720&amp;ssl=1\" data-orig-size=\"1080,720\" data-comments-opened=\"0\" data-image-meta=\"{&quot;aperture&quot;:&quot;0&quot;,&quot;credit&quot;:&quot;&quot;,&quot;camera&quot;:&quot;&quot;,&quot;caption&quot;:&quot;&quot;,&quot;created_timestamp&quot;:&quot;0&quot;,&quot;copyright&quot;:&quot;&quot;,&quot;focal_length&quot;:&quot;0&quot;,&quot;iso&quot;:&quot;0&quot;,&quot;shutter_speed&quot;:&quot;0&quot;,&quot;title&quot;:&quot;&quot;,&quot;orientation&quot;:&quot;0&quot;}\" data-image-title=\"sst ocean decembre 2025\" data-image-description=\"\" data-image-caption=\"\" data-large-file=\"https:\/\/i0.wp.com\/www.laterredufutur.com\/accueil\/wp-content\/uploads\/2026\/04\/sst-ocean-decembre-2025.jpg?fit=800%2C533&amp;ssl=1\" class=\"aligncenter wp-image-28007 size-full\" src=\"https:\/\/i0.wp.com\/www.laterredufutur.com\/accueil\/wp-content\/uploads\/2026\/04\/sst-ocean-decembre-2025.jpg?resize=1080%2C720&#038;ssl=1\" alt=\"\" width=\"1080\" height=\"720\" srcset=\"https:\/\/i0.wp.com\/www.laterredufutur.com\/accueil\/wp-content\/uploads\/2026\/04\/sst-ocean-decembre-2025.jpg?w=1080&amp;ssl=1 1080w, https:\/\/i0.wp.com\/www.laterredufutur.com\/accueil\/wp-content\/uploads\/2026\/04\/sst-ocean-decembre-2025.jpg?resize=300%2C200&amp;ssl=1 300w, https:\/\/i0.wp.com\/www.laterredufutur.com\/accueil\/wp-content\/uploads\/2026\/04\/sst-ocean-decembre-2025.jpg?resize=800%2C533&amp;ssl=1 800w, https:\/\/i0.wp.com\/www.laterredufutur.com\/accueil\/wp-content\/uploads\/2026\/04\/sst-ocean-decembre-2025.jpg?resize=80%2C53&amp;ssl=1 80w, https:\/\/i0.wp.com\/www.laterredufutur.com\/accueil\/wp-content\/uploads\/2026\/04\/sst-ocean-decembre-2025.jpg?resize=768%2C512&amp;ssl=1 768w, https:\/\/i0.wp.com\/www.laterredufutur.com\/accueil\/wp-content\/uploads\/2026\/04\/sst-ocean-decembre-2025.jpg?resize=928%2C619&amp;ssl=1 928w, https:\/\/i0.wp.com\/www.laterredufutur.com\/accueil\/wp-content\/uploads\/2026\/04\/sst-ocean-decembre-2025.jpg?resize=480%2C320&amp;ssl=1 480w\" sizes=\"auto, (max-width: 1000px) 100vw, 1000px\" \/><\/p>\n<p><strong>Aujourd\u2019hui, un facteur domine de plus en plus :<\/strong><br \/>\n&#8211; Le r\u00e9chauffement climatique d\u2019origine humaine.<br \/>\nLes oc\u00e9ans absorbent plus de 90 % de la chaleur exc\u00e9dentaire.<br \/>\nR\u00e9sultat :<br \/>\nAugmentation de la temp\u00e9rature moyenne<br \/>\nVagues de chaleur marines<br \/>\nBlanchissement des coraux<br \/>\nModification des courants<\/p>\n<p><strong>-En r\u00e9sum\u00e9<\/strong><\/p>\n<p>La temp\u00e9rature des oc\u00e9ans d\u00e9pend d\u2019un \u00e9quilibre complexe entre :<\/p>\n<ul>\n<li>&nbsp;Le Soleil (source principale)<\/li>\n<li>&nbsp;Les courants marins<\/li>\n<li>&nbsp;Le vent<\/li>\n<li>&nbsp;La salinit\u00e9 et la densit\u00e9<\/li>\n<li>&nbsp;La glace et l\u2019alb\u00e9do<\/li>\n<li>&nbsp;Les ph\u00e9nom\u00e8nes naturels<\/li>\n<li>&nbsp;Le changement climatique<\/li>\n<li>&nbsp;Tous ces \u00e9l\u00e9ments interagissent en permanence, ce qui rend le syst\u00e8me oc\u00e9anique dynamique et parfois impr\u00e9visible.<\/li>\n<\/ul>\n<figure id=\"attachment_28008\" aria-describedby=\"caption-attachment-28008\" style=\"width: 1536px\" class=\"wp-caption aligncenter\"><img data-recalc-dims=\"1\" loading=\"lazy\" decoding=\"async\" data-attachment-id=\"28008\" data-permalink=\"https:\/\/www.laterredufutur.com\/accueil\/pourquoi-la-temperature-des-oceans-varie-t-elle\/vague-ocean-coucher-de-soleil\/\" data-orig-file=\"https:\/\/i0.wp.com\/www.laterredufutur.com\/accueil\/wp-content\/uploads\/2026\/04\/vague-ocean-coucher-de-soleil.jpg?fit=1536%2C1024&amp;ssl=1\" data-orig-size=\"1536,1024\" data-comments-opened=\"0\" data-image-meta=\"{&quot;aperture&quot;:&quot;0&quot;,&quot;credit&quot;:&quot;&quot;,&quot;camera&quot;:&quot;&quot;,&quot;caption&quot;:&quot;&quot;,&quot;created_timestamp&quot;:&quot;0&quot;,&quot;copyright&quot;:&quot;&quot;,&quot;focal_length&quot;:&quot;0&quot;,&quot;iso&quot;:&quot;0&quot;,&quot;shutter_speed&quot;:&quot;0&quot;,&quot;title&quot;:&quot;&quot;,&quot;orientation&quot;:&quot;0&quot;}\" data-image-title=\"vague ocean coucher de soleil\" data-image-description=\"\" data-image-caption=\"&lt;p&gt;Illustration&lt;\/p&gt;\n\" data-large-file=\"https:\/\/i0.wp.com\/www.laterredufutur.com\/accueil\/wp-content\/uploads\/2026\/04\/vague-ocean-coucher-de-soleil.jpg?fit=800%2C533&amp;ssl=1\" class=\"wp-image-28008 size-full\" src=\"https:\/\/i0.wp.com\/www.laterredufutur.com\/accueil\/wp-content\/uploads\/2026\/04\/vague-ocean-coucher-de-soleil.jpg?resize=1536%2C1024&#038;ssl=1\" alt=\"\" width=\"1536\" height=\"1024\" srcset=\"https:\/\/i0.wp.com\/www.laterredufutur.com\/accueil\/wp-content\/uploads\/2026\/04\/vague-ocean-coucher-de-soleil.jpg?w=1536&amp;ssl=1 1536w, https:\/\/i0.wp.com\/www.laterredufutur.com\/accueil\/wp-content\/uploads\/2026\/04\/vague-ocean-coucher-de-soleil.jpg?resize=300%2C200&amp;ssl=1 300w, https:\/\/i0.wp.com\/www.laterredufutur.com\/accueil\/wp-content\/uploads\/2026\/04\/vague-ocean-coucher-de-soleil.jpg?resize=800%2C533&amp;ssl=1 800w, https:\/\/i0.wp.com\/www.laterredufutur.com\/accueil\/wp-content\/uploads\/2026\/04\/vague-ocean-coucher-de-soleil.jpg?resize=80%2C53&amp;ssl=1 80w, https:\/\/i0.wp.com\/www.laterredufutur.com\/accueil\/wp-content\/uploads\/2026\/04\/vague-ocean-coucher-de-soleil.jpg?resize=768%2C512&amp;ssl=1 768w, https:\/\/i0.wp.com\/www.laterredufutur.com\/accueil\/wp-content\/uploads\/2026\/04\/vague-ocean-coucher-de-soleil.jpg?resize=1226%2C817&amp;ssl=1 1226w, https:\/\/i0.wp.com\/www.laterredufutur.com\/accueil\/wp-content\/uploads\/2026\/04\/vague-ocean-coucher-de-soleil.jpg?resize=928%2C619&amp;ssl=1 928w, https:\/\/i0.wp.com\/www.laterredufutur.com\/accueil\/wp-content\/uploads\/2026\/04\/vague-ocean-coucher-de-soleil.jpg?resize=480%2C320&amp;ssl=1 480w\" sizes=\"auto, (max-width: 1000px) 100vw, 1000px\" \/><figcaption id=\"caption-attachment-28008\" class=\"wp-caption-text\">Illustration<\/figcaption><\/figure>\n<p class=\"bawpvc-ajax-counter\" data-id=\"28000\">(26)<\/p>\n<!--CusAds0-->\n<div style=\"font-size: 0px; height: 0px; line-height: 0px; margin: 0; padding: 0; clear: both;\"><\/div>","protected":false},"excerpt":{"rendered":"<p>Les oc\u00e9ans couvrent plus de 70 % de la surface de la Terre. Ils jouent un r\u00f4le fondamental dans le&#8230;<\/p>\n","protected":false},"author":1,"featured_media":28008,"comment_status":"closed","ping_status":"closed","sticky":false,"template":"","format":"standard","meta":{"_exactmetrics_skip_tracking":false,"_exactmetrics_sitenote_active":false,"_exactmetrics_sitenote_note":"","_exactmetrics_sitenote_category":0,"ngg_post_thumbnail":0,"jetpack_post_was_ever_published":false,"_jetpack_newsletter_access":"","_jetpack_dont_email_post_to_subs":false,"_jetpack_newsletter_tier_id":0,"_jetpack_memberships_contains_paywalled_content":false,"_jetpack_memberships_contains_paid_content":false,"footnotes":"","jetpack_publicize_message":"","jetpack_publicize_feature_enabled":true,"jetpack_social_post_already_shared":true,"jetpack_social_options":{"image_generator_settings":{"template":"highway","default_image_id":0,"font":"","enabled":false},"version":2}},"categories":[23,32],"tags":[8329,144,1416,2591,241,37,64,190],"class_list":["post-28000","post","type-post","status-publish","format-standard","has-post-thumbnail","hentry","category-circulation-oceanique","category-meteorologie","tag-causes","tag-courants-marins","tag-explications","tag-influence","tag-ocean","tag-soleil","tag-temperatures","tag-vents","wpcat-23-id","wpcat-32-id"],"jetpack_publicize_connections":[],"jetpack_featured_media_url":"https:\/\/i0.wp.com\/www.laterredufutur.com\/accueil\/wp-content\/uploads\/2026\/04\/vague-ocean-coucher-de-soleil.jpg?fit=1536%2C1024&ssl=1","jetpack_shortlink":"https:\/\/wp.me\/p631RN-7hC","jetpack-related-posts":[{"id":6201,"url":"https:\/\/www.laterredufutur.com\/accueil\/leffet-de-serre-version-giec-nexiste-pas\/","url_meta":{"origin":28000,"position":0},"title":"L&rsquo;effet de serre version GIEC n&rsquo;existe pas","author":"Admin","date":"28 avril 2015","format":false,"excerpt":"La th\u00e9orie de l' effet de serre a \u00e9t\u00e9 \u00e9labor\u00e9e pour la premi\u00e8re fois par Arrhenius en 1896 pour lier une \u00e9ventuelle \u00e9l\u00e9vation de temp\u00e9rature \u00e0 l'augmentation de la teneur en CO2 dans l'atmosph\u00e8re r\u00e9sultant de l'activit\u00e9 humaine. Cet effet, consid\u00e9r\u00e9 initialement comme b\u00e9n\u00e9fique, donna lieu \u00e0 partir de 1990\u2026","rel":"","context":"Dans &quot;Climat&quot;","block_context":{"text":"Climat","link":"https:\/\/www.laterredufutur.com\/accueil\/sujets\/climat\/"},"img":{"alt_text":"","src":"https:\/\/i0.wp.com\/www.laterredufutur.com\/accueil\/wp-content\/uploads\/2015\/04\/taxe_carbone.jpg?fit=433%2C277&ssl=1&resize=350%2C200","width":350,"height":200},"classes":[]},{"id":16037,"url":"https:\/\/www.laterredufutur.com\/accueil\/risque-t-on-une-chute-brutale-des-temperatures-en-europe-dans-les-decennies-a-venir\/","url_meta":{"origin":28000,"position":1},"title":"Risque-t-on une chute brutale des temp\u00e9ratures en Europe dans les d\u00e9cennies \u00e0 venir ?","author":"Admin","date":"14 novembre 2017","format":false,"excerpt":"Et si le r\u00e9chauffement global contribuait, paradoxalement, au refroidissement des temp\u00e9ratures dans nos r\u00e9gions? Sur base d\u2019observations rapportant un refroidissement des eaux oc\u00e9aniques de surface dans la mer du Labrador (Atlantique Nord subpolaire, au Sud du Groenland) en 1970, une \u00e9quipe de chercheurs a publi\u00e9 une \u00e9tude dans laquelle ils\u2026","rel":"","context":"Dans &quot;Courants Marins&quot;","block_context":{"text":"Courants Marins","link":"https:\/\/www.laterredufutur.com\/accueil\/sujets\/circulation-oceanique\/"},"img":{"alt_text":"","src":"https:\/\/i0.wp.com\/www.laterredufutur.com\/accueil\/wp-content\/uploads\/2015\/10\/gulf-stream.jpg?fit=634%2C357&ssl=1&resize=350%2C200","width":350,"height":200,"srcset":"https:\/\/i0.wp.com\/www.laterredufutur.com\/accueil\/wp-content\/uploads\/2015\/10\/gulf-stream.jpg?fit=634%2C357&ssl=1&resize=350%2C200 1x, https:\/\/i0.wp.com\/www.laterredufutur.com\/accueil\/wp-content\/uploads\/2015\/10\/gulf-stream.jpg?fit=634%2C357&ssl=1&resize=525%2C300 1.5x"},"classes":[]},{"id":1305,"url":"https:\/\/www.laterredufutur.com\/accueil\/changement-solaire-changements-climatiques\/","url_meta":{"origin":28000,"position":2},"title":"Changement solaire, changements climatiques","author":"Admin","date":"15 mars 2013","format":false,"excerpt":"Article par Bob Carter, Willie Soon & William Briggs Des scientifiques ont \u00e9tudi\u00e9 les influences solaires sur le climat sur plus de 5000 ann\u00e9es. Les astronomes chinois tiennent des registres d\u00e9taill\u00e9s des taches solaires, ils ont remarqu\u00e9 que plus de taches signifient un climat plus chaud. En 1801, le c\u00e9l\u00e8bre\u2026","rel":"","context":"Dans &quot;Soleil&quot;","block_context":{"text":"Soleil","link":"https:\/\/www.laterredufutur.com\/accueil\/sujets\/soleil\/"},"img":{"alt_text":"","src":"https:\/\/i0.wp.com\/www.laterredufutur.com\/accueil\/wp-content\/uploads\/2013\/03\/cool-it.jpg?fit=500%2C333&ssl=1&resize=350%2C200","width":350,"height":200},"classes":[]},{"id":2234,"url":"https:\/\/www.laterredufutur.com\/accueil\/les-eaux-profondes-des-oceans-ne-se-rechauffent-plus-depuis-2005\/","url_meta":{"origin":28000,"position":3},"title":"Les eaux profondes des oc\u00e9ans ne se r\u00e9chauffent plus depuis 2005","author":"Admin","date":"19 octobre 2014","format":false,"excerpt":"La temp\u00e9rature moyenne des eaux froides profondes des oc\u00e9ans a cess\u00e9 d'augmenter depuis 2005, r\u00e9v\u00e8le la Nasa, ce qui suscite de nouvelles interrogations chez les chercheurs: pourquoi le r\u00e9chauffement climatique semble se ralentir ces derni\u00e8res ann\u00e9es malgr\u00e9 l'accroissement des gaz \u00e0 effet de serre? \u00a0 \u00a0 \u00a0 \u00a0","rel":"","context":"Dans &quot;Climat&quot;","block_context":{"text":"Climat","link":"https:\/\/www.laterredufutur.com\/accueil\/sujets\/climat\/"},"img":{"alt_text":"","src":"https:\/\/i0.wp.com\/www.laterredufutur.com\/accueil\/wp-content\/uploads\/2014\/10\/laterredufutur.com_spaw_images_ocean.jpeg?fit=256%2C256&ssl=1&resize=350%2C200","width":350,"height":200},"classes":[]},{"id":551,"url":"https:\/\/www.laterredufutur.com\/accueil\/stabilisation-des-temperatures-oceaniques\/","url_meta":{"origin":28000,"position":4},"title":"Stabilisation des temp\u00e9ratures oc\u00e9aniques","author":"Admin","date":"29 septembre 2011","format":false,"excerpt":"Source fournie par JulienTDF - D\u00e9cid\u00e9ment en terme de r\u00e9chauffement climatique, tout semble aller vers une stabilisation des temp\u00e9ratures. Aucun sc\u00e9nario du GIEC n'aurait pr\u00e9voir ce qui arrive et le changement climatique restera dans les annales des param\u00e8tres les plus complexes jamais \u00e9tudi\u00e9s. Les\u00a0Observations \u00e0 partir du r\u00e9seau mondial de\u2026","rel":"","context":"Dans &quot;Climat&quot;","block_context":{"text":"Climat","link":"https:\/\/www.laterredufutur.com\/accueil\/sujets\/climat\/"},"img":{"alt_text":"","src":"","width":0,"height":0},"classes":[]},{"id":26426,"url":"https:\/\/www.laterredufutur.com\/accueil\/les-oceans-emettent-du-soufre-et-refroidissent-le-climat-plus-quon-ne-le-pensait-auparavant\/","url_meta":{"origin":28000,"position":5},"title":"Les oc\u00e9ans \u00e9mettent du soufre et refroidissent le climat plus qu&rsquo;on ne le pensait auparavant","author":"Admin","date":"1 d\u00e9cembre 2024","format":false,"excerpt":"Pour la premi\u00e8re fois, des chercheurs ont quantifi\u00e9 les \u00e9missions mondiales d'un gaz sulfureux produit par la vie marine, r\u00e9v\u00e9lant qu'il refroidit le climat plus qu'on ne le pensait, en particulier au-dessus de l'oc\u00e9an Austral. L'\u00e9tude, publi\u00e9e dans la revue Science Advances, montre que les oc\u00e9ans ne se contentent pas\u2026","rel":"","context":"Dans &quot;Climat&quot;","block_context":{"text":"Climat","link":"https:\/\/www.laterredufutur.com\/accueil\/sujets\/climat\/"},"img":{"alt_text":"","src":"https:\/\/i0.wp.com\/www.laterredufutur.com\/accueil\/wp-content\/uploads\/2024\/12\/vie-marine-et-ocean.jpg?fit=1024%2C1024&ssl=1&resize=350%2C200","width":350,"height":200,"srcset":"https:\/\/i0.wp.com\/www.laterredufutur.com\/accueil\/wp-content\/uploads\/2024\/12\/vie-marine-et-ocean.jpg?fit=1024%2C1024&ssl=1&resize=350%2C200 1x, https:\/\/i0.wp.com\/www.laterredufutur.com\/accueil\/wp-content\/uploads\/2024\/12\/vie-marine-et-ocean.jpg?fit=1024%2C1024&ssl=1&resize=525%2C300 1.5x, https:\/\/i0.wp.com\/www.laterredufutur.com\/accueil\/wp-content\/uploads\/2024\/12\/vie-marine-et-ocean.jpg?fit=1024%2C1024&ssl=1&resize=700%2C400 2x"},"classes":[]}],"jetpack_sharing_enabled":true,"_links":{"self":[{"href":"https:\/\/www.laterredufutur.com\/accueil\/wp-json\/wp\/v2\/posts\/28000","targetHints":{"allow":["GET"]}}],"collection":[{"href":"https:\/\/www.laterredufutur.com\/accueil\/wp-json\/wp\/v2\/posts"}],"about":[{"href":"https:\/\/www.laterredufutur.com\/accueil\/wp-json\/wp\/v2\/types\/post"}],"author":[{"embeddable":true,"href":"https:\/\/www.laterredufutur.com\/accueil\/wp-json\/wp\/v2\/users\/1"}],"replies":[{"embeddable":true,"href":"https:\/\/www.laterredufutur.com\/accueil\/wp-json\/wp\/v2\/comments?post=28000"}],"version-history":[{"count":4,"href":"https:\/\/www.laterredufutur.com\/accueil\/wp-json\/wp\/v2\/posts\/28000\/revisions"}],"predecessor-version":[{"id":28073,"href":"https:\/\/www.laterredufutur.com\/accueil\/wp-json\/wp\/v2\/posts\/28000\/revisions\/28073"}],"wp:featuredmedia":[{"embeddable":true,"href":"https:\/\/www.laterredufutur.com\/accueil\/wp-json\/wp\/v2\/media\/28008"}],"wp:attachment":[{"href":"https:\/\/www.laterredufutur.com\/accueil\/wp-json\/wp\/v2\/media?parent=28000"}],"wp:term":[{"taxonomy":"category","embeddable":true,"href":"https:\/\/www.laterredufutur.com\/accueil\/wp-json\/wp\/v2\/categories?post=28000"},{"taxonomy":"post_tag","embeddable":true,"href":"https:\/\/www.laterredufutur.com\/accueil\/wp-json\/wp\/v2\/tags?post=28000"}],"curies":[{"name":"wp","href":"https:\/\/api.w.org\/{rel}","templated":true}]}}