{"id":280,"date":"2011-04-20T09:16:52","date_gmt":"2011-04-20T08:16:52","guid":{"rendered":"http:\/\/www.laterredufutur.com\/wordpress\/?p=280"},"modified":"2024-01-26T09:03:09","modified_gmt":"2024-01-26T08:03:09","slug":"qui-sommes-nous","status":"publish","type":"post","link":"https:\/\/www.laterredufutur.com\/accueil\/qui-sommes-nous\/","title":{"rendered":"Qui Sommes Nous ?"},"content":{"rendered":"<div class=\"1665f18d14f35dd9e7566e1a8ac9a3e9\" data-index=\"1\" style=\"float: none; margin:10px 0 10px 0; text-align:center;\">\n<script async src=\"https:\/\/pagead2.googlesyndication.com\/pagead\/js\/adsbygoogle.js\"><\/script>\r\n<ins class=\"adsbygoogle\"\r\n     style=\"display:block; text-align:center;\"\r\n     data-ad-layout=\"in-article\"\r\n     data-ad-format=\"fluid\"\r\n     data-ad-client=\"ca-pub-2860849627502538\"\r\n     data-ad-slot=\"3019501113\"><\/ins>\r\n<script>\r\n     (adsbygoogle = window.adsbygoogle || []).push({});\r\n<\/script>\n<\/div>\n<p>Terra Projects anciennement La Terre du Futur a \u00e9t\u00e9 cr\u00e9\u00e9e en avril 2003, suite \u00e0 une passion qui est n\u00e9e fin des ann\u00e9es 80. Nous proposons des donn\u00e9es et des indicateurs de surveillance climatique et \u00e9cologique. Nous observons les \u00e9l\u00e9ments de notre plan\u00e8te sous un \u0153il nouveau et positif. Nous disposons d&rsquo;une page Facebook de Terra Projects et \u00e9galement de 2 groupes facebook suppl\u00e9mentaires acc\u00e8s sur les pr\u00e9visions, m\u00e9t\u00e9o, volcanisme, espace et sur le cycle solaire N\u00b025 qui a d\u00e9marr\u00e9.<\/p>\n<p>Le Monde de demain ne sera pas celui que l&rsquo;on imagine&#8230; le climat change, entre le r\u00e9chauffement climatique qui reste av\u00e9r\u00e9, et le Soleil qui est le grand acteur mal connu. Terra Projects s&rsquo;efforcera d&rsquo;apporter des solutions face \u00e0 un monde en crise \u00e9nerg\u00e9tique et environnementale. \u00ab\u00a0L&rsquo;\u00e9cologie n&rsquo;a pas besoin du r\u00e9chauffement climatique pour affirmer ses exigences\u00a0\u00bb &#8211; Herv\u00e9 Kempf.<\/p>\n<p>Mais qui sommes nous ? Nous sommes des personnes ind\u00e9pendantes autodidactes et passionn\u00e9es.&nbsp;<\/p>\n<p>Ainsi voici toute l&rsquo;\u00e9quipe du site :<\/p>\n<p style=\"text-align: center;\">&nbsp;<span class=\"rank-img\"><img data-recalc-dims=\"1\" decoding=\"async\" title=\"Fondateur de TDF\" src=\"https:\/\/i0.wp.com\/www.laterredufutur.com\/html\/phpBB3\/images\/ranks\/fondateur.png\" alt=\"Fondateur de TDF\"\/>&nbsp;<\/span><a class=\"username-coloured\" href=\"http:\/\/www.laterredufutur.com\/html\/phpBB3\/memberlist.php?mode=viewprofile&amp;u=53\">FredTDF<\/a>&nbsp;&#8211; Fred |&nbsp;&nbsp;<span class=\"rank-img\"><img data-recalc-dims=\"1\" decoding=\"async\" title=\"Admin du Site\" src=\"https:\/\/i0.wp.com\/www.laterredufutur.com\/html\/phpBB3\/images\/ranks\/administrator.png\" alt=\"Admin du Site\"\/>&nbsp;<\/span><a class=\"username-coloured\" href=\"http:\/\/www.laterredufutur.com\/html\/phpBB3\/memberlist.php?mode=viewprofile&amp;u=54\">Frosty<\/a>&nbsp;&#8211; Julien&nbsp;<\/p>\n<p style=\"text-align: center;\">&nbsp;<span class=\"rank-img\"><img data-recalc-dims=\"1\" decoding=\"async\" class=\"\" title=\"Administrateur\" src=\"https:\/\/i0.wp.com\/www.laterredufutur.com\/html\/phpBB3\/images\/ranks\/administrator.png\" alt=\"Administrateur\"\/>&nbsp;<\/span><a class=\"username-coloured\" href=\"http:\/\/www.laterredufutur.com\/html\/phpBB3\/memberlist.php?mode=viewprofile&amp;u=61\">hldesign<\/a>&nbsp;&#8211; Herv\u00e9 |&nbsp;<span class=\"rank-img\"><img data-recalc-dims=\"1\" decoding=\"async\" title=\"Administrateur\" src=\"https:\/\/i0.wp.com\/www.laterredufutur.com\/html\/phpBB3\/images\/ranks\/administrator.png\" alt=\"Administrateur\"\/>&nbsp;<\/span><a class=\"username-coloured\" href=\"http:\/\/www.laterredufutur.com\/html\/phpBB3\/memberlist.php?mode=viewprofile&amp;u=98\">milou<\/a>&nbsp;&#8211; Michel<\/p>\n<p style=\"text-align: center;\"><span class=\"rank-img\"><img data-recalc-dims=\"1\" decoding=\"async\" title=\"Administrateur\" src=\"https:\/\/i0.wp.com\/www.laterredufutur.com\/html\/phpBB3\/images\/ranks\/administrator.png\" alt=\"Administrateur\"\/>&nbsp;<\/span><a class=\"username-coloured\" href=\"http:\/\/www.laterredufutur.com\/html\/phpBB3\/memberlist.php?mode=viewprofile&amp;u=1557\">cartesien66<\/a>&nbsp;&#8211; Christian<\/p>\n<p style=\"text-align: center;\"><img data-recalc-dims=\"1\" decoding=\"async\" title=\"Mod\u00e9rateur\" src=\"https:\/\/i0.wp.com\/www.laterredufutur.com\/html\/phpBB3\/images\/ranks\/moderator.png\" alt=\"Mod\u00e9rateur\"\/>&nbsp;<a class=\"username-coloured\" href=\"http:\/\/www.laterredufutur.com\/html\/phpBB3\/memberlist.php?mode=viewprofile&amp;u=236\">mariecat<\/a> &#8211; marie | <span class=\"rank-img\"><img data-recalc-dims=\"1\" decoding=\"async\" title=\"Administrateur\" src=\"https:\/\/i0.wp.com\/www.laterredufutur.com\/html\/phpBB3\/images\/ranks\/administrator.png\" alt=\"Administrateur\"\/><\/span>&nbsp;<a class=\"username-coloured\" href=\"http:\/\/www.laterredufutur.com\/html\/phpBB3\/memberlist.php?mode=viewprofile&amp;u=271\">creole<\/a><\/p><div class=\"1665f18d14f35dd9e7566e1a8ac9a3e9\" data-index=\"2\" style=\"float: none; margin:10px 0 10px 0; text-align:center;\">\n<script async src=\"https:\/\/pagead2.googlesyndication.com\/pagead\/js\/adsbygoogle.js\"><\/script>\r\n<ins class=\"adsbygoogle\"\r\n     style=\"display:block; text-align:center;\"\r\n     data-ad-layout=\"in-article\"\r\n     data-ad-format=\"fluid\"\r\n     data-ad-client=\"ca-pub-2860849627502538\"\r\n     data-ad-slot=\"3019501113\"><\/ins>\r\n<script>\r\n     (adsbygoogle = window.adsbygoogle || []).push({});\r\n<\/script>\n<\/div>\n\n<p style=\"text-align: center;\"><img data-recalc-dims=\"1\" decoding=\"async\" title=\"Admin Site Partenaire\" src=\"https:\/\/i0.wp.com\/www.laterredufutur.com\/html\/phpBB3\/images\/ranks\/admin-partenaire.png\" alt=\"Admin Site Partenaire\"\/>&nbsp;<a class=\"username-coloured\" href=\"http:\/\/www.laterredufutur.com\/html\/phpBB3\/memberlist.php?mode=viewprofile&amp;u=63\">williams<\/a> &#8211; Williams&nbsp;&nbsp;<\/p>\n<p style=\"text-align: center;\">&nbsp;<\/p>\n<p>Nous sommes donc tous des amateurs, et nous sommes actifs dans les forums de pr\u00e8s comme de loin. La passion qui nous anime nous am\u00e8ne \u00e9galement sur les r\u00e9seaux sociaux o\u00f9 vous pouvez \u00e9galement nous lire. Nous avons tous des qualit\u00e9s uniques qui permettent de nous compl\u00e9ter. Pour certains, le domaine de comp\u00e9tences est immense du plus jeune ayant 18 ans, au plus vieux 67 ans. Nous sommes commer\u00e7ants, \u00e9tudiants, \u00e0 la retraite, formateurs, paysagistes, commerciaux, techniciens, fonctionnaires ou m\u00eame sans emploi, nous venons des quatre coins de la France et m\u00eame de la Belgique, de la Suisse et du S\u00e9n\u00e9gal mais nous avons une passion commune : la m\u00e9t\u00e9o et le climat !<\/p>\n<p>Ce site reste un site \u00e0 but non lucratif. La publicit\u00e9 existante ne permet plus de financer le site. Nous restons cependant toujours actifs car la passion l&#8217;emporte.<\/p>\n<p>Le XXI eme si\u00e8cle sera un tournant et un d\u00e9fi face \u00e0 un monde o\u00f9 la croissance a ses limites et l&rsquo;environnement particuli\u00e8rement touch\u00e9 par l&rsquo;impact humain. La soci\u00e9t\u00e9 actuelle s&rsquo;est repos\u00e9e sur les \u00e9nergies fossiles qui arrivent \u00e0 leur fin. Une adaptation est incontournable pour pouvoir pr\u00e9server notre mode de confort. Le monde est toujours plus tourn\u00e9 vers l&rsquo;espace, la Lune et Mars. Terra Projects sera pr\u00e9sent pour ces nouveaux d\u00e9fis des plus passionnant.&nbsp;<\/p>\n<p style=\"font-family: Tahoma, Verdana, Helvetica; font-size: 11px;\" align=\"center\"><span style=\"font-size: x-small;\"><span style=\"font-size: small;\"><span style=\"font-size: small;\"><span style=\"font-family: arial,helvetica,sans-serif;\">Si un article ou un lien vous concerne directement, vous pouvez en demander sa modification, voir sa suppression <em>par <a href=\"https:\/\/www.laterredufutur.com\/accueil\/contactez-nous\/\">le formulaire de contact<\/a><\/em><\/span><\/span><\/span><\/span><\/p>\n<p style=\"font-family: Tahoma, Verdana, Helvetica; font-size: 11px;\" align=\"center\"><span style=\"font-size: x-small;\"><span style=\"font-size: small;\"><em><span style=\"font-size: small;\"><span style=\"font-family: arial,helvetica,sans-serif;\">Si vous souhaitez faire un \u00e9change de liens avec la Terre du Futur, vous pouvez envoyer votre demande par <a href=\"https:\/\/www.laterredufutur.com\/accueil\/contactez-nous\/\">le formulaire de contact<\/a><\/span><\/span><\/em><\/span><\/span><\/p>\n<p style=\"font-family: Tahoma, Verdana, Helvetica; font-size: 11px;\" align=\"center\"><img data-recalc-dims=\"1\" loading=\"lazy\" decoding=\"async\" data-attachment-id=\"15790\" data-permalink=\"https:\/\/www.laterredufutur.com\/accueil\/qui-sommes-nous\/amateur-noe-2\/\" data-orig-file=\"https:\/\/i0.wp.com\/www.laterredufutur.com\/accueil\/wp-content\/uploads\/2011\/04\/amateur-noe-1.jpg?fit=707%2C479&amp;ssl=1\" data-orig-size=\"707,479\" data-comments-opened=\"1\" data-image-meta=\"{&quot;aperture&quot;:&quot;0&quot;,&quot;credit&quot;:&quot;&quot;,&quot;camera&quot;:&quot;&quot;,&quot;caption&quot;:&quot;&quot;,&quot;created_timestamp&quot;:&quot;0&quot;,&quot;copyright&quot;:&quot;&quot;,&quot;focal_length&quot;:&quot;0&quot;,&quot;iso&quot;:&quot;0&quot;,&quot;shutter_speed&quot;:&quot;0&quot;,&quot;title&quot;:&quot;&quot;,&quot;orientation&quot;:&quot;0&quot;}\" data-image-title=\"amateur-noe\" data-image-description=\"\" data-image-caption=\"\" data-large-file=\"https:\/\/i0.wp.com\/www.laterredufutur.com\/accueil\/wp-content\/uploads\/2011\/04\/amateur-noe-1.jpg?fit=707%2C479&amp;ssl=1\" class=\"size-full wp-image-15790 aligncenter\" src=\"https:\/\/i0.wp.com\/www.laterredufutur.com\/accueil\/wp-content\/uploads\/2011\/04\/amateur-noe-1.jpg?resize=707%2C479\" alt=\"\" width=\"707\" height=\"479\" srcset=\"https:\/\/i0.wp.com\/www.laterredufutur.com\/accueil\/wp-content\/uploads\/2011\/04\/amateur-noe-1.jpg?w=707&amp;ssl=1 707w, https:\/\/i0.wp.com\/www.laterredufutur.com\/accueil\/wp-content\/uploads\/2011\/04\/amateur-noe-1.jpg?resize=300%2C203&amp;ssl=1 300w\" sizes=\"auto, (max-width: 707px) 100vw, 707px\" \/><\/p>\n<p class=\"bawpvc-ajax-counter\" data-id=\"280\">(4292)<\/p>\n<!--CusAds0-->\n<div style=\"font-size: 0px; height: 0px; line-height: 0px; margin: 0; padding: 0; clear: both;\"><\/div>","protected":false},"excerpt":{"rendered":"<p>Terra Projects anciennement La Terre du Futur a \u00e9t\u00e9 cr\u00e9\u00e9e en avril 2003, suite \u00e0 une passion qui est n\u00e9e&#8230;<\/p>\n","protected":false},"author":1,"featured_media":15797,"comment_status":"open","ping_status":"open","sticky":false,"template":"","format":"standard","meta":{"_exactmetrics_skip_tracking":false,"_exactmetrics_sitenote_active":false,"_exactmetrics_sitenote_note":"","_exactmetrics_sitenote_category":0,"ngg_post_thumbnail":0,"jetpack_post_was_ever_published":false,"_jetpack_newsletter_access":"","_jetpack_dont_email_post_to_subs":true,"_jetpack_newsletter_tier_id":0,"_jetpack_memberships_contains_paywalled_content":false,"_jetpack_memberships_contains_paid_content":false,"footnotes":"","jetpack_publicize_message":"","jetpack_publicize_feature_enabled":true,"jetpack_social_post_already_shared":true,"jetpack_social_options":{"image_generator_settings":{"template":"highway","default_image_id":0,"font":"","enabled":false},"version":2}},"categories":[1],"tags":[54,282,238,295,280,211,281,283,279,75],"class_list":["post-280","post","type-post","status-publish","format-standard","has-post-thumbnail","hentry","category-services","tag-carte","tag-earth","tag-globe","tag-la-terre-du-futur","tag-laterredufutur","tag-map","tag-positionnement","tag-qui-sommes-nous","tag-tdf","tag-terre","wpcat-1-id"],"jetpack_publicize_connections":[],"jetpack_featured_media_url":"https:\/\/i0.wp.com\/www.laterredufutur.com\/accueil\/wp-content\/uploads\/2011\/04\/morganfreeman.jpg?fit=700%2C490&ssl=1","jetpack_shortlink":"https:\/\/wp.me\/p631RN-4w","jetpack-related-posts":[{"id":19424,"url":"https:\/\/www.laterredufutur.com\/accueil\/la-terre-du-futur-devient-terra-projects\/","url_meta":{"origin":280,"position":0},"title":"La Terre du Futur devient Terra Projects","author":"Admin","date":"13 juillet 2019","format":false,"excerpt":"Suite \u00e0 une longue r\u00e9flexion et une n\u00e9cessit\u00e9 d'adaptation, nous vous annon\u00e7ons que la Terre du Futur devient Terra Projects.\u00a0 En effet, par n\u00e9cessit\u00e9 d'\u00e9volution, de modernit\u00e9 et d'une ligne \u00e9ditoriale plus ax\u00e9e sur le monde, l'espace, et les innovations tout en observant l'orientation des \u00e9l\u00e9ments de la nature comme\u2026","rel":"","context":"Dans &quot;Divers&quot;","block_context":{"text":"Divers","link":"https:\/\/www.laterredufutur.com\/accueil\/sujets\/divers\/"},"img":{"alt_text":"","src":"https:\/\/i0.wp.com\/www.laterredufutur.com\/accueil\/wp-content\/uploads\/2019\/07\/logo-tdf-2018.jpg?fit=634%2C326&ssl=1&resize=350%2C200","width":350,"height":200,"srcset":"https:\/\/i0.wp.com\/www.laterredufutur.com\/accueil\/wp-content\/uploads\/2019\/07\/logo-tdf-2018.jpg?fit=634%2C326&ssl=1&resize=350%2C200 1x, https:\/\/i0.wp.com\/www.laterredufutur.com\/accueil\/wp-content\/uploads\/2019\/07\/logo-tdf-2018.jpg?fit=634%2C326&ssl=1&resize=525%2C300 1.5x"},"classes":[]},{"id":20234,"url":"https:\/\/www.laterredufutur.com\/accueil\/terra-projects-fete-ses-20000-followers-sur-facebook\/","url_meta":{"origin":280,"position":1},"title":"Terra Projects f\u00eate ses 20000 followers sur Facebook","author":"Admin","date":"29 novembre 2019","format":false,"excerpt":"Terra Projects (anciennement La Terre du Futur) et toute son \u00e9quipe vous remercie de vos suivis. Nous sommes donc 20000 personnes derri\u00e8re les \u00e9crans qui suivent cette page qui a \u00e9volu\u00e9 au fil du temps. Terra Projects a \u00e9t\u00e9 grandement influenc\u00e9e positivement par les commentaires et les appr\u00e9ciations de tout\u2026","rel":"","context":"Dans &quot;Divers&quot;","block_context":{"text":"Divers","link":"https:\/\/www.laterredufutur.com\/accueil\/sujets\/divers\/"},"img":{"alt_text":"","src":"https:\/\/i0.wp.com\/www.laterredufutur.com\/accueil\/wp-content\/uploads\/2019\/11\/tdf-fb-20000_1.jpeg?fit=790%2C460&ssl=1&resize=350%2C200","width":350,"height":200,"srcset":"https:\/\/i0.wp.com\/www.laterredufutur.com\/accueil\/wp-content\/uploads\/2019\/11\/tdf-fb-20000_1.jpeg?fit=790%2C460&ssl=1&resize=350%2C200 1x, https:\/\/i0.wp.com\/www.laterredufutur.com\/accueil\/wp-content\/uploads\/2019\/11\/tdf-fb-20000_1.jpeg?fit=790%2C460&ssl=1&resize=525%2C300 1.5x, https:\/\/i0.wp.com\/www.laterredufutur.com\/accueil\/wp-content\/uploads\/2019\/11\/tdf-fb-20000_1.jpeg?fit=790%2C460&ssl=1&resize=700%2C400 2x"},"classes":[]},{"id":24908,"url":"https:\/\/www.laterredufutur.com\/accueil\/terra-projects-fete-ses-20-ans\/","url_meta":{"origin":280,"position":2},"title":"Terra Projects f\u00eate ses 20 ans","author":"Admin","date":"28 avril 2023","format":false,"excerpt":"Depuis le 28 avril 2003, Terra Projects TDF(anciennement la Terre du Futur) a \u00e9t\u00e9 cr\u00e9\u00e9. Que de chemins parcourus. Aussi nous remercions, les lecteurs habitu\u00e9s, les passionn\u00e9s en tout genre et les visiteurs d\u2019une heure. Tous les th\u00e8mes attribu\u00e9s de notre pass\u00e9, pr\u00e9sent et futur sont d\u00e9velopp\u00e9s pour le bonheur\u2026","rel":"","context":"Dans &quot;Divers&quot;","block_context":{"text":"Divers","link":"https:\/\/www.laterredufutur.com\/accueil\/sujets\/divers\/"},"img":{"alt_text":"","src":"https:\/\/i0.wp.com\/www.laterredufutur.com\/accueil\/wp-content\/uploads\/2023\/04\/anniversaire.jpg?fit=960%2C549&ssl=1&resize=350%2C200","width":350,"height":200,"srcset":"https:\/\/i0.wp.com\/www.laterredufutur.com\/accueil\/wp-content\/uploads\/2023\/04\/anniversaire.jpg?fit=960%2C549&ssl=1&resize=350%2C200 1x, https:\/\/i0.wp.com\/www.laterredufutur.com\/accueil\/wp-content\/uploads\/2023\/04\/anniversaire.jpg?fit=960%2C549&ssl=1&resize=525%2C300 1.5x, https:\/\/i0.wp.com\/www.laterredufutur.com\/accueil\/wp-content\/uploads\/2023\/04\/anniversaire.jpg?fit=960%2C549&ssl=1&resize=700%2C400 2x"},"classes":[]},{"id":20268,"url":"https:\/\/www.laterredufutur.com\/accueil\/terra-projects-fete-ses-30000-followers-sur-facebook\/","url_meta":{"origin":280,"position":3},"title":"Terra Projects f\u00eate ses 30000 followers sur Facebook","author":"Admin","date":"3 d\u00e9cembre 2019","format":false,"excerpt":"Terra Projects\u00a0(anciennement La Terre du Futur) et toute son \u00e9quipe vous remercie de vos suivis. Nous continuons l\u2019ascension et nous remercions les 30000 personnes derri\u00e8re leurs \u00e9crans qui suivent cette page. Nous vous remercions et cela nous motive pour \u00eatre toujours meilleur.\u00a0 La Page de Terra Projects\u00a0r\u00e9uni donc\u00a0une communaut\u00e9 internationale\u2026","rel":"","context":"Dans &quot;Divers&quot;","block_context":{"text":"Divers","link":"https:\/\/www.laterredufutur.com\/accueil\/sujets\/divers\/"},"img":{"alt_text":"","src":"https:\/\/i0.wp.com\/www.laterredufutur.com\/accueil\/wp-content\/uploads\/2019\/12\/tdf-fb-30000.jpeg?fit=1050%2C700&ssl=1&resize=350%2C200","width":350,"height":200,"srcset":"https:\/\/i0.wp.com\/www.laterredufutur.com\/accueil\/wp-content\/uploads\/2019\/12\/tdf-fb-30000.jpeg?fit=1050%2C700&ssl=1&resize=350%2C200 1x, https:\/\/i0.wp.com\/www.laterredufutur.com\/accueil\/wp-content\/uploads\/2019\/12\/tdf-fb-30000.jpeg?fit=1050%2C700&ssl=1&resize=525%2C300 1.5x, https:\/\/i0.wp.com\/www.laterredufutur.com\/accueil\/wp-content\/uploads\/2019\/12\/tdf-fb-30000.jpeg?fit=1050%2C700&ssl=1&resize=700%2C400 2x, https:\/\/i0.wp.com\/www.laterredufutur.com\/accueil\/wp-content\/uploads\/2019\/12\/tdf-fb-30000.jpeg?fit=1050%2C700&ssl=1&resize=1050%2C600 3x"},"classes":[]},{"id":19936,"url":"https:\/\/www.laterredufutur.com\/accueil\/terra-projects-fetes-ses-10000-followers-sur-facebook\/","url_meta":{"origin":280,"position":4},"title":"Terra Projects f\u00eate ses 10000 followers sur Facebook","author":"Admin","date":"20 octobre 2019","format":false,"excerpt":"Terra Projetcs et toute son \u00e9quipe vous remercie de vos suivis. Nous sommes donc 10000 personnes derri\u00e8re les \u00e9crans qui suivent cette page qui a \u00e9volu\u00e9 au fil du temps. En effet, m\u00eame si on garde notre ind\u00e9pendance vis \u00e0 vis de tous les discours habituels, Terra Projects a \u00e9t\u00e9\u2026","rel":"","context":"Dans &quot;Divers&quot;","block_context":{"text":"Divers","link":"https:\/\/www.laterredufutur.com\/accueil\/sujets\/divers\/"},"img":{"alt_text":"","src":"https:\/\/i0.wp.com\/www.laterredufutur.com\/accueil\/wp-content\/uploads\/2019\/10\/10000-followers.jpg?fit=960%2C638&ssl=1&resize=350%2C200","width":350,"height":200,"srcset":"https:\/\/i0.wp.com\/www.laterredufutur.com\/accueil\/wp-content\/uploads\/2019\/10\/10000-followers.jpg?fit=960%2C638&ssl=1&resize=350%2C200 1x, https:\/\/i0.wp.com\/www.laterredufutur.com\/accueil\/wp-content\/uploads\/2019\/10\/10000-followers.jpg?fit=960%2C638&ssl=1&resize=525%2C300 1.5x, https:\/\/i0.wp.com\/www.laterredufutur.com\/accueil\/wp-content\/uploads\/2019\/10\/10000-followers.jpg?fit=960%2C638&ssl=1&resize=700%2C400 2x"},"classes":[]},{"id":23518,"url":"https:\/\/www.laterredufutur.com\/accueil\/cette-mysterieuse-et-indestructible-boite-noire-dira-au-futur-ce-qui-nous-est-arrive\/","url_meta":{"origin":280,"position":5},"title":"Cette myst\u00e9rieuse et indestructible \u00ab bo\u00eete noire \u00bb dira au futur ce qui nous est arriv\u00e9","author":"Admin","date":"6 d\u00e9cembre 2021","format":false,"excerpt":"\u00c0 une extr\u00e9mit\u00e9 \u00e9loign\u00e9e de la Terre - cach\u00e9e quelque part sur l'\u00eele australienne de Tasmanie - une \u00e9trange structure est sur le point d'assister \u00e0 la fin du monde tel que nous le connaissons et de l'enregistrer. Le projet, appel\u00e9 Earth's Black Box, est une installation g\u00e9ante en acier,\u2026","rel":"","context":"Dans &quot;Divers&quot;","block_context":{"text":"Divers","link":"https:\/\/www.laterredufutur.com\/accueil\/sujets\/divers\/"},"img":{"alt_text":"","src":"https:\/\/i0.wp.com\/www.laterredufutur.com\/accueil\/wp-content\/uploads\/2021\/12\/boite-noire-tasmanie-2.jpg?fit=990%2C557&ssl=1&resize=350%2C200","width":350,"height":200,"srcset":"https:\/\/i0.wp.com\/www.laterredufutur.com\/accueil\/wp-content\/uploads\/2021\/12\/boite-noire-tasmanie-2.jpg?fit=990%2C557&ssl=1&resize=350%2C200 1x, https:\/\/i0.wp.com\/www.laterredufutur.com\/accueil\/wp-content\/uploads\/2021\/12\/boite-noire-tasmanie-2.jpg?fit=990%2C557&ssl=1&resize=525%2C300 1.5x, https:\/\/i0.wp.com\/www.laterredufutur.com\/accueil\/wp-content\/uploads\/2021\/12\/boite-noire-tasmanie-2.jpg?fit=990%2C557&ssl=1&resize=700%2C400 2x"},"classes":[]}],"jetpack_sharing_enabled":true,"_links":{"self":[{"href":"https:\/\/www.laterredufutur.com\/accueil\/wp-json\/wp\/v2\/posts\/280","targetHints":{"allow":["GET"]}}],"collection":[{"href":"https:\/\/www.laterredufutur.com\/accueil\/wp-json\/wp\/v2\/posts"}],"about":[{"href":"https:\/\/www.laterredufutur.com\/accueil\/wp-json\/wp\/v2\/types\/post"}],"author":[{"embeddable":true,"href":"https:\/\/www.laterredufutur.com\/accueil\/wp-json\/wp\/v2\/users\/1"}],"replies":[{"embeddable":true,"href":"https:\/\/www.laterredufutur.com\/accueil\/wp-json\/wp\/v2\/comments?post=280"}],"version-history":[{"count":46,"href":"https:\/\/www.laterredufutur.com\/accueil\/wp-json\/wp\/v2\/posts\/280\/revisions"}],"predecessor-version":[{"id":25577,"href":"https:\/\/www.laterredufutur.com\/accueil\/wp-json\/wp\/v2\/posts\/280\/revisions\/25577"}],"wp:featuredmedia":[{"embeddable":true,"href":"https:\/\/www.laterredufutur.com\/accueil\/wp-json\/wp\/v2\/media\/15797"}],"wp:attachment":[{"href":"https:\/\/www.laterredufutur.com\/accueil\/wp-json\/wp\/v2\/media?parent=280"}],"wp:term":[{"taxonomy":"category","embeddable":true,"href":"https:\/\/www.laterredufutur.com\/accueil\/wp-json\/wp\/v2\/categories?post=280"},{"taxonomy":"post_tag","embeddable":true,"href":"https:\/\/www.laterredufutur.com\/accueil\/wp-json\/wp\/v2\/tags?post=280"}],"curies":[{"name":"wp","href":"https:\/\/api.w.org\/{rel}","templated":true}]}}