{"id":27753,"date":"2026-03-07T12:00:01","date_gmt":"2026-03-07T11:00:01","guid":{"rendered":"https:\/\/www.laterredufutur.com\/accueil\/?p=27753"},"modified":"2026-02-27T09:32:16","modified_gmt":"2026-02-27T08:32:16","slug":"les-seismes-sur-la-lune-sont-bien-plus-frequents-quon-ne-le-pensait","status":"publish","type":"post","link":"https:\/\/www.laterredufutur.com\/accueil\/les-seismes-sur-la-lune-sont-bien-plus-frequents-quon-ne-le-pensait\/","title":{"rendered":"Les s\u00e9ismes sur la Lune sont bien plus fr\u00e9quents qu&rsquo;on ne le pensait."},"content":{"rendered":"<div class=\"1665f18d14f35dd9e7566e1a8ac9a3e9\" data-index=\"1\" style=\"float: none; margin:10px 0 10px 0; text-align:center;\">\n<script async src=\"https:\/\/pagead2.googlesyndication.com\/pagead\/js\/adsbygoogle.js\"><\/script>\r\n<ins class=\"adsbygoogle\"\r\n     style=\"display:block; text-align:center;\"\r\n     data-ad-layout=\"in-article\"\r\n     data-ad-format=\"fluid\"\r\n     data-ad-client=\"ca-pub-2860849627502538\"\r\n     data-ad-slot=\"3019501113\"><\/ins>\r\n<script>\r\n     (adsbygoogle = window.adsbygoogle || []).push({});\r\n<\/script>\n<\/div>\n<p>Des scientifiques ont dress\u00e9 la premi\u00e8re carte mondiale des failles dans les mers lunaires , r\u00e9v\u00e9lant que l&rsquo;activit\u00e9 tectonique lunaire \u00e0 travers ces plaines basaltiques sombres est beaucoup plus r\u00e9pandue qu&rsquo;on ne le pensait auparavant.<\/p>\n<p>De plus, certaines de ces cr\u00eates ont \u00e9t\u00e9 dat\u00e9es de quelques dizaines de millions d&rsquo;ann\u00e9es seulement \u2013 \u200b\u200brelativement r\u00e9cent \u00e0 l&rsquo;\u00e9chelle g\u00e9ologique. C&rsquo;est l&rsquo;image la plus claire \u00e0 ce jour de la fa\u00e7on dont la Lune, dans son ensemble, continue de se contracter lentement, plissant sa surface comme une vieille pomme qui se dess\u00e8che.<\/p>\n<p>Ces d\u00e9couvertes sugg\u00e8rent que les plaines basaltiques sombres de la Lune \u2013 cibles privil\u00e9gi\u00e9es pour les missions futures et les bases potentielles \u00e0 long terme \u2013 ne sont finalement pas g\u00e9ologiquement calmes.<\/p>\n<p>\u00ab Depuis l&rsquo;\u00e8re Apollo, nous connaissons la pr\u00e9valence des escarpements lob\u00e9s sur les hauts plateaux lunaires, mais c&rsquo;est la premi\u00e8re fois que des scientifiques documentent la pr\u00e9valence g\u00e9n\u00e9ralis\u00e9e de caract\u00e9ristiques similaires sur l&rsquo;ensemble des mers lunaires \u00bb, explique le g\u00e9ologue Cole Nypaver du Centre d&rsquo;\u00e9tudes de la Terre et des plan\u00e8tes de la Smithsonian Institution aux \u00c9tats-Unis.<\/p>\n<p>\u00ab Ces travaux nous permettent d&rsquo;acqu\u00e9rir une perspective globale et compl\u00e8te sur la tectonique lunaire r\u00e9cente, ce qui nous conduira \u00e0 une meilleure compr\u00e9hension de son int\u00e9rieur, de son histoire thermique et sismique, ainsi que du potentiel de futurs s\u00e9ismes lunaires. \u00bb<\/p>\n<p>Des \u00e9tudes ant\u00e9rieures avaient identifi\u00e9 des cr\u00eates similaires dans des r\u00e9gions isol\u00e9es, mais c&rsquo;est la premi\u00e8re fois qu&rsquo;elles sont cartographi\u00e9es \u00e0 l&rsquo;\u00e9chelle mondiale et analys\u00e9es dans le cadre d&rsquo;un syst\u00e8me de contraction unifi\u00e9.<\/p>\n<p>La Lune ne poss\u00e8de pas de plaques tectoniques mobiles comme celles de la Terre, mais elle pr\u00e9sente une activit\u00e9 interne propre . Form\u00e9e il y a environ 4,5 milliards d&rsquo;ann\u00e9es , elle \u00e9tait \u00e0 l&rsquo;origine une boule de mati\u00e8re en fusion, chaude et visqueuse, qui se refroidit lentement depuis.<\/p>\n<p><span class=\"embed-youtube\" style=\"text-align:center; display: block;\"><iframe loading=\"lazy\" class=\"youtube-player\" width=\"640\" height=\"360\" src=\"https:\/\/www.youtube.com\/embed\/465BbyW5Aic?version=3&#038;rel=1&#038;showsearch=0&#038;showinfo=1&#038;iv_load_policy=1&#038;fs=1&#038;hl=fr-FR&#038;autohide=2&#038;wmode=transparent\" allowfullscreen=\"true\" style=\"border:0;\" sandbox=\"allow-scripts allow-same-origin allow-popups allow-presentation allow-popups-to-escape-sandbox\"><\/iframe><\/span><\/p>\n<p>On peut en trouver la preuve dans des formations de surface appel\u00e9es escarpements lob\u00e9s , des cr\u00eates qui pars\u00e8ment les hauts plateaux rocheux lunaires. Mais ces formations ne sont pas la seule manifestation du r\u00e9tr\u00e9cissement progressif de la Lune.<\/p>\n<p>Sur les mers lunaires \u2013 vastes plaines noires et plates de basalte volcanique \u2013 la Lune pr\u00e9sente \u00e9galement des rides. Ces formations, appel\u00e9es petites cr\u00eates lunaires (SMR), sont des structures tectoniques de compression cr\u00e9\u00e9es par des failles de chevauchement superficielles dans les basaltes sombres des mers lunaires.<\/p>\n<p>Ces formations semblent s&rsquo;\u00eatre constitu\u00e9es \u00e0 peu pr\u00e8s en m\u00eame temps que les escarpements lob\u00e9s, mais leur r\u00e9partition et leur lien avec la contraction lunaire en cours restaient inconnus. C&rsquo;est ce que Nypaver et son \u00e9quipe ont entrepris de faire.<\/p><div class=\"1665f18d14f35dd9e7566e1a8ac9a3e9\" data-index=\"2\" style=\"float: none; margin:10px 0 10px 0; text-align:center;\">\n<script async src=\"https:\/\/pagead2.googlesyndication.com\/pagead\/js\/adsbygoogle.js\"><\/script>\r\n<ins class=\"adsbygoogle\"\r\n     style=\"display:block; text-align:center;\"\r\n     data-ad-layout=\"in-article\"\r\n     data-ad-format=\"fluid\"\r\n     data-ad-client=\"ca-pub-2860849627502538\"\r\n     data-ad-slot=\"3019501113\"><\/ins>\r\n<script>\r\n     (adsbygoogle = window.adsbygoogle || []).push({});\r\n<\/script>\n<\/div>\n\n<p>Gr\u00e2ce aux images haute r\u00e9solution de la sonde Lunar Reconnaissance Orbiter de la NASA, l&rsquo;\u00e9quipe a cartographi\u00e9 1 114 segments de SMR (Small River Marine) jusqu&rsquo;alors inconnus sur la face visible de la Lune. Combin\u00e9es aux relev\u00e9s ant\u00e9rieurs, ces donn\u00e9es portent le total mondial \u00e0 2 634 segments de SMR r\u00e9partis sur les deux h\u00e9misph\u00e8res lunaires.<\/p>\n<p>Ensuite, les chercheurs ont minutieusement d\u00e9termin\u00e9 la date de formation de ces cr\u00eates. Il est impossible de les dater directement, mais la zone environnante fournit une chronologie fiable : lorsque ces failles se d\u00e9placent, elles provoquent des s\u00e9ismes lunaires suffisamment puissants pour effacer les minuscules crat\u00e8res d&rsquo;impact situ\u00e9s \u00e0 proximit\u00e9. En comptant le nombre de petits crat\u00e8res restants, les scientifiques peuvent estimer la date du dernier mouvement de la faille.<\/p>\n<p>Gr\u00e2ce \u00e0 cette m\u00e9thode, les chercheurs ont d\u00e9termin\u00e9 que les SMR se sont form\u00e9es il y a environ 310 \u00e0 50 millions d&rsquo;ann\u00e9es, la plus r\u00e9cente datant d&rsquo;environ 52 millions d&rsquo;ann\u00e9es. L&rsquo;\u00e2ge moyen est d&rsquo;environ 124 millions d&rsquo;ann\u00e9es, tr\u00e8s proche de l&rsquo;\u00e2ge moyen de 105 millions d&rsquo;ann\u00e9es des escarpements lob\u00e9s.<\/p>\n<p>Pour quantifier la contraction de la Lune, l&rsquo;\u00e9quipe a \u00e9galement mod\u00e9lis\u00e9 la g\u00e9om\u00e9trie des failles, estimant leur profondeur et l&rsquo;amplitude du glissement. \u00c0 partir de ces mesures, ils ont calcul\u00e9 que les mers lunaires se sont contract\u00e9es d&rsquo;environ 0,003 \u00e0 0,004 %, une infime fraction, mais comparable \u00e0 la contraction pr\u00e9c\u00e9demment mesur\u00e9e dans les hautes terres.<\/p>\n<p>Cette similitude sugg\u00e8re que les m\u00eames contraintes globales fa\u00e7onnent les deux types de terrains. Le r\u00e9tr\u00e9cissement de la Lune a laiss\u00e9 son empreinte aussi bien sur les hauts plateaux rocheux que sur les plaines volcaniques lisses et sombres.<\/p>\n<p>\u00ab La d\u00e9tection de jeunes et petites cr\u00eates dans les mers lunaires, et la d\u00e9couverte de leur cause, compl\u00e8tent un tableau global d&rsquo;une lune dynamique et en contraction \u00bb, d\u00e9clare le g\u00e9ologue Tom Watters du Centre d&rsquo;\u00e9tudes de la Terre et des plan\u00e8tes.<\/p>\n<p>Ces d\u00e9couvertes \u00e9largissent consid\u00e9rablement le r\u00e9pertoire des sources sismiques possibles sur la Lune, enrichissant ainsi notre palette d&rsquo;outils pour comprendre l&rsquo;\u00e9volution continue de la Lune.<\/p>\n<p>\u00ab La pr\u00e9sence g\u00e9n\u00e9ralis\u00e9e de structures tectoniques r\u00e9cemment ou actuellement actives sismiquement \u00e0 travers les mers lunaires offre de nouvelles opportunit\u00e9s pour les futures missions et investigations lunaires \u00bb, \u00e9crivent les chercheurs dans leur article .<\/p>\n<p>\u00ab La r\u00e9partition des SMR pourrait \u00e9galement avoir une incidence sur toute installation lunaire \u00e0 long terme, compte tenu des risques que les s\u00e9ismes lunaires superficiels font peser sur les infrastructures lunaires construites par l&rsquo;homme. \u00bb<\/p>\n<p>Ces travaux de recherche ont \u00e9t\u00e9 publi\u00e9s dans <a href=\"https:\/\/doi.org\/10.3847\/PSJ\/ae226a\" target=\"_blank\">The Planetary Science Journal.<\/a><\/p>\n<p>Adaptation <a href=\"https:\/\/www.laterredufutur.com\/accueil\/\" target=\"_blank\">Terra Projects<\/a><\/p>\n<p>Source : <a href=\"https:\/\/www.sciencealert.com\/quakes-on-the-moon-are-far-more-widespread-than-we-realized\" target=\"_blank\">https:\/\/www.sciencealert.com\/<\/a><\/p>\n<p class=\"bawpvc-ajax-counter\" data-id=\"27753\">(49)<\/p>\n<!--CusAds0-->\n<div style=\"font-size: 0px; height: 0px; line-height: 0px; margin: 0; padding: 0; clear: both;\"><\/div>","protected":false},"excerpt":{"rendered":"<p>Des scientifiques ont dress\u00e9 la premi\u00e8re carte mondiale des failles dans les mers lunaires , r\u00e9v\u00e9lant que l&rsquo;activit\u00e9 tectonique lunaire&#8230;<\/p>\n","protected":false},"author":1,"featured_media":18330,"comment_status":"open","ping_status":"open","sticky":false,"template":"","format":"standard","meta":{"_exactmetrics_skip_tracking":false,"_exactmetrics_sitenote_active":false,"_exactmetrics_sitenote_note":"","_exactmetrics_sitenote_category":0,"ngg_post_thumbnail":0,"jetpack_post_was_ever_published":false,"_jetpack_newsletter_access":"","_jetpack_dont_email_post_to_subs":false,"_jetpack_newsletter_tier_id":0,"_jetpack_memberships_contains_paywalled_content":false,"_jetpack_memberships_contains_paid_content":false,"footnotes":"","jetpack_publicize_message":"","jetpack_publicize_feature_enabled":true,"jetpack_social_post_already_shared":false,"jetpack_social_options":{"image_generator_settings":{"template":"highway","default_image_id":0,"font":"","enabled":false},"version":2}},"categories":[22],"tags":[122,347,1538],"class_list":["post-27753","post","type-post","status-publish","format-standard","has-post-thumbnail","hentry","category-espace","tag-lune","tag-seisme","tag-seismes","wpcat-22-id"],"jetpack_publicize_connections":[],"jetpack_featured_media_url":"https:\/\/i0.wp.com\/www.laterredufutur.com\/accueil\/wp-content\/uploads\/2019\/02\/terre-lune-apollo1.jpg?fit=720%2C480&ssl=1","jetpack_shortlink":"https:\/\/wp.me\/p631RN-7dD","jetpack-related-posts":[{"id":24535,"url":"https:\/\/www.laterredufutur.com\/accueil\/la-lune-a-eu-des-volcans\/","url_meta":{"origin":27753,"position":0},"title":"La Lune a eu des volcans","author":"Admin","date":"6 novembre 2022","format":false,"excerpt":"Il y a cinquante ans, la NASA et le programme spatial sovi\u00e9tique ont men\u00e9 les premi\u00e8res missions de retour d'\u00e9chantillons de la Lune. Il s'agissait de roches lunaires ramen\u00e9es sur Terre par les astronautes d'Apollo et de celles obtenues par des missions robotis\u00e9es dans le cadre du programme sovi\u00e9tique Luna.\u2026","rel":"","context":"Dans &quot;Espace&quot;","block_context":{"text":"Espace","link":"https:\/\/www.laterredufutur.com\/accueil\/sujets\/espace\/"},"img":{"alt_text":"","src":"https:\/\/i0.wp.com\/www.laterredufutur.com\/accueil\/wp-content\/uploads\/2022\/11\/la-lune-en-fausses-couleurs.jpg?fit=1024%2C415&ssl=1&resize=350%2C200","width":350,"height":200,"srcset":"https:\/\/i0.wp.com\/www.laterredufutur.com\/accueil\/wp-content\/uploads\/2022\/11\/la-lune-en-fausses-couleurs.jpg?fit=1024%2C415&ssl=1&resize=350%2C200 1x, https:\/\/i0.wp.com\/www.laterredufutur.com\/accueil\/wp-content\/uploads\/2022\/11\/la-lune-en-fausses-couleurs.jpg?fit=1024%2C415&ssl=1&resize=525%2C300 1.5x, https:\/\/i0.wp.com\/www.laterredufutur.com\/accueil\/wp-content\/uploads\/2022\/11\/la-lune-en-fausses-couleurs.jpg?fit=1024%2C415&ssl=1&resize=700%2C400 2x"},"classes":[]},{"id":19233,"url":"https:\/\/www.laterredufutur.com\/accueil\/la-nasa-envisage-denvoyer-du-materiel-sur-la-lune-a-partir-de-2020\/","url_meta":{"origin":27753,"position":1},"title":"La NASA envisage d&rsquo;envoyer du mat\u00e9riel sur la Lune \u00e0 partir de 2020","author":"Admin","date":"9 juillet 2019","format":false,"excerpt":"Ce mois ci, nous f\u00eatons les 50 ans, du premier homme sur la Lune, et jamais l'ambition de l'humanit\u00e9 est revenue autant sur la sc\u00e8ne pour y retourner. Pour la premi\u00e8re fois depuis les ann\u00e9es 1970, les \u00c9tats-Unis pr\u00e9voient d\u2019envoyer du mat\u00e9riel \u00e0 la surface de la Lune en 2020\u2026","rel":"","context":"Dans &quot;Espace&quot;","block_context":{"text":"Espace","link":"https:\/\/www.laterredufutur.com\/accueil\/sujets\/espace\/"},"img":{"alt_text":"","src":"https:\/\/i0.wp.com\/www.laterredufutur.com\/accueil\/wp-content\/uploads\/2019\/06\/artemis-2024.jpg?fit=1200%2C689&ssl=1&resize=350%2C200","width":350,"height":200,"srcset":"https:\/\/i0.wp.com\/www.laterredufutur.com\/accueil\/wp-content\/uploads\/2019\/06\/artemis-2024.jpg?fit=1200%2C689&ssl=1&resize=350%2C200 1x, https:\/\/i0.wp.com\/www.laterredufutur.com\/accueil\/wp-content\/uploads\/2019\/06\/artemis-2024.jpg?fit=1200%2C689&ssl=1&resize=525%2C300 1.5x, https:\/\/i0.wp.com\/www.laterredufutur.com\/accueil\/wp-content\/uploads\/2019\/06\/artemis-2024.jpg?fit=1200%2C689&ssl=1&resize=700%2C400 2x, https:\/\/i0.wp.com\/www.laterredufutur.com\/accueil\/wp-content\/uploads\/2019\/06\/artemis-2024.jpg?fit=1200%2C689&ssl=1&resize=1050%2C600 3x"},"classes":[]},{"id":10217,"url":"https:\/\/www.laterredufutur.com\/accueil\/un-nouveau-type-de-pierre-decouvert-par-le-rover-chinois-sur-la-lune\/","url_meta":{"origin":27753,"position":2},"title":"Un nouveau type de pierre d\u00e9couvert par le Rover Chinois sur la Lune","author":"Admin","date":"23 d\u00e9cembre 2015","format":false,"excerpt":"Cette pierre aurait 3 milliards d'ann\u00e9es.\u00a0Le Rover Yutu Chinois\u00a0est devenu quelque chose de tr\u00e8s sp\u00e9cial au cours de sa qu\u00eate\u00a0solitaire\u00a0sur\u00a0la Lune - un type encore jamais vu de roche lunaire volcanique, estim\u00e9 \u00e0 pr\u00e8s de 3 milliards d'ann\u00e9es a \u00e9t\u00e9 d\u00e9couvert et trouv\u00e9 dans\u00a0le bassin\u00a0Imbrium, l'un des plus grands crat\u00e8res\u2026","rel":"","context":"Dans &quot;Espace&quot;","block_context":{"text":"Espace","link":"https:\/\/www.laterredufutur.com\/accueil\/sujets\/espace\/"},"img":{"alt_text":"","src":"https:\/\/i0.wp.com\/www.laterredufutur.com\/accueil\/wp-content\/uploads\/2015\/12\/china-rover.jpg?fit=1024%2C415&ssl=1&resize=350%2C200","width":350,"height":200,"srcset":"https:\/\/i0.wp.com\/www.laterredufutur.com\/accueil\/wp-content\/uploads\/2015\/12\/china-rover.jpg?fit=1024%2C415&ssl=1&resize=350%2C200 1x, https:\/\/i0.wp.com\/www.laterredufutur.com\/accueil\/wp-content\/uploads\/2015\/12\/china-rover.jpg?fit=1024%2C415&ssl=1&resize=525%2C300 1.5x, https:\/\/i0.wp.com\/www.laterredufutur.com\/accueil\/wp-content\/uploads\/2015\/12\/china-rover.jpg?fit=1024%2C415&ssl=1&resize=700%2C400 2x"},"classes":[]},{"id":27664,"url":"https:\/\/www.laterredufutur.com\/accueil\/si-un-asteroide-percute-la-lune-en-2032-les-consequences-pourraient-atteindre-la-terre\/","url_meta":{"origin":27753,"position":3},"title":"Si un ast\u00e9ro\u00efde percute la Lune en 2032, les cons\u00e9quences pourraient atteindre la Terre","author":"Admin","date":"3 f\u00e9vrier 2026","format":false,"excerpt":"Il y a toujours un aspect positif \u00e0 chaque situation. En 2032, la Lune elle-m\u00eame pourrait bien en r\u00e9v\u00e9ler un particuli\u00e8rement positif si elle \u00e9tait percut\u00e9e par un ast\u00e9ro\u00efde de 60 m\u00e8tres de diam\u00e8tre . Les chances qu'un tel \u00e9v\u00e9nement se produise restent relativement faibles (environ 4 %), mais non\u2026","rel":"","context":"Dans &quot;Espace&quot;","block_context":{"text":"Espace","link":"https:\/\/www.laterredufutur.com\/accueil\/sujets\/espace\/"},"img":{"alt_text":"","src":"https:\/\/i0.wp.com\/www.laterredufutur.com\/accueil\/wp-content\/uploads\/2013\/04\/asteroide-nasa.jpg?fit=616%2C462&ssl=1&resize=350%2C200","width":350,"height":200,"srcset":"https:\/\/i0.wp.com\/www.laterredufutur.com\/accueil\/wp-content\/uploads\/2013\/04\/asteroide-nasa.jpg?fit=616%2C462&ssl=1&resize=350%2C200 1x, https:\/\/i0.wp.com\/www.laterredufutur.com\/accueil\/wp-content\/uploads\/2013\/04\/asteroide-nasa.jpg?fit=616%2C462&ssl=1&resize=525%2C300 1.5x"},"classes":[]},{"id":23432,"url":"https:\/\/www.laterredufutur.com\/accueil\/une-eclipse-lunaire-epique-se-produira-demain-la-plus-longue-de-ce-type-depuis-580-ans\/","url_meta":{"origin":27753,"position":4},"title":"Une \u00e9clipse lunaire \u00e9pique se produira demain &#8211; la plus longue de ce type depuis 580 ans","author":"Admin","date":"18 novembre 2021","format":false,"excerpt":"Les amoureux de l'espace vont \u00eatre g\u00e2t\u00e9s cette semaine. Tard dans la nuit de jeudi \u00e0 vendredi (dans les fuseaux horaires am\u00e9ricains), vous aurez la chance d'assister \u00e0 la plus longue \u00e9clipse partielle de Lune depuis 580 ans. Et ne vous laissez pas tromper par le terme \"partielle\" : cette\u2026","rel":"","context":"Dans &quot;Espace&quot;","block_context":{"text":"Espace","link":"https:\/\/www.laterredufutur.com\/accueil\/sujets\/espace\/"},"img":{"alt_text":"","src":"https:\/\/i0.wp.com\/www.laterredufutur.com\/accueil\/wp-content\/uploads\/2021\/11\/eclipse-lunaire-2.jpg?fit=1024%2C415&ssl=1&resize=350%2C200","width":350,"height":200,"srcset":"https:\/\/i0.wp.com\/www.laterredufutur.com\/accueil\/wp-content\/uploads\/2021\/11\/eclipse-lunaire-2.jpg?fit=1024%2C415&ssl=1&resize=350%2C200 1x, https:\/\/i0.wp.com\/www.laterredufutur.com\/accueil\/wp-content\/uploads\/2021\/11\/eclipse-lunaire-2.jpg?fit=1024%2C415&ssl=1&resize=525%2C300 1.5x, https:\/\/i0.wp.com\/www.laterredufutur.com\/accueil\/wp-content\/uploads\/2021\/11\/eclipse-lunaire-2.jpg?fit=1024%2C415&ssl=1&resize=700%2C400 2x"},"classes":[]},{"id":21629,"url":"https:\/\/www.laterredufutur.com\/accueil\/mission-express-chinoise-pour-recolter-des-roches-lunaires\/","url_meta":{"origin":27753,"position":5},"title":"Mission express chinoise pour r\u00e9colter des roches lunaires","author":"Admin","date":"26 novembre 2020","format":false,"excerpt":"C'est fait !\u00a0La sonde Chang'e 5, qui doit rapporter\u00a0des \u00e9chantillons de la surface de la Lune, a \u00e9t\u00e9 lanc\u00e9e hier soir. Elle doit atterrir dans la journ\u00e9e de vendredi. Les \u00e9chantillons seront de retour sur Terre d'ici seulement quelques semaines, vers la mi-d\u00e9cembre. Une mission express qui d\u00e9montre le niveau\u2026","rel":"","context":"Dans &quot;Espace&quot;","block_context":{"text":"Espace","link":"https:\/\/www.laterredufutur.com\/accueil\/sujets\/espace\/"},"img":{"alt_text":"","src":"https:\/\/i0.wp.com\/www.laterredufutur.com\/accueil\/wp-content\/uploads\/2020\/11\/change5.jpg?fit=1000%2C562&ssl=1&resize=350%2C200","width":350,"height":200,"srcset":"https:\/\/i0.wp.com\/www.laterredufutur.com\/accueil\/wp-content\/uploads\/2020\/11\/change5.jpg?fit=1000%2C562&ssl=1&resize=350%2C200 1x, https:\/\/i0.wp.com\/www.laterredufutur.com\/accueil\/wp-content\/uploads\/2020\/11\/change5.jpg?fit=1000%2C562&ssl=1&resize=525%2C300 1.5x, https:\/\/i0.wp.com\/www.laterredufutur.com\/accueil\/wp-content\/uploads\/2020\/11\/change5.jpg?fit=1000%2C562&ssl=1&resize=700%2C400 2x"},"classes":[]}],"jetpack_sharing_enabled":true,"_links":{"self":[{"href":"https:\/\/www.laterredufutur.com\/accueil\/wp-json\/wp\/v2\/posts\/27753","targetHints":{"allow":["GET"]}}],"collection":[{"href":"https:\/\/www.laterredufutur.com\/accueil\/wp-json\/wp\/v2\/posts"}],"about":[{"href":"https:\/\/www.laterredufutur.com\/accueil\/wp-json\/wp\/v2\/types\/post"}],"author":[{"embeddable":true,"href":"https:\/\/www.laterredufutur.com\/accueil\/wp-json\/wp\/v2\/users\/1"}],"replies":[{"embeddable":true,"href":"https:\/\/www.laterredufutur.com\/accueil\/wp-json\/wp\/v2\/comments?post=27753"}],"version-history":[{"count":1,"href":"https:\/\/www.laterredufutur.com\/accueil\/wp-json\/wp\/v2\/posts\/27753\/revisions"}],"predecessor-version":[{"id":27754,"href":"https:\/\/www.laterredufutur.com\/accueil\/wp-json\/wp\/v2\/posts\/27753\/revisions\/27754"}],"wp:featuredmedia":[{"embeddable":true,"href":"https:\/\/www.laterredufutur.com\/accueil\/wp-json\/wp\/v2\/media\/18330"}],"wp:attachment":[{"href":"https:\/\/www.laterredufutur.com\/accueil\/wp-json\/wp\/v2\/media?parent=27753"}],"wp:term":[{"taxonomy":"category","embeddable":true,"href":"https:\/\/www.laterredufutur.com\/accueil\/wp-json\/wp\/v2\/categories?post=27753"},{"taxonomy":"post_tag","embeddable":true,"href":"https:\/\/www.laterredufutur.com\/accueil\/wp-json\/wp\/v2\/tags?post=27753"}],"curies":[{"name":"wp","href":"https:\/\/api.w.org\/{rel}","templated":true}]}}