{"id":27203,"date":"2025-08-30T12:00:58","date_gmt":"2025-08-30T10:00:58","guid":{"rendered":"https:\/\/www.laterredufutur.com\/accueil\/?p=27203"},"modified":"2025-08-29T16:47:45","modified_gmt":"2025-08-29T14:47:45","slug":"des-scientifiques-devoilent-la-photo-inedite-la-plus-detaillee-dune-eruption-solaire","status":"publish","type":"post","link":"https:\/\/www.laterredufutur.com\/accueil\/des-scientifiques-devoilent-la-photo-inedite-la-plus-detaillee-dune-eruption-solaire\/","title":{"rendered":"Des scientifiques d\u00e9voilent la photo in\u00e9dite la plus d\u00e9taill\u00e9e d&rsquo;une \u00e9ruption solaire"},"content":{"rendered":"<div class=\"1665f18d14f35dd9e7566e1a8ac9a3e9\" data-index=\"1\" style=\"float: none; margin:10px 0 10px 0; text-align:center;\">\n<script async src=\"https:\/\/pagead2.googlesyndication.com\/pagead\/js\/adsbygoogle.js\"><\/script>\r\n<ins class=\"adsbygoogle\"\r\n     style=\"display:block; text-align:center;\"\r\n     data-ad-layout=\"in-article\"\r\n     data-ad-format=\"fluid\"\r\n     data-ad-client=\"ca-pub-2860849627502538\"\r\n     data-ad-slot=\"3019501113\"><\/ins>\r\n<script>\r\n     (adsbygoogle = window.adsbygoogle || []).push({});\r\n<\/script>\n<\/div>\n<p>Des images record prises par le plus grand t\u00e9lescope solaire du monde, le t\u00e9lescope solaire Daniel K. Inouye \u00e0 Hawa\u00ef, r\u00e9v\u00e8lent une \u00e9ruption solaire avec des d\u00e9tails sans pr\u00e9c\u00e9dent. Le plus grand t\u00e9lescope solaire du monde vient de capturer les images d&rsquo;une \u00e9ruption solaire \u00e0 la plus haute r\u00e9solution \u00e0 ce jour \u2014 et elles sont spectaculaires.<\/p>\n<p>Le 8 ao\u00fbt 2024, des chercheurs ont braqu\u00e9 le t\u00e9lescope solaire Daniel K. Inouye, bas\u00e9 \u00e0 Hawa\u00ef, sur les phases finales d&rsquo;une puissante \u00e9ruption solaire de classe X, capturant des images d\u00e9taill\u00e9es de boucles chaotiques de plasma \u00e0 la surface du Soleil. Ces observations pourraient aider les scientifiques \u00e0 comprendre la m\u00e9canique des \u00e9ruptions solaires et \u00e0 am\u00e9liorer les pr\u00e9visions des \u00e9ruptions futures.<\/p>\n<p>\u00ab C&rsquo;est la premi\u00e8re fois que le t\u00e9lescope solaire Inouye observe une \u00e9ruption de classe X \u00bb, a d\u00e9clar\u00e9 dans un communiqu\u00e9 Cole Tamburri , co-auteur de l&rsquo;\u00e9tude et physicien solaire \u00e0 l&rsquo;Universit\u00e9 du Colorado \u00e0 Boulder. \u00ab Ces \u00e9ruptions comptent parmi les \u00e9v\u00e9nements les plus \u00e9nerg\u00e9tiques produits par notre \u00e9toile, et nous avons eu la chance d&rsquo;observer celle-ci dans des conditions d&rsquo;observation id\u00e9ales. \u00bb<\/p>\n<p>Les \u00e9ruptions solaires sont d&rsquo;\u00e9normes bouff\u00e9es de lumi\u00e8re \u00e9mises par le Soleil lors des temp\u00eates solaires. Des champs magn\u00e9tiques tortueux cr\u00e9ent de larges boucles de plasma, appel\u00e9es arcades, qui s&rsquo;\u00e9tendent jusqu&rsquo;\u00e0 la couronne, la couche chaude la plus externe de l&rsquo;atmosph\u00e8re solaire. Lorsque les champs magn\u00e9tiques deviennent si complexes qu&rsquo;ils se remettent en place (ph\u00e9nom\u00e8ne appel\u00e9 reconnexion magn\u00e9tique), le Soleil projette des particules et de l&rsquo;\u00e9nergie dans l&rsquo;espace sous forme d&rsquo;\u00e9ruptions solaires. Lorsqu&rsquo;elles sont dirig\u00e9es vers la Terre, l&rsquo;\u00e9nergie de ces \u00e9ruptions peut perturber les communications radio et les engins spatiaux en orbite autour de notre plan\u00e8te.<\/p>\n<figure id=\"attachment_27204\" aria-describedby=\"caption-attachment-27204\" style=\"width: 970px\" class=\"wp-caption alignnone\"><img data-recalc-dims=\"1\" loading=\"lazy\" decoding=\"async\" data-attachment-id=\"27204\" data-permalink=\"https:\/\/www.laterredufutur.com\/accueil\/des-scientifiques-devoilent-la-photo-inedite-la-plus-detaillee-dune-eruption-solaire\/eruption-solaire-aout-2024\/\" data-orig-file=\"https:\/\/i0.wp.com\/www.laterredufutur.com\/accueil\/wp-content\/uploads\/2025\/08\/eruption-solaire-aout-2024.webp?fit=970%2C973&amp;ssl=1\" data-orig-size=\"970,973\" data-comments-opened=\"1\" data-image-meta=\"{&quot;aperture&quot;:&quot;0&quot;,&quot;credit&quot;:&quot;&quot;,&quot;camera&quot;:&quot;&quot;,&quot;caption&quot;:&quot;&quot;,&quot;created_timestamp&quot;:&quot;0&quot;,&quot;copyright&quot;:&quot;&quot;,&quot;focal_length&quot;:&quot;0&quot;,&quot;iso&quot;:&quot;0&quot;,&quot;shutter_speed&quot;:&quot;0&quot;,&quot;title&quot;:&quot;&quot;,&quot;orientation&quot;:&quot;0&quot;}\" data-image-title=\"eruption solaire aout 2024\" data-image-description=\"\" data-image-caption=\"&lt;p&gt;Le t\u00e9lescope solaire Inouye a captur\u00e9 cette image d&amp;rsquo;une \u00e9ruption solaire le 8 ao\u00fbt 2024.(Cr\u00e9dit image : NSF\/NSO\/AURA, CC-BY )&lt;\/p&gt;\n\" data-large-file=\"https:\/\/i0.wp.com\/www.laterredufutur.com\/accueil\/wp-content\/uploads\/2025\/08\/eruption-solaire-aout-2024.webp?fit=798%2C800&amp;ssl=1\" src=\"https:\/\/i0.wp.com\/www.laterredufutur.com\/accueil\/wp-content\/uploads\/2025\/08\/eruption-solaire-aout-2024.webp?resize=970%2C973&#038;ssl=1\" alt=\"\" width=\"970\" height=\"973\" class=\"size-full wp-image-27204\" srcset=\"https:\/\/i0.wp.com\/www.laterredufutur.com\/accueil\/wp-content\/uploads\/2025\/08\/eruption-solaire-aout-2024.webp?w=970&amp;ssl=1 970w, https:\/\/i0.wp.com\/www.laterredufutur.com\/accueil\/wp-content\/uploads\/2025\/08\/eruption-solaire-aout-2024.webp?resize=300%2C300&amp;ssl=1 300w, https:\/\/i0.wp.com\/www.laterredufutur.com\/accueil\/wp-content\/uploads\/2025\/08\/eruption-solaire-aout-2024.webp?resize=798%2C800&amp;ssl=1 798w, https:\/\/i0.wp.com\/www.laterredufutur.com\/accueil\/wp-content\/uploads\/2025\/08\/eruption-solaire-aout-2024.webp?resize=768%2C770&amp;ssl=1 768w, https:\/\/i0.wp.com\/www.laterredufutur.com\/accueil\/wp-content\/uploads\/2025\/08\/eruption-solaire-aout-2024.webp?resize=144%2C144&amp;ssl=1 144w\" sizes=\"auto, (max-width: 970px) 100vw, 970px\" \/><figcaption id=\"caption-attachment-27204\" class=\"wp-caption-text\">Le t\u00e9lescope solaire Inouye a captur\u00e9 cette image d&rsquo;une \u00e9ruption solaire le 8 ao\u00fbt 2024.(Cr\u00e9dit image : NSF\/NSO\/AURA, CC-BY )<\/figcaption><\/figure>\n<p>Mais les scientifiques ignorent la taille des boucles de plasma qui composent ces arcades. Les observations pr\u00e9c\u00e9dentes de chaque boucle ont \u00e9t\u00e9 limit\u00e9es par la r\u00e9solution des anciens t\u00e9lescopes solaires.<\/p><div class=\"1665f18d14f35dd9e7566e1a8ac9a3e9\" data-index=\"2\" style=\"float: none; margin:10px 0 10px 0; text-align:center;\">\n<script async src=\"https:\/\/pagead2.googlesyndication.com\/pagead\/js\/adsbygoogle.js\"><\/script>\r\n<ins class=\"adsbygoogle\"\r\n     style=\"display:block; text-align:center;\"\r\n     data-ad-layout=\"in-article\"\r\n     data-ad-format=\"fluid\"\r\n     data-ad-client=\"ca-pub-2860849627502538\"\r\n     data-ad-slot=\"3019501113\"><\/ins>\r\n<script>\r\n     (adsbygoogle = window.adsbygoogle || []).push({});\r\n<\/script>\n<\/div>\n\n<p>Dans une nouvelle \u00e9tude, publi\u00e9e le 25 ao\u00fbt dans The Astrophysical Journal Letters , Tamburri et ses coll\u00e8gues ont recueilli des images haute r\u00e9solution de boucles de plasma lors des derni\u00e8res phases d&rsquo;une puissante \u00e9ruption solaire \u00e0 l&rsquo;aide de l&rsquo;instrument Visible Broadband Imager d&rsquo;Inouye. En moyenne, les boucles de plasma s&rsquo;\u00e9tendaient sur environ 48 kilom\u00e8tres de large. Mais certaines \u00e9taient plus petites, jusqu&rsquo;\u00e0 environ 21 kilom\u00e8tres, ce qui correspond \u00e0 peu pr\u00e8s \u00e0 la taille maximale que le t\u00e9lescope peut atteindre.<\/p>\n<p>\u00ab Nous explorons enfin les \u00e9chelles spatiales sur lesquelles nous sp\u00e9culons depuis des ann\u00e9es \u00bb, a d\u00e9clar\u00e9 Tamburri dans le communiqu\u00e9. \u00ab Cela ouvre la voie \u00e0 l&rsquo;\u00e9tude non seulement de leur taille, mais aussi de leurs formes, de leur \u00e9volution et m\u00eame des \u00e9chelles o\u00f9 se produit la reconnexion magn\u00e9tique \u2013 le moteur des \u00e9ruptions. \u00bb<\/p>\n<p>Selon les chercheurs, il est possible que les boucles coronales observ\u00e9es ici soient les \u00e9l\u00e9ments constitutifs d&rsquo;arcades solaires plus vastes. \u00ab Si tel est le cas, nous ne r\u00e9solvons pas seulement des faisceaux de boucles ; nous r\u00e9solvons des boucles individuelles pour la premi\u00e8re fois \u00bb, a d\u00e9clar\u00e9 Tamburri dans le communiqu\u00e9. \u00ab C&rsquo;est comme passer d&rsquo;une for\u00eat \u00e0 la vue de tous les arbres. \u00bb<\/p>\n<p>Les nouvelles donn\u00e9es sur les boucles coronales pourraient aider les scientifiques \u00e0 am\u00e9liorer les mod\u00e8les d&rsquo;\u00e9ruptions solaires et \u00e0 mieux comprendre le champ magn\u00e9tique dans la couronne, ont \u00e9crit les chercheurs dans l&rsquo;\u00e9tude.<\/p>\n<p>\u00ab C&rsquo;est un tournant dans la science solaire \u00bb, a d\u00e9clar\u00e9 Tamburri. \u00ab Nous voyons enfin le Soleil \u00e0 l&rsquo;\u00e9chelle \u00e0 laquelle il fonctionne. \u00bb<\/p>\n<p>Adaptation <a href=\"https:\/\/www.laterredufutur.com\/accueil\/\" target=\"_blank\">Terra Projects<\/a><\/p>\n<p>Source : <a href=\"https:\/\/www.livescience.com\/space\/the-sun\/scientists-unveil-most-detailed-photo-of-a-solar-flare-ever-taken\" target=\"_blank\">https:\/\/www.livescience.com\/<\/a><\/p>\n<p class=\"bawpvc-ajax-counter\" data-id=\"27203\">(121)<\/p>\n<!--CusAds0-->\n<div style=\"font-size: 0px; height: 0px; line-height: 0px; margin: 0; padding: 0; clear: both;\"><\/div>","protected":false},"excerpt":{"rendered":"<p>Des images record prises par le plus grand t\u00e9lescope solaire du monde, le t\u00e9lescope solaire Daniel K. Inouye \u00e0 Hawa\u00ef,&#8230;<\/p>\n","protected":false},"author":1,"featured_media":27204,"comment_status":"open","ping_status":"open","sticky":false,"template":"","format":"standard","meta":{"_exactmetrics_skip_tracking":false,"_exactmetrics_sitenote_active":false,"_exactmetrics_sitenote_note":"","_exactmetrics_sitenote_category":0,"ngg_post_thumbnail":0,"jetpack_post_was_ever_published":false,"_jetpack_newsletter_access":"","_jetpack_dont_email_post_to_subs":false,"_jetpack_newsletter_tier_id":0,"_jetpack_memberships_contains_paywalled_content":false,"_jetpack_memberships_contains_paid_content":false,"footnotes":"","jetpack_publicize_message":"","jetpack_publicize_feature_enabled":true,"jetpack_social_post_already_shared":false,"jetpack_social_options":{"image_generator_settings":{"template":"highway","default_image_id":0,"font":"","enabled":false},"version":2}},"categories":[24],"tags":[2250,37,8252],"class_list":["post-27203","post","type-post","status-publish","format-standard","has-post-thumbnail","hentry","category-soleil","tag-eruptions-solaires","tag-soleil","tag-telescope-solaire-daniel-k-inouye","wpcat-24-id"],"jetpack_publicize_connections":[],"jetpack_featured_media_url":"https:\/\/i0.wp.com\/www.laterredufutur.com\/accueil\/wp-content\/uploads\/2025\/08\/eruption-solaire-aout-2024.webp?fit=970%2C973&ssl=1","jetpack_shortlink":"https:\/\/wp.me\/p631RN-74L","jetpack-related-posts":[{"id":24961,"url":"https:\/\/www.laterredufutur.com\/accueil\/de-nouveaux-gros-plans-de-notre-etoile-toujours-plus-eblouissants\/","url_meta":{"origin":27203,"position":0},"title":"De nouveaux gros plans de notre \u00e9toile toujours plus \u00ab\u00a0\u00e9blouissants\u00a0\u00bb","author":"Admin","date":"22 mai 2023","format":false,"excerpt":"Le t\u00e9lescope solaire le plus grand et le plus puissant de la plan\u00e8te vient de nous offrir de nouvelles vues \u00e9poustouflantes de la surface du Soleil. Dans une s\u00e9rie de nouvelles images, les observations du t\u00e9lescope solaire Daniel K. Inouye r\u00e9v\u00e8lent les d\u00e9tails complexes des r\u00e9gions de taches solaires, les\u2026","rel":"","context":"Dans &quot;Soleil&quot;","block_context":{"text":"Soleil","link":"https:\/\/www.laterredufutur.com\/accueil\/sujets\/soleil\/"},"img":{"alt_text":"","src":"https:\/\/i0.wp.com\/www.laterredufutur.com\/accueil\/wp-content\/uploads\/2023\/05\/Detail-dun-pont-de-lumiere-enjambant-une-tache-solaire.jpg?fit=1024%2C415&ssl=1&resize=350%2C200","width":350,"height":200,"srcset":"https:\/\/i0.wp.com\/www.laterredufutur.com\/accueil\/wp-content\/uploads\/2023\/05\/Detail-dun-pont-de-lumiere-enjambant-une-tache-solaire.jpg?fit=1024%2C415&ssl=1&resize=350%2C200 1x, https:\/\/i0.wp.com\/www.laterredufutur.com\/accueil\/wp-content\/uploads\/2023\/05\/Detail-dun-pont-de-lumiere-enjambant-une-tache-solaire.jpg?fit=1024%2C415&ssl=1&resize=525%2C300 1.5x, https:\/\/i0.wp.com\/www.laterredufutur.com\/accueil\/wp-content\/uploads\/2023\/05\/Detail-dun-pont-de-lumiere-enjambant-une-tache-solaire.jpg?fit=1024%2C415&ssl=1&resize=700%2C400 2x"},"classes":[]},{"id":21681,"url":"https:\/\/www.laterredufutur.com\/accueil\/limage-la-plus-nette-dune-tache-solaire-ressemble-a-un-portail-vers-lenfer\/","url_meta":{"origin":27203,"position":1},"title":"L&rsquo;image la plus nette d&rsquo;une tache solaire ressemble \u00e0 un portail vers l&rsquo;enfer","author":"Admin","date":"6 d\u00e9cembre 2020","format":false,"excerpt":"Le t\u00e9lescope solaire Daniel K. Inouye de la National Science Foundation des \u00c9tats-Unis, le plus grand observatoire solaire du monde, vient de publier sa toute premi\u00e8re image d'une tache solaire. L'image, prise en janvier 2020, est l'image la plus nette d'une tache solaire de l'histoire - et elle a l'air\u2026","rel":"","context":"Dans &quot;Soleil&quot;","block_context":{"text":"Soleil","link":"https:\/\/www.laterredufutur.com\/accueil\/sujets\/soleil\/"},"img":{"alt_text":"","src":"https:\/\/i0.wp.com\/www.laterredufutur.com\/accueil\/wp-content\/uploads\/2020\/12\/tache-solaire-decembre2020.jpg?fit=1024%2C535&ssl=1&resize=350%2C200","width":350,"height":200,"srcset":"https:\/\/i0.wp.com\/www.laterredufutur.com\/accueil\/wp-content\/uploads\/2020\/12\/tache-solaire-decembre2020.jpg?fit=1024%2C535&ssl=1&resize=350%2C200 1x, https:\/\/i0.wp.com\/www.laterredufutur.com\/accueil\/wp-content\/uploads\/2020\/12\/tache-solaire-decembre2020.jpg?fit=1024%2C535&ssl=1&resize=525%2C300 1.5x, https:\/\/i0.wp.com\/www.laterredufutur.com\/accueil\/wp-content\/uploads\/2020\/12\/tache-solaire-decembre2020.jpg?fit=1024%2C535&ssl=1&resize=700%2C400 2x"},"classes":[]},{"id":24367,"url":"https:\/\/www.laterredufutur.com\/accueil\/de-nouvelles-images-etonnantes-montrent-la-face-du-soleil-comme-on-ne-la-jamais-vue-auparavant\/","url_meta":{"origin":27203,"position":2},"title":"De nouvelles images \u00e9tonnantes montrent la face du soleil comme on ne l&rsquo;a jamais vue auparavant","author":"Admin","date":"7 septembre 2022","format":false,"excerpt":"Un nouveau portrait r\u00e9alis\u00e9 par le t\u00e9lescope solaire le plus puissant du monde a captur\u00e9 le visage de notre Soleil dans ses moindres d\u00e9tails. Au plus pr\u00e8s de l'\u00e9toile g\u00e9ante, \u00e0 une r\u00e9solution de seulement 18 kilom\u00e8tres, la couche interm\u00e9diaire de l'atmosph\u00e8re du Soleil, connue sous le nom de chromosph\u00e8re,\u2026","rel":"","context":"Dans &quot;Soleil&quot;","block_context":{"text":"Soleil","link":"https:\/\/www.laterredufutur.com\/accueil\/sujets\/soleil\/"},"img":{"alt_text":"","src":"https:\/\/i0.wp.com\/www.laterredufutur.com\/accueil\/wp-content\/uploads\/2022\/09\/soleil-1.jpeg?fit=642%2C644&ssl=1&resize=350%2C200","width":350,"height":200,"srcset":"https:\/\/i0.wp.com\/www.laterredufutur.com\/accueil\/wp-content\/uploads\/2022\/09\/soleil-1.jpeg?fit=642%2C644&ssl=1&resize=350%2C200 1x, https:\/\/i0.wp.com\/www.laterredufutur.com\/accueil\/wp-content\/uploads\/2022\/09\/soleil-1.jpeg?fit=642%2C644&ssl=1&resize=525%2C300 1.5x"},"classes":[]},{"id":20733,"url":"https:\/\/www.laterredufutur.com\/accueil\/lactivite-solaire-pourrait-entrer-dans-le-nouveau-cycle-25-des-ce-mois-ci\/","url_meta":{"origin":27203,"position":3},"title":"L&rsquo;activit\u00e9 solaire pourrait entrer dans le nouveau cycle 25 d\u00e8s ce mois ci","author":"Admin","date":"13 avril 2020","format":false,"excerpt":"Le Soleil pourrait entrer dans un nouveau cycle d'activit\u00e9, potentiellement d\u00e8s ce mois d'avril 2020, a d\u00e9clar\u00e9 un scientifique. Notre \u00e9toile g\u00e9n\u00e8re un puissant champ magn\u00e9tique qui passe par des cycles d'environ 11 ans. \u00c0 la fin de cette p\u00e9riode, la polarit\u00e9 de ce champ magn\u00e9tique s'inverse, ce qui signifie\u2026","rel":"","context":"Dans &quot;Soleil&quot;","block_context":{"text":"Soleil","link":"https:\/\/www.laterredufutur.com\/accueil\/sujets\/soleil\/"},"img":{"alt_text":"","src":"https:\/\/i0.wp.com\/www.laterredufutur.com\/accueil\/wp-content\/uploads\/2020\/04\/activite-solaire.jpg?fit=1200%2C669&ssl=1&resize=350%2C200","width":350,"height":200,"srcset":"https:\/\/i0.wp.com\/www.laterredufutur.com\/accueil\/wp-content\/uploads\/2020\/04\/activite-solaire.jpg?fit=1200%2C669&ssl=1&resize=350%2C200 1x, https:\/\/i0.wp.com\/www.laterredufutur.com\/accueil\/wp-content\/uploads\/2020\/04\/activite-solaire.jpg?fit=1200%2C669&ssl=1&resize=525%2C300 1.5x, https:\/\/i0.wp.com\/www.laterredufutur.com\/accueil\/wp-content\/uploads\/2020\/04\/activite-solaire.jpg?fit=1200%2C669&ssl=1&resize=700%2C400 2x, https:\/\/i0.wp.com\/www.laterredufutur.com\/accueil\/wp-content\/uploads\/2020\/04\/activite-solaire.jpg?fit=1200%2C669&ssl=1&resize=1050%2C600 3x"},"classes":[]},{"id":4715,"url":"https:\/\/www.laterredufutur.com\/accueil\/le-soleil-en-effervescence\/","url_meta":{"origin":27203,"position":4},"title":"Le soleil en effervescence&#8230;","author":"Admin","date":"5 janvier 2009","format":false,"excerpt":"Le soleil est maintenant dans la phase la plus calme de ses 11 ans d'activit\u00e9 cyclique, le minimum solaire - en fait, il a \u00e9t\u00e9 exceptionnellement calme cette ann\u00e9e 2008 - avec plus de 200 jours\u00a0de mesure sans observer\u00a0de taches solaires. Le vent solaire a \u00e9galement chut\u00e9 \u00e0 son plus\u2026","rel":"","context":"Dans &quot;Soleil&quot;","block_context":{"text":"Soleil","link":"https:\/\/www.laterredufutur.com\/accueil\/sujets\/soleil\/"},"img":{"alt_text":"","src":"https:\/\/i0.wp.com\/www.laterredufutur.com\/spaw\/images\/sol01.jpg?resize=350%2C200","width":350,"height":200,"srcset":"https:\/\/i0.wp.com\/www.laterredufutur.com\/spaw\/images\/sol01.jpg?resize=350%2C200 1x, https:\/\/i0.wp.com\/www.laterredufutur.com\/spaw\/images\/sol01.jpg?resize=525%2C300 1.5x"},"classes":[]},{"id":18787,"url":"https:\/\/www.laterredufutur.com\/accueil\/les-chercheurs-ont-decouvert-que-le-champ-magnetique-du-soleil-etait-dix-fois-plus-puissant-que-prevu\/","url_meta":{"origin":27203,"position":5},"title":"Les chercheurs ont d\u00e9couvert que le champ magn\u00e9tique du soleil est dix fois plus puissant que pr\u00e9vu","author":"Admin","date":"31 mars 2019","format":false,"excerpt":"Le champ magn\u00e9tique du soleil est dix fois plus puissant qu'on ne le pensait, selon une nouvelle \u00e9tude r\u00e9alis\u00e9e par les universit\u00e9s Queen's Belfast et Aberystwyth. La nouvelle d\u00e9couverte a \u00e9t\u00e9 d\u00e9couverte par le Dr David Kuridze, chercheur universitaire \u00e0 l'Universit\u00e9 Aberystwyth. Le Dr Kuridze a commenc\u00e9 ses recherches lorsqu'il\u2026","rel":"","context":"Dans &quot;Soleil&quot;","block_context":{"text":"Soleil","link":"https:\/\/www.laterredufutur.com\/accueil\/sujets\/soleil\/"},"img":{"alt_text":"","src":"https:\/\/i0.wp.com\/www.laterredufutur.com\/accueil\/wp-content\/uploads\/2019\/03\/champ-magnetique-solaire.jpg?fit=800%2C480&ssl=1&resize=350%2C200","width":350,"height":200,"srcset":"https:\/\/i0.wp.com\/www.laterredufutur.com\/accueil\/wp-content\/uploads\/2019\/03\/champ-magnetique-solaire.jpg?fit=800%2C480&ssl=1&resize=350%2C200 1x, https:\/\/i0.wp.com\/www.laterredufutur.com\/accueil\/wp-content\/uploads\/2019\/03\/champ-magnetique-solaire.jpg?fit=800%2C480&ssl=1&resize=525%2C300 1.5x, https:\/\/i0.wp.com\/www.laterredufutur.com\/accueil\/wp-content\/uploads\/2019\/03\/champ-magnetique-solaire.jpg?fit=800%2C480&ssl=1&resize=700%2C400 2x"},"classes":[]}],"jetpack_sharing_enabled":true,"_links":{"self":[{"href":"https:\/\/www.laterredufutur.com\/accueil\/wp-json\/wp\/v2\/posts\/27203","targetHints":{"allow":["GET"]}}],"collection":[{"href":"https:\/\/www.laterredufutur.com\/accueil\/wp-json\/wp\/v2\/posts"}],"about":[{"href":"https:\/\/www.laterredufutur.com\/accueil\/wp-json\/wp\/v2\/types\/post"}],"author":[{"embeddable":true,"href":"https:\/\/www.laterredufutur.com\/accueil\/wp-json\/wp\/v2\/users\/1"}],"replies":[{"embeddable":true,"href":"https:\/\/www.laterredufutur.com\/accueil\/wp-json\/wp\/v2\/comments?post=27203"}],"version-history":[{"count":1,"href":"https:\/\/www.laterredufutur.com\/accueil\/wp-json\/wp\/v2\/posts\/27203\/revisions"}],"predecessor-version":[{"id":27205,"href":"https:\/\/www.laterredufutur.com\/accueil\/wp-json\/wp\/v2\/posts\/27203\/revisions\/27205"}],"wp:featuredmedia":[{"embeddable":true,"href":"https:\/\/www.laterredufutur.com\/accueil\/wp-json\/wp\/v2\/media\/27204"}],"wp:attachment":[{"href":"https:\/\/www.laterredufutur.com\/accueil\/wp-json\/wp\/v2\/media?parent=27203"}],"wp:term":[{"taxonomy":"category","embeddable":true,"href":"https:\/\/www.laterredufutur.com\/accueil\/wp-json\/wp\/v2\/categories?post=27203"},{"taxonomy":"post_tag","embeddable":true,"href":"https:\/\/www.laterredufutur.com\/accueil\/wp-json\/wp\/v2\/tags?post=27203"}],"curies":[{"name":"wp","href":"https:\/\/api.w.org\/{rel}","templated":true}]}}