{"id":27143,"date":"2025-08-10T12:00:12","date_gmt":"2025-08-10T10:00:12","guid":{"rendered":"https:\/\/www.laterredufutur.com\/accueil\/?p=27143"},"modified":"2025-08-08T19:51:23","modified_gmt":"2025-08-08T17:51:23","slug":"est-ce-que-la-chaleur-affecte-notre-comportement","status":"publish","type":"post","link":"https:\/\/www.laterredufutur.com\/accueil\/est-ce-que-la-chaleur-affecte-notre-comportement\/","title":{"rendered":"Est-ce que la chaleur affecte notre comportement ?"},"content":{"rendered":"<div class=\"1665f18d14f35dd9e7566e1a8ac9a3e9\" data-index=\"1\" style=\"float: none; margin:10px 0 10px 0; text-align:center;\">\n<script async src=\"https:\/\/pagead2.googlesyndication.com\/pagead\/js\/adsbygoogle.js\"><\/script>\r\n<ins class=\"adsbygoogle\"\r\n     style=\"display:block; text-align:center;\"\r\n     data-ad-layout=\"in-article\"\r\n     data-ad-format=\"fluid\"\r\n     data-ad-client=\"ca-pub-2860849627502538\"\r\n     data-ad-slot=\"3019501113\"><\/ins>\r\n<script>\r\n     (adsbygoogle = window.adsbygoogle || []).push({});\r\n<\/script>\n<\/div>\n<p>Avec le retour de fortes chaleurs sur l&rsquo;Europe occidentale et la France, la question de savoir si la chaleur peut affecter notre comportement refait surface. Qu&rsquo;en est-il r\u00e9ellement, et quelles en sont les causes ?<\/p>\n<p>Oui, la chaleur \u2014 et plus encore la canicule \u2014 a un impact significatif sur le comportement humain, aussi bien sur le plan physiologique, psychologique que social. Voici comment :<\/p>\n<ol>\n<li>Effets physiologiques directs<br \/>\nFatigue accrue, d\u00e9shydratation, maux de t\u00eate.<br \/>\nDiminution des performances physiques et cognitives (probl\u00e8mes de concentration, erreurs).<br \/>\nPerturbation du sommeil (la temp\u00e9rature id\u00e9ale pour dormir est autour de 18\u00b0C).<br \/>\nTout cela peut entra\u00eener irritabilit\u00e9, baisse de motivation, ralentissement.<\/li>\n<li>\n<p>Augmentation de l\u2019agressivit\u00e9 et de l\u2019impulsivit\u00e9<br \/>\nDes \u00e9tudes montrent que les p\u00e9riodes de forte chaleur sont associ\u00e9es \u00e0 :<br \/>\nUne hausse des comportements violents (disputes, agressions, violences domestiques).<br \/>\nUne augmentation de la criminalit\u00e9, notamment les d\u00e9lits violents.<\/p>\n<\/li>\n<\/ol>\n<p>L\u2019explication serait li\u00e9e \u00e0 la baisse de tol\u00e9rance au stress et au manque de confort thermique.<\/p>\n<ol>\n<li>Troubles de l\u2019humeur et du jugement<br \/>\nLes personnes peuvent se sentir plus anxieuses, d\u00e9prim\u00e9es ou abattues pendant les canicules.<br \/>\nLa chaleur peut alt\u00e9rer la prise de d\u00e9cision et favoriser des comportements irrationnels ou \u00e0 risque.<\/li>\n<\/ol>\n<li>\n<p>Modifications du comportement social<br \/>\nTendance \u00e0 \u00e9viter les interactions sociales si l\u2019on est \u00e9puis\u00e9 ou irritable.<br \/>\nComportements de repli ou, \u00e0 l\u2019inverse, des mouvements de foule (ex : ru\u00e9e vers les lieux climatis\u00e9s ou plans d\u2019eau).<\/p>\n<\/li>\n<li>\n<p>Populations plus vuln\u00e9rables<br \/>\nPersonnes \u00e2g\u00e9es Confusion mentale, isolement social<br \/>\nSans-abris Stress, comportements extr\u00eames<br \/>\nPersonnes avec troubles mentaux D\u00e9compensations, hallucinations, agressivit\u00e9<br \/>\nEnfants Crises, agitation, troubles du sommeil<\/p>\n<\/li>\n<figure id=\"attachment_27147\" aria-describedby=\"caption-attachment-27147\" style=\"width: 512px\" class=\"wp-caption alignnone\"><img data-recalc-dims=\"1\" loading=\"lazy\" decoding=\"async\" data-attachment-id=\"27147\" data-permalink=\"https:\/\/www.laterredufutur.com\/accueil\/est-ce-que-la-chaleur-affecte-notre-comportement\/meteo-dimanche-10-aout-2025\/\" data-orig-file=\"https:\/\/i0.wp.com\/www.laterredufutur.com\/accueil\/wp-content\/uploads\/2025\/08\/meteo-dimanche-10-aout-2025.png?fit=512%2C450&amp;ssl=1\" data-orig-size=\"512,450\" data-comments-opened=\"1\" data-image-meta=\"{&quot;aperture&quot;:&quot;0&quot;,&quot;credit&quot;:&quot;&quot;,&quot;camera&quot;:&quot;&quot;,&quot;caption&quot;:&quot;&quot;,&quot;created_timestamp&quot;:&quot;0&quot;,&quot;copyright&quot;:&quot;&quot;,&quot;focal_length&quot;:&quot;0&quot;,&quot;iso&quot;:&quot;0&quot;,&quot;shutter_speed&quot;:&quot;0&quot;,&quot;title&quot;:&quot;&quot;,&quot;orientation&quot;:&quot;0&quot;}\" data-image-title=\"meteo dimanche 10 aout 2025\" data-image-description=\"\" data-image-caption=\"\" data-large-file=\"https:\/\/i0.wp.com\/www.laterredufutur.com\/accueil\/wp-content\/uploads\/2025\/08\/meteo-dimanche-10-aout-2025.png?fit=512%2C450&amp;ssl=1\" class=\"wp-image-27147 size-full\" src=\"https:\/\/i0.wp.com\/www.laterredufutur.com\/accueil\/wp-content\/uploads\/2025\/08\/meteo-dimanche-10-aout-2025.png?resize=512%2C450&#038;ssl=1\" alt=\"\" width=\"512\" height=\"450\" srcset=\"https:\/\/i0.wp.com\/www.laterredufutur.com\/accueil\/wp-content\/uploads\/2025\/08\/meteo-dimanche-10-aout-2025.png?w=512&amp;ssl=1 512w, https:\/\/i0.wp.com\/www.laterredufutur.com\/accueil\/wp-content\/uploads\/2025\/08\/meteo-dimanche-10-aout-2025.png?resize=300%2C264&amp;ssl=1 300w\" sizes=\"auto, (max-width: 512px) 100vw, 512px\" \/><figcaption id=\"caption-attachment-27147\" class=\"wp-caption-text\">credit meteociel<\/figcaption><\/figure>\n<ol>\n<li>Comportements d\u2019adaptation ou d\u2019\u00e9vitement<br \/>\nChercher de la fra\u00eecheur \u00e0 tout prix (centres commerciaux, piscines, transports climatis\u00e9s).<br \/>\nR\u00e9duction des interactions sociales (rester seul chez soi pour \u00e9viter l&rsquo;effort).<br \/>\nAchat impulsif de climatiseurs, ventilateurs, glaces, boissons alcoolis\u00e9es.<\/li>\n<\/ol>\n<p>La canicule affecte profond\u00e9ment notre corps et notre esprit.<br \/>\nElle accentue le stress, r\u00e9duit notre patience, alt\u00e8re nos performances et peut favoriser des comportements extr\u00eames.<br \/>\nSelon une \u00c9tude sur la criminalit\u00e9 et la temp\u00e9rature : Anderson et Bushman (2017) \u2013 \u00ab\u00a0Hot temperatures, hot tempers\u00a0\u00bb<\/p><div class=\"1665f18d14f35dd9e7566e1a8ac9a3e9\" data-index=\"2\" style=\"float: none; margin:10px 0 10px 0; text-align:center;\">\n<script async src=\"https:\/\/pagead2.googlesyndication.com\/pagead\/js\/adsbygoogle.js\"><\/script>\r\n<ins class=\"adsbygoogle\"\r\n     style=\"display:block; text-align:center;\"\r\n     data-ad-layout=\"in-article\"\r\n     data-ad-format=\"fluid\"\r\n     data-ad-client=\"ca-pub-2860849627502538\"\r\n     data-ad-slot=\"3019501113\"><\/ins>\r\n<script>\r\n     (adsbygoogle = window.adsbygoogle || []).push({});\r\n<\/script>\n<\/div>\n\n<p>Analyse de donn\u00e9es dans plusieurs pays.<br \/>\nR\u00e9sultat : \u00e0 chaque augmentation de 1\u00b0C, certains types de violence augmentent de 4 \u00e0 6%.<br \/>\nLi\u00e9 \u00e0 l&rsquo;hypoth\u00e8se \u00ab\u00a0heat-aggression\u00a0\u00bb : la chaleur augmente l&rsquo;irritabilit\u00e9 \u2192 plus de conflits.<\/p>\n<p>\u00c9tude sur la performance cognitive :<br \/>\nHarvard School of Public Health (2018) \u2013 \u00c9tude men\u00e9e sur des \u00e9tudiants \u00e0 Boston.<br \/>\nPendant une canicule, les \u00e9tudiants log\u00e9s dans des dortoirs non climatis\u00e9s avaient des capacit\u00e9s cognitives r\u00e9duites de 13% par rapport aux autres.<br \/>\nTests : temps de r\u00e9action plus lents, erreurs de calcul.<\/p>\n<p>Analyse psychologique<br \/>\nPourquoi la chaleur rend agressif ?<br \/>\nLe cerveau, surtout l\u2019amygdale, g\u00e8re les \u00e9motions comme la peur ou la col\u00e8re.<br \/>\nEn cas de chaleur excessive :<br \/>\nLe corps d\u00e9pense de l\u2019\u00e9nergie pour se refroidir \u2192 fatigue.<br \/>\nLe stress thermique active des zones c\u00e9r\u00e9brales li\u00e9es \u00e0 l\u2019agressivit\u00e9.<br \/>\nMoins de contr\u00f4le inhibiteur (cortex pr\u00e9frontal).<\/p>\n<p>Exemples concrets<br \/>\nExemple 1 : Embouteillage en ville en pleine canicule<br \/>\nRisque accru de violence routi\u00e8re, klaxons, altercations.<br \/>\nDes \u00e9tudes ont montr\u00e9 plus de \u00ab\u00a0road rage\u00a0\u00bb (rage au volant) en p\u00e9riode de forte chaleur.<\/p>\n<p>Exemple 2 : Vie de famille<br \/>\nUn appartement surchauff\u00e9 \u2192 nervosit\u00e9, disputes conjugales ou familiales.<br \/>\nMoins d\u2019\u00e9nergie pour dialoguer calmement \u2192 tensions.<\/p>\n<p>Exemple 3 : Police &amp; h\u00f4pitaux<br \/>\nEn p\u00e9riode de canicule, plus d&rsquo;interventions des urgences : agressions, malaises, troubles mentaux.<br \/>\nExemples en France pendant la canicule de 2003 ou 2022 : surcharges dans les h\u00f4pitaux psychiatriques.<\/p>\n<p>En conclusion : La chaleur intense et les \u00e9pisodes de canicule ont un impact profond sur le comportement humain. Ils affectent \u00e0 la fois le corps et l\u2019esprit, provoquant fatigue, troubles du sommeil, baisse de concentration, irritabilit\u00e9 et m\u00eame agressivit\u00e9. Ces effets peuvent se traduire par des conflits, des comportements \u00e0 risque, une diminution des performances mentales, et une souffrance psychologique accrue, en particulier chez les populations les plus vuln\u00e9rables.<\/p>\n<p>En p\u00e9riode de canicule, notre capacit\u00e9 \u00e0 g\u00e9rer le stress, \u00e0 raisonner calmement et \u00e0 interagir socialement est fragilis\u00e9e.<\/p>\n<p>Ce n\u2019est pas seulement un inconfort physique : c\u2019est un d\u00e9clencheur comportemental et psychologique puissant. C&rsquo;est pourquoi, il faut imp\u00e9rativement rester au frais, se rafraichir. Avec tout \u00e7a, l&rsquo;expression \u00ab\u00a0Le soleil m&rsquo;a tap\u00e9 sur le t\u00eate\u00a0\u00bb prend tout son sens !<\/p>\n<figure id=\"attachment_27149\" aria-describedby=\"caption-attachment-27149\" style=\"width: 768px\" class=\"wp-caption alignnone\"><img data-recalc-dims=\"1\" loading=\"lazy\" decoding=\"async\" data-attachment-id=\"27149\" data-permalink=\"https:\/\/www.laterredufutur.com\/accueil\/est-ce-que-la-chaleur-affecte-notre-comportement\/meteo-dimanche-10-aout-2025-2\/\" data-orig-file=\"https:\/\/i0.wp.com\/www.laterredufutur.com\/accueil\/wp-content\/uploads\/2025\/08\/meteo-dimanche-10-aout-2025-1.png?fit=768%2C512&amp;ssl=1\" data-orig-size=\"768,512\" data-comments-opened=\"1\" data-image-meta=\"{&quot;aperture&quot;:&quot;0&quot;,&quot;credit&quot;:&quot;&quot;,&quot;camera&quot;:&quot;&quot;,&quot;caption&quot;:&quot;&quot;,&quot;created_timestamp&quot;:&quot;0&quot;,&quot;copyright&quot;:&quot;&quot;,&quot;focal_length&quot;:&quot;0&quot;,&quot;iso&quot;:&quot;0&quot;,&quot;shutter_speed&quot;:&quot;0&quot;,&quot;title&quot;:&quot;&quot;,&quot;orientation&quot;:&quot;0&quot;}\" data-image-title=\"meteo dimanche 10 aout 2025\" data-image-description=\"\" data-image-caption=\"&lt;p&gt;carte de gfs qui montre les centres d&amp;rsquo;action et plus pr\u00e9cisement cette chaleur sur l&amp;rsquo;Europe ce 10 aout 2025. credit image meteociel&lt;\/p&gt;\n\" data-large-file=\"https:\/\/i0.wp.com\/www.laterredufutur.com\/accueil\/wp-content\/uploads\/2025\/08\/meteo-dimanche-10-aout-2025-1.png?fit=768%2C512&amp;ssl=1\" class=\"size-full wp-image-27149\" src=\"https:\/\/i0.wp.com\/www.laterredufutur.com\/accueil\/wp-content\/uploads\/2025\/08\/meteo-dimanche-10-aout-2025-1.png?resize=768%2C512&#038;ssl=1\" alt=\"\" width=\"768\" height=\"512\" srcset=\"https:\/\/i0.wp.com\/www.laterredufutur.com\/accueil\/wp-content\/uploads\/2025\/08\/meteo-dimanche-10-aout-2025-1.png?w=768&amp;ssl=1 768w, https:\/\/i0.wp.com\/www.laterredufutur.com\/accueil\/wp-content\/uploads\/2025\/08\/meteo-dimanche-10-aout-2025-1.png?resize=300%2C200&amp;ssl=1 300w\" sizes=\"auto, (max-width: 768px) 100vw, 768px\" \/><figcaption id=\"caption-attachment-27149\" class=\"wp-caption-text\">carte de gfs qui montre les centres d&rsquo;action et plus pr\u00e9cisement cette chaleur sur l&rsquo;Europe ce 10 aout 2025. credit image meteociel<\/figcaption><\/figure>\n<p>Source Openei<br \/>\nAdaptation <a href=\"https:\/\/www.laterredufutur.com\/accueil\/\">Terra Projects<\/a><\/p>\n<p class=\"bawpvc-ajax-counter\" data-id=\"27143\">(110)<\/p>\n<!--CusAds0-->\n<div style=\"font-size: 0px; height: 0px; line-height: 0px; margin: 0; padding: 0; clear: both;\"><\/div>","protected":false},"excerpt":{"rendered":"<p>Avec le retour de fortes chaleurs sur l&rsquo;Europe occidentale et la France, la question de savoir si la chaleur peut&#8230;<\/p>\n","protected":false},"author":1,"featured_media":27145,"comment_status":"open","ping_status":"open","sticky":false,"template":"","format":"standard","meta":{"_exactmetrics_skip_tracking":false,"_exactmetrics_sitenote_active":false,"_exactmetrics_sitenote_note":"","_exactmetrics_sitenote_category":0,"ngg_post_thumbnail":0,"jetpack_post_was_ever_published":false,"_jetpack_newsletter_access":"","_jetpack_dont_email_post_to_subs":false,"_jetpack_newsletter_tier_id":0,"_jetpack_memberships_contains_paywalled_content":false,"_jetpack_memberships_contains_paid_content":false,"footnotes":"","jetpack_publicize_message":"","jetpack_publicize_feature_enabled":true,"jetpack_social_post_already_shared":false,"jetpack_social_options":{"image_generator_settings":{"template":"highway","default_image_id":0,"font":"","enabled":false},"version":2}},"categories":[32],"tags":[166,316,8246,729,703],"class_list":["post-27143","post","type-post","status-publish","format-standard","has-post-thumbnail","hentry","category-meteorologie","tag-canicule","tag-chaleur","tag-comportement","tag-humain","tag-impact","wpcat-32-id"],"jetpack_publicize_connections":[],"jetpack_featured_media_url":"https:\/\/i0.wp.com\/www.laterredufutur.com\/accueil\/wp-content\/uploads\/2025\/08\/chaleur-homme.jpg?fit=1024%2C1024&ssl=1","jetpack_shortlink":"https:\/\/wp.me\/p631RN-73N","jetpack-related-posts":[{"id":1473,"url":"https:\/\/www.laterredufutur.com\/accueil\/se-proteger-de-la-chaleur-1\/","url_meta":{"origin":27143,"position":0},"title":"Se prot\u00e9ger de la chaleur 1","author":"Admin","date":"5 juillet 2013","format":false,"excerpt":"On peut se prot\u00e9ger de la chaleur en appliquant quelques bonnes vieilles recettes, plut\u00f4t que d'avoir recours \u00e0 un climatiseur qui aggrave encore le probl\u00e8me au niveau local et global. D\u00e8s que la chaleur s'installe, les publicit\u00e9s nous incitent \u00e0 acqu\u00e9rir un petit appareil de climatisation. Or, pour produire du\u2026","rel":"","context":"Dans &quot;Solutions&quot;","block_context":{"text":"Solutions","link":"https:\/\/www.laterredufutur.com\/accueil\/sujets\/solutions\/"},"img":{"alt_text":"","src":"https:\/\/i0.wp.com\/www.laterredufutur.com\/accueil\/wp-content\/uploads\/2013\/07\/chaleur.jpg?fit=225%2C225&ssl=1&resize=350%2C200","width":350,"height":200},"classes":[]},{"id":8770,"url":"https:\/\/www.laterredufutur.com\/accueil\/plus-de-3000-deces-supplementaires-cet-ete\/","url_meta":{"origin":27143,"position":1},"title":"Plus de 3000 d\u00e9c\u00e8s suppl\u00e9mentaires cet \u00e9t\u00e9","author":"Admin","date":"14 octobre 2015","format":false,"excerpt":"Durant les \u00e9pisodes caniculaires de cet \u00e9t\u00e9, quelque 3300 d\u00e9c\u00e8s suppl\u00e9mentaires ont \u00e9t\u00e9 enregistr\u00e9s en France. Mais l'Institut de veille sanitaire rel\u00e8ve que la chaleur n'est pas \u00e0 elle seule responsable de ces d\u00e9c\u00e8s. Bref, rien \u00e0 voir avec la canicule de 2003. Environ 3.300 d\u00e9c\u00e8s suppl\u00e9mentaires ont \u00e9t\u00e9 enregistr\u00e9s\u2026","rel":"","context":"Dans &quot;M\u00e9t\u00e9orologie&quot;","block_context":{"text":"M\u00e9t\u00e9orologie","link":"https:\/\/www.laterredufutur.com\/accueil\/sujets\/meteorologie\/"},"img":{"alt_text":"","src":"https:\/\/i0.wp.com\/www.laterredufutur.com\/accueil\/wp-content\/uploads\/2015\/10\/canicule-ete-2015.jpg?fit=686%2C339&ssl=1&resize=350%2C200","width":350,"height":200,"srcset":"https:\/\/i0.wp.com\/www.laterredufutur.com\/accueil\/wp-content\/uploads\/2015\/10\/canicule-ete-2015.jpg?fit=686%2C339&ssl=1&resize=350%2C200 1x, https:\/\/i0.wp.com\/www.laterredufutur.com\/accueil\/wp-content\/uploads\/2015\/10\/canicule-ete-2015.jpg?fit=686%2C339&ssl=1&resize=525%2C300 1.5x"},"classes":[]},{"id":24010,"url":"https:\/\/www.laterredufutur.com\/accueil\/forte-canicule-en-inde-et-au-pakistan\/","url_meta":{"origin":27143,"position":2},"title":"Forte canicule en Inde et au Pakistan","author":"Admin","date":"2 mai 2022","format":false,"excerpt":"Pour Fabio D\u2019Andrea, chercheur au CNRS, les deux pays sont de plus en plus confront\u00e9s \u00e0 des canicules pendant lesquelles les temp\u00e9ratures atteignent des niveaux qui, il y a quinze ans, \u00e9taient tr\u00e8s rares sur Terre. Pr\u00e8s de 50\u00b0C \u00e9taient attendus en Inde et au Pakistan \u00e0 la fin d\u2019une\u2026","rel":"","context":"Dans &quot;Ev\u00e8nement Brutal&quot;","block_context":{"text":"Ev\u00e8nement Brutal","link":"https:\/\/www.laterredufutur.com\/accueil\/sujets\/evenement-brutal\/"},"img":{"alt_text":"","src":"https:\/\/i0.wp.com\/www.laterredufutur.com\/accueil\/wp-content\/uploads\/2022\/05\/canicule-inde.jpg?fit=1024%2C576&ssl=1&resize=350%2C200","width":350,"height":200,"srcset":"https:\/\/i0.wp.com\/www.laterredufutur.com\/accueil\/wp-content\/uploads\/2022\/05\/canicule-inde.jpg?fit=1024%2C576&ssl=1&resize=350%2C200 1x, https:\/\/i0.wp.com\/www.laterredufutur.com\/accueil\/wp-content\/uploads\/2022\/05\/canicule-inde.jpg?fit=1024%2C576&ssl=1&resize=525%2C300 1.5x, https:\/\/i0.wp.com\/www.laterredufutur.com\/accueil\/wp-content\/uploads\/2022\/05\/canicule-inde.jpg?fit=1024%2C576&ssl=1&resize=700%2C400 2x"},"classes":[]},{"id":15560,"url":"https:\/\/www.laterredufutur.com\/accueil\/un-monde-alarmiste-et-qui-veut-faire-peur-lapocalypse-annoncee\/","url_meta":{"origin":27143,"position":3},"title":"Un monde alarmiste et qui veut faire peur, l&rsquo;Apocalypse annonc\u00e9e","author":"Admin","date":"11 ao\u00fbt 2017","format":false,"excerpt":"Il n'y a pas un mois, une semaine, un jour o\u00f9 une \u00e9tude tombe en nous annon\u00e7ant l'apocalypse climatique ! Cette th\u00e8se r\u00e9p\u00e9titive entre dans le domaine du scary movie, \u00e9pisode 1580. Entre mythe et r\u00e9alit\u00e9, o\u00f9 seront nous dans 80 ans ? S'occupe t-on des probl\u00e8mes actuels, tant en\u2026","rel":"","context":"Dans &quot;Monde Futur&quot;","block_context":{"text":"Monde Futur","link":"https:\/\/www.laterredufutur.com\/accueil\/sujets\/monde-futur\/"},"img":{"alt_text":"","src":"https:\/\/i0.wp.com\/www.laterredufutur.com\/accueil\/wp-content\/uploads\/2017\/07\/tintin_findumonde.jpg?fit=531%2C433&ssl=1&resize=350%2C200","width":350,"height":200,"srcset":"https:\/\/i0.wp.com\/www.laterredufutur.com\/accueil\/wp-content\/uploads\/2017\/07\/tintin_findumonde.jpg?fit=531%2C433&ssl=1&resize=350%2C200 1x, https:\/\/i0.wp.com\/www.laterredufutur.com\/accueil\/wp-content\/uploads\/2017\/07\/tintin_findumonde.jpg?fit=531%2C433&ssl=1&resize=525%2C300 1.5x"},"classes":[]},{"id":7203,"url":"https:\/\/www.laterredufutur.com\/accueil\/le-plan-canicule-declenche-vendredi-au-moins-pour-48-heures\/","url_meta":{"origin":27143,"position":4},"title":"Le plan canicule d\u00e9clench\u00e9 vendredi \u00abau moins pour 48 heures\u00bb","author":"Admin","date":"4 juin 2015","format":false,"excerpt":"A chaleur exceptionnelle, mesures exceptionnelles. Le plan canicule va \u00eatre d\u00e9clench\u00e9 vendredi \u00abau moins pour 48 heures\u00bb, en raison de la vague de chaleur annonc\u00e9e en France dans les prochains jours, a annonc\u00e9 la Secr\u00e9taire d'\u00c9tat charg\u00e9e de la Famille, des Personnes \u00e2g\u00e9es et de l'Autonomie, Laurence Rossignol, ce jeudi,\u2026","rel":"","context":"Dans &quot;M\u00e9t\u00e9orologie&quot;","block_context":{"text":"M\u00e9t\u00e9orologie","link":"https:\/\/www.laterredufutur.com\/accueil\/sujets\/meteorologie\/"},"img":{"alt_text":"","src":"https:\/\/i0.wp.com\/www.laterredufutur.com\/accueil\/wp-content\/uploads\/2015\/06\/canicule.jpg?fit=800%2C480&ssl=1&resize=350%2C200","width":350,"height":200,"srcset":"https:\/\/i0.wp.com\/www.laterredufutur.com\/accueil\/wp-content\/uploads\/2015\/06\/canicule.jpg?fit=800%2C480&ssl=1&resize=350%2C200 1x, https:\/\/i0.wp.com\/www.laterredufutur.com\/accueil\/wp-content\/uploads\/2015\/06\/canicule.jpg?fit=800%2C480&ssl=1&resize=525%2C300 1.5x, https:\/\/i0.wp.com\/www.laterredufutur.com\/accueil\/wp-content\/uploads\/2015\/06\/canicule.jpg?fit=800%2C480&ssl=1&resize=700%2C400 2x"},"classes":[]},{"id":1476,"url":"https:\/\/www.laterredufutur.com\/accueil\/se-proteger-de-la-chaleur-2\/","url_meta":{"origin":27143,"position":5},"title":"Se prot\u00e9ger de la chaleur 2","author":"Admin","date":"7 juillet 2013","format":false,"excerpt":"Se prot\u00e9ger de la chaleur et de la d\u00e9shydratation Les climats chauds, et en particulier ceux qui associent l'humidit\u00e9 \u00e0 la chaleur, peuvent se r\u00e9v\u00e9ler dangereux pour la sant\u00e9. Ils imposent de savoir se prot\u00e9ger du coup de chaleur et de boire suffisamment pour compenser les pertes en eau li\u00e9es\u2026","rel":"","context":"Dans &quot;Solutions&quot;","block_context":{"text":"Solutions","link":"https:\/\/www.laterredufutur.com\/accueil\/sujets\/solutions\/"},"img":{"alt_text":"","src":"https:\/\/i0.wp.com\/www.laterredufutur.com\/accueil\/wp-content\/uploads\/2013\/07\/chaleur1.jpg?fit=235%2C215&ssl=1&resize=350%2C200","width":350,"height":200},"classes":[]}],"jetpack_sharing_enabled":true,"_links":{"self":[{"href":"https:\/\/www.laterredufutur.com\/accueil\/wp-json\/wp\/v2\/posts\/27143","targetHints":{"allow":["GET"]}}],"collection":[{"href":"https:\/\/www.laterredufutur.com\/accueil\/wp-json\/wp\/v2\/posts"}],"about":[{"href":"https:\/\/www.laterredufutur.com\/accueil\/wp-json\/wp\/v2\/types\/post"}],"author":[{"embeddable":true,"href":"https:\/\/www.laterredufutur.com\/accueil\/wp-json\/wp\/v2\/users\/1"}],"replies":[{"embeddable":true,"href":"https:\/\/www.laterredufutur.com\/accueil\/wp-json\/wp\/v2\/comments?post=27143"}],"version-history":[{"count":6,"href":"https:\/\/www.laterredufutur.com\/accueil\/wp-json\/wp\/v2\/posts\/27143\/revisions"}],"predecessor-version":[{"id":27152,"href":"https:\/\/www.laterredufutur.com\/accueil\/wp-json\/wp\/v2\/posts\/27143\/revisions\/27152"}],"wp:featuredmedia":[{"embeddable":true,"href":"https:\/\/www.laterredufutur.com\/accueil\/wp-json\/wp\/v2\/media\/27145"}],"wp:attachment":[{"href":"https:\/\/www.laterredufutur.com\/accueil\/wp-json\/wp\/v2\/media?parent=27143"}],"wp:term":[{"taxonomy":"category","embeddable":true,"href":"https:\/\/www.laterredufutur.com\/accueil\/wp-json\/wp\/v2\/categories?post=27143"},{"taxonomy":"post_tag","embeddable":true,"href":"https:\/\/www.laterredufutur.com\/accueil\/wp-json\/wp\/v2\/tags?post=27143"}],"curies":[{"name":"wp","href":"https:\/\/api.w.org\/{rel}","templated":true}]}}