{"id":27056,"date":"2025-07-19T12:00:30","date_gmt":"2025-07-19T10:00:30","guid":{"rendered":"https:\/\/www.laterredufutur.com\/accueil\/?p=27056"},"modified":"2025-07-14T13:03:19","modified_gmt":"2025-07-14T11:03:19","slug":"des-blobs-mysterieux-au-plus-profond-de-la-terre-pourraient-provoquer-des-eruptions-volcaniques-mortelles","status":"publish","type":"post","link":"https:\/\/www.laterredufutur.com\/accueil\/des-blobs-mysterieux-au-plus-profond-de-la-terre-pourraient-provoquer-des-eruptions-volcaniques-mortelles\/","title":{"rendered":"Des \u00ab\u00a0Blobs\u00a0\u00bb myst\u00e9rieux au plus profond de la Terre pourraient provoquer des \u00e9ruptions volcaniques mortelles"},"content":{"rendered":"<div class=\"1665f18d14f35dd9e7566e1a8ac9a3e9\" data-index=\"1\" style=\"float: none; margin:10px 0 10px 0; text-align:center;\">\n<script async src=\"https:\/\/pagead2.googlesyndication.com\/pagead\/js\/adsbygoogle.js\"><\/script>\r\n<ins class=\"adsbygoogle\"\r\n     style=\"display:block; text-align:center;\"\r\n     data-ad-layout=\"in-article\"\r\n     data-ad-format=\"fluid\"\r\n     data-ad-client=\"ca-pub-2860849627502538\"\r\n     data-ad-slot=\"3019501113\"><\/ins>\r\n<script>\r\n     (adsbygoogle = window.adsbygoogle || []).push({});\r\n<\/script>\n<\/div>\n<p>Les \u00e9ruptions volcaniques peuvent d\u00e9truire des infrastructures essentielles , perturber le trafic a\u00e9rien pendant des jours , an\u00e9antir des villes enti\u00e8res , perturber le climat pendant des ann\u00e9es et m\u00eame an\u00e9antir la vie sur Terre . Il est donc important de savoir ce qui les provoque.<\/p>\n<p>De nouvelles recherches ont r\u00e9v\u00e9l\u00e9 que des caract\u00e9ristiques sp\u00e9cifiques des profondeurs de la Terre peuvent \u00eatre directement li\u00e9es \u00e0 de telles \u00e9ruptions cataclysmiques.<\/p>\n<p>\u00c0 des milliers de kilom\u00e8tres sous la surface de la Terre se trouve une couche solide de roches chaudes appel\u00e9e manteau inf\u00e9rieur. Les sch\u00e9mas classiques laissent croire qu&rsquo;il s&rsquo;agit d&rsquo;une couche lisse, mais le manteau inf\u00e9rieur pr\u00e9sente en r\u00e9alit\u00e9 une topographie montagneuse, avec deux structures de la taille d&rsquo;un continent, probablement constitu\u00e9es de mat\u00e9riaux diff\u00e9rents de ceux qui les entourent.<\/p>\n<p>Ces structures cach\u00e9es pr\u00e9sentent des cha\u00eenes escarp\u00e9es qui se d\u00e9placent et se d\u00e9forment \u00e0 l&rsquo;image des plaques tectoniques situ\u00e9es bien au-dessus d&rsquo;elles.<\/p>\n<figure id=\"attachment_27057\" aria-describedby=\"caption-attachment-27057\" style=\"width: 642px\" class=\"wp-caption alignnone\"><img data-recalc-dims=\"1\" loading=\"lazy\" decoding=\"async\" data-attachment-id=\"27057\" data-permalink=\"https:\/\/www.laterredufutur.com\/accueil\/des-blobs-mysterieux-au-plus-profond-de-la-terre-pourraient-provoquer-des-eruptions-volcaniques-mortelles\/blob-manteau-vlocanique\/\" data-orig-file=\"https:\/\/i0.wp.com\/www.laterredufutur.com\/accueil\/wp-content\/uploads\/2025\/07\/blob-manteau-vlocanique.jpg?fit=642%2C450&amp;ssl=1\" data-orig-size=\"642,450\" data-comments-opened=\"1\" data-image-meta=\"{&quot;aperture&quot;:&quot;0&quot;,&quot;credit&quot;:&quot;&quot;,&quot;camera&quot;:&quot;&quot;,&quot;caption&quot;:&quot;&quot;,&quot;created_timestamp&quot;:&quot;0&quot;,&quot;copyright&quot;:&quot;&quot;,&quot;focal_length&quot;:&quot;0&quot;,&quot;iso&quot;:&quot;0&quot;,&quot;shutter_speed&quot;:&quot;0&quot;,&quot;title&quot;:&quot;&quot;,&quot;orientation&quot;:&quot;1&quot;}\" data-image-title=\"blob manteau vlocanique\" data-image-description=\"\" data-image-caption=\"&lt;p&gt;Sch\u00e9ma des relations spatiales entre les structures du manteau basal et les \u00e9ruptions volcaniques, avec des panaches mantelliques suppos\u00e9s, comme dans les travaux pr\u00e9c\u00e9dents (\u00e0 gauche), et avec des panaches mantelliques explicites, comme dans cette \u00e9tude (\u00e0 droite). Le sch\u00e9ma n&amp;rsquo;est pas \u00e0 l&amp;rsquo;\u00e9chelle. (Cucchiaro et al., Communications Earth &amp;#038; Environment , 2025)&lt;\/p&gt;\n\" data-large-file=\"https:\/\/i0.wp.com\/www.laterredufutur.com\/accueil\/wp-content\/uploads\/2025\/07\/blob-manteau-vlocanique.jpg?fit=642%2C450&amp;ssl=1\" src=\"https:\/\/i0.wp.com\/www.laterredufutur.com\/accueil\/wp-content\/uploads\/2025\/07\/blob-manteau-vlocanique.jpg?resize=642%2C450&#038;ssl=1\" alt=\"\" width=\"642\" height=\"450\" class=\"size-full wp-image-27057\" srcset=\"https:\/\/i0.wp.com\/www.laterredufutur.com\/accueil\/wp-content\/uploads\/2025\/07\/blob-manteau-vlocanique.jpg?w=642&amp;ssl=1 642w, https:\/\/i0.wp.com\/www.laterredufutur.com\/accueil\/wp-content\/uploads\/2025\/07\/blob-manteau-vlocanique.jpg?resize=300%2C210&amp;ssl=1 300w\" sizes=\"auto, (max-width: 642px) 100vw, 642px\" \/><figcaption id=\"caption-attachment-27057\" class=\"wp-caption-text\">Sch\u00e9ma des relations spatiales entre les structures du manteau basal et les \u00e9ruptions volcaniques, avec des panaches mantelliques suppos\u00e9s, comme dans les travaux pr\u00e9c\u00e9dents (\u00e0 gauche), et avec des panaches mantelliques explicites, comme dans cette \u00e9tude (\u00e0 droite). Le sch\u00e9ma n&rsquo;est pas \u00e0 l&rsquo;\u00e9chelle. (Cucchiaro et al., Communications Earth &#038; Environment , 2025)<\/figcaption><\/figure>\n<p>La volcanologue Annalise Cucchiaro de l&rsquo;Universit\u00e9 de Wollongong en Australie et ses coll\u00e8gues ont d\u00e9couvert que ces grandes structures basales du manteau inf\u00e9rieur &#8211; appel\u00e9es \u00ab BLOBS \u00bb par l&rsquo;\u00e9quipe de recherche &#8211; ont une influence directe sur l&rsquo;activit\u00e9 volcanique \u00e0 la surface de la Terre.<\/p>\n<p>Lorsque des colonnes de roche br\u00fblantes, connues sous le nom de panaches du manteau profond, s&rsquo;\u00e9l\u00e8vent pour la premi\u00e8re fois de profondeurs de pr\u00e8s de 3 000 kilom\u00e8tres (pr\u00e8s de 2 000 miles), nous obtenons le type de volcans d\u00e9vastateurs qui ont an\u00e9anti la majeure partie de la vie sur Terre et ont contribu\u00e9 \u00e0 l&rsquo; extinction des dinosaures .<\/p>\n<p>Les BLOBS semblaient \u00eatre une source probable de ces panaches souterrains, et l&rsquo;\u00e9quipe de Cucchiaro a maintenant confirm\u00e9 ce lien en utilisant trois ensembles de donn\u00e9es diff\u00e9rents qui fournissent des d\u00e9tails d\u00e9taill\u00e9s sur les grandes \u00e9ruptions volcaniques qui se sont produites il y a environ 300 millions d&rsquo;ann\u00e9es.<\/p>\n<p><span class=\"embed-youtube\" style=\"text-align:center; display: block;\"><iframe loading=\"lazy\" class=\"youtube-player\" width=\"640\" height=\"360\" src=\"https:\/\/www.youtube.com\/embed\/fj580ee6Cds?version=3&#038;rel=1&#038;showsearch=0&#038;showinfo=1&#038;iv_load_policy=1&#038;fs=1&#038;hl=fr-FR&#038;autohide=2&#038;wmode=transparent\" allowfullscreen=\"true\" style=\"border:0;\" sandbox=\"allow-scripts allow-same-origin allow-popups allow-presentation allow-popups-to-escape-sandbox\"><\/iframe><\/span><\/p><div class=\"1665f18d14f35dd9e7566e1a8ac9a3e9\" data-index=\"2\" style=\"float: none; margin:10px 0 10px 0; text-align:center;\">\n<script async src=\"https:\/\/pagead2.googlesyndication.com\/pagead\/js\/adsbygoogle.js\"><\/script>\r\n<ins class=\"adsbygoogle\"\r\n     style=\"display:block; text-align:center;\"\r\n     data-ad-layout=\"in-article\"\r\n     data-ad-format=\"fluid\"\r\n     data-ad-client=\"ca-pub-2860849627502538\"\r\n     data-ad-slot=\"3019501113\"><\/ins>\r\n<script>\r\n     (adsbygoogle = window.adsbygoogle || []).push({});\r\n<\/script>\n<\/div>\n\n<p>\u00ab Ce travail met en \u00e9vidence l\u2019importance des panaches du manteau qui agissent comme des \u00ab autoroutes de magma \u00bb vers la surface, cr\u00e9ant ces \u00e9ruptions g\u00e9antes \u00bb, explique Cucchiaro .<\/p>\n<p>\u00ab Cela montre \u00e9galement que ces panaches se d\u00e9placent avec leur source, les BLOBS. \u00bb<\/p>\n<p>Il existe deux BLOBS dans le manteau inf\u00e9rieur : l&rsquo;un se trouve sous l&rsquo;h\u00e9misph\u00e8re africain, l&rsquo;autre sous l&rsquo;h\u00e9misph\u00e8re Pacifique.<\/p>\n<figure id=\"attachment_27058\" aria-describedby=\"caption-attachment-27058\" style=\"width: 642px\" class=\"wp-caption alignnone\"><img data-recalc-dims=\"1\" loading=\"lazy\" decoding=\"async\" data-attachment-id=\"27058\" data-permalink=\"https:\/\/www.laterredufutur.com\/accueil\/des-blobs-mysterieux-au-plus-profond-de-la-terre-pourraient-provoquer-des-eruptions-volcaniques-mortelles\/blob-manteau-volcanique\/\" data-orig-file=\"https:\/\/i0.wp.com\/www.laterredufutur.com\/accueil\/wp-content\/uploads\/2025\/07\/blob-manteau-volcanique.jpg?fit=642%2C300&amp;ssl=1\" data-orig-size=\"642,300\" data-comments-opened=\"1\" data-image-meta=\"{&quot;aperture&quot;:&quot;0&quot;,&quot;credit&quot;:&quot;&quot;,&quot;camera&quot;:&quot;&quot;,&quot;caption&quot;:&quot;&quot;,&quot;created_timestamp&quot;:&quot;0&quot;,&quot;copyright&quot;:&quot;&quot;,&quot;focal_length&quot;:&quot;0&quot;,&quot;iso&quot;:&quot;0&quot;,&quot;shutter_speed&quot;:&quot;0&quot;,&quot;title&quot;:&quot;&quot;,&quot;orientation&quot;:&quot;1&quot;}\" data-image-title=\"blob manteau volcanique\" data-image-description=\"\" data-image-caption=\"&lt;p&gt;Instantan\u00e9s 3D de panaches et de BLOBS mod\u00e9lis\u00e9s il y a 60 millions d&amp;rsquo;ann\u00e9es sous les h\u00e9misph\u00e8res africain (a) et pacifique (b). (Cucchiaro et al., Communications Earth &amp;#038; Environment , 2025)&lt;\/p&gt;\n\" data-large-file=\"https:\/\/i0.wp.com\/www.laterredufutur.com\/accueil\/wp-content\/uploads\/2025\/07\/blob-manteau-volcanique.jpg?fit=642%2C300&amp;ssl=1\" src=\"https:\/\/i0.wp.com\/www.laterredufutur.com\/accueil\/wp-content\/uploads\/2025\/07\/blob-manteau-volcanique.jpg?resize=642%2C300&#038;ssl=1\" alt=\"\" width=\"642\" height=\"300\" class=\"size-full wp-image-27058\" srcset=\"https:\/\/i0.wp.com\/www.laterredufutur.com\/accueil\/wp-content\/uploads\/2025\/07\/blob-manteau-volcanique.jpg?w=642&amp;ssl=1 642w, https:\/\/i0.wp.com\/www.laterredufutur.com\/accueil\/wp-content\/uploads\/2025\/07\/blob-manteau-volcanique.jpg?resize=300%2C140&amp;ssl=1 300w\" sizes=\"auto, (max-width: 642px) 100vw, 642px\" \/><figcaption id=\"caption-attachment-27058\" class=\"wp-caption-text\">Instantan\u00e9s 3D de panaches et de BLOBS mod\u00e9lis\u00e9s il y a 60 millions d&rsquo;ann\u00e9es sous les h\u00e9misph\u00e8res africain (a) et pacifique (b). (Cucchiaro et al., Communications Earth &#038; Environment , 2025)<\/figcaption><\/figure>\n<p>Nous ne savons toujours pas si les BLOBS sont toujours fix\u00e9s en place ou s&rsquo;ils se d\u00e9placent toujours par convection, mais les nouvelles recherches sugg\u00e8rent qu&rsquo;il s&rsquo;agit d&rsquo;un syst\u00e8me dynamique avec des r\u00e9percussions directes pour nous, habitants de la surface.<\/p>\n<p>En simulant les mouvements des BLOBS il y a un milliard d&rsquo;ann\u00e9es, l&rsquo;\u00e9quipe a montr\u00e9 que ces derniers produisaient des panaches mantelliques parfois l\u00e9g\u00e8rement inclin\u00e9s lors de leur \u00e9l\u00e9vation. Cela signifie que les \u00e9ruptions se produisaient soit directement au-dessus des BLOBS, soit \u00e0 proximit\u00e9, et ces localisations correspondaient \u00e0 celles des \u00e9ruptions connues.<\/p>\n<p>\u00ab Nous avons utilis\u00e9 des statistiques pour montrer que les emplacements des \u00e9ruptions volcaniques g\u00e9antes pass\u00e9es sont significativement li\u00e9s aux panaches du manteau pr\u00e9dits par nos mod\u00e8les \u00bb, ont expliqu\u00e9 Cucchiaro et son coll\u00e8gue, le g\u00e9oscientifique Nicholas Flament, dans The Conversation .<\/p>\n<p>\u00ab C\u2019est encourageant, car cela sugg\u00e8re que les simulations pr\u00e9disent des panaches mantelliques \u00e0 des endroits et \u00e0 des moments g\u00e9n\u00e9ralement coh\u00e9rents avec les donn\u00e9es g\u00e9ologiques. \u00bb<\/p>\n<p>Autant elles d\u00e9truisent, autant les grandes \u00e9ruptions ont le pouvoir de cr\u00e9er, et savoir o\u00f9 elles peuvent se produire \u2013 historiquement ou dans le futur \u2013 pourrait \u00e9galement nous aider \u00e0 trouver des tr\u00e9sors magmatiques comme la kimberlite et les diamants, ainsi que des min\u00e9raux qui pourraient \u00eatre utilis\u00e9s pour exploiter les \u00e9nergies renouvelables.<\/p>\n<p>\u00ab Cette recherche ouvre une des questions qui taraude depuis longtemps les scientifiques : les BLOBS sont-ils stationnaires ou mobiles et quel est leur lien avec les explosions volcaniques g\u00e9antes ? C&rsquo;est donc un plaisir de pouvoir enfin percer ces myst\u00e8res \u00bb, d\u00e9clare Flament.<\/p>\n<p>Cette recherche a \u00e9t\u00e9 publi\u00e9e dans <a href=\"https:\/\/doi.org\/10.1038\/s43247-025-02482-z\" target=\"_blank\">Communications Earth &amp; Environment<\/a>.<\/p>\n<p>Adaptation <a href=\"https:\/\/www.laterredufutur.com\/accueil\/\">Terra Projects<\/a><\/p>\n<p>Source : <a href=\"https:\/\/www.sciencealert.com\/mysterious-blobs-deep-inside-earth-may-fuel-deadly-volcanic-eruptions\" target=\"_blank\">https:\/\/www.sciencealert.com\/<\/a><\/p>\n<p class=\"bawpvc-ajax-counter\" data-id=\"27056\">(163)<\/p>\n<!--CusAds0-->\n<div style=\"font-size: 0px; height: 0px; line-height: 0px; margin: 0; padding: 0; clear: both;\"><\/div>","protected":false},"excerpt":{"rendered":"<p>Les \u00e9ruptions volcaniques peuvent d\u00e9truire des infrastructures essentielles , perturber le trafic a\u00e9rien pendant des jours , an\u00e9antir des villes&#8230;<\/p>\n","protected":false},"author":1,"featured_media":26744,"comment_status":"open","ping_status":"open","sticky":false,"template":"","format":"standard","meta":{"_exactmetrics_skip_tracking":false,"_exactmetrics_sitenote_active":false,"_exactmetrics_sitenote_note":"","_exactmetrics_sitenote_category":0,"ngg_post_thumbnail":0,"jetpack_post_was_ever_published":false,"_jetpack_newsletter_access":"","_jetpack_dont_email_post_to_subs":false,"_jetpack_newsletter_tier_id":0,"_jetpack_memberships_contains_paywalled_content":false,"_jetpack_memberships_contains_paid_content":false,"footnotes":"","jetpack_publicize_message":"","jetpack_publicize_feature_enabled":true,"jetpack_social_post_already_shared":false,"jetpack_social_options":{"image_generator_settings":{"template":"highway","default_image_id":0,"font":"","enabled":false},"version":2}},"categories":[19],"tags":[7999,950,5712,48,598],"class_list":["post-27056","post","type-post","status-publish","format-standard","has-post-thumbnail","hentry","category-seismes-et-volcans","tag-blob","tag-chambre-magmatique","tag-manteau","tag-volcan","tag-volcanisme","wpcat-19-id"],"jetpack_publicize_connections":[],"jetpack_featured_media_url":"https:\/\/i0.wp.com\/www.laterredufutur.com\/accueil\/wp-content\/uploads\/2025\/02\/paysage-pluie-neige-volcan.jpg?fit=1024%2C719&ssl=1","jetpack_shortlink":"https:\/\/wp.me\/p631RN-72o","jetpack-related-posts":[{"id":26022,"url":"https:\/\/www.laterredufutur.com\/accueil\/longues-et-perturbatrices-les-eruptions-volcaniques-en-islande-pourraient-durer-des-decennies\/","url_meta":{"origin":27056,"position":0},"title":"Longues et perturbatrices : les \u00e9ruptions volcaniques en Islande pourraient durer des d\u00e9cennies","author":"Admin","date":"30 juin 2024","format":false,"excerpt":"Une \u00e9quipe internationale de scientifiques a d\u00e9couvert une partie des processus g\u00e9ologiques \u00e0 l'origine des \u00e9ruptions volcaniques en Islande. Les \u00e9ruptions volcaniques en cours en Islande pourraient se poursuivre, avec quelques interruptions, pendant des ann\u00e9es, voire des d\u00e9cennies, mena\u00e7ant la r\u00e9gion la plus dens\u00e9ment peupl\u00e9e du pays et ses infrastructures\u2026","rel":"","context":"Dans &quot;Seismes\/Volcans&quot;","block_context":{"text":"Seismes\/Volcans","link":"https:\/\/www.laterredufutur.com\/accueil\/sujets\/seismes-et-volcans\/"},"img":{"alt_text":"","src":"https:\/\/i0.wp.com\/www.laterredufutur.com\/accueil\/wp-content\/uploads\/2024\/01\/Lave-islande-grindavik.jpg?fit=1024%2C415&ssl=1&resize=350%2C200","width":350,"height":200,"srcset":"https:\/\/i0.wp.com\/www.laterredufutur.com\/accueil\/wp-content\/uploads\/2024\/01\/Lave-islande-grindavik.jpg?fit=1024%2C415&ssl=1&resize=350%2C200 1x, https:\/\/i0.wp.com\/www.laterredufutur.com\/accueil\/wp-content\/uploads\/2024\/01\/Lave-islande-grindavik.jpg?fit=1024%2C415&ssl=1&resize=525%2C300 1.5x, https:\/\/i0.wp.com\/www.laterredufutur.com\/accueil\/wp-content\/uploads\/2024\/01\/Lave-islande-grindavik.jpg?fit=1024%2C415&ssl=1&resize=700%2C400 2x"},"classes":[]},{"id":24936,"url":"https:\/\/www.laterredufutur.com\/accueil\/un-monde-de-volcans\/","url_meta":{"origin":27056,"position":1},"title":"Un monde de Volcans","author":"Admin","date":"7 mai 2023","format":false,"excerpt":"Les volcans sont des montagnes form\u00e9es par l'accumulation de magma et de cendres qui ont \u00e9t\u00e9 expuls\u00e9s de la Terre \u00e0 travers une ouverture dans la cro\u00fbte terrestre. Bien qu'ils puissent sembler impressionnants et majestueux, les volcans sont \u00e9galement des forces destructrices de la nature et peuvent causer des dommages\u2026","rel":"","context":"Dans &quot;Monde Futur&quot;","block_context":{"text":"Monde Futur","link":"https:\/\/www.laterredufutur.com\/accueil\/sujets\/monde-futur\/"},"img":{"alt_text":"","src":"https:\/\/i0.wp.com\/www.laterredufutur.com\/accueil\/wp-content\/uploads\/2021\/09\/Fagradalsfjall-volcan.jpg?fit=1048%2C450&ssl=1&resize=350%2C200","width":350,"height":200,"srcset":"https:\/\/i0.wp.com\/www.laterredufutur.com\/accueil\/wp-content\/uploads\/2021\/09\/Fagradalsfjall-volcan.jpg?fit=1048%2C450&ssl=1&resize=350%2C200 1x, https:\/\/i0.wp.com\/www.laterredufutur.com\/accueil\/wp-content\/uploads\/2021\/09\/Fagradalsfjall-volcan.jpg?fit=1048%2C450&ssl=1&resize=525%2C300 1.5x, https:\/\/i0.wp.com\/www.laterredufutur.com\/accueil\/wp-content\/uploads\/2021\/09\/Fagradalsfjall-volcan.jpg?fit=1048%2C450&ssl=1&resize=700%2C400 2x"},"classes":[]},{"id":25160,"url":"https:\/\/www.laterredufutur.com\/accueil\/des-fontaines-de-diamants-jaillissent-du-centre-de-la-terre-lorsque-les-supercontinents-se-desagregent\/","url_meta":{"origin":27056,"position":2},"title":"Des fontaines de diamants jaillissent du centre de la Terre lorsque les supercontinents se d\u00e9sagr\u00e8gent","author":"Admin","date":"26 ao\u00fbt 2023","format":false,"excerpt":"Des chercheurs ont d\u00e9couvert un sch\u00e9ma dans lequel des diamants jaillissent des profondeurs de la Terre lors d'\u00e9normes \u00e9ruptions volcaniques explosives. La rupture des supercontinents pourrait d\u00e9clencher des \u00e9ruptions explosives qui feraient jaillir des fontaines de diamants \u00e0 la surface de la Terre. Les diamants se forment dans les profondeurs\u2026","rel":"","context":"Dans &quot;Arch\u00e9ologie&quot;","block_context":{"text":"Arch\u00e9ologie","link":"https:\/\/www.laterredufutur.com\/accueil\/sujets\/archeologie\/"},"img":{"alt_text":"","src":"https:\/\/i0.wp.com\/www.laterredufutur.com\/accueil\/wp-content\/uploads\/2023\/08\/diamant.webp?fit=1200%2C675&ssl=1&resize=350%2C200","width":350,"height":200,"srcset":"https:\/\/i0.wp.com\/www.laterredufutur.com\/accueil\/wp-content\/uploads\/2023\/08\/diamant.webp?fit=1200%2C675&ssl=1&resize=350%2C200 1x, https:\/\/i0.wp.com\/www.laterredufutur.com\/accueil\/wp-content\/uploads\/2023\/08\/diamant.webp?fit=1200%2C675&ssl=1&resize=525%2C300 1.5x, https:\/\/i0.wp.com\/www.laterredufutur.com\/accueil\/wp-content\/uploads\/2023\/08\/diamant.webp?fit=1200%2C675&ssl=1&resize=700%2C400 2x, https:\/\/i0.wp.com\/www.laterredufutur.com\/accueil\/wp-content\/uploads\/2023\/08\/diamant.webp?fit=1200%2C675&ssl=1&resize=1050%2C600 3x"},"classes":[]},{"id":16297,"url":"https:\/\/www.laterredufutur.com\/accueil\/1257-lannee-du-cataclysme-du-millenaire-ou-le-mysterieux-volcan-du-moyen-age\/","url_meta":{"origin":27056,"position":3},"title":"1257, l&rsquo;ann\u00e9e du cataclysme du mill\u00e9naire ou le myst\u00e9rieux volcan du moyen age","author":"Admin","date":"15 f\u00e9vrier 2018","format":false,"excerpt":"Une \u00e9quipe internationale de scientifiques vient de montrer en 2016 que l\u2019\u00e9ruption du Samalas en 1257 aurait donn\u00e9 lieu \u00e0 l\u2019injection stratosph\u00e9rique de gaz volcaniques la plus importante depuis 2300 ans, \u00e0 l\u2019origine d\u2019un impact catastrophique sur le climat au 13\u00e8me si\u00e8cle, et aurait potentiellement provoqu\u00e9 une destruction massive de\u2026","rel":"","context":"Dans &quot;Arch\u00e9ologie&quot;","block_context":{"text":"Arch\u00e9ologie","link":"https:\/\/www.laterredufutur.com\/accueil\/sujets\/archeologie\/"},"img":{"alt_text":"","src":"https:\/\/i0.wp.com\/www.laterredufutur.com\/accueil\/wp-content\/uploads\/2018\/02\/samalas.jpg?fit=960%2C640&ssl=1&resize=350%2C200","width":350,"height":200,"srcset":"https:\/\/i0.wp.com\/www.laterredufutur.com\/accueil\/wp-content\/uploads\/2018\/02\/samalas.jpg?fit=960%2C640&ssl=1&resize=350%2C200 1x, https:\/\/i0.wp.com\/www.laterredufutur.com\/accueil\/wp-content\/uploads\/2018\/02\/samalas.jpg?fit=960%2C640&ssl=1&resize=525%2C300 1.5x, https:\/\/i0.wp.com\/www.laterredufutur.com\/accueil\/wp-content\/uploads\/2018\/02\/samalas.jpg?fit=960%2C640&ssl=1&resize=700%2C400 2x"},"classes":[]},{"id":25380,"url":"https:\/\/www.laterredufutur.com\/accueil\/pourquoi-lislande-est-elle-si-active-sur-le-plan-volcanique-un-geologue-explique\/","url_meta":{"origin":27056,"position":4},"title":"Pourquoi l&rsquo;Islande est-elle si active sur le plan volcanique ? Un g\u00e9ologue explique","author":"Admin","date":"18 novembre 2023","format":false,"excerpt":"L'activit\u00e9 volcanique de l'Islande est g\u00e9n\u00e9ralement mod\u00e9r\u00e9e par rapport aux \u00e9ruptions explosives qui se produisent le long de la ceinture de feu du Pacifique. Cette fois-ci, c'est une ville qui est menac\u00e9e. Des milliers de tremblements de terre ont secou\u00e9 ces derni\u00e8res semaines la ville islandaise de Grindav\u00edk, situ\u00e9e \u00e0\u2026","rel":"","context":"Dans &quot;Seismes\/Volcans&quot;","block_context":{"text":"Seismes\/Volcans","link":"https:\/\/www.laterredufutur.com\/accueil\/sujets\/seismes-et-volcans\/"},"img":{"alt_text":"","src":"https:\/\/i0.wp.com\/www.laterredufutur.com\/accueil\/wp-content\/uploads\/2020\/04\/volcan-islande-grindavik-1.jpg?fit=1200%2C720&ssl=1&resize=350%2C200","width":350,"height":200,"srcset":"https:\/\/i0.wp.com\/www.laterredufutur.com\/accueil\/wp-content\/uploads\/2020\/04\/volcan-islande-grindavik-1.jpg?fit=1200%2C720&ssl=1&resize=350%2C200 1x, https:\/\/i0.wp.com\/www.laterredufutur.com\/accueil\/wp-content\/uploads\/2020\/04\/volcan-islande-grindavik-1.jpg?fit=1200%2C720&ssl=1&resize=525%2C300 1.5x, https:\/\/i0.wp.com\/www.laterredufutur.com\/accueil\/wp-content\/uploads\/2020\/04\/volcan-islande-grindavik-1.jpg?fit=1200%2C720&ssl=1&resize=700%2C400 2x, https:\/\/i0.wp.com\/www.laterredufutur.com\/accueil\/wp-content\/uploads\/2020\/04\/volcan-islande-grindavik-1.jpg?fit=1200%2C720&ssl=1&resize=1050%2C600 3x"},"classes":[]},{"id":26812,"url":"https:\/\/www.laterredufutur.com\/accueil\/des-eruptions-magmatiques-massives-pourraient-avoir-dechire-lafrique-et-lamerique-du-sud\/","url_meta":{"origin":27056,"position":5},"title":"Des \u00e9ruptions magmatiques massives pourraient avoir d\u00e9chir\u00e9 l&rsquo;Afrique et l&rsquo;Am\u00e9rique du Sud","author":"Admin","date":"8 avril 2025","format":false,"excerpt":"D'\u00e9normes coul\u00e9es de magma ont accompagn\u00e9 la s\u00e9paration entre l'Am\u00e9rique du Sud et l'Afrique il y a 135 millions d'ann\u00e9es. Selon de nouvelles recherches, la s\u00e9paration entre l'Am\u00e9rique du Sud et l'Afrique, il y a 135 millions d'ann\u00e9es, a \u00e9t\u00e9 une affaire br\u00fblante. La rupture continentale a rejet\u00e9 plus de\u2026","rel":"","context":"Dans &quot;Arch\u00e9ologie&quot;","block_context":{"text":"Arch\u00e9ologie","link":"https:\/\/www.laterredufutur.com\/accueil\/sujets\/archeologie\/"},"img":{"alt_text":"","src":"https:\/\/i0.wp.com\/www.laterredufutur.com\/accueil\/wp-content\/uploads\/2025\/04\/separation-afrique-et-amerique-du-sud.jpg?fit=1024%2C1024&ssl=1&resize=350%2C200","width":350,"height":200,"srcset":"https:\/\/i0.wp.com\/www.laterredufutur.com\/accueil\/wp-content\/uploads\/2025\/04\/separation-afrique-et-amerique-du-sud.jpg?fit=1024%2C1024&ssl=1&resize=350%2C200 1x, https:\/\/i0.wp.com\/www.laterredufutur.com\/accueil\/wp-content\/uploads\/2025\/04\/separation-afrique-et-amerique-du-sud.jpg?fit=1024%2C1024&ssl=1&resize=525%2C300 1.5x, https:\/\/i0.wp.com\/www.laterredufutur.com\/accueil\/wp-content\/uploads\/2025\/04\/separation-afrique-et-amerique-du-sud.jpg?fit=1024%2C1024&ssl=1&resize=700%2C400 2x"},"classes":[]}],"jetpack_sharing_enabled":true,"_links":{"self":[{"href":"https:\/\/www.laterredufutur.com\/accueil\/wp-json\/wp\/v2\/posts\/27056","targetHints":{"allow":["GET"]}}],"collection":[{"href":"https:\/\/www.laterredufutur.com\/accueil\/wp-json\/wp\/v2\/posts"}],"about":[{"href":"https:\/\/www.laterredufutur.com\/accueil\/wp-json\/wp\/v2\/types\/post"}],"author":[{"embeddable":true,"href":"https:\/\/www.laterredufutur.com\/accueil\/wp-json\/wp\/v2\/users\/1"}],"replies":[{"embeddable":true,"href":"https:\/\/www.laterredufutur.com\/accueil\/wp-json\/wp\/v2\/comments?post=27056"}],"version-history":[{"count":2,"href":"https:\/\/www.laterredufutur.com\/accueil\/wp-json\/wp\/v2\/posts\/27056\/revisions"}],"predecessor-version":[{"id":27060,"href":"https:\/\/www.laterredufutur.com\/accueil\/wp-json\/wp\/v2\/posts\/27056\/revisions\/27060"}],"wp:featuredmedia":[{"embeddable":true,"href":"https:\/\/www.laterredufutur.com\/accueil\/wp-json\/wp\/v2\/media\/26744"}],"wp:attachment":[{"href":"https:\/\/www.laterredufutur.com\/accueil\/wp-json\/wp\/v2\/media?parent=27056"}],"wp:term":[{"taxonomy":"category","embeddable":true,"href":"https:\/\/www.laterredufutur.com\/accueil\/wp-json\/wp\/v2\/categories?post=27056"},{"taxonomy":"post_tag","embeddable":true,"href":"https:\/\/www.laterredufutur.com\/accueil\/wp-json\/wp\/v2\/tags?post=27056"}],"curies":[{"name":"wp","href":"https:\/\/api.w.org\/{rel}","templated":true}]}}