{"id":26984,"date":"2025-06-09T09:14:43","date_gmt":"2025-06-09T07:14:43","guid":{"rendered":"https:\/\/www.laterredufutur.com\/accueil\/?p=26984"},"modified":"2025-06-09T12:02:51","modified_gmt":"2025-06-09T10:02:51","slug":"le-volcan-uturuncu-ou-connu-sous-le-nom-de-volcan-zombie-montrerait-des-signes-de-reveil-apres-271-000-ans","status":"publish","type":"post","link":"https:\/\/www.laterredufutur.com\/accueil\/le-volcan-uturuncu-ou-connu-sous-le-nom-de-volcan-zombie-montrerait-des-signes-de-reveil-apres-271-000-ans\/","title":{"rendered":"Le volcan Uturuncu, connu sous le nom de volcan \u00ab zombie \u00bb, montrerait des signes de r\u00e9veil apr\u00e8s 271 000 ans. Qu&rsquo;en est-il r\u00e9ellement ?"},"content":{"rendered":"<div class=\"1665f18d14f35dd9e7566e1a8ac9a3e9\" data-index=\"1\" style=\"float: none; margin:10px 0 10px 0; text-align:center;\">\n<script async src=\"https:\/\/pagead2.googlesyndication.com\/pagead\/js\/adsbygoogle.js\"><\/script>\r\n<ins class=\"adsbygoogle\"\r\n     style=\"display:block; text-align:center;\"\r\n     data-ad-layout=\"in-article\"\r\n     data-ad-format=\"fluid\"\r\n     data-ad-client=\"ca-pub-2860849627502538\"\r\n     data-ad-slot=\"3019501113\"><\/ins>\r\n<script>\r\n     (adsbygoogle = window.adsbygoogle || []).push({});\r\n<\/script>\n<\/div>\n<p>Un volcan bolivien, longtemps endormi, connu sous le nom d&rsquo;Uturuncu, ou volcan \u00ab zombie \u00bb, montre des signes de r\u00e9veil apr\u00e8s 271 000 ans selon certains m\u00e9dias. Situ\u00e9 dans la cordill\u00e8re des Andes, il a r\u00e9cemment enregistr\u00e9 une activit\u00e9 sismique et des \u00e9missions de gaz accrues. Gr\u00e2ce \u00e0 des donn\u00e9es satellitaires et terrestres, des scientifiques ont d\u00e9tect\u00e9 un ph\u00e9nom\u00e8ne de soul\u00e8vement unique, appel\u00e9 \u00ab sombrero \u00bb, o\u00f9 le centre s&rsquo;\u00e9l\u00e8ve tandis que les bords s&rsquo;enfoncent, ce qui suscite des inqui\u00e9tudes quant \u00e0 une possible \u00e9ruption.<\/p>\n<p>L&rsquo;Uturuncu est situ\u00e9 en Bolivie, dans la province de Sud L\u00edpez au Sud du d\u00e9partement de Potos\u00ed, \u00e0 35 kilom\u00e8tres de la fronti\u00e8re avec l&rsquo;Argentine et un peu plus de 60 kilom\u00e8tres de celle avec le Chili. Il se trouve \u00e0 330 kilom\u00e8tres au sud-sud-ouest de Potos\u00ed et 410 kilom\u00e8tres de Sucre, et 600 kilom\u00e8tres au sud de La Paz. La localit\u00e9 la plus proche est San Pedro de Atacama, \u00e0 130 kilom\u00e8tres au sud-ouest, au Chili. Le sommet s&rsquo;\u00e9l\u00e8ve \u00e0 6 008 m\u00e8tres d&rsquo;altitude, dans la cordill\u00e8re Occidentale des Andes, ce qui en fait le plus haut du Sud-Ouest de la Bolivie. Il se trouve non loin de la laguna Colorada, la laguna Verde et le salar d&rsquo;Uyuni.<\/p>\n<p>Il s&rsquo;agit d&rsquo;un volcan en semi-sommeil : des fumerolles sont pr\u00e9sentes et certaines mesures, depuis 1990, font \u00e9tat d&rsquo;un gonflement de 1 \u00e0 1,5 centim\u00e8tre par an sur une zone entourant le sommet. Sa derni\u00e8re \u00e9ruption remonterait \u00e0 271 000 ans. D&rsquo;apr\u00e8s les d\u00e9formations du sol, la chambre magmatique serait en activit\u00e9 depuis 1992. Des mesures ont relev\u00e9 une activit\u00e9 sismique plus sensible entre 1996 et 2003, qui se serait encore accrue \u00e0 la suite des puissants s\u00e9ismes du Chili en 2010. L&rsquo;accroissement du volume magmatique sugg\u00e8re une possible \u00e9ruption prochaine, mais les volcanologues ne peuvent qu&rsquo;en exprimer la simple hypoth\u00e8se.<\/p>\n<p>L&rsquo;indice d&rsquo;explosivit\u00e9 volcanique (VEI) de l\u2019Uturuncu ne peut pas \u00eatre d\u00e9termin\u00e9 pr\u00e9cis\u00e9ment, car aucune \u00e9ruption holoc\u00e8ne (moins de 12\u202f000 ans) n\u2019est connue. Toutefois, une hypoth\u00e8se raisonnable sur le VEI de ses \u00e9ruptions pass\u00e9es peut \u00eatre formul\u00e9e \u00e0 partir de plusieurs \u00e9l\u00e9ments g\u00e9ologiques et g\u00e9ophysiques :<\/p>\n<ul>\n<li>1. Composition des laves : dacites<\/li>\n<\/ul>\n<p>Les laves de l\u2019Uturuncu sont dacitiques, riches en silice.<\/p>\n<p>Les magmas riches en silice sont plus visqueux et ont un potentiel explosif \u00e9lev\u00e9, car ils pi\u00e8gent facilement les gaz.<\/p>\n<p>Hypoth\u00e8se : le volcan pourrait produire des \u00e9ruptions explosives (VEI \u22653) si la pression des gaz n\u2019\u00e9tait pas lib\u00e9r\u00e9e progressivement.<\/p>\n<p><img data-recalc-dims=\"1\" loading=\"lazy\" decoding=\"async\" data-attachment-id=\"26985\" data-permalink=\"https:\/\/www.laterredufutur.com\/accueil\/le-volcan-uturuncu-ou-connu-sous-le-nom-de-volcan-zombie-montrerait-des-signes-de-reveil-apres-271-000-ans\/volcan-uturuncu\/\" data-orig-file=\"https:\/\/i0.wp.com\/www.laterredufutur.com\/accueil\/wp-content\/uploads\/2025\/06\/volcan-uturuncu.jpg?fit=1080%2C1080&amp;ssl=1\" data-orig-size=\"1080,1080\" data-comments-opened=\"1\" data-image-meta=\"{&quot;aperture&quot;:&quot;0&quot;,&quot;credit&quot;:&quot;&quot;,&quot;camera&quot;:&quot;&quot;,&quot;caption&quot;:&quot;&quot;,&quot;created_timestamp&quot;:&quot;0&quot;,&quot;copyright&quot;:&quot;&quot;,&quot;focal_length&quot;:&quot;0&quot;,&quot;iso&quot;:&quot;0&quot;,&quot;shutter_speed&quot;:&quot;0&quot;,&quot;title&quot;:&quot;&quot;,&quot;orientation&quot;:&quot;0&quot;}\" data-image-title=\"volcan uturuncu\" data-image-description=\"\" data-image-caption=\"\" data-large-file=\"https:\/\/i0.wp.com\/www.laterredufutur.com\/accueil\/wp-content\/uploads\/2025\/06\/volcan-uturuncu.jpg?fit=800%2C800&amp;ssl=1\" class=\"alignnone size-full wp-image-26985\" src=\"https:\/\/i0.wp.com\/www.laterredufutur.com\/accueil\/wp-content\/uploads\/2025\/06\/volcan-uturuncu.jpg?resize=1080%2C1080&#038;ssl=1\" alt=\"\" width=\"1080\" height=\"1080\" srcset=\"https:\/\/i0.wp.com\/www.laterredufutur.com\/accueil\/wp-content\/uploads\/2025\/06\/volcan-uturuncu.jpg?w=1080&amp;ssl=1 1080w, https:\/\/i0.wp.com\/www.laterredufutur.com\/accueil\/wp-content\/uploads\/2025\/06\/volcan-uturuncu.jpg?resize=300%2C300&amp;ssl=1 300w, https:\/\/i0.wp.com\/www.laterredufutur.com\/accueil\/wp-content\/uploads\/2025\/06\/volcan-uturuncu.jpg?resize=800%2C800&amp;ssl=1 800w, https:\/\/i0.wp.com\/www.laterredufutur.com\/accueil\/wp-content\/uploads\/2025\/06\/volcan-uturuncu.jpg?resize=768%2C768&amp;ssl=1 768w, https:\/\/i0.wp.com\/www.laterredufutur.com\/accueil\/wp-content\/uploads\/2025\/06\/volcan-uturuncu.jpg?resize=144%2C144&amp;ssl=1 144w\" sizes=\"auto, (max-width: 1000px) 100vw, 1000px\" \/><\/p>\n<ul>\n<li>2. \u00c9ruptions pass\u00e9es : effusives<\/li>\n<\/ul>\n<p>Les derni\u00e8res \u00e9ruptions connues (~250 000 ans) \u00e9taient effusives, avec peu ou pas d\u2019explosivit\u00e9.<\/p><div class=\"1665f18d14f35dd9e7566e1a8ac9a3e9\" data-index=\"2\" style=\"float: none; margin:10px 0 10px 0; text-align:center;\">\n<script async src=\"https:\/\/pagead2.googlesyndication.com\/pagead\/js\/adsbygoogle.js\"><\/script>\r\n<ins class=\"adsbygoogle\"\r\n     style=\"display:block; text-align:center;\"\r\n     data-ad-layout=\"in-article\"\r\n     data-ad-format=\"fluid\"\r\n     data-ad-client=\"ca-pub-2860849627502538\"\r\n     data-ad-slot=\"3019501113\"><\/ins>\r\n<script>\r\n     (adsbygoogle = window.adsbygoogle || []).push({});\r\n<\/script>\n<\/div>\n\n<p>Aucune trace de d\u00e9p\u00f4t ignimbritique (nu\u00e9e ardente massive) n\u2019est associ\u00e9e \u00e0 Uturuncu lui-m\u00eame.<\/p>\n<p>Hypoth\u00e8se : ses \u00e9ruptions observ\u00e9es \u00e9taient de VEI 0 \u00e0 1, voire 2.<\/p>\n<ul>\n<li>3. Pr\u00e9sence d\u2019un large r\u00e9servoir magmatique actif<\/li>\n<\/ul>\n<p>Des donn\u00e9es satellites (InSAR) ont montr\u00e9 une inflation du sol depuis les ann\u00e9es 1990 : ~1 cm\/an.<\/p>\n<p>Cela sugg\u00e8re un grand corps magmatique \u00e0 15\u201320 km de profondeur (le \u00ab\u00a0Altiplano-Puna Magma Body\u00a0\u00bb).<\/p>\n<ul>\n<li>Hypoth\u00e8se : Uturuncu pourrait \u00eatre en pr\u00e9paration pour une future \u00e9ruption potentiellement explosive, avec un VEI hypoth\u00e9tique \u00e9lev\u00e9 (3 \u00e0 6), si une d\u00e9stabilisation se produisait.<\/li>\n<li>Synth\u00e8se de l\u2019hypoth\u00e8se sur le VEI de l\u2019Uturuncu<\/li>\n<\/ul>\n<p>\u00c9l\u00e9ments consid\u00e9r\u00e9sVEI hypoth\u00e9tique\u00c9ruptions pass\u00e9es (effusives)VEI 0\u20131Composition du magma (dacite)VEI potentiel 3\u20135R\u00e9servoir magmatique profond et actifRisque futur : VEI 4\u20136 (potentiel latent)<\/p>\n<ul>\n<li>Conclusion<\/li>\n<\/ul>\n<p>Bien que le VEI pass\u00e9 d\u2019Uturuncu soit estim\u00e9 \u00e0 0\u20131, la nature de son magma et l\u2019existence d\u2019un syst\u00e8me magmatique actif en profondeur sugg\u00e8rent qu\u2019en cas d\u2019\u00e9ruption future, il pourrait atteindre un VEI de 4 \u00e0 6 (plinien \u00e0 sub-plinien).<\/p>\n<p><img data-recalc-dims=\"1\" loading=\"lazy\" decoding=\"async\" data-attachment-id=\"26986\" data-permalink=\"https:\/\/www.laterredufutur.com\/accueil\/le-volcan-uturuncu-ou-connu-sous-le-nom-de-volcan-zombie-montrerait-des-signes-de-reveil-apres-271-000-ans\/volcan-uturuncu-2\/\" data-orig-file=\"https:\/\/i0.wp.com\/www.laterredufutur.com\/accueil\/wp-content\/uploads\/2025\/06\/volcan-uturuncu-1.jpg?fit=547%2C768&amp;ssl=1\" data-orig-size=\"547,768\" data-comments-opened=\"1\" data-image-meta=\"{&quot;aperture&quot;:&quot;0&quot;,&quot;credit&quot;:&quot;&quot;,&quot;camera&quot;:&quot;&quot;,&quot;caption&quot;:&quot;&quot;,&quot;created_timestamp&quot;:&quot;0&quot;,&quot;copyright&quot;:&quot;&quot;,&quot;focal_length&quot;:&quot;0&quot;,&quot;iso&quot;:&quot;0&quot;,&quot;shutter_speed&quot;:&quot;0&quot;,&quot;title&quot;:&quot;&quot;,&quot;orientation&quot;:&quot;0&quot;}\" data-image-title=\"volcan uturuncu\" data-image-description=\"\" data-image-caption=\"\" data-large-file=\"https:\/\/i0.wp.com\/www.laterredufutur.com\/accueil\/wp-content\/uploads\/2025\/06\/volcan-uturuncu-1.jpg?fit=547%2C768&amp;ssl=1\" class=\"alignnone size-full wp-image-26986\" src=\"https:\/\/i0.wp.com\/www.laterredufutur.com\/accueil\/wp-content\/uploads\/2025\/06\/volcan-uturuncu-1.jpg?resize=547%2C768&#038;ssl=1\" alt=\"\" width=\"547\" height=\"768\" srcset=\"https:\/\/i0.wp.com\/www.laterredufutur.com\/accueil\/wp-content\/uploads\/2025\/06\/volcan-uturuncu-1.jpg?w=547&amp;ssl=1 547w, https:\/\/i0.wp.com\/www.laterredufutur.com\/accueil\/wp-content\/uploads\/2025\/06\/volcan-uturuncu-1.jpg?resize=214%2C300&amp;ssl=1 214w\" sizes=\"auto, (max-width: 547px) 100vw, 547px\" \/><\/p>\n<p>Cependant, malgr\u00e9 son surnom inqui\u00e9tant, Uturuncu ne serait pas pr\u00e8s d&rsquo;entrer en \u00e9ruption selon d&rsquo;autres informations contradictoires. De nouvelles recherches montrent que ses troubles proviennent de l&rsquo;activit\u00e9 hydrothermale, et non de la remont\u00e9e de magma. Cette nouvelle \u00e9tude, fruit d&rsquo;une collaboration entre l&rsquo;Universit\u00e9 d&rsquo;Oxford, l&rsquo;Universit\u00e9 des sciences et technologies de Chine et l&rsquo;Universit\u00e9 Cornell, a utilis\u00e9 les signaux d\u00e9tect\u00e9s lors de plus de 1 700 tremblements de terre pour r\u00e9aliser une imagerie haute r\u00e9solution du syst\u00e8me de plomberie de la cro\u00fbte superficielle sous Uturuncu. D&rsquo;apr\u00e8s les r\u00e9sultats, l&rsquo;agitation \u00ab zombie \u00bb d&rsquo;Uturuncu est due au mouvement de liquide et de gaz sous le crat\u00e8re, avec une faible probabilit\u00e9 d&rsquo;\u00e9ruption imminente.<\/p>\n<p>Cette analyse d\u00e9taill\u00e9e a identifi\u00e9 d&rsquo;\u00e9ventuelles voies de migration ascendante des fluides chauff\u00e9s par la g\u00e9othermie et a montr\u00e9 comment les liquides et les gaz s&rsquo;accumulent dans les r\u00e9servoirs situ\u00e9s directement sous le crat\u00e8re du volcan. L&rsquo;\u00e9quipe de recherche estime qu&rsquo;il s&rsquo;agit de la cause la plus probable de la d\u00e9formation au centre du syst\u00e8me volcanique, et que le risque d&rsquo;une v\u00e9ritable \u00e9ruption est faible. Credit <a href=\"https:\/\/www.ox.ac.uk\/news\/2025-04-29-new-study-reveals-anatomy-uturuncu-zombie-volcano\" target=\"_blank\">ox.ac.uk<\/a><\/p>\n<p class=\"bawpvc-ajax-counter\" data-id=\"26984\">(235)<\/p>\n<!--CusAds0-->\n<div style=\"font-size: 0px; height: 0px; line-height: 0px; margin: 0; padding: 0; clear: both;\"><\/div>","protected":false},"excerpt":{"rendered":"<p>Un volcan bolivien, longtemps endormi, connu sous le nom d&rsquo;Uturuncu, ou volcan \u00ab zombie \u00bb, montre des signes de r\u00e9veil&#8230;<\/p>\n","protected":false},"author":1,"featured_media":26987,"comment_status":"open","ping_status":"open","sticky":false,"template":"","format":"standard","meta":{"_exactmetrics_skip_tracking":false,"_exactmetrics_sitenote_active":false,"_exactmetrics_sitenote_note":"","_exactmetrics_sitenote_category":0,"ngg_post_thumbnail":0,"jetpack_post_was_ever_published":false,"_jetpack_newsletter_access":"","_jetpack_dont_email_post_to_subs":false,"_jetpack_newsletter_tier_id":0,"_jetpack_memberships_contains_paywalled_content":false,"_jetpack_memberships_contains_paid_content":false,"footnotes":"","jetpack_publicize_message":"","jetpack_publicize_feature_enabled":true,"jetpack_social_post_already_shared":false,"jetpack_social_options":{"image_generator_settings":{"template":"highway","default_image_id":0,"font":"","enabled":false},"version":2}},"categories":[19],"tags":[3698,2481,8233,48],"class_list":["post-26984","post","type-post","status-publish","format-standard","has-post-thumbnail","hentry","category-seismes-et-volcans","tag-bolivie","tag-reveil","tag-uturuncu","tag-volcan","wpcat-19-id"],"jetpack_publicize_connections":[],"jetpack_featured_media_url":"https:\/\/i0.wp.com\/www.laterredufutur.com\/accueil\/wp-content\/uploads\/2025\/06\/volcan-uturuncu-2.jpg?fit=800%2C533&ssl=1","jetpack_shortlink":"https:\/\/wp.me\/p631RN-71e","jetpack-related-posts":[{"id":27372,"url":"https:\/\/www.laterredufutur.com\/accueil\/un-volcan-iranien-semble-se-reveiller-apres-700-000-ans-de-sommeil\/","url_meta":{"origin":26984,"position":0},"title":"Un volcan iranien semble se r\u00e9veiller apr\u00e8s 700 000 ans de sommeil","author":"Admin","date":"19 octobre 2025","format":false,"excerpt":"Le volcan Taftan, situ\u00e9 pr\u00e8s de la fronti\u00e8re pakistanaise, a montr\u00e9 des signes d'activit\u00e9 ces derni\u00e8res ann\u00e9es. Un volcan situ\u00e9 dans le sud de l'Iran, que l'on croyait \u00e9teint depuis environ 710 000 ans, s'est r\u00e9veill\u00e9. Une nouvelle \u00e9tude publi\u00e9e le 7 octobre 2025 dans la revue Geophysical Research Letters\u2026","rel":"","context":"Dans &quot;Seismes\/Volcans&quot;","block_context":{"text":"Seismes\/Volcans","link":"https:\/\/www.laterredufutur.com\/accueil\/sujets\/seismes-et-volcans\/"},"img":{"alt_text":"","src":"https:\/\/i0.wp.com\/www.laterredufutur.com\/accueil\/wp-content\/uploads\/2025\/10\/volcan-Taftan.webp?fit=650%2C366&ssl=1&resize=350%2C200","width":350,"height":200,"srcset":"https:\/\/i0.wp.com\/www.laterredufutur.com\/accueil\/wp-content\/uploads\/2025\/10\/volcan-Taftan.webp?fit=650%2C366&ssl=1&resize=350%2C200 1x, https:\/\/i0.wp.com\/www.laterredufutur.com\/accueil\/wp-content\/uploads\/2025\/10\/volcan-Taftan.webp?fit=650%2C366&ssl=1&resize=525%2C300 1.5x"},"classes":[]},{"id":10891,"url":"https:\/\/www.laterredufutur.com\/accueil\/le-volcan-big-ben-plus-haut-sommet-daustralie-sest-reveille\/","url_meta":{"origin":26984,"position":1},"title":"Le volcan Big Ben, plus haut sommet d'\u00a0\u00bbAustralie\u00a0\u00bb, s&rsquo;est r\u00e9veill\u00e9","author":"Admin","date":"2 f\u00e9vrier 2016","format":false,"excerpt":"Pour la troisi\u00e8me fois en 15 ans, le volcan Big Ben, situ\u00e9 sur l'\u00eele Heard au sud-ouest de l'Australie s'est r\u00e9veill\u00e9, d\u00e9gageant des \u00e9manations de gaz. Pour les scientifiques, il s'agit d'un \u00e9v\u00e9nement exceptionnel qui a pu \u00eatre film\u00e9 pour la premi\u00e8re fois, autrement que par satellite. https:\/\/www.youtube.com\/watch?v=0-F5bdQeqIo \u00a0 Big\u2026","rel":"","context":"Dans &quot;Seismes\/Volcans&quot;","block_context":{"text":"Seismes\/Volcans","link":"https:\/\/www.laterredufutur.com\/accueil\/sujets\/seismes-et-volcans\/"},"img":{"alt_text":"","src":"https:\/\/i0.wp.com\/www.laterredufutur.com\/accueil\/wp-content\/uploads\/2016\/02\/volcan-big-ben.jpg?fit=807%2C429&ssl=1&resize=350%2C200","width":350,"height":200,"srcset":"https:\/\/i0.wp.com\/www.laterredufutur.com\/accueil\/wp-content\/uploads\/2016\/02\/volcan-big-ben.jpg?fit=807%2C429&ssl=1&resize=350%2C200 1x, https:\/\/i0.wp.com\/www.laterredufutur.com\/accueil\/wp-content\/uploads\/2016\/02\/volcan-big-ben.jpg?fit=807%2C429&ssl=1&resize=525%2C300 1.5x, https:\/\/i0.wp.com\/www.laterredufutur.com\/accueil\/wp-content\/uploads\/2016\/02\/volcan-big-ben.jpg?fit=807%2C429&ssl=1&resize=700%2C400 2x"},"classes":[]},{"id":5700,"url":"https:\/\/www.laterredufutur.com\/accueil\/le-volcan-bardarbunga-en-islande-se-reveille\/","url_meta":{"origin":26984,"position":2},"title":"Le volcan Bardarbunga en Islande se r\u00e9veille ?","author":"Admin","date":"16 f\u00e9vrier 2011","format":false,"excerpt":"Des scientifiques islandais ont averti r\u00e9cemment que le second plus haut volcan du pays, le B\u00e1rdarbunga pr\u00e9senterait les signes avant-coureurs d'une future \u00e9ruption et les nuages de cendres qu'il provoquerait alors seraient plus graves qu'en 2010, a rapport\u00e9 7 sur 7. Pall Eirnarsson, professeur de g\u00e9ophysique \u00e0 l'universit\u00e9 d'Islande, a\u2026","rel":"","context":"Dans &quot;Seismes\/Volcans&quot;","block_context":{"text":"Seismes\/Volcans","link":"https:\/\/www.laterredufutur.com\/accueil\/sujets\/seismes-et-volcans\/"},"img":{"alt_text":"","src":"","width":0,"height":0},"classes":[]},{"id":487,"url":"https:\/\/www.laterredufutur.com\/accueil\/volcanisme-islandais-catastrophe-annoncee\/","url_meta":{"origin":26984,"position":3},"title":"Le volcanisme islandais, une catastrophe annonc\u00e9e","author":"Admin","date":"18 ao\u00fbt 2011","format":false,"excerpt":"Et si l'\u00e9ruption de l'Eyjafjallaj\u00f6kull r\u00e9veillait son terrible voisin, Katla ? L'Islande est une terre volcanique tr\u00e8s active. Depuis mars 2010, le monde conna\u00eet au moins un de ses volcans. Trafic a\u00e9rien paralys\u00e9, pollution et \u00e9vacuation des habitants sont parmi les principales cons\u00e9quences connues. Ce n'est pas la premi\u00e8re fois\u2026","rel":"","context":"Dans &quot;Seismes\/Volcans&quot;","block_context":{"text":"Seismes\/Volcans","link":"https:\/\/www.laterredufutur.com\/accueil\/sujets\/seismes-et-volcans\/"},"img":{"alt_text":"volcanisme islandais","src":"https:\/\/i0.wp.com\/www.laterredufutur.com\/wordpress\/wp-content\/uploads\/2011\/08\/volcanisme-islandais.jpg?resize=350%2C200","width":350,"height":200},"classes":[]},{"id":10774,"url":"https:\/\/www.laterredufutur.com\/accueil\/perou-reveil-du-volcan-misti-le-plus-dangereux-du-pays\/","url_meta":{"origin":26984,"position":4},"title":"P\u00e9rou: r\u00e9veil du volcan Misti, le plus dangereux du pays","author":"Admin","date":"27 janvier 2016","format":false,"excerpt":"Le volcan Misti, dans le sud du P\u00e9rou, consid\u00e9r\u00e9 comme le plus dangereux du pays, s'est r\u00e9veill\u00e9 et rejette actuellement des gaz magmatiques, a indiqu\u00e9 mardi \u00e0 l'AFP l'Observatoire volcanologique du sud (OVS). \"Les gaz que rejette le Misti sont magmatiques. Cela confirme que le volcan est en activit\u00e9 et\u2026","rel":"","context":"Dans &quot;Seismes\/Volcans&quot;","block_context":{"text":"Seismes\/Volcans","link":"https:\/\/www.laterredufutur.com\/accueil\/sujets\/seismes-et-volcans\/"},"img":{"alt_text":"","src":"https:\/\/i0.wp.com\/www.laterredufutur.com\/accueil\/wp-content\/uploads\/2016\/01\/volcan-misti-2.jpg?fit=849%2C429&ssl=1&resize=350%2C200","width":350,"height":200,"srcset":"https:\/\/i0.wp.com\/www.laterredufutur.com\/accueil\/wp-content\/uploads\/2016\/01\/volcan-misti-2.jpg?fit=849%2C429&ssl=1&resize=350%2C200 1x, https:\/\/i0.wp.com\/www.laterredufutur.com\/accueil\/wp-content\/uploads\/2016\/01\/volcan-misti-2.jpg?fit=849%2C429&ssl=1&resize=525%2C300 1.5x, https:\/\/i0.wp.com\/www.laterredufutur.com\/accueil\/wp-content\/uploads\/2016\/01\/volcan-misti-2.jpg?fit=849%2C429&ssl=1&resize=700%2C400 2x"},"classes":[]},{"id":12188,"url":"https:\/\/www.laterredufutur.com\/accueil\/nouvelle-zelande-le-volcan-du-seigneur-des-anneaux-en-passe-de-se-reveiller\/","url_meta":{"origin":26984,"position":5},"title":"Nouvelle-Z\u00e9lande: le volcan du Seigneur des Anneaux en passe de se r\u00e9veiller","author":"Admin","date":"11 mai 2016","format":false,"excerpt":"Le Mordor se r\u00e9veille... Le Mont Ruapehu qui sert de cadre \u00e0 certaines sc\u00e8nes du Seigneur des Anneaux, en Nouvelle-Z\u00e9lande, montre des \"signes de vie de plus en plus important\" ces derni\u00e8res semaines. Si vous \u00eates fan du Seigneur des Anneaux, le Mont Ruapehu vous dira peut-\u00eatre quelque chose. Le\u2026","rel":"","context":"Dans &quot;Seismes\/Volcans&quot;","block_context":{"text":"Seismes\/Volcans","link":"https:\/\/www.laterredufutur.com\/accueil\/sujets\/seismes-et-volcans\/"},"img":{"alt_text":"","src":"https:\/\/i0.wp.com\/www.laterredufutur.com\/accueil\/wp-content\/uploads\/2016\/05\/mont-ruapehu.jpg?fit=1200%2C769&ssl=1&resize=350%2C200","width":350,"height":200,"srcset":"https:\/\/i0.wp.com\/www.laterredufutur.com\/accueil\/wp-content\/uploads\/2016\/05\/mont-ruapehu.jpg?fit=1200%2C769&ssl=1&resize=350%2C200 1x, https:\/\/i0.wp.com\/www.laterredufutur.com\/accueil\/wp-content\/uploads\/2016\/05\/mont-ruapehu.jpg?fit=1200%2C769&ssl=1&resize=525%2C300 1.5x, https:\/\/i0.wp.com\/www.laterredufutur.com\/accueil\/wp-content\/uploads\/2016\/05\/mont-ruapehu.jpg?fit=1200%2C769&ssl=1&resize=700%2C400 2x, https:\/\/i0.wp.com\/www.laterredufutur.com\/accueil\/wp-content\/uploads\/2016\/05\/mont-ruapehu.jpg?fit=1200%2C769&ssl=1&resize=1050%2C600 3x"},"classes":[]}],"jetpack_sharing_enabled":true,"_links":{"self":[{"href":"https:\/\/www.laterredufutur.com\/accueil\/wp-json\/wp\/v2\/posts\/26984","targetHints":{"allow":["GET"]}}],"collection":[{"href":"https:\/\/www.laterredufutur.com\/accueil\/wp-json\/wp\/v2\/posts"}],"about":[{"href":"https:\/\/www.laterredufutur.com\/accueil\/wp-json\/wp\/v2\/types\/post"}],"author":[{"embeddable":true,"href":"https:\/\/www.laterredufutur.com\/accueil\/wp-json\/wp\/v2\/users\/1"}],"replies":[{"embeddable":true,"href":"https:\/\/www.laterredufutur.com\/accueil\/wp-json\/wp\/v2\/comments?post=26984"}],"version-history":[{"count":2,"href":"https:\/\/www.laterredufutur.com\/accueil\/wp-json\/wp\/v2\/posts\/26984\/revisions"}],"predecessor-version":[{"id":26996,"href":"https:\/\/www.laterredufutur.com\/accueil\/wp-json\/wp\/v2\/posts\/26984\/revisions\/26996"}],"wp:featuredmedia":[{"embeddable":true,"href":"https:\/\/www.laterredufutur.com\/accueil\/wp-json\/wp\/v2\/media\/26987"}],"wp:attachment":[{"href":"https:\/\/www.laterredufutur.com\/accueil\/wp-json\/wp\/v2\/media?parent=26984"}],"wp:term":[{"taxonomy":"category","embeddable":true,"href":"https:\/\/www.laterredufutur.com\/accueil\/wp-json\/wp\/v2\/categories?post=26984"},{"taxonomy":"post_tag","embeddable":true,"href":"https:\/\/www.laterredufutur.com\/accueil\/wp-json\/wp\/v2\/tags?post=26984"}],"curies":[{"name":"wp","href":"https:\/\/api.w.org\/{rel}","templated":true}]}}