{"id":268,"date":"2011-04-18T07:54:58","date_gmt":"2011-04-18T06:54:58","guid":{"rendered":"http:\/\/www.laterredufutur.com\/wordpress\/?p=268"},"modified":"2019-10-30T18:49:08","modified_gmt":"2019-10-30T17:49:08","slug":"pole-et-banquise","status":"publish","type":"post","link":"https:\/\/www.laterredufutur.com\/accueil\/pole-et-banquise\/","title":{"rendered":"P\u00f4le et Banquise"},"content":{"rendered":"<div class=\"1665f18d14f35dd9e7566e1a8ac9a3e9\" data-index=\"1\" style=\"float: none; margin:10px 0 10px 0; text-align:center;\">\n<script async src=\"https:\/\/pagead2.googlesyndication.com\/pagead\/js\/adsbygoogle.js\"><\/script>\r\n<ins class=\"adsbygoogle\"\r\n     style=\"display:block; text-align:center;\"\r\n     data-ad-layout=\"in-article\"\r\n     data-ad-format=\"fluid\"\r\n     data-ad-client=\"ca-pub-2860849627502538\"\r\n     data-ad-slot=\"3019501113\"><\/ins>\r\n<script>\r\n     (adsbygoogle = window.adsbygoogle || []).push({});\r\n<\/script>\n<\/div>\n<p style=\"text-align: left;\"><span style=\"color: #000000;\"><strong><span style=\"font-size: large;\">ARCTIQUE<\/span><\/strong><\/span><\/p>\n<p><img data-recalc-dims=\"1\" decoding=\"async\" src=\"https:\/\/i0.wp.com\/www.uni-koeln.de\/math-nat-fak\/geomet\/meteo\/winfos\/synNNWWarctis.gif\" alt=\"\"\/><\/p>\n<p><img data-recalc-dims=\"1\" decoding=\"async\" src=\"https:\/\/i0.wp.com\/arctic.atmos.uiuc.edu\/cryosphere\/IMAGES\/recent365.anom.region.6.jpg\" alt=\"\"\/><\/p>\n<p><img data-recalc-dims=\"1\" decoding=\"async\" src=\"https:\/\/i0.wp.com\/ocean.dmi.dk\/arctic\/plots\/icecover\/icecover_current_new.png\" alt=\"\"\/><\/p>\n<p><img data-recalc-dims=\"1\" decoding=\"async\" src=\"https:\/\/i0.wp.com\/www.ehabich.info\/images\/synchro\/arctic.jpg\" alt=\"\"\/><\/p>\n<p align=\"center\"><img data-recalc-dims=\"1\" decoding=\"async\" src=\"https:\/\/i0.wp.com\/pamola.um.maine.edu\/\/DailySummary\/frames\/GFS-025deg\/ARC-LEA\/T2\/01.png\" alt=\"\"\/><\/p><div class=\"1665f18d14f35dd9e7566e1a8ac9a3e9\" data-index=\"2\" style=\"float: none; margin:10px 0 10px 0; text-align:center;\">\n<script async src=\"https:\/\/pagead2.googlesyndication.com\/pagead\/js\/adsbygoogle.js\"><\/script>\r\n<ins class=\"adsbygoogle\"\r\n     style=\"display:block; text-align:center;\"\r\n     data-ad-layout=\"in-article\"\r\n     data-ad-format=\"fluid\"\r\n     data-ad-client=\"ca-pub-2860849627502538\"\r\n     data-ad-slot=\"3019501113\"><\/ins>\r\n<script>\r\n     (adsbygoogle = window.adsbygoogle || []).push({});\r\n<\/script>\n<\/div>\n\n<hr \/>\n<p>&nbsp;<\/p>\n<p><strong><span style=\"font-size: medium;\">ANTARCTIQUE<\/span><\/strong><\/p>\n<p><img data-recalc-dims=\"1\" decoding=\"async\" src=\"https:\/\/i0.wp.com\/www.iup.uni-bremen.de\/amsr2\/extent_s_running_mean_amsr2_previous.png\" alt=\"http:\/\/www.iup.uni-bremen.de:8084\/amsr2\/\"\/><\/p>\n<p><img data-recalc-dims=\"1\" decoding=\"async\" src=\"https:\/\/i0.wp.com\/arctic.atmos.uiuc.edu\/cryosphere\/IMAGES\/seaice.recent.antarctic.png\" alt=\"\"\/><\/p>\n<p><img data-recalc-dims=\"1\" decoding=\"async\" src=\"https:\/\/i0.wp.com\/arctic.atmos.uiuc.edu\/cryosphere\/IMAGES\/seaice.anomaly.antarctic.png\" alt=\"\"\/><\/p>\n<p><img data-recalc-dims=\"1\" decoding=\"async\" src=\"https:\/\/i0.wp.com\/arctic.atmos.uiuc.edu\/cryosphere\/NEWIMAGES\/antarctic.seaice.color.000.png\" alt=\"\"\/><\/p>\n<p class=\"bawpvc-ajax-counter\" data-id=\"268\">(1088)<\/p>\n<!--CusAds0-->\n<div style=\"font-size: 0px; height: 0px; line-height: 0px; margin: 0; padding: 0; clear: both;\"><\/div>","protected":false},"excerpt":{"rendered":"<p>ARCTIQUE &nbsp; ANTARCTIQUE (1088)<\/p>\n","protected":false},"author":1,"featured_media":255,"comment_status":"open","ping_status":"open","sticky":false,"template":"","format":"standard","meta":{"_exactmetrics_skip_tracking":false,"_exactmetrics_sitenote_active":false,"_exactmetrics_sitenote_note":"","_exactmetrics_sitenote_category":0,"ngg_post_thumbnail":0,"jetpack_post_was_ever_published":false,"_jetpack_newsletter_access":"","_jetpack_dont_email_post_to_subs":false,"_jetpack_newsletter_tier_id":0,"_jetpack_memberships_contains_paywalled_content":false,"_jetpack_memberships_contains_paid_content":false,"footnotes":"","jetpack_publicize_message":"","jetpack_publicize_feature_enabled":true,"jetpack_social_post_already_shared":false,"jetpack_social_options":{"image_generator_settings":{"template":"highway","default_image_id":0,"font":"","enabled":false},"version":2}},"categories":[1],"tags":[264,265,155,266,156,268,271,270,267,269,261,262,263],"class_list":["post-268","post","type-post","status-publish","format-standard","has-post-thumbnail","hentry","category-services","tag-antarctic","tag-antartic","tag-arctic","tag-artic","tag-banquise","tag-cryosphere","tag-fonte-de-la-banquise","tag-fonte-des-glaces","tag-glace","tag-noaa","tag-pole","tag-pole-nord","tag-pole-sud","wpcat-1-id"],"jetpack_publicize_connections":[],"jetpack_featured_media_url":"https:\/\/i0.wp.com\/www.laterredufutur.com\/accueil\/wp-content\/uploads\/2011\/04\/www.uni-koeln.de_math-nat-fak_geomet_meteo_winfos_synNNWWarctis.gif?fit=994%2C959&ssl=1","jetpack_shortlink":"https:\/\/wp.me\/p631RN-4k","jetpack-related-posts":[{"id":4114,"url":"https:\/\/www.laterredufutur.com\/accueil\/larctique-a-la-croisee-des-chemins\/","url_meta":{"origin":268,"position":0},"title":"L&rsquo;arctique, \u00e0 la crois\u00e9e des chemins","author":"Admin","date":"5 septembre 2007","format":false,"excerpt":"La zone arctique suscite ces derniers temps un int\u00e9r\u00eat croissant. Apr\u00e8s l\u2019exp\u00e9dition russe c\u2019est une exp\u00e9dition danoise qui fait route vers l\u2019Arctique pour cartographier les fonds marins au nord du Groenland et \u00e9ventuellement permettre au Danemark de se mettre sur les rangs pour revendiquer sa part des richesses du Grand\u2026","rel":"","context":"Dans &quot;Climat&quot;","block_context":{"text":"Climat","link":"https:\/\/www.laterredufutur.com\/accueil\/sujets\/climat\/"},"img":{"alt_text":"","src":"https:\/\/i0.wp.com\/laterredufutur.com\/spaw\/images\/pole290807.jpg?resize=350%2C200","width":350,"height":200},"classes":[]},{"id":3661,"url":"https:\/\/www.laterredufutur.com\/accueil\/la-glace-des-poles-fond-plus-vite-que-prevu\/","url_meta":{"origin":268,"position":1},"title":"La glace des p\u00f4les fond plus vite que pr\u00e9vu","author":"Admin","date":"21 septembre 2006","format":false,"excerpt":"Pendant que la banquise fond, l\u2019apport d\u2019eau douce suppl\u00e9mentaire, suite \u00e0 des pr\u00e9cipitations plus intenses, emp\u00eacherait le Gulf Stream de plonger en Arctique vers les fonds oc\u00e9aniques et donc enrayerait la vaste machine climatique mondiale. Ce qui \u00e0 terme interf\u00e8re, voire bloque en surface le Gulf Stream. Ainsi le Gulf\u2026","rel":"","context":"Dans &quot;Climat&quot;","block_context":{"text":"Climat","link":"https:\/\/www.laterredufutur.com\/accueil\/sujets\/climat\/"},"img":{"alt_text":"","src":"","width":0,"height":0},"classes":[]},{"id":4923,"url":"https:\/\/www.laterredufutur.com\/accueil\/refroidissement-climatique-ou-rechauffement-climatique\/","url_meta":{"origin":268,"position":2},"title":"Refroidissement climatique ou r\u00e9chauffement climatique ?","author":"Admin","date":"17 juin 2009","format":false,"excerpt":"Quelques \u00e9tudes de-ci de-l\u00e0 avancent des chiffres sur l\u2019accroissement en \u00e9paisseur de la banquise Arctique. A la grande diff\u00e9rence de l\u2019Antarctique, certaines zones du pole Nord s\u2019accroitrait en \u00e9paisseur \u2026 Fontes des glaces pr\u00e9lude \u00e0 un refroidissement climatique majeur ?\u00a0 \u00c9claircissements. Les p\u00f4les Le p\u00f4le Sud est le point le\u2026","rel":"","context":"Dans &quot;Climat&quot;","block_context":{"text":"Climat","link":"https:\/\/www.laterredufutur.com\/accueil\/sujets\/climat\/"},"img":{"alt_text":"","src":"https:\/\/i0.wp.com\/www.laterredufutur.com\/accueil\/wp-content\/uploads\/2015\/04\/banquise7.jpg?fit=320%2C224&ssl=1&resize=350%2C200","width":350,"height":200},"classes":[]},{"id":4521,"url":"https:\/\/www.laterredufutur.com\/accueil\/plus-de-glace-au-pole-nord\/","url_meta":{"origin":268,"position":3},"title":"Plus de glace au p\u00f4le Nord","author":"Admin","date":"16 juillet 2008","format":false,"excerpt":"Adieu, le p\u00f4le Nord immacul\u00e9 de nos livres de g\u00e9o. Il se pourrait que les glaces polaires fondent enti\u00e8rement d'ici \u00e0 quelques semaines. Inou\u00ef. Le p\u00f4le Nord, cet \u00e9t\u00e9, pourrait \u00eatre compl\u00e8tement d\u00e9barrass\u00e9 des glaces qui le constituent depuis des mill\u00e9naires (1). Impensable voici quelques ann\u00e9es encore, ce ph\u00e9nom\u00e8ne a\u2026","rel":"","context":"Dans &quot;Climat&quot;","block_context":{"text":"Climat","link":"https:\/\/www.laterredufutur.com\/accueil\/sujets\/climat\/"},"img":{"alt_text":"","src":"","width":0,"height":0},"classes":[]},{"id":14023,"url":"https:\/\/www.laterredufutur.com\/accueil\/quand-les-consequences-del-nino-sur-larctique-affole-les-alarmistes-du-climat\/","url_meta":{"origin":268,"position":4},"title":"Quand les cons\u00e9quences d&rsquo;El Nino sur l&rsquo;Arctique affolent les alarmistes du climat","author":"Admin","date":"18 novembre 2016","format":false,"excerpt":"Depuis plusieurs semaines, on assiste sur des sites \u00e0 grande notori\u00e9t\u00e9 \u00e0 un affolement d'une chaleur excessive sur l'arctique. Elle aurait une cons\u00e9quence \"d\u00e9sastreuse\" sur la banquise. Que cela en d\u00e9plaise \u00e0 certaines personnes, ce qui suit est une analyse des plus simple que chacun aurait pu avoir.\u00a0 Dans cet\u2026","rel":"","context":"Dans &quot;M\u00e9t\u00e9orologie&quot;","block_context":{"text":"M\u00e9t\u00e9orologie","link":"https:\/\/www.laterredufutur.com\/accueil\/sujets\/meteorologie\/"},"img":{"alt_text":"","src":"https:\/\/i0.wp.com\/www.laterredufutur.com\/accueil\/wp-content\/uploads\/2016\/11\/chaleur-pole-nord-2016.jpg?fit=688%2C369&ssl=1&resize=350%2C200","width":350,"height":200,"srcset":"https:\/\/i0.wp.com\/www.laterredufutur.com\/accueil\/wp-content\/uploads\/2016\/11\/chaleur-pole-nord-2016.jpg?fit=688%2C369&ssl=1&resize=350%2C200 1x, https:\/\/i0.wp.com\/www.laterredufutur.com\/accueil\/wp-content\/uploads\/2016\/11\/chaleur-pole-nord-2016.jpg?fit=688%2C369&ssl=1&resize=525%2C300 1.5x"},"classes":[]},{"id":2670,"url":"https:\/\/www.laterredufutur.com\/accueil\/limportance-de-la-banquise\/","url_meta":{"origin":268,"position":5},"title":"L&rsquo;importance de la Banquise","author":"Admin","date":"28 janvier 2005","format":false,"excerpt":"L'Europe poss\u00e8de un climat agr\u00e9able jusqu'\u00e0 des latitudes proche du cercle polaire. Ainsi on peut observer des vaches en Norv\u00e8ge. On peut voir des hivers en Grande Bretagne et en France qui ne ressemblent en aucun point \u00e0 ceux du Canada et de New York. Mais au del\u00e0 du Gulf\u2026","rel":"","context":"Dans &quot;Climat&quot;","block_context":{"text":"Climat","link":"https:\/\/www.laterredufutur.com\/accueil\/sujets\/climat\/"},"img":{"alt_text":"","src":"https:\/\/i0.wp.com\/www.laterredufutur.com\/accueil\/wp-content\/uploads\/2015\/04\/polenord.jpg?fit=300%2C206&ssl=1&resize=350%2C200","width":350,"height":200},"classes":[]}],"jetpack_sharing_enabled":true,"_links":{"self":[{"href":"https:\/\/www.laterredufutur.com\/accueil\/wp-json\/wp\/v2\/posts\/268","targetHints":{"allow":["GET"]}}],"collection":[{"href":"https:\/\/www.laterredufutur.com\/accueil\/wp-json\/wp\/v2\/posts"}],"about":[{"href":"https:\/\/www.laterredufutur.com\/accueil\/wp-json\/wp\/v2\/types\/post"}],"author":[{"embeddable":true,"href":"https:\/\/www.laterredufutur.com\/accueil\/wp-json\/wp\/v2\/users\/1"}],"replies":[{"embeddable":true,"href":"https:\/\/www.laterredufutur.com\/accueil\/wp-json\/wp\/v2\/comments?post=268"}],"version-history":[{"count":8,"href":"https:\/\/www.laterredufutur.com\/accueil\/wp-json\/wp\/v2\/posts\/268\/revisions"}],"predecessor-version":[{"id":20040,"href":"https:\/\/www.laterredufutur.com\/accueil\/wp-json\/wp\/v2\/posts\/268\/revisions\/20040"}],"wp:featuredmedia":[{"embeddable":true,"href":"https:\/\/www.laterredufutur.com\/accueil\/wp-json\/wp\/v2\/media\/255"}],"wp:attachment":[{"href":"https:\/\/www.laterredufutur.com\/accueil\/wp-json\/wp\/v2\/media?parent=268"}],"wp:term":[{"taxonomy":"category","embeddable":true,"href":"https:\/\/www.laterredufutur.com\/accueil\/wp-json\/wp\/v2\/categories?post=268"},{"taxonomy":"post_tag","embeddable":true,"href":"https:\/\/www.laterredufutur.com\/accueil\/wp-json\/wp\/v2\/tags?post=268"}],"curies":[{"name":"wp","href":"https:\/\/api.w.org\/{rel}","templated":true}]}}