{"id":26264,"date":"2024-10-02T12:00:43","date_gmt":"2024-10-02T10:00:43","guid":{"rendered":"https:\/\/www.laterredufutur.com\/accueil\/?p=26264"},"modified":"2024-09-24T09:06:49","modified_gmt":"2024-09-24T07:06:49","slug":"les-oceans-de-la-planete-sont-sur-le-point-detre-trop-acides-pour-assurer-la-survie-de-la-vie-marine-avertissent-les-scientifiques","status":"publish","type":"post","link":"https:\/\/www.laterredufutur.com\/accueil\/les-oceans-de-la-planete-sont-sur-le-point-detre-trop-acides-pour-assurer-la-survie-de-la-vie-marine-avertissent-les-scientifiques\/","title":{"rendered":"Les oc\u00e9ans de la plan\u00e8te sont sur le point d&rsquo;\u00eatre trop acides pour assurer la survie de la vie marine, avertissent les scientifiques"},"content":{"rendered":"<div class=\"1665f18d14f35dd9e7566e1a8ac9a3e9\" data-index=\"1\" style=\"float: none; margin:10px 0 10px 0; text-align:center;\">\n<script async src=\"https:\/\/pagead2.googlesyndication.com\/pagead\/js\/adsbygoogle.js\"><\/script>\r\n<ins class=\"adsbygoogle\"\r\n     style=\"display:block; text-align:center;\"\r\n     data-ad-layout=\"in-article\"\r\n     data-ad-format=\"fluid\"\r\n     data-ad-client=\"ca-pub-2860849627502538\"\r\n     data-ad-slot=\"3019501113\"><\/ins>\r\n<script>\r\n     (adsbygoogle = window.adsbygoogle || []).push({});\r\n<\/script>\n<\/div>\n<p>Les oc\u00e9ans de la plan\u00e8te sont sur le point de devenir trop acides pour assurer la survie de la vie marine ou contribuer \u00e0 stabiliser le climat, selon un nouveau rapport publi\u00e9 lundi.<\/p>\n<p>Le rapport de l&rsquo;Institut de Potsdam pour la recherche sur l&rsquo;impact du climat (PIK) d\u00e9taille neuf facteurs essentiels \u00e0 la r\u00e9gulation de la capacit\u00e9 de la plan\u00e8te \u00e0 maintenir la vie.<\/p>\n<p>Dans six de ces domaines, la limite de s\u00e9curit\u00e9 a d\u00e9j\u00e0 \u00e9t\u00e9 d\u00e9pass\u00e9e ces derni\u00e8res ann\u00e9es en raison de l&rsquo;activit\u00e9 humaine.<\/p>\n<p>Le seuil crucial de l&rsquo;acidification des oc\u00e9ans pourrait bient\u00f4t devenir le septi\u00e8me \u00e0 \u00eatre franchi, selon le premier bilan de sant\u00e9 plan\u00e9taire du PIK.<\/p>\n<p>Les limites de s\u00e9curit\u00e9 qui ont d\u00e9j\u00e0 \u00e9t\u00e9 franchies concernent des facteurs cruciaux &#8211; et connexes &#8211; tels que le changement climatique, la disparition d&rsquo;esp\u00e8ces naturelles, d&rsquo;habitats naturels et d&rsquo;eau douce, ainsi que l&rsquo;augmentation des polluants, notamment les mati\u00e8res plastiques et les engrais chimiques utilis\u00e9s dans l&rsquo;agriculture.<\/p>\n<p>Le niveau durable d&rsquo;acidification des oc\u00e9ans devrait \u00e9galement \u00eatre d\u00e9pass\u00e9, en grande partie \u00e0 cause de l&rsquo;augmentation constante des \u00e9missions de dioxyde de carbone (CO2) produites par la combustion de combustibles fossiles tels que le p\u00e9trole, le charbon et le gaz.<\/p>\n<p>\u00ab Plus les \u00e9missions de CO2 augmentent, plus ce gaz se dissout dans l&rsquo;eau de mer, ce qui rend les oc\u00e9ans plus acides \u00bb, a d\u00e9clar\u00e9 Boris Sakschewski, l&rsquo;un des principaux auteurs de l&rsquo;\u00e9tude, \u00e0 la presse.<\/p>\n<p>\u00ab M\u00eame en r\u00e9duisant rapidement les \u00e9missions, un certain niveau d&rsquo;acidification continue peut \u00eatre in\u00e9vitable en raison du CO2 d\u00e9j\u00e0 \u00e9mis et du temps n\u00e9cessaire au syst\u00e8me oc\u00e9anique pour r\u00e9agir \u00bb, a-t-il expliqu\u00e9.<\/p>\n<figure id=\"attachment_26266\" aria-describedby=\"caption-attachment-26266\" style=\"width: 1386px\" class=\"wp-caption alignnone\"><img data-recalc-dims=\"1\" loading=\"lazy\" decoding=\"async\" data-attachment-id=\"26266\" data-permalink=\"https:\/\/www.laterredufutur.com\/accueil\/les-oceans-de-la-planete-sont-sur-le-point-detre-trop-acides-pour-assurer-la-survie-de-la-vie-marine-avertissent-les-scientifiques\/co2_ile-amsterdam_2024-08-01\/\" data-orig-file=\"https:\/\/i0.wp.com\/www.laterredufutur.com\/accueil\/wp-content\/uploads\/2024\/09\/CO2_ile-amsterdam_2024-08-01.jpg?fit=1386%2C780&amp;ssl=1\" data-orig-size=\"1386,780\" data-comments-opened=\"1\" data-image-meta=\"{&quot;aperture&quot;:&quot;0&quot;,&quot;credit&quot;:&quot;&quot;,&quot;camera&quot;:&quot;&quot;,&quot;caption&quot;:&quot;&quot;,&quot;created_timestamp&quot;:&quot;0&quot;,&quot;copyright&quot;:&quot;&quot;,&quot;focal_length&quot;:&quot;0&quot;,&quot;iso&quot;:&quot;0&quot;,&quot;shutter_speed&quot;:&quot;0&quot;,&quot;title&quot;:&quot;&quot;,&quot;orientation&quot;:&quot;0&quot;}\" data-image-title=\"CO2_ile-amsterdam_2024-08-01\" data-image-description=\"\" data-image-caption=\"&lt;p&gt;Concentration de CO2 et CH4 dans l\u2019h\u00e9misph\u00e8re Sud. D. R.&lt;\/p&gt;\n\" data-large-file=\"https:\/\/i0.wp.com\/www.laterredufutur.com\/accueil\/wp-content\/uploads\/2024\/09\/CO2_ile-amsterdam_2024-08-01.jpg?fit=800%2C450&amp;ssl=1\" class=\"size-full wp-image-26266\" src=\"https:\/\/i0.wp.com\/www.laterredufutur.com\/accueil\/wp-content\/uploads\/2024\/09\/CO2_ile-amsterdam_2024-08-01.jpg?resize=1386%2C780&#038;ssl=1\" alt=\"\" width=\"1386\" height=\"780\" srcset=\"https:\/\/i0.wp.com\/www.laterredufutur.com\/accueil\/wp-content\/uploads\/2024\/09\/CO2_ile-amsterdam_2024-08-01.jpg?w=1386&amp;ssl=1 1386w, https:\/\/i0.wp.com\/www.laterredufutur.com\/accueil\/wp-content\/uploads\/2024\/09\/CO2_ile-amsterdam_2024-08-01.jpg?resize=300%2C169&amp;ssl=1 300w, https:\/\/i0.wp.com\/www.laterredufutur.com\/accueil\/wp-content\/uploads\/2024\/09\/CO2_ile-amsterdam_2024-08-01.jpg?resize=800%2C450&amp;ssl=1 800w, https:\/\/i0.wp.com\/www.laterredufutur.com\/accueil\/wp-content\/uploads\/2024\/09\/CO2_ile-amsterdam_2024-08-01.jpg?resize=768%2C432&amp;ssl=1 768w, https:\/\/i0.wp.com\/www.laterredufutur.com\/accueil\/wp-content\/uploads\/2024\/09\/CO2_ile-amsterdam_2024-08-01.jpg?resize=580%2C326&amp;ssl=1 580w, https:\/\/i0.wp.com\/www.laterredufutur.com\/accueil\/wp-content\/uploads\/2024\/09\/CO2_ile-amsterdam_2024-08-01.jpg?resize=174%2C98&amp;ssl=1 174w\" sizes=\"auto, (max-width: 1000px) 100vw, 1000px\" \/><figcaption id=\"caption-attachment-26266\" class=\"wp-caption-text\">Concentration de CO2 et CH4 dans l\u2019h\u00e9misph\u00e8re Sud. D. R.<\/figcaption><\/figure>\n<p>\u00ab Par cons\u00e9quent, le franchissement de la limite d&rsquo;acidification des oc\u00e9ans semble in\u00e9vitable dans les ann\u00e9es \u00e0 venir.<\/p>\n<p>Points de basculement<br \/>\nL&rsquo;eau acide endommage les coraux, les coquillages et le phytoplancton qui nourrit une multitude d&rsquo;esp\u00e8ces marines.<\/p><div class=\"1665f18d14f35dd9e7566e1a8ac9a3e9\" data-index=\"2\" style=\"float: none; margin:10px 0 10px 0; text-align:center;\">\n<script async src=\"https:\/\/pagead2.googlesyndication.com\/pagead\/js\/adsbygoogle.js\"><\/script>\r\n<ins class=\"adsbygoogle\"\r\n     style=\"display:block; text-align:center;\"\r\n     data-ad-layout=\"in-article\"\r\n     data-ad-format=\"fluid\"\r\n     data-ad-client=\"ca-pub-2860849627502538\"\r\n     data-ad-slot=\"3019501113\"><\/ins>\r\n<script>\r\n     (adsbygoogle = window.adsbygoogle || []).push({});\r\n<\/script>\n<\/div>\n\n<p>Cela signifie qu&rsquo;elle perturbe \u00e9galement l&rsquo;approvisionnement alimentaire de milliards de personnes et qu&rsquo;elle limite la capacit\u00e9 des oc\u00e9ans \u00e0 absorber davantage de CO2, contribuant ainsi \u00e0 limiter le r\u00e9chauffement de la plan\u00e8te.<\/p>\n<p>La seule des neuf limites plan\u00e9taires qui n&rsquo;est pas pr\u00e8s d&rsquo;\u00eatre franchie concerne l&rsquo;\u00e9tat de la couche d&rsquo;ozone qui prot\u00e8ge la plan\u00e8te.<\/p>\n<p>Les produits chimiques fabriqu\u00e9s par l&rsquo;homme ont endommag\u00e9 ce bouclier, provoquant des pluies acides, mais il commence \u00e0 se reconstituer depuis l&rsquo;interdiction d&rsquo;un certain nombre de ces produits chimiques en 1987.<\/p>\n<p>Un neuvi\u00e8me seuil &#8211; concernant les concentrations de particules minuscules dans l&rsquo;atmosph\u00e8re qui peuvent provoquer des maladies cardiaques et pulmonaires &#8211; est proche de la limite de danger.<\/p>\n<p>Les chercheurs ont toutefois indiqu\u00e9 que le risque montrait des signes de l\u00e9g\u00e8re diminution en raison des efforts d\u00e9ploy\u00e9s par plusieurs pays pour am\u00e9liorer la qualit\u00e9 de l&rsquo;air, notamment en interdisant les voitures \u00e0 essence et \u00e0 moteur diesel les plus polluantes.<\/p>\n<p>Ils ont toutefois averti que les concentrations de particules fines pourraient encore monter en fl\u00e8che dans les pays qui s&rsquo;industrialisent rapidement.<\/p>\n<p>Le PIK a fix\u00e9 ces neuf niveaux de danger plan\u00e9taire pour mettre en garde l&rsquo;homme contre le risque de faire basculer les syst\u00e8mes naturels de la Terre au-del\u00e0 de points de non-retour.<\/p>\n<p>\u00ab Ces points de basculement, s&rsquo;ils \u00e9taient franchis, auraient des cons\u00e9quences irr\u00e9versibles et catastrophiques pour des milliards de personnes et de nombreuses g\u00e9n\u00e9rations futures sur Terre.<\/p>\n<p>Les neuf limites plan\u00e9taires sont \u00ab interconnect\u00e9es \u00bb, de sorte que le franchissement d&rsquo;une limite cruciale peut d\u00e9stabiliser l&rsquo;ensemble du syst\u00e8me de vie de la Terre, a d\u00e9clar\u00e9 M. Sakschewski.<\/p>\n<p>Mais cela repr\u00e9sente \u00e9galement une opportunit\u00e9, car la r\u00e9solution d&rsquo;un probl\u00e8me &#8211; tel que la pr\u00e9vention d&rsquo;une augmentation de la temp\u00e9rature moyenne de la Terre de plus de 1,5 degr\u00e9 Celsius par rapport aux niveaux pr\u00e9industriels &#8211; \u00ab peut entra\u00eener des avantages significatifs pour d&rsquo;autres questions \u00bb, selon le rapport.<\/p>\n<p>Sources : Agence France-Presse \/ <a href=\"https:\/\/www.sciencealert.com\/worlds-oceans-on-verge-of-being-too-acidic-to-sustain-life-scientists-warn\" target=\"_blank\" rel=\"noopener\">https:\/\/www.sciencealert.com\/<\/a><\/p>\n<p class=\"bawpvc-ajax-counter\" data-id=\"26264\">(122)<\/p>\n<!--CusAds0-->\n<div style=\"font-size: 0px; height: 0px; line-height: 0px; margin: 0; padding: 0; clear: both;\"><\/div>","protected":false},"excerpt":{"rendered":"<p>Les oc\u00e9ans de la plan\u00e8te sont sur le point de devenir trop acides pour assurer la survie de la vie&#8230;<\/p>\n","protected":false},"author":1,"featured_media":26265,"comment_status":"open","ping_status":"open","sticky":false,"template":"","format":"standard","meta":{"_exactmetrics_skip_tracking":false,"_exactmetrics_sitenote_active":false,"_exactmetrics_sitenote_note":"","_exactmetrics_sitenote_category":0,"ngg_post_thumbnail":0,"jetpack_post_was_ever_published":false,"_jetpack_newsletter_access":"","_jetpack_dont_email_post_to_subs":false,"_jetpack_newsletter_tier_id":0,"_jetpack_memberships_contains_paywalled_content":false,"_jetpack_memberships_contains_paid_content":false,"footnotes":"","jetpack_publicize_message":"","jetpack_publicize_feature_enabled":true,"jetpack_social_post_already_shared":false,"jetpack_social_options":{"image_generator_settings":{"template":"highway","default_image_id":0,"font":"","enabled":false},"version":2}},"categories":[28],"tags":[41,93,241,43],"class_list":["post-26264","post","type-post","status-publish","format-standard","has-post-thumbnail","hentry","category-pollution","tag-climat","tag-co2","tag-ocean","tag-pollution","wpcat-28-id"],"jetpack_publicize_connections":[],"jetpack_featured_media_url":"https:\/\/i0.wp.com\/www.laterredufutur.com\/accueil\/wp-content\/uploads\/2024\/09\/plongeur-ocean.jpg?fit=1024%2C1024&ssl=1","jetpack_shortlink":"https:\/\/wp.me\/p631RN-6PC","jetpack-related-posts":[{"id":5887,"url":"https:\/\/www.laterredufutur.com\/accueil\/lacidite-des-oceans-la-plus-grande-des-menaces-pour-lhumanite\/","url_meta":{"origin":26264,"position":0},"title":"L&rsquo;acidit\u00e9 des oc\u00e9ans, la plus grande des menaces pour l&rsquo;humanit\u00e9 ?","author":"Admin","date":"1 mai 2015","format":false,"excerpt":"Une nouvelle \u00e9tude tend \u00e0 d\u00e9montrer que l'acidit\u00e9 croissante des oc\u00e9ans pourrait \u00e0 terme menacer la survie de l'Homme sur la Terre. La bombe nucl\u00e9aire ? La fonte des glaces ? Selon une \u00e9tude men\u00e9e par une \u00e9quipe de l'Universit\u00e9 d'Edimbourg et relay\u00e9e par l'Express, la plus grande menace pour\u2026","rel":"","context":"Dans &quot;Pollution&quot;","block_context":{"text":"Pollution","link":"https:\/\/www.laterredufutur.com\/accueil\/sujets\/pollution\/"},"img":{"alt_text":"ocean pacifique","src":"https:\/\/i0.wp.com\/www.laterredufutur.com\/accueil\/wp-content\/uploads\/2011\/07\/ocean-pacifique.jpg?fit=468%2C312&ssl=1&resize=350%2C200","width":350,"height":200},"classes":[]},{"id":3001,"url":"https:\/\/www.laterredufutur.com\/accueil\/lacidite-des-oceans\/","url_meta":{"origin":26264,"position":1},"title":"L&rsquo;acidit\u00e9 des oc\u00e9ans","author":"Admin","date":"8 ao\u00fbt 2005","format":false,"excerpt":"L\u2019oc\u00e9an mondial absorbe actuellement une quantit\u00e9 de dioxyde de carbone (CO2) sans pr\u00e9c\u00e9dent, ce qui augmente son acidit\u00e9 et menace probablement la survie \u00e0 long-terme de beaucoup d'esp\u00e8ces marines, et plus sp\u00e9cifiquement les organismes contenant du carbonate de calcium dont la famille des coraux, les mollusques et crustac\u00e9s ainsi que\u2026","rel":"","context":"Dans &quot;Ecologie&quot;","block_context":{"text":"Ecologie","link":"https:\/\/www.laterredufutur.com\/accueil\/sujets\/ecologie\/"},"img":{"alt_text":"","src":"","width":0,"height":0},"classes":[]},{"id":3292,"url":"https:\/\/www.laterredufutur.com\/accueil\/les-oceans-se-vident-et-se-meurent\/","url_meta":{"origin":26264,"position":2},"title":"Les oc\u00e9ans se vident et se meurent","author":"Admin","date":"30 janvier 2006","format":false,"excerpt":"Plus de 70% des stocks de p\u00eache sont exploit\u00e9es \u00e0 la limite de leurs capacit\u00e9s de renouvellement, surexploit\u00e9s, \u00e9puis\u00e9s ou en cours de reconstitution. Les oc\u00e9ans sont devenus les poubelles et les victimes des terres surexploit\u00e9es\u00a0de la surabondance de nutriments, surtout d\u2019azote, provenant de fertilisants agricoles, de la pollution automobile\u2026","rel":"","context":"Dans &quot;Ecologie&quot;","block_context":{"text":"Ecologie","link":"https:\/\/www.laterredufutur.com\/accueil\/sujets\/ecologie\/"},"img":{"alt_text":"","src":"https:\/\/i0.wp.com\/www.laterredufutur.com\/spaw\/images\/Fishkillk.jpeg?resize=350%2C200","width":350,"height":200},"classes":[]},{"id":2667,"url":"https:\/\/www.laterredufutur.com\/accueil\/la-terre-nous-parle\/","url_meta":{"origin":26264,"position":3},"title":"La Terre nous parle","author":"Admin","date":"26 janvier 2005","format":false,"excerpt":"Gaia s'\u00e9veille \u00e0 travers nous. On a beaucoup \u00e9crit et parl\u00e9 \u00e0 propos de cette id\u00e9e qui veut que la Terre elle-m\u00eame, prise dans son ensemble, soit comparable \u00e0 un \u00eatre vivant dot\u00e9 de fonctions vitales et capable de s'auto-r\u00e9guler et ainsi de demeurer \"en vie\". En cette \u00e9poque o\u00f9\u2026","rel":"","context":"Dans &quot;Ecologie&quot;","block_context":{"text":"Ecologie","link":"https:\/\/www.laterredufutur.com\/accueil\/sujets\/ecologie\/"},"img":{"alt_text":"","src":"","width":0,"height":0},"classes":[]},{"id":2526,"url":"https:\/\/www.laterredufutur.com\/accueil\/le-gulf-stream-ralentit-en-raison-de-la-fonte-de-la-calotte-glaciaire-du-groenland\/","url_meta":{"origin":26264,"position":4},"title":"Le Gulf Stream ralentit en raison de la fonte de la calotte glaciaire du Groenland","author":"Admin","date":"26 mars 2015","format":false,"excerpt":"Selon les scientifiques, la fonte progressive de la calotte glaciaire du Groenland, en rapport avec le r\u00e9chauffement climatique, ralentit la circulation du Gulf Stream. Le r\u00e9chauffement de la plan\u00e8te par l'homme est consid\u00e9r\u00e9 comme un acteur majeur de l'amincissement et de la disparition de la glace dans le monde entier.\u2026","rel":"","context":"Dans &quot;Courants Marins&quot;","block_context":{"text":"Courants Marins","link":"https:\/\/www.laterredufutur.com\/accueil\/sujets\/circulation-oceanique\/"},"img":{"alt_text":"","src":"https:\/\/i0.wp.com\/www.laterredufutur.com\/accueil\/wp-content\/uploads\/2015\/03\/.._spaw_images_gulfstream.jpeg?fit=230%2C223&ssl=1&resize=350%2C200","width":350,"height":200},"classes":[]},{"id":28000,"url":"https:\/\/www.laterredufutur.com\/accueil\/pourquoi-la-temperature-des-oceans-varie-t-elle\/","url_meta":{"origin":26264,"position":5},"title":"Pourquoi la temp\u00e9rature des oc\u00e9ans varie-t-elle ?","author":"Admin","date":"24 avril 2026","format":false,"excerpt":"Les oc\u00e9ans couvrent plus de 70 % de la surface de la Terre. Ils jouent un r\u00f4le fondamental dans le climat mondial, en stockant et redistribuant la chaleur. Mais leur temp\u00e9rature n\u2019est pas uniforme : elle varie selon de nombreux facteurs, parfois visibles, parfois invisibles. 1. Le Soleil : la\u2026","rel":"","context":"Dans &quot;Courants Marins&quot;","block_context":{"text":"Courants Marins","link":"https:\/\/www.laterredufutur.com\/accueil\/sujets\/circulation-oceanique\/"},"img":{"alt_text":"","src":"https:\/\/i0.wp.com\/www.laterredufutur.com\/accueil\/wp-content\/uploads\/2026\/04\/vague-ocean-coucher-de-soleil.jpg?fit=1200%2C800&ssl=1&resize=350%2C200","width":350,"height":200,"srcset":"https:\/\/i0.wp.com\/www.laterredufutur.com\/accueil\/wp-content\/uploads\/2026\/04\/vague-ocean-coucher-de-soleil.jpg?fit=1200%2C800&ssl=1&resize=350%2C200 1x, https:\/\/i0.wp.com\/www.laterredufutur.com\/accueil\/wp-content\/uploads\/2026\/04\/vague-ocean-coucher-de-soleil.jpg?fit=1200%2C800&ssl=1&resize=525%2C300 1.5x, https:\/\/i0.wp.com\/www.laterredufutur.com\/accueil\/wp-content\/uploads\/2026\/04\/vague-ocean-coucher-de-soleil.jpg?fit=1200%2C800&ssl=1&resize=700%2C400 2x, https:\/\/i0.wp.com\/www.laterredufutur.com\/accueil\/wp-content\/uploads\/2026\/04\/vague-ocean-coucher-de-soleil.jpg?fit=1200%2C800&ssl=1&resize=1050%2C600 3x"},"classes":[]}],"jetpack_sharing_enabled":true,"_links":{"self":[{"href":"https:\/\/www.laterredufutur.com\/accueil\/wp-json\/wp\/v2\/posts\/26264","targetHints":{"allow":["GET"]}}],"collection":[{"href":"https:\/\/www.laterredufutur.com\/accueil\/wp-json\/wp\/v2\/posts"}],"about":[{"href":"https:\/\/www.laterredufutur.com\/accueil\/wp-json\/wp\/v2\/types\/post"}],"author":[{"embeddable":true,"href":"https:\/\/www.laterredufutur.com\/accueil\/wp-json\/wp\/v2\/users\/1"}],"replies":[{"embeddable":true,"href":"https:\/\/www.laterredufutur.com\/accueil\/wp-json\/wp\/v2\/comments?post=26264"}],"version-history":[{"count":2,"href":"https:\/\/www.laterredufutur.com\/accueil\/wp-json\/wp\/v2\/posts\/26264\/revisions"}],"predecessor-version":[{"id":26268,"href":"https:\/\/www.laterredufutur.com\/accueil\/wp-json\/wp\/v2\/posts\/26264\/revisions\/26268"}],"wp:featuredmedia":[{"embeddable":true,"href":"https:\/\/www.laterredufutur.com\/accueil\/wp-json\/wp\/v2\/media\/26265"}],"wp:attachment":[{"href":"https:\/\/www.laterredufutur.com\/accueil\/wp-json\/wp\/v2\/media?parent=26264"}],"wp:term":[{"taxonomy":"category","embeddable":true,"href":"https:\/\/www.laterredufutur.com\/accueil\/wp-json\/wp\/v2\/categories?post=26264"},{"taxonomy":"post_tag","embeddable":true,"href":"https:\/\/www.laterredufutur.com\/accueil\/wp-json\/wp\/v2\/tags?post=26264"}],"curies":[{"name":"wp","href":"https:\/\/api.w.org\/{rel}","templated":true}]}}