{"id":26063,"date":"2024-07-16T12:00:57","date_gmt":"2024-07-16T10:00:57","guid":{"rendered":"https:\/\/www.laterredufutur.com\/accueil\/?p=26063"},"modified":"2024-07-08T13:14:34","modified_gmt":"2024-07-08T11:14:34","slug":"une-etude-montre-quune-circulation-oceanique-plus-faible-pourrait-favoriser-laccumulation-de-co%e2%82%82-dans-latmosphere","status":"publish","type":"post","link":"https:\/\/www.laterredufutur.com\/accueil\/une-etude-montre-quune-circulation-oceanique-plus-faible-pourrait-favoriser-laccumulation-de-co%e2%82%82-dans-latmosphere\/","title":{"rendered":"Une \u00e9tude montre qu&rsquo;une circulation oc\u00e9anique plus faible pourrait favoriser l&rsquo;accumulation de CO\u2082 dans l&rsquo;atmosph\u00e8re"},"content":{"rendered":"<div class=\"1665f18d14f35dd9e7566e1a8ac9a3e9\" data-index=\"1\" style=\"float: none; margin:10px 0 10px 0; text-align:center;\">\n<script async src=\"https:\/\/pagead2.googlesyndication.com\/pagead\/js\/adsbygoogle.js\"><\/script>\r\n<ins class=\"adsbygoogle\"\r\n     style=\"display:block; text-align:center;\"\r\n     data-ad-layout=\"in-article\"\r\n     data-ad-format=\"fluid\"\r\n     data-ad-client=\"ca-pub-2860849627502538\"\r\n     data-ad-slot=\"3019501113\"><\/ins>\r\n<script>\r\n     (adsbygoogle = window.adsbygoogle || []).push({});\r\n<\/script>\n<\/div>\n<p>\u00c0 mesure que le changement climatique progresse, la circulation de retournement de l&rsquo;oc\u00e9an devrait s&rsquo;affaiblir consid\u00e9rablement. Les scientifiques estiment qu&rsquo;avec un tel ralentissement, l&rsquo;oc\u00e9an absorbera moins de dioxyde de carbone de l&rsquo;atmosph\u00e8re.<\/p>\n<p>Toutefois, une circulation plus lente devrait \u00e9galement permettre de draguer moins de carbone des profondeurs de l&rsquo;oc\u00e9an qui, autrement, serait rejet\u00e9 dans l&rsquo;atmosph\u00e8re. Dans l&rsquo;ensemble, l&rsquo;oc\u00e9an devrait continuer \u00e0 jouer son r\u00f4le dans la r\u00e9duction des \u00e9missions de carbone dans l&rsquo;atmosph\u00e8re, mais \u00e0 un rythme plus lent.<\/p>\n<p>Une nouvelle \u00e9tude r\u00e9alis\u00e9e par un chercheur du MIT et publi\u00e9e dans Nature Communications montre que les scientifiques pourraient \u00eatre amen\u00e9s \u00e0 repenser la relation entre la circulation oc\u00e9anique et sa capacit\u00e9 \u00e0 long terme \u00e0 stocker le carbone. En s&rsquo;affaiblissant, l&rsquo;oc\u00e9an pourrait lib\u00e9rer davantage de carbone des profondeurs dans l&rsquo;atmosph\u00e8re.<\/p>\n<p>Cela s&rsquo;explique par une r\u00e9troaction jusqu&rsquo;ici non caract\u00e9ris\u00e9e entre le fer disponible dans l&rsquo;oc\u00e9an, le carbone et les nutriments remont\u00e9s, les micro-organismes de surface et une cat\u00e9gorie peu connue de mol\u00e9cules g\u00e9n\u00e9ralement appel\u00e9es \u00ab\u00a0ligands\u00a0\u00bb.<\/p>\n<p>Lorsque l&rsquo;oc\u00e9an circule plus lentement, tous ces acteurs interagissent dans un cycle auto-entretenu qui augmente finalement la quantit\u00e9 de carbone que l&rsquo;oc\u00e9an rejette dans l&rsquo;atmosph\u00e8re.<\/p>\n<p>\u00ab\u00a0En isolant l&rsquo;impact de cette r\u00e9troaction, nous constatons une relation fondamentalement diff\u00e9rente entre la circulation oc\u00e9anique et les niveaux de carbone atmosph\u00e9rique, avec des implications pour le climat\u00a0\u00bb, explique l&rsquo;auteur de l&rsquo;\u00e9tude, Jonathan Lauderdale, chercheur au d\u00e9partement des sciences de la terre, de l&rsquo;atmosph\u00e8re et des plan\u00e8tes du MIT.<\/p>\n<p>\u00ab\u00a0Ce que nous pensions qu&rsquo;il se passait dans l&rsquo;oc\u00e9an est compl\u00e8tement boulevers\u00e9\u00a0\u00bb.<\/p>\n<p>Selon M. Lauderdale, ces r\u00e9sultats montrent que \u00ab\u00a0nous ne pouvons pas compter sur l&rsquo;oc\u00e9an pour stocker le carbone en profondeur en r\u00e9ponse aux changements futurs de la circulation. Nous devons prendre les devants et r\u00e9duire les \u00e9missions d\u00e8s maintenant, plut\u00f4t que de compter sur ces processus naturels pour gagner du temps afin d&rsquo;att\u00e9nuer le changement climatique\u00a0\u00bb.<\/p>\n<p>Flux de bo\u00eetes<br \/>\nEn 2020, M. Lauderdale a dirig\u00e9 une \u00e9tude portant sur les nutriments oc\u00e9aniques, les organismes marins et le fer, et sur la mani\u00e8re dont leurs interactions influencent la croissance du phytoplancton dans le monde entier.<\/p>\n<p>Le phytoplancton est un organisme microscopique, semblable \u00e0 une plante, qui vit \u00e0 la surface de l&rsquo;oc\u00e9an et se nourrit de carbone et de nutriments qui remontent des profondeurs de l&rsquo;oc\u00e9an et de fer qui d\u00e9rive de la poussi\u00e8re du d\u00e9sert.<\/p>\n<p>Plus le phytoplancton peut se d\u00e9velopper, plus il peut absorber de dioxyde de carbone de l&rsquo;atmosph\u00e8re par photosynth\u00e8se, ce qui joue un r\u00f4le important dans la capacit\u00e9 de l&rsquo;oc\u00e9an \u00e0 pi\u00e9ger le carbone.<\/p>\n<p>Pour l&rsquo;\u00e9tude de 2020, l&rsquo;\u00e9quipe a d\u00e9velopp\u00e9 un mod\u00e8le simple de \u00ab\u00a0bo\u00eete\u00a0\u00bb, repr\u00e9sentant les conditions dans diff\u00e9rentes parties de l&rsquo;oc\u00e9an comme des bo\u00eetes g\u00e9n\u00e9rales, chacune avec un \u00e9quilibre diff\u00e9rent de nutriments, de fer et de ligands &#8211; des mol\u00e9cules organiques que l&rsquo;on pense \u00eatre des sous-produits du phytoplancton.<\/p>\n<p>L&rsquo;\u00e9quipe a mod\u00e9lis\u00e9 un flux g\u00e9n\u00e9ral entre les bo\u00eetes pour repr\u00e9senter la circulation g\u00e9n\u00e9rale de l&rsquo;oc\u00e9an, c&rsquo;est-\u00e0-dire la mani\u00e8re dont l&rsquo;eau de mer s&rsquo;enfonce, puis remonte \u00e0 la surface dans diff\u00e9rentes parties du monde.<\/p>\n<p>Cette mod\u00e9lisation a r\u00e9v\u00e9l\u00e9 que, m\u00eame si les scientifiques \u00ab\u00a0ensemen\u00e7aient\u00a0\u00bb les oc\u00e9ans avec du fer suppl\u00e9mentaire, ce dernier n&rsquo;aurait pas beaucoup d&rsquo;effet sur la croissance du phytoplancton \u00e0 l&rsquo;\u00e9chelle mondiale. La raison en est une limite fix\u00e9e par les ligands.<\/p>\n<p>Il s&rsquo;av\u00e8re que, s&rsquo;il est laiss\u00e9 \u00e0 lui-m\u00eame, le fer est insoluble dans l&rsquo;oc\u00e9an et donc indisponible pour le phytoplancton. Le fer ne devient soluble \u00e0 des niveaux \u00ab\u00a0utiles\u00a0\u00bb que lorsqu&rsquo;il est associ\u00e9 \u00e0 des ligands, qui le maintiennent sous une forme que le plancton peut consommer.<\/p>\n<p>Lauderdale a constat\u00e9 que l&rsquo;ajout de fer dans une r\u00e9gion oc\u00e9anique pour consommer des nutriments suppl\u00e9mentaires prive d&rsquo;autres r\u00e9gions des nutriments dont le phytoplancton a besoin pour se d\u00e9velopper. Cela r\u00e9duit la production de ligands et l&rsquo;apport de fer dans la r\u00e9gion oc\u00e9anique d&rsquo;origine, limitant ainsi la quantit\u00e9 de carbone suppl\u00e9mentaire qui serait absorb\u00e9e dans l&rsquo;atmosph\u00e8re.<\/p>\n<p>Un changement inattendu<br \/>\nUne fois que l&rsquo;\u00e9quipe a publi\u00e9 son \u00e9tude, M. Lauderdale a transform\u00e9 le mod\u00e8le en bo\u00eete pour le rendre accessible au public, en y incluant les \u00e9changes de carbone entre l&rsquo;oc\u00e9an et l&rsquo;atmosph\u00e8re et en \u00e9largissant les bo\u00eetes pour repr\u00e9senter des environnements plus divers, tels que des conditions similaires \u00e0 celles du Pacifique, de l&rsquo;Atlantique Nord et de l&rsquo;oc\u00e9an Austral.<\/p><div class=\"1665f18d14f35dd9e7566e1a8ac9a3e9\" data-index=\"2\" style=\"float: none; margin:10px 0 10px 0; text-align:center;\">\n<script async src=\"https:\/\/pagead2.googlesyndication.com\/pagead\/js\/adsbygoogle.js\"><\/script>\r\n<ins class=\"adsbygoogle\"\r\n     style=\"display:block; text-align:center;\"\r\n     data-ad-layout=\"in-article\"\r\n     data-ad-format=\"fluid\"\r\n     data-ad-client=\"ca-pub-2860849627502538\"\r\n     data-ad-slot=\"3019501113\"><\/ins>\r\n<script>\r\n     (adsbygoogle = window.adsbygoogle || []).push({});\r\n<\/script>\n<\/div>\n\n<p>Au cours de ce processus, il a test\u00e9 d&rsquo;autres interactions au sein du mod\u00e8le, notamment l&rsquo;effet de la variation de la circulation oc\u00e9anique.<\/p>\n<p>Il a fait tourner le mod\u00e8le avec diff\u00e9rentes forces de circulation, s&rsquo;attendant \u00e0 ce que la diminution du dioxyde de carbone atmosph\u00e9rique s&rsquo;accompagne d&rsquo;un plus faible renversement de l&rsquo;oc\u00e9an &#8211; une relation que des \u00e9tudes ant\u00e9rieures, remontant aux ann\u00e9es 1980, ont \u00e9tay\u00e9e. Or, il a d\u00e9couvert une tendance claire et oppos\u00e9e : Plus la circulation oc\u00e9anique est faible, plus le CO2 s&rsquo;accumule dans l&rsquo;atmosph\u00e8re.<\/p>\n<figure id=\"attachment_23655\" aria-describedby=\"caption-attachment-23655\" style=\"width: 1024px\" class=\"wp-caption alignnone\"><img data-recalc-dims=\"1\" loading=\"lazy\" decoding=\"async\" data-attachment-id=\"23655\" data-permalink=\"https:\/\/www.laterredufutur.com\/accueil\/les-effets-non-prevus-du-vent-sur-la-circulation-de-locean-atlantique-nord\/vague-ocean-atlantique\/\" data-orig-file=\"https:\/\/i0.wp.com\/www.laterredufutur.com\/accueil\/wp-content\/uploads\/2022\/01\/vague-ocean-atlantique.jpg?fit=1024%2C505&amp;ssl=1\" data-orig-size=\"1024,505\" data-comments-opened=\"1\" data-image-meta=\"{&quot;aperture&quot;:&quot;0&quot;,&quot;credit&quot;:&quot;&quot;,&quot;camera&quot;:&quot;&quot;,&quot;caption&quot;:&quot;&quot;,&quot;created_timestamp&quot;:&quot;0&quot;,&quot;copyright&quot;:&quot;&quot;,&quot;focal_length&quot;:&quot;0&quot;,&quot;iso&quot;:&quot;0&quot;,&quot;shutter_speed&quot;:&quot;0&quot;,&quot;title&quot;:&quot;&quot;,&quot;orientation&quot;:&quot;1&quot;}\" data-image-title=\"vague ocean atlantique\" data-image-description=\"\" data-image-caption=\"&lt;p&gt;Pixabay License&lt;\/p&gt;\n\" data-large-file=\"https:\/\/i0.wp.com\/www.laterredufutur.com\/accueil\/wp-content\/uploads\/2022\/01\/vague-ocean-atlantique.jpg?fit=800%2C395&amp;ssl=1\" class=\"size-full wp-image-23655\" src=\"https:\/\/i0.wp.com\/www.laterredufutur.com\/accueil\/wp-content\/uploads\/2022\/01\/vague-ocean-atlantique.jpg?resize=1024%2C505&#038;ssl=1\" alt=\"\" width=\"1024\" height=\"505\" srcset=\"https:\/\/i0.wp.com\/www.laterredufutur.com\/accueil\/wp-content\/uploads\/2022\/01\/vague-ocean-atlantique.jpg?w=1024&amp;ssl=1 1024w, https:\/\/i0.wp.com\/www.laterredufutur.com\/accueil\/wp-content\/uploads\/2022\/01\/vague-ocean-atlantique.jpg?resize=300%2C148&amp;ssl=1 300w, https:\/\/i0.wp.com\/www.laterredufutur.com\/accueil\/wp-content\/uploads\/2022\/01\/vague-ocean-atlantique.jpg?resize=800%2C395&amp;ssl=1 800w, https:\/\/i0.wp.com\/www.laterredufutur.com\/accueil\/wp-content\/uploads\/2022\/01\/vague-ocean-atlantique.jpg?resize=768%2C379&amp;ssl=1 768w\" sizes=\"auto, (max-width: 1000px) 100vw, 1000px\" \/><figcaption id=\"caption-attachment-23655\" class=\"wp-caption-text\">Pixabay License<\/figcaption><\/figure>\n<p>\u00ab\u00a0J&rsquo;ai pens\u00e9 qu&rsquo;il y avait une erreur\u00a0\u00bb, se souvient M. Lauderdale. \u00ab\u00a0Pourquoi les niveaux de carbone dans l&rsquo;atmosph\u00e8re \u00e9voluaient-ils dans le mauvais sens ?<\/p>\n<p>Lorsqu&rsquo;il a v\u00e9rifi\u00e9 le mod\u00e8le, il a constat\u00e9 que le param\u00e8tre d\u00e9crivant les ligands oc\u00e9aniques avait \u00e9t\u00e9 laiss\u00e9 activ\u00e9 en tant que variable. En d&rsquo;autres termes, le mod\u00e8le calculait que les concentrations de ligands variaient d&rsquo;une r\u00e9gion oc\u00e9anique \u00e0 l&rsquo;autre.<\/p>\n<p>Sur une intuition, Lauderdale a d\u00e9sactiv\u00e9 ce param\u00e8tre, ce qui a eu pour effet de rendre les concentrations de ligands constantes dans tous les environnements oc\u00e9aniques mod\u00e9lis\u00e9s, une hypoth\u00e8se que de nombreux mod\u00e8les oc\u00e9aniques font g\u00e9n\u00e9ralement. Ce seul changement a permis d&rsquo;inverser la tendance et de revenir \u00e0 la relation suppos\u00e9e : Une circulation plus faible entra\u00eene une r\u00e9duction du dioxyde de carbone atmosph\u00e9rique. Mais quelle tendance \u00e9tait la plus proche de la v\u00e9rit\u00e9 ?<\/p>\n<p>Lauderdale s&rsquo;est pench\u00e9 sur les rares donn\u00e9es disponibles sur les ligands oc\u00e9aniques pour voir si leurs concentrations \u00e9taient plus constantes ou plus variables dans l&rsquo;oc\u00e9an r\u00e9el. Il a trouv\u00e9 confirmation dans GEOTRACES, une \u00e9tude internationale qui coordonne les mesures d&rsquo;\u00e9l\u00e9ments traces et d&rsquo;isotopes dans les oc\u00e9ans du monde entier, que les scientifiques peuvent utiliser pour comparer les concentrations d&rsquo;une r\u00e9gion \u00e0 l&rsquo;autre.<\/p>\n<p>En effet, les concentrations des mol\u00e9cules varient. Si les concentrations de ligands changent d&rsquo;une r\u00e9gion \u00e0 l&rsquo;autre, ce nouveau r\u00e9sultat surprenant est probablement repr\u00e9sentatif de l&rsquo;oc\u00e9an r\u00e9el : Une circulation plus faible entra\u00eene une plus grande quantit\u00e9 de dioxyde de carbone dans l&rsquo;atmosph\u00e8re.<\/p>\n<p>\u00ab\u00a0C&rsquo;est ce truc bizarre qui a tout chang\u00e9\u00a0\u00bb, explique M. Lauderdale. \u00ab\u00a0Le changement de ligand a r\u00e9v\u00e9l\u00e9 une relation compl\u00e8tement diff\u00e9rente entre la circulation oc\u00e9anique et le CO2 atmosph\u00e9rique, que nous pensions comprendre assez bien<\/p>\n<p>Cycle lent<br \/>\nPour d\u00e9terminer ce qui pourrait expliquer cette tendance invers\u00e9e, Lauderdale a analys\u00e9 l&rsquo;activit\u00e9 biologique et les concentrations de carbone, de nutriments, de fer et de ligands du mod\u00e8le oc\u00e9anique en fonction de diff\u00e9rentes forces de circulation, en comparant des sc\u00e9narios dans lesquels les ligands \u00e9taient variables ou constants dans les diff\u00e9rentes bo\u00eetes.<\/p>\n<p>Cette analyse a r\u00e9v\u00e9l\u00e9 une nouvelle r\u00e9troaction : Plus la circulation oc\u00e9anique est faible, moins l&rsquo;oc\u00e9an extrait de carbone et de nutriments des profondeurs. Le phytoplancton de surface dispose alors de moins de ressources pour se d\u00e9velopper et produit donc moins de sous-produits (y compris des ligands).<\/p>\n<p>Avec moins de ligands disponibles, moins de fer \u00e0 la surface serait utilisable, ce qui r\u00e9duirait encore la population de phytoplancton. Il y aurait alors moins de phytoplancton disponible pour absorber le dioxyde de carbone de l&rsquo;atmosph\u00e8re et consommer le carbone remont\u00e9 des profondeurs de l&rsquo;oc\u00e9an.<\/p>\n<p>\u00ab\u00a0Mes travaux montrent que nous devons examiner plus attentivement la mani\u00e8re dont la biologie oc\u00e9anique peut influer sur le climat\u00a0\u00bb, souligne M. Lauderdale. \u00ab\u00a0Certains mod\u00e8les climatiques pr\u00e9voient un ralentissement de 30 % de la circulation oc\u00e9anique en raison de la fonte des calottes glaciaires, en particulier autour de l&rsquo;Antarctique.<\/p>\n<p>\u00ab\u00a0Cet \u00e9norme ralentissement de la circulation de retournement pourrait en fait constituer un gros probl\u00e8me : en plus d&rsquo;une foule d&rsquo;autres probl\u00e8mes climatiques, non seulement l&rsquo;oc\u00e9an absorberait moins de CO2 anthropique de l&rsquo;atmosph\u00e8re, mais cela pourrait \u00eatre amplifi\u00e9 par un d\u00e9gazage net du carbone des oc\u00e9ans profonds, ce qui entra\u00eenerait une augmentation impr\u00e9vue du CO2 atmosph\u00e9rique et un nouveau r\u00e9chauffement climatique inattendu.\u00a0\u00bb<\/p>\n<p>Adaptation <a href=\"https:\/\/www.laterredufutur.com\/accueil\/\" target=\"_blank\" rel=\"noopener\">Terra Projects<\/a><\/p>\n<p>Source : <a href=\"https:\/\/phys.org\/news\/2024-07-weaker-ocean-circulation-buildup-atmosphere.html\" target=\"_blank\" rel=\"noopener\">https:\/\/phys.org\/<\/a><\/p>\n<p class=\"bawpvc-ajax-counter\" data-id=\"26063\">(229)<\/p>\n<!--CusAds0-->\n<div style=\"font-size: 0px; height: 0px; line-height: 0px; margin: 0; padding: 0; clear: both;\"><\/div>","protected":false},"excerpt":{"rendered":"<p>\u00c0 mesure que le changement climatique progresse, la circulation de retournement de l&rsquo;oc\u00e9an devrait s&rsquo;affaiblir consid\u00e9rablement. Les scientifiques estiment qu&rsquo;avec&#8230;<\/p>\n","protected":false},"author":1,"featured_media":24487,"comment_status":"open","ping_status":"open","sticky":false,"template":"","format":"standard","meta":{"_exactmetrics_skip_tracking":false,"_exactmetrics_sitenote_active":false,"_exactmetrics_sitenote_note":"","_exactmetrics_sitenote_category":0,"ngg_post_thumbnail":0,"jetpack_post_was_ever_published":false,"_jetpack_newsletter_access":"","_jetpack_dont_email_post_to_subs":false,"_jetpack_newsletter_tier_id":0,"_jetpack_memberships_contains_paywalled_content":false,"_jetpack_memberships_contains_paid_content":false,"footnotes":"","jetpack_publicize_message":"","jetpack_publicize_feature_enabled":true,"jetpack_social_post_already_shared":false,"jetpack_social_options":{"image_generator_settings":{"template":"highway","default_image_id":0,"font":"","enabled":false},"version":2}},"categories":[20,23],"tags":[4865,630,93,70,241],"class_list":["post-26063","post","type-post","status-publish","format-standard","has-post-thumbnail","hentry","category-climat","category-circulation-oceanique","tag-amoc","tag-circulation-oceanique","tag-co2","tag-cycle","tag-ocean","wpcat-20-id","wpcat-23-id"],"jetpack_publicize_connections":[],"jetpack_featured_media_url":"https:\/\/i0.wp.com\/www.laterredufutur.com\/accueil\/wp-content\/uploads\/2022\/10\/ocean-mer.jpg?fit=1024%2C683&ssl=1","jetpack_shortlink":"https:\/\/wp.me\/p631RN-6Mn","jetpack-related-posts":[{"id":18648,"url":"https:\/\/www.laterredufutur.com\/accueil\/les-changements-dans-le-courant-oceanique-atlantique-predisent-des-changements-climatiques-brusques-quatre-siecles-plutot\/","url_meta":{"origin":26063,"position":0},"title":"Les modifications dans le courant oc\u00e9anique atlantique pr\u00e9disent des changements climatiques brusques quatre si\u00e8cles plut\u00f4t","author":"Admin","date":"22 mars 2019","format":false,"excerpt":"Dans l'oc\u00e9an Atlantique, un \u00abconvoyeur\u00bb g\u00e9ant transporte les eaux chaudes des tropiques dans l'Atlantique Nord, o\u00f9 elles se refroidissent et descendent dans les profondeurs de l'oc\u00e9an, puis reviennent vers le sud. Ce sch\u00e9ma de circulation est un acteur important du climat mondial, r\u00e9gulant les r\u00e9gimes climatiques dans l'Arctique, en Europe\u2026","rel":"","context":"Dans &quot;Courants Marins&quot;","block_context":{"text":"Courants Marins","link":"https:\/\/www.laterredufutur.com\/accueil\/sujets\/circulation-oceanique\/"},"img":{"alt_text":"","src":"https:\/\/i0.wp.com\/www.laterredufutur.com\/accueil\/wp-content\/uploads\/2019\/03\/courant-atlantique-nord-gulf-stream.jpg?fit=792%2C480&ssl=1&resize=350%2C200","width":350,"height":200,"srcset":"https:\/\/i0.wp.com\/www.laterredufutur.com\/accueil\/wp-content\/uploads\/2019\/03\/courant-atlantique-nord-gulf-stream.jpg?fit=792%2C480&ssl=1&resize=350%2C200 1x, https:\/\/i0.wp.com\/www.laterredufutur.com\/accueil\/wp-content\/uploads\/2019\/03\/courant-atlantique-nord-gulf-stream.jpg?fit=792%2C480&ssl=1&resize=525%2C300 1.5x, https:\/\/i0.wp.com\/www.laterredufutur.com\/accueil\/wp-content\/uploads\/2019\/03\/courant-atlantique-nord-gulf-stream.jpg?fit=792%2C480&ssl=1&resize=700%2C400 2x"},"classes":[]},{"id":3588,"url":"https:\/\/www.laterredufutur.com\/accueil\/locean-profond-se-rebiffe\/","url_meta":{"origin":26063,"position":1},"title":"L&rsquo;Oc\u00e9an Profond se rebiffe","author":"Admin","date":"7 ao\u00fbt 2006","format":false,"excerpt":"Voici ce qui pourrait \u00eatre le meilleur candidat, d'un puit de carbone \u00e0 bout de souffle et qui pourrait dans le m\u00eame temps se changer en choc climatique \"invers\u00e9\". En \u00e9tudiant les courbes graphiques de l'expansion du CO2 depuis 600000 ans, \u00e0 chaque augmentation du CO2, le taux de ppm\u2026","rel":"","context":"Dans &quot;Courants Marins&quot;","block_context":{"text":"Courants Marins","link":"https:\/\/www.laterredufutur.com\/accueil\/sujets\/circulation-oceanique\/"},"img":{"alt_text":"","src":"https:\/\/i0.wp.com\/www.laterredufutur.com\/accueil\/wp-content\/uploads\/2015\/04\/Antarctique-Mont-Erebus-1.jpeg?fit=384%2C288&ssl=1&resize=350%2C200","width":350,"height":200},"classes":[]},{"id":1058,"url":"https:\/\/www.laterredufutur.com\/accueil\/les-vents-stratospheriques-peuvent-perturber-la-circulation-oceanique-et-le-climat\/","url_meta":{"origin":26063,"position":2},"title":"Les Vents stratosph\u00e9riques peuvent perturber la circulation oc\u00e9anique, et le climat","author":"Admin","date":"4 octobre 2012","format":false,"excerpt":"Voici la preuve que les changements de la circulation stratosph\u00e9rique pourrait entra\u00eener des changements oc\u00e9aniques, et donc des changements climatiques. La\u00a0Stratosph\u00e8re cible la haute mer et peut fa\u00e7onner le climat. Cela serait donc le\u00a0\u00abTalon d'Achille\u00bb de l'Atlantique Nord. SALT LAKE CITY, Le 23 septembre 2012 - Une \u00e9tude de l'Universit\u00e9\u2026","rel":"","context":"Dans &quot;Courants Marins&quot;","block_context":{"text":"Courants Marins","link":"https:\/\/www.laterredufutur.com\/accueil\/sujets\/circulation-oceanique\/"},"img":{"alt_text":"","src":"https:\/\/i0.wp.com\/www.laterredufutur.com\/accueil\/wp-content\/uploads\/2011\/06\/groenland.jpg?fit=344%2C260&ssl=1&resize=350%2C200","width":350,"height":200},"classes":[]},{"id":27591,"url":"https:\/\/www.laterredufutur.com\/accueil\/les-debris-de-lave-sous-marine-agissent-comme-une-eponge-pour-le-dioxyde-de-carbone\/","url_meta":{"origin":26063,"position":3},"title":"Les d\u00e9bris de lave sous-marine agissent comme une \u00ab \u00e9ponge \u00bb pour le dioxyde de carbone","author":"Admin","date":"6 janvier 2026","format":false,"excerpt":"Des d\u00e9bris de lave au fond de la mer agissent comme une gigantesque \u00ab \u00e9ponge \u00bb pour le dioxyde de carbone, r\u00e9v\u00e8lent d'anciennes carottes de s\u00e9diments. Une nouvelle \u00e9tude r\u00e9v\u00e8le que les d\u00e9bris de lave ancienne pr\u00e9sents au fond des oc\u00e9ans peuvent stocker d'\u00e9normes quantit\u00e9s de dioxyde de carbone, \u00e0\u2026","rel":"","context":"Dans &quot;Seismes\/Volcans&quot;","block_context":{"text":"Seismes\/Volcans","link":"https:\/\/www.laterredufutur.com\/accueil\/sujets\/seismes-et-volcans\/"},"img":{"alt_text":"","src":"https:\/\/i0.wp.com\/www.laterredufutur.com\/accueil\/wp-content\/uploads\/2025\/12\/lave-et-ocean.jpg?fit=1200%2C800&ssl=1&resize=350%2C200","width":350,"height":200,"srcset":"https:\/\/i0.wp.com\/www.laterredufutur.com\/accueil\/wp-content\/uploads\/2025\/12\/lave-et-ocean.jpg?fit=1200%2C800&ssl=1&resize=350%2C200 1x, https:\/\/i0.wp.com\/www.laterredufutur.com\/accueil\/wp-content\/uploads\/2025\/12\/lave-et-ocean.jpg?fit=1200%2C800&ssl=1&resize=525%2C300 1.5x, https:\/\/i0.wp.com\/www.laterredufutur.com\/accueil\/wp-content\/uploads\/2025\/12\/lave-et-ocean.jpg?fit=1200%2C800&ssl=1&resize=700%2C400 2x, https:\/\/i0.wp.com\/www.laterredufutur.com\/accueil\/wp-content\/uploads\/2025\/12\/lave-et-ocean.jpg?fit=1200%2C800&ssl=1&resize=1050%2C600 3x"},"classes":[]},{"id":3795,"url":"https:\/\/www.laterredufutur.com\/accueil\/petits-ages-glaciaires-des-cycles-de-2300-ans\/","url_meta":{"origin":26063,"position":4},"title":"Petits Ages Glaciaires : des cycles de 2300 ans ?","author":"Admin","date":"4 janvier 2007","format":false,"excerpt":"Voici la synth\u00e8se d'un article paru en novembre 1999 dans \"Pour la Science\" intitul\u00e9 : Les archives climatiques des lacs du Jura de Michel MAGNY. (graph : Mod\u00e9lisation du refroidissement il y a 8200 ans Renssen et al., detail) (www.atmosphere.mpg.de) Instabilit\u00e9 climatique au cours des p\u00e9riodes glaciaires\u2026 Les sondages GRIP\u2026","rel":"","context":"Dans &quot;Soleil&quot;","block_context":{"text":"Soleil","link":"https:\/\/www.laterredufutur.com\/accueil\/sujets\/soleil\/"},"img":{"alt_text":"","src":"","width":0,"height":0},"classes":[]},{"id":3309,"url":"https:\/\/www.laterredufutur.com\/accueil\/les-courants-oceaniques-se-sont-inverses-il-y-a-55-millions-dannees\/","url_meta":{"origin":26063,"position":5},"title":"Les courants oc\u00e9aniques se sont invers\u00e9s il y a 55 millions d&rsquo;ann\u00e9es","author":"Admin","date":"4 f\u00e9vrier 2006","format":false,"excerpt":"Climat : Les courants oc\u00e9aniques se sont invers\u00e9s, il y a 55 millions d'ann\u00e9es en phase de r\u00e9chauffement climatique survenue. Cela avait alors radicalement modifi\u00e9 la circulation des courants oc\u00e9aniques, selon une \u00e9tude parue dans la revue britannique Nature qui rejoint les inqui\u00e9tudes contemporaines. Sous l'effet de ce ph\u00e9nom\u00e8ne, baptis\u00e9\u2026","rel":"","context":"Dans &quot;Arch\u00e9ologie&quot;","block_context":{"text":"Arch\u00e9ologie","link":"https:\/\/www.laterredufutur.com\/accueil\/sujets\/archeologie\/"},"img":{"alt_text":"","src":"https:\/\/i0.wp.com\/www.laterredufutur.com\/accueil\/wp-content\/uploads\/2015\/04\/courants-marins.jpeg?fit=420%2C227&ssl=1&resize=350%2C200","width":350,"height":200},"classes":[]}],"jetpack_sharing_enabled":true,"_links":{"self":[{"href":"https:\/\/www.laterredufutur.com\/accueil\/wp-json\/wp\/v2\/posts\/26063","targetHints":{"allow":["GET"]}}],"collection":[{"href":"https:\/\/www.laterredufutur.com\/accueil\/wp-json\/wp\/v2\/posts"}],"about":[{"href":"https:\/\/www.laterredufutur.com\/accueil\/wp-json\/wp\/v2\/types\/post"}],"author":[{"embeddable":true,"href":"https:\/\/www.laterredufutur.com\/accueil\/wp-json\/wp\/v2\/users\/1"}],"replies":[{"embeddable":true,"href":"https:\/\/www.laterredufutur.com\/accueil\/wp-json\/wp\/v2\/comments?post=26063"}],"version-history":[{"count":3,"href":"https:\/\/www.laterredufutur.com\/accueil\/wp-json\/wp\/v2\/posts\/26063\/revisions"}],"predecessor-version":[{"id":26066,"href":"https:\/\/www.laterredufutur.com\/accueil\/wp-json\/wp\/v2\/posts\/26063\/revisions\/26066"}],"wp:featuredmedia":[{"embeddable":true,"href":"https:\/\/www.laterredufutur.com\/accueil\/wp-json\/wp\/v2\/media\/24487"}],"wp:attachment":[{"href":"https:\/\/www.laterredufutur.com\/accueil\/wp-json\/wp\/v2\/media?parent=26063"}],"wp:term":[{"taxonomy":"category","embeddable":true,"href":"https:\/\/www.laterredufutur.com\/accueil\/wp-json\/wp\/v2\/categories?post=26063"},{"taxonomy":"post_tag","embeddable":true,"href":"https:\/\/www.laterredufutur.com\/accueil\/wp-json\/wp\/v2\/tags?post=26063"}],"curies":[{"name":"wp","href":"https:\/\/api.w.org\/{rel}","templated":true}]}}