{"id":25746,"date":"2024-04-11T11:00:16","date_gmt":"2024-04-11T09:00:16","guid":{"rendered":"https:\/\/www.laterredufutur.com\/accueil\/?p=25746"},"modified":"2024-04-11T12:54:00","modified_gmt":"2024-04-11T10:54:00","slug":"questions-en-bref-sur-les-tempetes-solaires-actuelles-du-cycle-solaire-n25-et-ses-eventuelles-consequences","status":"publish","type":"post","link":"https:\/\/www.laterredufutur.com\/accueil\/questions-en-bref-sur-les-tempetes-solaires-actuelles-du-cycle-solaire-n25-et-ses-eventuelles-consequences\/","title":{"rendered":"Questions en bref sur les temp\u00eates solaires actuelles du cycle solaire N\u00b025 et ses \u00e9ventuelles cons\u00e9quences"},"content":{"rendered":"<div class=\"1665f18d14f35dd9e7566e1a8ac9a3e9\" data-index=\"1\" style=\"float: none; margin:10px 0 10px 0; text-align:center;\">\n<script async src=\"https:\/\/pagead2.googlesyndication.com\/pagead\/js\/adsbygoogle.js\"><\/script>\r\n<ins class=\"adsbygoogle\"\r\n     style=\"display:block; text-align:center;\"\r\n     data-ad-layout=\"in-article\"\r\n     data-ad-format=\"fluid\"\r\n     data-ad-client=\"ca-pub-2860849627502538\"\r\n     data-ad-slot=\"3019501113\"><\/ins>\r\n<script>\r\n     (adsbygoogle = window.adsbygoogle || []).push({});\r\n<\/script>\n<\/div>\n<p>Le Soleil conna\u00eet des cycles d&rsquo;activit\u00e9 d&rsquo;environ onze ans, dont le pic est attendu entre fin 2024 et d\u00e9but 2025. Les particules qu&rsquo;il \u00e9jecte \u00e0 tr\u00e8s haute vitesse lors de ses \u00e9ruptions pourraient perturber le fonctionnement de nos satellites et nos infrastructures \u00e9lectriques.<\/p>\n<p>Les habitants des zones polaires (et m\u00eame ceux de latitudes moins extr\u00eames) vont en voir de toutes les couleurs. Les aurores bor\u00e9ales et australes vont se multiplier dans les mois qui viennent, car les \u00e9ruptions solaires, qui sont \u00e0 l&rsquo;origine de ces spectacles nocturnes, vont \u00eatre particuli\u00e8rement nombreuses. Les temp\u00eates solaires sont li\u00e9es \u00e0 l&rsquo;activit\u00e9 du Soleil, qui conna\u00eet des cycles de onze ans et se trouve en ce moment dans une phase de forte activit\u00e9. L&rsquo;Agence spatiale europ\u00e9enne (ESA) a rapport\u00e9, le 23 f\u00e9vrier, la survenue d&rsquo;\u00e9ruptions solaires les plus puissantes du cycle actuel.<\/p>\n<blockquote class=\"twitter-tweet\" data-width=\"500\" data-dnt=\"true\">\n<p lang=\"fr\" dir=\"ltr\">Une r\u00e9gion tr\u00e8s active du Soleil a r\u00e9cemment d\u00e9clench\u00e9 trois \u00e9ruptions solaires de classe X, qui sont les plus puissantes.<\/p>\n<p>La plus grande, une \u00e9ruption \u00abX6.3\u00bb survenue \u00e0 23h43 CET la nuit derni\u00e8re, est l&#39;\u00e9ruption solaire la plus forte jamais observ\u00e9e au cours du cycle solaire\u2026 <a href=\"https:\/\/t.co\/uMusU443Cx\">pic.twitter.com\/uMusU443Cx<\/a><\/p>\n<p>&mdash; ESA France (@ESA_fr) <a href=\"https:\/\/twitter.com\/ESA_fr\/status\/1761087477857579228?ref_src=twsrc%5Etfw\">February 23, 2024<\/a><\/p><\/blockquote>\n<p><script async src=\"https:\/\/platform.twitter.com\/widgets.js\" charset=\"utf-8\"><\/script><\/p>\n<p>Le pic est attendu vers la fin de l&rsquo;ann\u00e9e ou au d\u00e9but de la prochaine, pr\u00e9cise Fr\u00e9d\u00e9ric Pitout, astronome adjoint \u00e0 l&rsquo;Institut de recherche en astrophysique et plan\u00e9tologie (Irap). D&rsquo;ici l\u00e0, l&rsquo;activit\u00e9 va aller crescendo. Elle pourrait m\u00eame avec des cons\u00e9quences concr\u00e8tes sur notre quotidien. Un ph\u00e9nom\u00e8ne qui soul\u00e8ve des interrogations auxquelles franceinfo apporte des r\u00e9ponses.<\/p>\n<p>1 Quelle est l&rsquo;origine des \u00e9ruptions solaires ?<br \/>\nLes \u00e9ruptions solaires sont les manifestations du \u00ab\u00a0magn\u00e9tisme changeant\u00a0\u00bb du Soleil. Ce dernier, r\u00e9sume Fr\u00e9d\u00e9ric Pitout, se comporte comme un gigantesque aimant qui, lors de chaque cycle, change de direction. Cette importante modification s&rsquo;accompagne d&rsquo;une hausse de son activit\u00e9, visible aux taches apparaissant \u00e0 sa surface.<\/p>\n<p>Ces taches, t\u00e9moins de l&rsquo;activit\u00e9 de notre Soleil, sont les foyers des \u00e9ruptions solaires \u2013 les scientifiques emploient le terme d'\u00a0\u00bb\u00e9jections de masse coronale\u00a0\u00bb (EMC). Lors de ces \u00e9v\u00e9nements, le Soleil expulse du plasma, du \u00ab\u00a0gaz tr\u00e8s chaud charg\u00e9 \u00e9lectriquement\u00a0\u00bb, synth\u00e9thise Fr\u00e9d\u00e9ric Pitout. On parle de temp\u00eates solaires quand la puissance de ces ph\u00e9nom\u00e8nes est \u00e9lev\u00e9e.<\/p>\n<p>2 Quelle est la taille d&rsquo;une \u00e9ruption solaire ?<br \/>\nL&rsquo;\u00e9chelle d&rsquo;une \u00e9ruption solaire est astronomique. Les taches solaires peuvent faire plusieurs fois le diam\u00e8tre de la Terre (qui est d&rsquo;environ 12 750 km). Celle qui a g\u00e9n\u00e9r\u00e9 la forte \u00e9ruption du 22 f\u00e9vrier (appel\u00e9e AR3590) faisait environ 16 fois le diam\u00e8tre de notre plan\u00e8te, selon le m\u00e9diateur scientifique Pierre Henriquet. Il s&rsquo;agissait d&rsquo;une \u00e9ruption de classe X, la cat\u00e9gorie la plus puissante sur cinq degr\u00e9s : A, B, C, M et X (chaque palier \u00e9tant dix fois plus intense que le pr\u00e9c\u00e9dent).<\/p>\n<blockquote class=\"twitter-tweet\" data-width=\"500\" data-dnt=\"true\">\n<p lang=\"fr\" dir=\"ltr\">Image du Soleil prise il y a quelques heures par l&#39;observatoire spatial SDO (Solar Dynamic Observatory).<\/p>\n<p>En ce moment, il y a une \u00e9norme tache solaire (de son petit nom: AR3590) \u00e0 la surface de notre \u00e9toile.<\/p>\n<p>Sa taille: environ 16 fois le diam\u00e8tre de la Terre de gauche \u00e0 droite. <a href=\"https:\/\/t.co\/06zHk26vQj\">pic.twitter.com\/06zHk26vQj<\/a><\/p>\n<p>&mdash; Astropierre (@astropierre) <a href=\"https:\/\/twitter.com\/astropierre\/status\/1762046271701868729?ref_src=twsrc%5Etfw\">February 26, 2024<\/a><\/p><\/blockquote>\n<p><script async src=\"https:\/\/platform.twitter.com\/widgets.js\" charset=\"utf-8\"><\/script><\/p>\n<p>Les filaments qui s&rsquo;\u00e9l\u00e8vent des taches lors des \u00e9ruptions solaires peuvent s&rsquo;\u00e9tendre sur des dizaines de milliers de kilom\u00e8tres. La Nasa, l&rsquo;agence spatiale am\u00e9ricaine, a partag\u00e9 une image permettant de comparer la taille de la Terre et l&rsquo;\u00e9ruption de classe X du 21 f\u00e9vrier.<\/p>\n<p>https:\/\/twitter.com\/NASASun\/status\/1760703619970498911?ref_src=twsrc%5Etfw%7Ctwcamp%5Etweetembed%7Ctwterm%5E1760703619970498911%7Ctwgr%5Eeb2178001d99c443a4113701f6c6844fb594b0e4%7Ctwcon%5Es1_&#038;ref_url=https%3A%2F%2Fwww.francetvinfo.fr%2Fsciences%2Fespace%2Fespace-cinq-questions-sur-les-tempetes-solaires-qui-doivent-se-multiplier-au-cours-de-l-annee-et-pourraient-avoir-des-consequences-sur-terre_6393280.html<\/p>\n<p>3 Que se passe-t-il lorsqu&rsquo;une temp\u00eate solaire atteint la Terre ?<br \/>\nLe Soleil lib\u00e8re constamment des \u00e9l\u00e9ments, des particules tr\u00e8s lentes, de basse \u00e9nergie. C&rsquo;est ce qui forme en partie le vent solaire, dans lequel baigne l&rsquo;environnement de notre \u00e9toile. Cette bulle, appel\u00e9e h\u00e9liosph\u00e8re, est tr\u00e8s \u00e9tendue, comme l&rsquo;illustre cette image de la Nasa.<\/p>\n<p><img data-recalc-dims=\"1\" loading=\"lazy\" decoding=\"async\" data-attachment-id=\"22248\" data-permalink=\"https:\/\/www.laterredufutur.com\/accueil\/une-tempete-solaire-tres-puissante-a-frappe-la-terre-en-1582\/tempete-solaire-5\/\" data-orig-file=\"https:\/\/i0.wp.com\/www.laterredufutur.com\/accueil\/wp-content\/uploads\/2021\/03\/tempete-solaire.jpg?fit=1200%2C656&amp;ssl=1\" data-orig-size=\"1200,656\" data-comments-opened=\"1\" data-image-meta=\"{&quot;aperture&quot;:&quot;0&quot;,&quot;credit&quot;:&quot;&quot;,&quot;camera&quot;:&quot;&quot;,&quot;caption&quot;:&quot;&quot;,&quot;created_timestamp&quot;:&quot;0&quot;,&quot;copyright&quot;:&quot;&quot;,&quot;focal_length&quot;:&quot;0&quot;,&quot;iso&quot;:&quot;0&quot;,&quot;shutter_speed&quot;:&quot;0&quot;,&quot;title&quot;:&quot;&quot;,&quot;orientation&quot;:&quot;0&quot;}\" data-image-title=\"tempete-solaire\" data-image-description=\"\" data-image-caption=\"\" data-large-file=\"https:\/\/i0.wp.com\/www.laterredufutur.com\/accueil\/wp-content\/uploads\/2021\/03\/tempete-solaire.jpg?fit=800%2C437&amp;ssl=1\" class=\"alignnone size-full wp-image-22248\" src=\"https:\/\/i0.wp.com\/www.laterredufutur.com\/accueil\/wp-content\/uploads\/2021\/03\/tempete-solaire.jpg?resize=1200%2C656&#038;ssl=1\" alt=\"\" width=\"1200\" height=\"656\" srcset=\"https:\/\/i0.wp.com\/www.laterredufutur.com\/accueil\/wp-content\/uploads\/2021\/03\/tempete-solaire.jpg?w=1200&amp;ssl=1 1200w, https:\/\/i0.wp.com\/www.laterredufutur.com\/accueil\/wp-content\/uploads\/2021\/03\/tempete-solaire.jpg?resize=300%2C164&amp;ssl=1 300w, https:\/\/i0.wp.com\/www.laterredufutur.com\/accueil\/wp-content\/uploads\/2021\/03\/tempete-solaire.jpg?resize=800%2C437&amp;ssl=1 800w, https:\/\/i0.wp.com\/www.laterredufutur.com\/accueil\/wp-content\/uploads\/2021\/03\/tempete-solaire.jpg?resize=768%2C420&amp;ssl=1 768w\" sizes=\"auto, (max-width: 1000px) 100vw, 1000px\" \/><\/p>\n<p>Les particules des \u00e9ruptions solaires, elles, sont \u00ab\u00a0tr\u00e8s fortement acc\u00e9l\u00e9r\u00e9es, parfois \u00e0 des fractions de la vitesse de la lumi\u00e8re\u00a0\u00bb (environ 300 000 km par seconde), remarque le sp\u00e9cialiste Fr\u00e9d\u00e9ric Pitout. Certaines peuvent mettre plusieurs jours \u00e0 nous parvenir quand les plus v\u00e9loces peuvent arriver en une quinzaine d&rsquo;heures, alors que le Soleil se trouve en moyenne \u00e0 pr\u00e8s de 150 millions de kilom\u00e8tres.<\/p><div class=\"1665f18d14f35dd9e7566e1a8ac9a3e9\" data-index=\"2\" style=\"float: none; margin:10px 0 10px 0; text-align:center;\">\n<script async src=\"https:\/\/pagead2.googlesyndication.com\/pagead\/js\/adsbygoogle.js\"><\/script>\r\n<ins class=\"adsbygoogle\"\r\n     style=\"display:block; text-align:center;\"\r\n     data-ad-layout=\"in-article\"\r\n     data-ad-format=\"fluid\"\r\n     data-ad-client=\"ca-pub-2860849627502538\"\r\n     data-ad-slot=\"3019501113\"><\/ins>\r\n<script>\r\n     (adsbygoogle = window.adsbygoogle || []).push({});\r\n<\/script>\n<\/div>\n\n<p><img data-recalc-dims=\"1\" loading=\"lazy\" decoding=\"async\" data-attachment-id=\"25747\" data-permalink=\"https:\/\/www.laterredufutur.com\/accueil\/questions-en-bref-sur-les-tempetes-solaires-actuelles-du-cycle-solaire-n25-et-ses-eventuelles-consequences\/aurore-boreale-6\/\" data-orig-file=\"https:\/\/i0.wp.com\/www.laterredufutur.com\/accueil\/wp-content\/uploads\/2024\/03\/aurore-boreale.jpg?fit=1024%2C1024&amp;ssl=1\" data-orig-size=\"1024,1024\" data-comments-opened=\"1\" data-image-meta=\"{&quot;aperture&quot;:&quot;0&quot;,&quot;credit&quot;:&quot;&quot;,&quot;camera&quot;:&quot;&quot;,&quot;caption&quot;:&quot;&quot;,&quot;created_timestamp&quot;:&quot;0&quot;,&quot;copyright&quot;:&quot;&quot;,&quot;focal_length&quot;:&quot;0&quot;,&quot;iso&quot;:&quot;0&quot;,&quot;shutter_speed&quot;:&quot;0&quot;,&quot;title&quot;:&quot;&quot;,&quot;orientation&quot;:&quot;0&quot;}\" data-image-title=\"aurore boreale\" data-image-description=\"\" data-image-caption=\"\" data-large-file=\"https:\/\/i0.wp.com\/www.laterredufutur.com\/accueil\/wp-content\/uploads\/2024\/03\/aurore-boreale.jpg?fit=800%2C800&amp;ssl=1\" class=\"alignnone size-full wp-image-25747\" src=\"https:\/\/i0.wp.com\/www.laterredufutur.com\/accueil\/wp-content\/uploads\/2024\/03\/aurore-boreale.jpg?resize=1024%2C1024&#038;ssl=1\" alt=\"\" width=\"1024\" height=\"1024\" srcset=\"https:\/\/i0.wp.com\/www.laterredufutur.com\/accueil\/wp-content\/uploads\/2024\/03\/aurore-boreale.jpg?w=1024&amp;ssl=1 1024w, https:\/\/i0.wp.com\/www.laterredufutur.com\/accueil\/wp-content\/uploads\/2024\/03\/aurore-boreale.jpg?resize=300%2C300&amp;ssl=1 300w, https:\/\/i0.wp.com\/www.laterredufutur.com\/accueil\/wp-content\/uploads\/2024\/03\/aurore-boreale.jpg?resize=800%2C800&amp;ssl=1 800w, https:\/\/i0.wp.com\/www.laterredufutur.com\/accueil\/wp-content\/uploads\/2024\/03\/aurore-boreale.jpg?resize=768%2C768&amp;ssl=1 768w\" sizes=\"auto, (max-width: 1000px) 100vw, 1000px\" \/><\/p>\n<p>Hautement \u00e9nerg\u00e9tiques, ces particules heurtent la barri\u00e8re magn\u00e9tique de la Terre, que l&rsquo;on appelle la magn\u00e9tosph\u00e8re. Elles la traversent et finissent par entrer en contact avec l&rsquo;atmosph\u00e8re terrestre. C&rsquo;est l\u00e0 qu&rsquo;elles donnent lieu aux fameuses aurores bor\u00e9ales (dans l&rsquo;h\u00e9misph\u00e8re nord) ou australes (dans l&rsquo;h\u00e9misph\u00e8re sud).<\/p>\n<p>4 Quels d\u00e9g\u00e2ts les \u00e9ruptions solaires pourraient-elles engendrer sur Terre ?<br \/>\nDerri\u00e8re les lumi\u00e8res f\u00e9\u00e9riques des aurores bor\u00e9ales et australes se cachent de potentiels probl\u00e8mes pour nos infrastructures \u00e9lectriques et nos satellites, en cas d&rsquo;\u00e9ruption solaire particuli\u00e8rement violente, pr\u00e9vient aupr\u00e8s de franceinfo Olivier Katz, pr\u00e9visionniste au Centre op\u00e9rationnel de m\u00e9t\u00e9orologie de l&rsquo;espace des Alpes.<\/p>\n<p>\u00ab\u00a0En cas de forte \u00e9ruption solaire, tout ce qui est ferreux, qui peut conduire l&rsquo;\u00e9lectricit\u00e9 et qui est tr\u00e8s long sur Terre, comme les pipelines ou les c\u00e2bles \u00e9lectriques, peut \u00eatre touch\u00e9s par des surtensions. On peut imaginer des black-out.\u00a0\u00bb<\/p>\n<p>Une temp\u00eate solaire extr\u00eame \u00ab\u00a0pourrait affecter des infrastructures critiques et mettre un coup d&rsquo;arr\u00eat \u00e0 certaines zones \u00e9conomiques\u00a0\u00bb, abonde l&rsquo;expert Quentin Verspieren, coordinateur du projet Protect au sein de l&rsquo;ESA.<\/p>\n<p>Le dernier \u00e9pisode violent document\u00e9 remonte \u00e0 1859. Il est surnomm\u00e9 l&rsquo;\u00e9v\u00e9nement de Carrington, du nom de l&rsquo;astronome britannique qui l&rsquo;a \u00e9tudi\u00e9. Lors de cette \u00e9ruption, il y avait tellement d&rsquo;\u00e9letricit\u00e9 g\u00e9n\u00e9r\u00e9e que des t\u00e9l\u00e9graphes avaient \u00e9t\u00e9 endommag\u00e9s et des personnes avaient pu communiquer via ces syst\u00e8mes de transmission de messages, alors qu&rsquo;ils \u00e9taient d\u00e9branch\u00e9s, rel\u00e8ve Olivier Katz. Il souligne que des aurores bor\u00e9ales avaient \u00e9galement \u00e9t\u00e9 observ\u00e9es tr\u00e8s loin des p\u00f4les, au niveau des Cara\u00efbes.<\/p>\n<p>Un \u00e9v\u00e9nement aussi puissant que celui de Carrington au XXIe si\u00e8cle \u00ab\u00a0serait susceptible de mettre hors service la quasi-totalit\u00e9 des satellites en orbite et d&rsquo;affecter s\u00e9v\u00e8rement les r\u00e9seaux \u00e9lectriques\u00a0\u00bb, \u00e9crit La Cit\u00e9 de l&rsquo;espace, rapportant les conclusions d&rsquo;une \u00e9tude de 2013 pour l&rsquo;assureur Lloyd&rsquo;s. Pour la seule Am\u00e9rique du Nord, la facture des pertes pourrait s&rsquo;\u00e9l\u00e9ver \u00e0 quelque 2 600 milliards de dollars.<\/p>\n<p>Ce type de recherche peut \u00eatre fait dans le monde entier gr\u00e2ce \u00e0 des satellites de t\u00e9l\u00e9communications, poursuit le coordinateur du projet Protect de l&rsquo;ESA, relevant que l&rsquo;on sait par ailleurs si on doit prendre ou non son parapluie gr\u00e2ce \u00e0 des satellites de m\u00e9t\u00e9o. \u00ab\u00a0Finalement, ce geste qui peut sembler anodin utilise des donn\u00e9es satellitaires qui viennent d&rsquo;infrastructures qui co\u00fbtent des centaines de milliards d&rsquo;euros en cumul\u00e9\u00a0\u00bb, souligne-t-il.<\/p>\n<p>Rien qu&rsquo;une perturbation des services satellitaires de navigation et de timing, qui fonctionnent ensemble, auraient des cons\u00e9quences en cascade. Les r\u00e9seaux \u00e9lectriques, \u00e0 l&rsquo;\u00e9chelle de pays ou de continent, les r\u00e9seaux de transports ou encore de t\u00e9l\u00e9communications sont \u00e9galement coordonn\u00e9s avec ces satellites et seraient affect\u00e9s, insiste-t-il.<\/p>\n<p>\u00ab\u00a0Le syst\u00e8me financier international, et le syst\u00e8me bancaire en g\u00e9n\u00e9ral, est r\u00e9gl\u00e9 avec \u00e7a. Les bourses seraient bloqu\u00e9es et on ne pourrait pas retirer d&rsquo;argent aux distributeurs ou payer par carte.\u00a0\u00bb<\/p>\n<p><img data-recalc-dims=\"1\" loading=\"lazy\" decoding=\"async\" data-attachment-id=\"25748\" data-permalink=\"https:\/\/www.laterredufutur.com\/accueil\/questions-en-bref-sur-les-tempetes-solaires-actuelles-du-cycle-solaire-n25-et-ses-eventuelles-consequences\/catastrophe-eruption-solaire\/\" data-orig-file=\"https:\/\/i0.wp.com\/www.laterredufutur.com\/accueil\/wp-content\/uploads\/2024\/03\/catastrophe-eruption-solaire.jpg?fit=1024%2C1024&amp;ssl=1\" data-orig-size=\"1024,1024\" data-comments-opened=\"1\" data-image-meta=\"{&quot;aperture&quot;:&quot;0&quot;,&quot;credit&quot;:&quot;&quot;,&quot;camera&quot;:&quot;&quot;,&quot;caption&quot;:&quot;&quot;,&quot;created_timestamp&quot;:&quot;0&quot;,&quot;copyright&quot;:&quot;&quot;,&quot;focal_length&quot;:&quot;0&quot;,&quot;iso&quot;:&quot;0&quot;,&quot;shutter_speed&quot;:&quot;0&quot;,&quot;title&quot;:&quot;&quot;,&quot;orientation&quot;:&quot;0&quot;}\" data-image-title=\"catastrophe \u00e9ruption solaire\" data-image-description=\"\" data-image-caption=\"\" data-large-file=\"https:\/\/i0.wp.com\/www.laterredufutur.com\/accueil\/wp-content\/uploads\/2024\/03\/catastrophe-eruption-solaire.jpg?fit=800%2C800&amp;ssl=1\" class=\"alignnone size-full wp-image-25748\" src=\"https:\/\/i0.wp.com\/www.laterredufutur.com\/accueil\/wp-content\/uploads\/2024\/03\/catastrophe-eruption-solaire.jpg?resize=1024%2C1024&#038;ssl=1\" alt=\"\" width=\"1024\" height=\"1024\" srcset=\"https:\/\/i0.wp.com\/www.laterredufutur.com\/accueil\/wp-content\/uploads\/2024\/03\/catastrophe-eruption-solaire.jpg?w=1024&amp;ssl=1 1024w, https:\/\/i0.wp.com\/www.laterredufutur.com\/accueil\/wp-content\/uploads\/2024\/03\/catastrophe-eruption-solaire.jpg?resize=300%2C300&amp;ssl=1 300w, https:\/\/i0.wp.com\/www.laterredufutur.com\/accueil\/wp-content\/uploads\/2024\/03\/catastrophe-eruption-solaire.jpg?resize=800%2C800&amp;ssl=1 800w, https:\/\/i0.wp.com\/www.laterredufutur.com\/accueil\/wp-content\/uploads\/2024\/03\/catastrophe-eruption-solaire.jpg?resize=768%2C768&amp;ssl=1 768w\" sizes=\"auto, (max-width: 1000px) 100vw, 1000px\" \/><\/p>\n<p>Si notre d\u00e9pendance est grande et les potentiels impacts importants, les sp\u00e9cialistes contact\u00e9s appellent \u00e0 ne pas sombrer dans le catastrophisme, insistant sur la raret\u00e9 d&rsquo;\u00e9v\u00e9nements pouvant \u00eatre hautement probl\u00e9matiques.<\/p>\n<p>5 Sommes-nous capables d&rsquo;anticiper les temp\u00eates solaires ?<br \/>\nNotre connaissance du magn\u00e9tisme du Soleil est encore loin d&rsquo;\u00eatre parfaite. Par exemple, son pic d&rsquo;activit\u00e9 \u00e9tait attendu pour 2025, mais il pourrait finalement survenir un peu avant, ce qui montre nos lacunes. Le processus d&rsquo;apparition des taches solaires, tout comme leur comportement pr\u00e9cis, demeure encore myst\u00e9rieux. Il nous est \u00e9galement encore difficile d&rsquo;\u00e9valuer le temps de parcours des particules \u00e9ject\u00e9es lors des \u00e9ruptions. \u00ab\u00a0Nous avons encore \u00e9norm\u00e9ment d&rsquo;incertitudes\u00a0\u00bb, conc\u00e8de Quentin Verspieren.<\/p>\n<p>Toutefois, le savoir progresse, gr\u00e2ce \u00e0 des missions en cours, comme celle de Solar Orbiter, et vont encore s&rsquo;\u00e9toffer avec la mission Vigil de l&rsquo;ESA, en 2030. L&rsquo;objectif est notamment d&rsquo;affiner nos pr\u00e9visions de m\u00e9t\u00e9o de l&rsquo;espace pour que les autorit\u00e9s puissent lancer des alertes et prendre des mesures de pr\u00e9caution en cas de s\u00e9v\u00e8re temp\u00eate solaire. Il pourrait s&rsquo;agir, par exemple, de clouer les avions au sol le temps n\u00e9cessaire (plusieurs heures ou plusieurs jours) pour \u00e9viter les probl\u00e8mes si les syst\u00e8mes de navigation satellite venaient \u00e0 \u00eatre perturb\u00e9s ou interrompus.<\/p>\n<p>Quentin Verspieren ajoute que des discussions ont commenc\u00e9, \u00e0 l&rsquo;\u00e9chelle du continent europ\u00e9en, pour qu&rsquo;une entit\u00e9 avec les comp\u00e9tences ad\u00e9quates soit op\u00e9rationnelle pour le prochain cycle, dans onze ans. Avant cela, la vigilance est de mise jusqu&rsquo;au pic d&rsquo;activit\u00e9 \u00e0 venir.<\/p>\n<p>Extrait et source : <a href=\"https:\/\/www.francetvinfo.fr\/sciences\/espace\/espace-cinq-questions-sur-les-tempetes-solaires-qui-doivent-se-multiplier-au-cours-de-l-annee-et-pourraient-avoir-des-consequences-sur-terre_6393280.html\" target=\"_blank\" rel=\"noopener\">https:\/\/www.francetvinfo.fr\/<\/a><\/p>\n<p class=\"bawpvc-ajax-counter\" data-id=\"25746\">(271)<\/p>\n<!--CusAds0-->\n<div style=\"font-size: 0px; height: 0px; line-height: 0px; margin: 0; padding: 0; clear: both;\"><\/div>","protected":false},"excerpt":{"rendered":"<p>Le Soleil conna\u00eet des cycles d&rsquo;activit\u00e9 d&rsquo;environ onze ans, dont le pic est attendu entre fin 2024 et d\u00e9but 2025&#8230;.<\/p>\n","protected":false},"author":1,"featured_media":25751,"comment_status":"open","ping_status":"open","sticky":false,"template":"","format":"standard","meta":{"_exactmetrics_skip_tracking":false,"_exactmetrics_sitenote_active":false,"_exactmetrics_sitenote_note":"","_exactmetrics_sitenote_category":0,"ngg_post_thumbnail":0,"jetpack_post_was_ever_published":false,"_jetpack_newsletter_access":"","_jetpack_dont_email_post_to_subs":false,"_jetpack_newsletter_tier_id":0,"_jetpack_memberships_contains_paywalled_content":false,"_jetpack_memberships_contains_paid_content":false,"footnotes":"","jetpack_publicize_message":"","jetpack_publicize_feature_enabled":true,"jetpack_social_post_already_shared":false,"jetpack_social_options":{"image_generator_settings":{"template":"highway","default_image_id":0,"font":"","enabled":false},"version":2}},"categories":[21,24],"tags":[1152,1114,973,8108,8109,75],"class_list":["post-25746","post","type-post","status-publish","format-standard","has-post-thumbnail","hentry","category-evenement-brutal","category-soleil","tag-activite-solaire","tag-cycle-25","tag-eruption-solaire","tag-questions","tag-reponses","tag-terre","wpcat-21-id","wpcat-24-id"],"jetpack_publicize_connections":[],"jetpack_featured_media_url":"https:\/\/i0.wp.com\/www.laterredufutur.com\/accueil\/wp-content\/uploads\/2024\/04\/questions-solaires.jpg?fit=1024%2C1024&ssl=1","jetpack_shortlink":"https:\/\/wp.me\/p631RN-6Hg","jetpack-related-posts":[{"id":2246,"url":"https:\/\/www.laterredufutur.com\/accueil\/nouvelles-eruptions-solaires-et-moyen-pour-sen-prevenir\/","url_meta":{"origin":25746,"position":0},"title":"Nouvelles \u00e9ruptions solaires et moyen pour s&rsquo;en pr\u00e9venir","author":"Admin","date":"30 octobre 2014","format":false,"excerpt":"AR2192, un groupe de taches solaires aussi gros que Jupiter a caus\u00e9 cette semaine pas moins de six \u00e9ruptions majeures de classe X. Des ph\u00e9nom\u00e8nes que les scientifiques observent de pr\u00e8s. A en croire la m\u00e9t\u00e9o solaire, notre \u00e9toile connait cette semaine un pic d\u2019activit\u00e9 notable. Pas moins de six\u2026","rel":"","context":"Dans &quot;Soleil&quot;","block_context":{"text":"Soleil","link":"https:\/\/www.laterredufutur.com\/accueil\/sujets\/soleil\/"},"img":{"alt_text":"","src":"https:\/\/i0.wp.com\/www.laterredufutur.com\/wordpress\/wp-content\/uploads\/2014\/10\/.._photos_soleil-cordes-magnetiques3.jpg?resize=350%2C200","width":350,"height":200},"classes":[]},{"id":18107,"url":"https:\/\/www.laterredufutur.com\/accueil\/que-sont-les-cycles-solaires-et-comment-nous-affectent-ils\/","url_meta":{"origin":25746,"position":1},"title":"Que sont les cycles solaires et comment nous affectent-ils?","author":"Admin","date":"26 janvier 2019","format":false,"excerpt":"Pendant plus de quatre milliards d'ann\u00e9es, la lumi\u00e8re et la chaleur du soleil ont grandement influenc\u00e9 les conditions atmosph\u00e9riques et m\u00e9t\u00e9orologiques de la plan\u00e8te. Cependant, l'\u00e9nergie \u00e9mise par le soleil n'est pas constante ; elle augmente et diminue p\u00e9riodiquement. Cette variation p\u00e9riodique - qui se produit au cours d\u2019un \u00abcycle\u2026","rel":"","context":"Dans &quot;Soleil&quot;","block_context":{"text":"Soleil","link":"https:\/\/www.laterredufutur.com\/accueil\/sujets\/soleil\/"},"img":{"alt_text":"","src":"https:\/\/i0.wp.com\/www.laterredufutur.com\/accueil\/wp-content\/uploads\/2019\/01\/coucher-de-soleil.jpg?fit=960%2C638&ssl=1&resize=350%2C200","width":350,"height":200,"srcset":"https:\/\/i0.wp.com\/www.laterredufutur.com\/accueil\/wp-content\/uploads\/2019\/01\/coucher-de-soleil.jpg?fit=960%2C638&ssl=1&resize=350%2C200 1x, https:\/\/i0.wp.com\/www.laterredufutur.com\/accueil\/wp-content\/uploads\/2019\/01\/coucher-de-soleil.jpg?fit=960%2C638&ssl=1&resize=525%2C300 1.5x, https:\/\/i0.wp.com\/www.laterredufutur.com\/accueil\/wp-content\/uploads\/2019\/01\/coucher-de-soleil.jpg?fit=960%2C638&ssl=1&resize=700%2C400 2x"},"classes":[]},{"id":18918,"url":"https:\/\/www.laterredufutur.com\/accueil\/leffondrement-solaire-se-poursuit-noaa-rien-nindique-que-nous-approchons-dun-minimum-dactivite-solaire-de-type-maunder\/","url_meta":{"origin":25746,"position":2},"title":"L&rsquo;effondrement solaire se poursuit &#8211; NOAA : \u00ab\u00a0Rien n&rsquo;indique que nous approchons d&rsquo;un minimum d&rsquo;activit\u00e9 solaire de type Maunder.\u00a0\u00bb","author":"Admin","date":"9 avril 2019","format":false,"excerpt":"Les scientifiques charg\u00e9s de pr\u00e9dire l'activit\u00e9 du Soleil pour le prochain cycle solaire de 11 ans disent qu'il sera probablement faible, tout comme l'activit\u00e9 actuelle. Le cycle solaire actuel, le cycle 24, est en d\u00e9clin et devrait atteindre le minimum solaire - la p\u00e9riode o\u00f9 le Soleil sera le moins\u2026","rel":"","context":"Dans &quot;Soleil&quot;","block_context":{"text":"Soleil","link":"https:\/\/www.laterredufutur.com\/accueil\/sujets\/soleil\/"},"img":{"alt_text":"","src":"https:\/\/i0.wp.com\/www.laterredufutur.com\/accueil\/wp-content\/uploads\/2019\/01\/tempete-solaire-soleil-tempete-geomagnetique.jpg?fit=1000%2C500&ssl=1&resize=350%2C200","width":350,"height":200,"srcset":"https:\/\/i0.wp.com\/www.laterredufutur.com\/accueil\/wp-content\/uploads\/2019\/01\/tempete-solaire-soleil-tempete-geomagnetique.jpg?fit=1000%2C500&ssl=1&resize=350%2C200 1x, https:\/\/i0.wp.com\/www.laterredufutur.com\/accueil\/wp-content\/uploads\/2019\/01\/tempete-solaire-soleil-tempete-geomagnetique.jpg?fit=1000%2C500&ssl=1&resize=525%2C300 1.5x, https:\/\/i0.wp.com\/www.laterredufutur.com\/accueil\/wp-content\/uploads\/2019\/01\/tempete-solaire-soleil-tempete-geomagnetique.jpg?fit=1000%2C500&ssl=1&resize=700%2C400 2x"},"classes":[]},{"id":18172,"url":"https:\/\/www.laterredufutur.com\/accueil\/la-nasa-nous-annonce-le-danger-des-futures-eruptions-solaires-dici-2020\/","url_meta":{"origin":25746,"position":3},"title":"La Nasa nous annonce le danger des futures \u00e9ruptions solaires d&rsquo;ici 2020","author":"Admin","date":"30 janvier 2019","format":false,"excerpt":"Les puissantes \u00e9ruptions solaires \u00e0 la surface du Soleil pourraient faire des ravages sur la Terre d\u00e8s 2020, a pr\u00e9venu la NASA.\u00a0 Le Soleil subira une p\u00e9riode de minimum solaire entre 2019 et 2020, avec le risque accru de temp\u00eates solaires. Tous les 11 \u00e0 12 ans environ, le Soleil\u2026","rel":"","context":"Dans &quot;Soleil&quot;","block_context":{"text":"Soleil","link":"https:\/\/www.laterredufutur.com\/accueil\/sujets\/soleil\/"},"img":{"alt_text":"","src":"https:\/\/i0.wp.com\/www.laterredufutur.com\/accueil\/wp-content\/uploads\/2019\/01\/tempete-solaire-soleil-tempete-geomagnetique.jpg?fit=1000%2C500&ssl=1&resize=350%2C200","width":350,"height":200,"srcset":"https:\/\/i0.wp.com\/www.laterredufutur.com\/accueil\/wp-content\/uploads\/2019\/01\/tempete-solaire-soleil-tempete-geomagnetique.jpg?fit=1000%2C500&ssl=1&resize=350%2C200 1x, https:\/\/i0.wp.com\/www.laterredufutur.com\/accueil\/wp-content\/uploads\/2019\/01\/tempete-solaire-soleil-tempete-geomagnetique.jpg?fit=1000%2C500&ssl=1&resize=525%2C300 1.5x, https:\/\/i0.wp.com\/www.laterredufutur.com\/accueil\/wp-content\/uploads\/2019\/01\/tempete-solaire-soleil-tempete-geomagnetique.jpg?fit=1000%2C500&ssl=1&resize=700%2C400 2x"},"classes":[]},{"id":15542,"url":"https:\/\/www.laterredufutur.com\/accueil\/le-mystere-des-cycles-solaires-enfin-perce-par-des-scientifiques\/","url_meta":{"origin":25746,"position":4},"title":"Le myst\u00e8re des cycles solaires enfin perc\u00e9 par des scientifiques","author":"Admin","date":"16 juillet 2017","format":false,"excerpt":"Des scientifiques ont perc\u00e9 le myst\u00e8re de l'inversion tous les onze ans en moyenne du cycle magn\u00e9tique du soleil, une avanc\u00e9e avec des applications importantes pour pr\u00e9voir les \u00e9ruptions solaires pouvant perturber les communications sur Terre. Cette d\u00e9couverte, publi\u00e9e ce jeudi 13 juillet dans la revue am\u00e9ricaine Science, expose l'existence\u2026","rel":"","context":"Dans &quot;Soleil&quot;","block_context":{"text":"Soleil","link":"https:\/\/www.laterredufutur.com\/accueil\/sujets\/soleil\/"},"img":{"alt_text":"","src":"https:\/\/i0.wp.com\/www.laterredufutur.com\/accueil\/wp-content\/uploads\/2015\/10\/soleil.jpg?fit=1000%2C541&ssl=1&resize=350%2C200","width":350,"height":200,"srcset":"https:\/\/i0.wp.com\/www.laterredufutur.com\/accueil\/wp-content\/uploads\/2015\/10\/soleil.jpg?fit=1000%2C541&ssl=1&resize=350%2C200 1x, https:\/\/i0.wp.com\/www.laterredufutur.com\/accueil\/wp-content\/uploads\/2015\/10\/soleil.jpg?fit=1000%2C541&ssl=1&resize=525%2C300 1.5x, https:\/\/i0.wp.com\/www.laterredufutur.com\/accueil\/wp-content\/uploads\/2015\/10\/soleil.jpg?fit=1000%2C541&ssl=1&resize=700%2C400 2x"},"classes":[]},{"id":18593,"url":"https:\/\/www.laterredufutur.com\/accueil\/le-soleil-est-plus-calme-que-la-normale-mais-pas-de-panique\/","url_meta":{"origin":25746,"position":5},"title":"Le soleil est plus calme que la normale, mais pas de panique !","author":"Admin","date":"13 mars 2019","format":false,"excerpt":"Certains craignent que nous nous dirigions vers un autre petit \u00e2ge glaciaire, mais les scientifiques disent que c'est peu probable. Le soleil est calme\u2026 tr\u00e8s calme. En f\u00e9vrier, pour la premi\u00e8re fois depuis ao\u00fbt 2008, le soleil a pass\u00e9 un mois entier sans taches solaires. Les taches solaires sont des\u2026","rel":"","context":"Dans &quot;Soleil&quot;","block_context":{"text":"Soleil","link":"https:\/\/www.laterredufutur.com\/accueil\/sujets\/soleil\/"},"img":{"alt_text":"","src":"https:\/\/i0.wp.com\/www.laterredufutur.com\/accueil\/wp-content\/uploads\/2019\/03\/soleil-1.jpg?fit=780%2C439&ssl=1&resize=350%2C200","width":350,"height":200,"srcset":"https:\/\/i0.wp.com\/www.laterredufutur.com\/accueil\/wp-content\/uploads\/2019\/03\/soleil-1.jpg?fit=780%2C439&ssl=1&resize=350%2C200 1x, https:\/\/i0.wp.com\/www.laterredufutur.com\/accueil\/wp-content\/uploads\/2019\/03\/soleil-1.jpg?fit=780%2C439&ssl=1&resize=525%2C300 1.5x, https:\/\/i0.wp.com\/www.laterredufutur.com\/accueil\/wp-content\/uploads\/2019\/03\/soleil-1.jpg?fit=780%2C439&ssl=1&resize=700%2C400 2x"},"classes":[]}],"jetpack_sharing_enabled":true,"_links":{"self":[{"href":"https:\/\/www.laterredufutur.com\/accueil\/wp-json\/wp\/v2\/posts\/25746","targetHints":{"allow":["GET"]}}],"collection":[{"href":"https:\/\/www.laterredufutur.com\/accueil\/wp-json\/wp\/v2\/posts"}],"about":[{"href":"https:\/\/www.laterredufutur.com\/accueil\/wp-json\/wp\/v2\/types\/post"}],"author":[{"embeddable":true,"href":"https:\/\/www.laterredufutur.com\/accueil\/wp-json\/wp\/v2\/users\/1"}],"replies":[{"embeddable":true,"href":"https:\/\/www.laterredufutur.com\/accueil\/wp-json\/wp\/v2\/comments?post=25746"}],"version-history":[{"count":3,"href":"https:\/\/www.laterredufutur.com\/accueil\/wp-json\/wp\/v2\/posts\/25746\/revisions"}],"predecessor-version":[{"id":25778,"href":"https:\/\/www.laterredufutur.com\/accueil\/wp-json\/wp\/v2\/posts\/25746\/revisions\/25778"}],"wp:featuredmedia":[{"embeddable":true,"href":"https:\/\/www.laterredufutur.com\/accueil\/wp-json\/wp\/v2\/media\/25751"}],"wp:attachment":[{"href":"https:\/\/www.laterredufutur.com\/accueil\/wp-json\/wp\/v2\/media?parent=25746"}],"wp:term":[{"taxonomy":"category","embeddable":true,"href":"https:\/\/www.laterredufutur.com\/accueil\/wp-json\/wp\/v2\/categories?post=25746"},{"taxonomy":"post_tag","embeddable":true,"href":"https:\/\/www.laterredufutur.com\/accueil\/wp-json\/wp\/v2\/tags?post=25746"}],"curies":[{"name":"wp","href":"https:\/\/api.w.org\/{rel}","templated":true}]}}